{"id":11719,"date":"2022-07-06T13:42:21","date_gmt":"2022-07-06T19:42:21","guid":{"rendered":"https:\/\/eticacomunica.com.mx\/?p=11719"},"modified":"2022-07-06T13:42:21","modified_gmt":"2022-07-06T19:42:21","slug":"gobernador-rocha-atestigua-destruccion-de-armamento-decomisado","status":"publish","type":"post","link":"https:\/\/eticacomunica.com.mx\/?p=11719","title":{"rendered":"Gobernador Rocha atestigua destrucci\u00f3n de armamento decomisado"},"content":{"rendered":"\n<p>Reconoce SEDENA aportaci\u00f3n del Gobierno Estatal en la cultura de la paz.<\/p>\n\n\n\n<p>Culiac\u00e1n, Sinaloa, a 06 de julio de 2022.- En sinton\u00eda con el Plan Nacional de Desarrollo 2019 &#8211; 2024, que contempla como una de sus estrategias emprender la construcci\u00f3n de la paz en todo el territorio nacional, el Gobernador Rub\u00e9n Rocha Moya, acudi\u00f3 el d\u00eda de hoy a la ceremonia de destrucci\u00f3n de armamento decomisado y puesto a disposici\u00f3n de la Secretar\u00eda de la Defensa Nacional, organizada por la IX Zona Militar. <br><br>En la explanada del 11o Grupo de Infanter\u00eda Motorizado de la IX Zona Militar, ante la presencia de representantes de los poderes legislativo y judicial, as\u00ed como autoridades federales, estatales y municipales, se realiz\u00f3 la destrucci\u00f3n f\u00edsica de 847 armas de fuego de distintas caracter\u00edsticas, calibres y modelos, 1941 cargadores y 171,313 municiones. <br><br>Durante el evento, el General de Brigada D.E.M. H\u00e9ctor \u00c1vila Alcocer, Comandante de la IX Zona Militar, se\u00f1al\u00f3 que para desarrollar esta cultura de paz, M\u00e9xico cuenta con instituciones s\u00f3lidas que fusionan sus capacidades para garantizar el bienestar de la poblaci\u00f3n, reconociendo el papel de Gobierno del Estado en la consecuci\u00f3n de este objetivo. <br><br>&#8220;Con la inhabilitaci\u00f3n permanente de este armamento, se evitar\u00e1 un perjuicio mayor a la sociedad sinaloense. Acciones como \u00e9sta, contribuyen a frenar de manera contundente la violencia y a mantener la paz y la seguridad como pilares fundamentales para un desarrollo pleno y en armon\u00eda, en esta perspectiva, las mujeres y hombres que integramos el Ej\u00e9rcito, la Fuerza A\u00e9rea y la Guardia Nacional, expresamos nuestra gratitud y reconocimiento a las autoridades federales, estatales y municipales, que contribuyeron al aseguramiento del armamento que en esta fecha ser\u00e1 destruido y les ratificamos nuestro compromiso de continuar hombro con hombro redoblando esfuerzos para seguir impulsando que el estado de Sinaloa sea cada vez m\u00e1s seguro&#8221;, expres\u00f3 el General. <br><br>Previo al acto, el Gobernador Rocha Moya y el General \u00c1vila Alcocer, acompa\u00f1ados de Omar L\u00f3pez Campos, Delegado de Programas Federales, realizaron un recorrido de supervisi\u00f3n por el m\u00f3dulo de vacunaci\u00f3n instalado en la zona militar, para constatar de primera mano las condiciones en que se desarrolla el proceso de vacunaci\u00f3n. <br><br>Entre las autoridades que presenciaron la destrucci\u00f3n del armamento destacaron el Vicealmirante Enrique Flores Morado, Comandante de la 4a Zona Naval, Gonzalo Hern\u00e1ndez Durazo, Subdelegado de la Fiscal\u00eda General de la Rep\u00fablica en Sinaloa, Gene Ren\u00e9 Boj\u00f3rquez Ruiz, Presidente de la Mesa Directiva del Congreso del Estado, Comisario Ramiro Ram\u00edrez L\u00f3pez, Coordinador Estatal de la Guardia Nacional, Enrique Inzunza C\u00e1zarez, Secretario General de Gobierno, Sara Bruna Qui\u00f1onez Estrada, Fiscal General del Estado, Crist\u00f3bal Casta\u00f1eda Camarillo, Secretario de Seguridad P\u00fablica y Leobardo Gallardo Beltr\u00e1n, Secretario del Ayuntamiento de Culiac\u00e1n.<\/p>\n\n\n\n<figure class=\"wp-block-gallery columns-3 is-cropped wp-block-gallery-1 is-layout-flex wp-block-gallery-is-layout-flex\"><ul class=\"blocks-gallery-grid\"><li class=\"blocks-gallery-item\"><figure><img loading=\"lazy\" decoding=\"async\" width=\"1280\" height=\"852\" src=\"https:\/\/eticacomunica.com.mx\/wp-content\/uploads\/2022\/07\/IMG-20220706-WA0026.jpg\" data-id=\"11716\" class=\"wp-image-11716\" srcset=\"https:\/\/eticacomunica.com.mx\/wp-content\/uploads\/2022\/07\/IMG-20220706-WA0026.jpg 1280w, https:\/\/eticacomunica.com.mx\/wp-content\/uploads\/2022\/07\/IMG-20220706-WA0026-300x200.jpg 300w, https:\/\/eticacomunica.com.mx\/wp-content\/uploads\/2022\/07\/IMG-20220706-WA0026-1024x682.jpg 1024w, https:\/\/eticacomunica.com.mx\/wp-content\/uploads\/2022\/07\/IMG-20220706-WA0026-768x511.jpg 768w, https:\/\/eticacomunica.com.mx\/wp-content\/uploads\/2022\/07\/IMG-20220706-WA0026-1170x779.jpg 1170w, https:\/\/eticacomunica.com.mx\/wp-content\/uploads\/2022\/07\/IMG-20220706-WA0026-585x389.jpg 585w, https:\/\/eticacomunica.com.mx\/wp-content\/uploads\/2022\/07\/IMG-20220706-WA0026-263x175.jpg 263w\" sizes=\"auto, (max-width: 1280px) 100vw, 1280px\" \/><\/figure><\/li><li class=\"blocks-gallery-item\"><figure><img loading=\"lazy\" decoding=\"async\" width=\"1280\" height=\"852\" src=\"https:\/\/eticacomunica.com.mx\/wp-content\/uploads\/2022\/07\/IMG-20220706-WA0027.jpg\" data-id=\"11714\" class=\"wp-image-11714\" srcset=\"https:\/\/eticacomunica.com.mx\/wp-content\/uploads\/2022\/07\/IMG-20220706-WA0027.jpg 1280w, https:\/\/eticacomunica.com.mx\/wp-content\/uploads\/2022\/07\/IMG-20220706-WA0027-300x200.jpg 300w, https:\/\/eticacomunica.com.mx\/wp-content\/uploads\/2022\/07\/IMG-20220706-WA0027-1024x682.jpg 1024w, https:\/\/eticacomunica.com.mx\/wp-content\/uploads\/2022\/07\/IMG-20220706-WA0027-768x511.jpg 768w, https:\/\/eticacomunica.com.mx\/wp-content\/uploads\/2022\/07\/IMG-20220706-WA0027-1170x779.jpg 1170w, https:\/\/eticacomunica.com.mx\/wp-content\/uploads\/2022\/07\/IMG-20220706-WA0027-585x389.jpg 585w, https:\/\/eticacomunica.com.mx\/wp-content\/uploads\/2022\/07\/IMG-20220706-WA0027-263x175.jpg 263w\" sizes=\"auto, (max-width: 1280px) 100vw, 1280px\" \/><\/figure><\/li><li class=\"blocks-gallery-item\"><figure><img loading=\"lazy\" decoding=\"async\" width=\"1280\" height=\"852\" src=\"https:\/\/eticacomunica.com.mx\/wp-content\/uploads\/2022\/07\/IMG-20220706-WA0028.jpg\" data-id=\"11715\" class=\"wp-image-11715\" srcset=\"https:\/\/eticacomunica.com.mx\/wp-content\/uploads\/2022\/07\/IMG-20220706-WA0028.jpg 1280w, https:\/\/eticacomunica.com.mx\/wp-content\/uploads\/2022\/07\/IMG-20220706-WA0028-300x200.jpg 300w, https:\/\/eticacomunica.com.mx\/wp-content\/uploads\/2022\/07\/IMG-20220706-WA0028-1024x682.jpg 1024w, https:\/\/eticacomunica.com.mx\/wp-content\/uploads\/2022\/07\/IMG-20220706-WA0028-768x511.jpg 768w, https:\/\/eticacomunica.com.mx\/wp-content\/uploads\/2022\/07\/IMG-20220706-WA0028-1170x779.jpg 1170w, https:\/\/eticacomunica.com.mx\/wp-content\/uploads\/2022\/07\/IMG-20220706-WA0028-585x389.jpg 585w, https:\/\/eticacomunica.com.mx\/wp-content\/uploads\/2022\/07\/IMG-20220706-WA0028-263x175.jpg 263w\" sizes=\"auto, (max-width: 1280px) 100vw, 1280px\" \/><\/figure><\/li><\/ul><\/figure>\n","protected":false},"excerpt":{"rendered":"<p>Reconoce SEDENA aportaci\u00f3n del Gobierno Estatal en la cultura de la paz. Culiac\u00e1n, Sinaloa, a 06 de julio de 2022.- En sinton\u00eda con el Plan Nacional de Desarrollo 2019 &#8211;&hellip;<\/p>\n","protected":false},"author":1,"featured_media":11718,"comment_status":"open","ping_status":"open","sticky":false,"template":"","format":"standard","meta":{"_jetpack_memberships_contains_paid_content":false,"footnotes":"","jetpack_publicize_message":"","jetpack_publicize_feature_enabled":true,"jetpack_social_post_already_shared":true,"jetpack_social_options":{"image_generator_settings":{"template":"highway","default_image_id":0,"font":"","enabled":false},"version":2}},"categories":[207,26],"tags":[34,109],"class_list":["post-11719","post","type-post","status-publish","format-standard","has-post-thumbnail","hentry","category-ges","category-portada","tag-gobierno-del-estado-de-sinaloa","tag-ruben-rocha-moya"],"yoast_head":"<!-- This site is optimized with the Yoast SEO plugin v27.2 - https:\/\/yoast.com\/product\/yoast-seo-wordpress\/ -->\n<title>Gobernador Rocha atestigua destrucci\u00f3n de armamento decomisado - \u00c9tica Comunica<\/title>\n<meta name=\"robots\" content=\"index, follow, max-snippet:-1, max-image-preview:large, max-video-preview:-1\" \/>\n<link rel=\"canonical\" href=\"https:\/\/eticacomunica.com.mx\/?p=11719\" \/>\n<meta property=\"og:locale\" content=\"es_MX\" \/>\n<meta property=\"og:type\" content=\"article\" \/>\n<meta property=\"og:title\" content=\"Gobernador Rocha atestigua destrucci\u00f3n de armamento decomisado - \u00c9tica Comunica\" \/>\n<meta property=\"og:description\" content=\"Reconoce SEDENA aportaci\u00f3n del Gobierno Estatal en la cultura de la paz. Culiac\u00e1n, Sinaloa, a 06 de julio de 2022.- En sinton\u00eda con el Plan Nacional de Desarrollo 2019 &#8211;&hellip;\" \/>\n<meta property=\"og:url\" content=\"https:\/\/eticacomunica.com.mx\/?p=11719\" \/>\n<meta property=\"og:site_name\" content=\"\u00c9tica Comunica\" \/>\n<meta property=\"article:publisher\" content=\"https:\/\/www.facebook.com\/eticacomunica\" \/>\n<meta property=\"article:published_time\" content=\"2022-07-06T19:42:21+00:00\" \/>\n<meta property=\"og:image\" content=\"https:\/\/eticacomunica.com.mx\/wp-content\/uploads\/2022\/07\/IMG-20220706-WA0013.jpg\" \/>\n\t<meta property=\"og:image:width\" content=\"1280\" \/>\n\t<meta property=\"og:image:height\" content=\"852\" \/>\n\t<meta property=\"og:image:type\" content=\"image\/jpeg\" \/>\n<meta name=\"author\" content=\"etica\" \/>\n<meta name=\"twitter:card\" content=\"summary_large_image\" \/>\n<meta name=\"twitter:label1\" content=\"Escrito por\" \/>\n\t<meta name=\"twitter:data1\" content=\"etica\" \/>\n\t<meta name=\"twitter:label2\" content=\"Tiempo de lectura\" \/>\n\t<meta name=\"twitter:data2\" content=\"2 minutos\" \/>\n<script type=\"application\/ld+json\" class=\"yoast-schema-graph\">{\"@context\":\"https:\/\/schema.org\",\"@graph\":[{\"@type\":\"Article\",\"@id\":\"https:\/\/eticacomunica.com.mx\/?p=11719#article\",\"isPartOf\":{\"@id\":\"https:\/\/eticacomunica.com.mx\/?p=11719\"},\"author\":{\"name\":\"etica\",\"@id\":\"https:\/\/eticacomunica.com.mx\/#\/schema\/person\/2cacc47bd17fe8ad92f08c0313d22fa6\"},\"headline\":\"Gobernador Rocha atestigua destrucci\u00f3n de armamento decomisado\",\"datePublished\":\"2022-07-06T19:42:21+00:00\",\"mainEntityOfPage\":{\"@id\":\"https:\/\/eticacomunica.com.mx\/?p=11719\"},\"wordCount\":493,\"commentCount\":0,\"publisher\":{\"@id\":\"https:\/\/eticacomunica.com.mx\/#organization\"},\"image\":{\"@id\":\"https:\/\/eticacomunica.com.mx\/?p=11719#primaryimage\"},\"thumbnailUrl\":\"https:\/\/eticacomunica.com.mx\/wp-content\/uploads\/2022\/07\/IMG-20220706-WA0013.jpg\",\"keywords\":[\"Gobierno del Estado de Sinaloa\",\"Rub\u00e9n Rocha Moya\"],\"articleSection\":[\"GES\",\"Portada\"],\"inLanguage\":\"es\",\"potentialAction\":[{\"@type\":\"CommentAction\",\"name\":\"Comment\",\"target\":[\"https:\/\/eticacomunica.com.mx\/?p=11719#respond\"]}]},{\"@type\":\"WebPage\",\"@id\":\"https:\/\/eticacomunica.com.mx\/?p=11719\",\"url\":\"https:\/\/eticacomunica.com.mx\/?p=11719\",\"name\":\"Gobernador Rocha atestigua destrucci\u00f3n de armamento decomisado - \u00c9tica Comunica\",\"isPartOf\":{\"@id\":\"https:\/\/eticacomunica.com.mx\/#website\"},\"primaryImageOfPage\":{\"@id\":\"https:\/\/eticacomunica.com.mx\/?p=11719#primaryimage\"},\"image\":{\"@id\":\"https:\/\/eticacomunica.com.mx\/?p=11719#primaryimage\"},\"thumbnailUrl\":\"https:\/\/eticacomunica.com.mx\/wp-content\/uploads\/2022\/07\/IMG-20220706-WA0013.jpg\",\"datePublished\":\"2022-07-06T19:42:21+00:00\",\"breadcrumb\":{\"@id\":\"https:\/\/eticacomunica.com.mx\/?p=11719#breadcrumb\"},\"inLanguage\":\"es\",\"potentialAction\":[{\"@type\":\"ReadAction\",\"target\":[\"https:\/\/eticacomunica.com.mx\/?p=11719\"]}]},{\"@type\":\"ImageObject\",\"inLanguage\":\"es\",\"@id\":\"https:\/\/eticacomunica.com.mx\/?p=11719#primaryimage\",\"url\":\"https:\/\/eticacomunica.com.mx\/wp-content\/uploads\/2022\/07\/IMG-20220706-WA0013.jpg\",\"contentUrl\":\"https:\/\/eticacomunica.com.mx\/wp-content\/uploads\/2022\/07\/IMG-20220706-WA0013.jpg\",\"width\":1280,\"height\":852},{\"@type\":\"BreadcrumbList\",\"@id\":\"https:\/\/eticacomunica.com.mx\/?p=11719#breadcrumb\",\"itemListElement\":[{\"@type\":\"ListItem\",\"position\":1,\"name\":\"Inicio\",\"item\":\"https:\/\/eticacomunica.com.mx\/\"},{\"@type\":\"ListItem\",\"position\":2,\"name\":\"Gobernador Rocha atestigua destrucci\u00f3n de armamento decomisado\"}]},{\"@type\":\"WebSite\",\"@id\":\"https:\/\/eticacomunica.com.mx\/#website\",\"url\":\"https:\/\/eticacomunica.com.mx\/\",\"name\":\"\u00c9tica Comunica\",\"description\":\"Diario Digital\",\"publisher\":{\"@id\":\"https:\/\/eticacomunica.com.mx\/#organization\"},\"potentialAction\":[{\"@type\":\"SearchAction\",\"target\":{\"@type\":\"EntryPoint\",\"urlTemplate\":\"https:\/\/eticacomunica.com.mx\/?s={search_term_string}\"},\"query-input\":{\"@type\":\"PropertyValueSpecification\",\"valueRequired\":true,\"valueName\":\"search_term_string\"}}],\"inLanguage\":\"es\"},{\"@type\":\"Organization\",\"@id\":\"https:\/\/eticacomunica.com.mx\/#organization\",\"name\":\"Diarios Digitales de Sinaloa\",\"url\":\"https:\/\/eticacomunica.com.mx\/\",\"logo\":{\"@type\":\"ImageObject\",\"inLanguage\":\"es\",\"@id\":\"https:\/\/eticacomunica.com.mx\/#\/schema\/logo\/image\/\",\"url\":\"https:\/\/eticacomunica.com.mx\/wp-content\/uploads\/2023\/10\/etica-logo.png\",\"contentUrl\":\"https:\/\/eticacomunica.com.mx\/wp-content\/uploads\/2023\/10\/etica-logo.png\",\"width\":1280,\"height\":432,\"caption\":\"Diarios Digitales de Sinaloa\"},\"image\":{\"@id\":\"https:\/\/eticacomunica.com.mx\/#\/schema\/logo\/image\/\"},\"sameAs\":[\"https:\/\/www.facebook.com\/eticacomunica\"]},{\"@type\":\"Person\",\"@id\":\"https:\/\/eticacomunica.com.mx\/#\/schema\/person\/2cacc47bd17fe8ad92f08c0313d22fa6\",\"name\":\"etica\",\"image\":{\"@type\":\"ImageObject\",\"inLanguage\":\"es\",\"@id\":\"https:\/\/secure.gravatar.com\/avatar\/dfb45d32bc7097f8f06d6e4f6e6b387e7cb8fd5b3a2869265c40587ab62cab1e?s=96&d=mm&r=g\",\"url\":\"https:\/\/secure.gravatar.com\/avatar\/dfb45d32bc7097f8f06d6e4f6e6b387e7cb8fd5b3a2869265c40587ab62cab1e?s=96&d=mm&r=g\",\"contentUrl\":\"https:\/\/secure.gravatar.com\/avatar\/dfb45d32bc7097f8f06d6e4f6e6b387e7cb8fd5b3a2869265c40587ab62cab1e?s=96&d=mm&r=g\",\"caption\":\"etica\"},\"sameAs\":[\"https:\/\/eticacomunica.com.mx\"],\"url\":\"https:\/\/eticacomunica.com.mx\/?author=1\"}]}<\/script>\n<!-- \/ Yoast SEO plugin. -->","yoast_head_json":{"title":"Gobernador Rocha atestigua destrucci\u00f3n de armamento decomisado - \u00c9tica Comunica","robots":{"index":"index","follow":"follow","max-snippet":"max-snippet:-1","max-image-preview":"max-image-preview:large","max-video-preview":"max-video-preview:-1"},"canonical":"https:\/\/eticacomunica.com.mx\/?p=11719","og_locale":"es_MX","og_type":"article","og_title":"Gobernador Rocha atestigua destrucci\u00f3n de armamento decomisado - \u00c9tica Comunica","og_description":"Reconoce SEDENA aportaci\u00f3n del Gobierno Estatal en la cultura de la paz. Culiac\u00e1n, Sinaloa, a 06 de julio de 2022.- En sinton\u00eda con el Plan Nacional de Desarrollo 2019 &#8211;&hellip;","og_url":"https:\/\/eticacomunica.com.mx\/?p=11719","og_site_name":"\u00c9tica Comunica","article_publisher":"https:\/\/www.facebook.com\/eticacomunica","article_published_time":"2022-07-06T19:42:21+00:00","og_image":[{"width":1280,"height":852,"url":"https:\/\/eticacomunica.com.mx\/wp-content\/uploads\/2022\/07\/IMG-20220706-WA0013.jpg","type":"image\/jpeg"}],"author":"etica","twitter_card":"summary_large_image","twitter_misc":{"Escrito por":"etica","Tiempo de lectura":"2 minutos"},"schema":{"@context":"https:\/\/schema.org","@graph":[{"@type":"Article","@id":"https:\/\/eticacomunica.com.mx\/?p=11719#article","isPartOf":{"@id":"https:\/\/eticacomunica.com.mx\/?p=11719"},"author":{"name":"etica","@id":"https:\/\/eticacomunica.com.mx\/#\/schema\/person\/2cacc47bd17fe8ad92f08c0313d22fa6"},"headline":"Gobernador Rocha atestigua destrucci\u00f3n de armamento decomisado","datePublished":"2022-07-06T19:42:21+00:00","mainEntityOfPage":{"@id":"https:\/\/eticacomunica.com.mx\/?p=11719"},"wordCount":493,"commentCount":0,"publisher":{"@id":"https:\/\/eticacomunica.com.mx\/#organization"},"image":{"@id":"https:\/\/eticacomunica.com.mx\/?p=11719#primaryimage"},"thumbnailUrl":"https:\/\/eticacomunica.com.mx\/wp-content\/uploads\/2022\/07\/IMG-20220706-WA0013.jpg","keywords":["Gobierno del Estado de Sinaloa","Rub\u00e9n Rocha Moya"],"articleSection":["GES","Portada"],"inLanguage":"es","potentialAction":[{"@type":"CommentAction","name":"Comment","target":["https:\/\/eticacomunica.com.mx\/?p=11719#respond"]}]},{"@type":"WebPage","@id":"https:\/\/eticacomunica.com.mx\/?p=11719","url":"https:\/\/eticacomunica.com.mx\/?p=11719","name":"Gobernador Rocha atestigua destrucci\u00f3n de armamento decomisado - \u00c9tica Comunica","isPartOf":{"@id":"https:\/\/eticacomunica.com.mx\/#website"},"primaryImageOfPage":{"@id":"https:\/\/eticacomunica.com.mx\/?p=11719#primaryimage"},"image":{"@id":"https:\/\/eticacomunica.com.mx\/?p=11719#primaryimage"},"thumbnailUrl":"https:\/\/eticacomunica.com.mx\/wp-content\/uploads\/2022\/07\/IMG-20220706-WA0013.jpg","datePublished":"2022-07-06T19:42:21+00:00","breadcrumb":{"@id":"https:\/\/eticacomunica.com.mx\/?p=11719#breadcrumb"},"inLanguage":"es","potentialAction":[{"@type":"ReadAction","target":["https:\/\/eticacomunica.com.mx\/?p=11719"]}]},{"@type":"ImageObject","inLanguage":"es","@id":"https:\/\/eticacomunica.com.mx\/?p=11719#primaryimage","url":"https:\/\/eticacomunica.com.mx\/wp-content\/uploads\/2022\/07\/IMG-20220706-WA0013.jpg","contentUrl":"https:\/\/eticacomunica.com.mx\/wp-content\/uploads\/2022\/07\/IMG-20220706-WA0013.jpg","width":1280,"height":852},{"@type":"BreadcrumbList","@id":"https:\/\/eticacomunica.com.mx\/?p=11719#breadcrumb","itemListElement":[{"@type":"ListItem","position":1,"name":"Inicio","item":"https:\/\/eticacomunica.com.mx\/"},{"@type":"ListItem","position":2,"name":"Gobernador Rocha atestigua destrucci\u00f3n de armamento decomisado"}]},{"@type":"WebSite","@id":"https:\/\/eticacomunica.com.mx\/#website","url":"https:\/\/eticacomunica.com.mx\/","name":"\u00c9tica Comunica","description":"Diario Digital","publisher":{"@id":"https:\/\/eticacomunica.com.mx\/#organization"},"potentialAction":[{"@type":"SearchAction","target":{"@type":"EntryPoint","urlTemplate":"https:\/\/eticacomunica.com.mx\/?s={search_term_string}"},"query-input":{"@type":"PropertyValueSpecification","valueRequired":true,"valueName":"search_term_string"}}],"inLanguage":"es"},{"@type":"Organization","@id":"https:\/\/eticacomunica.com.mx\/#organization","name":"Diarios Digitales de Sinaloa","url":"https:\/\/eticacomunica.com.mx\/","logo":{"@type":"ImageObject","inLanguage":"es","@id":"https:\/\/eticacomunica.com.mx\/#\/schema\/logo\/image\/","url":"https:\/\/eticacomunica.com.mx\/wp-content\/uploads\/2023\/10\/etica-logo.png","contentUrl":"https:\/\/eticacomunica.com.mx\/wp-content\/uploads\/2023\/10\/etica-logo.png","width":1280,"height":432,"caption":"Diarios Digitales de Sinaloa"},"image":{"@id":"https:\/\/eticacomunica.com.mx\/#\/schema\/logo\/image\/"},"sameAs":["https:\/\/www.facebook.com\/eticacomunica"]},{"@type":"Person","@id":"https:\/\/eticacomunica.com.mx\/#\/schema\/person\/2cacc47bd17fe8ad92f08c0313d22fa6","name":"etica","image":{"@type":"ImageObject","inLanguage":"es","@id":"https:\/\/secure.gravatar.com\/avatar\/dfb45d32bc7097f8f06d6e4f6e6b387e7cb8fd5b3a2869265c40587ab62cab1e?s=96&d=mm&r=g","url":"https:\/\/secure.gravatar.com\/avatar\/dfb45d32bc7097f8f06d6e4f6e6b387e7cb8fd5b3a2869265c40587ab62cab1e?s=96&d=mm&r=g","contentUrl":"https:\/\/secure.gravatar.com\/avatar\/dfb45d32bc7097f8f06d6e4f6e6b387e7cb8fd5b3a2869265c40587ab62cab1e?s=96&d=mm&r=g","caption":"etica"},"sameAs":["https:\/\/eticacomunica.com.mx"],"url":"https:\/\/eticacomunica.com.mx\/?author=1"}]}},"jetpack_publicize_connections":[],"jetpack_featured_media_url":"https:\/\/eticacomunica.com.mx\/wp-content\/uploads\/2022\/07\/IMG-20220706-WA0013.jpg","jetpack_sharing_enabled":true,"_links":{"self":[{"href":"https:\/\/eticacomunica.com.mx\/index.php?rest_route=\/wp\/v2\/posts\/11719","targetHints":{"allow":["GET"]}}],"collection":[{"href":"https:\/\/eticacomunica.com.mx\/index.php?rest_route=\/wp\/v2\/posts"}],"about":[{"href":"https:\/\/eticacomunica.com.mx\/index.php?rest_route=\/wp\/v2\/types\/post"}],"author":[{"embeddable":true,"href":"https:\/\/eticacomunica.com.mx\/index.php?rest_route=\/wp\/v2\/users\/1"}],"replies":[{"embeddable":true,"href":"https:\/\/eticacomunica.com.mx\/index.php?rest_route=%2Fwp%2Fv2%2Fcomments&post=11719"}],"version-history":[{"count":0,"href":"https:\/\/eticacomunica.com.mx\/index.php?rest_route=\/wp\/v2\/posts\/11719\/revisions"}],"wp:featuredmedia":[{"embeddable":true,"href":"https:\/\/eticacomunica.com.mx\/index.php?rest_route=\/wp\/v2\/media\/11718"}],"wp:attachment":[{"href":"https:\/\/eticacomunica.com.mx\/index.php?rest_route=%2Fwp%2Fv2%2Fmedia&parent=11719"}],"wp:term":[{"taxonomy":"category","embeddable":true,"href":"https:\/\/eticacomunica.com.mx\/index.php?rest_route=%2Fwp%2Fv2%2Fcategories&post=11719"},{"taxonomy":"post_tag","embeddable":true,"href":"https:\/\/eticacomunica.com.mx\/index.php?rest_route=%2Fwp%2Fv2%2Ftags&post=11719"}],"curies":[{"name":"wp","href":"https:\/\/api.w.org\/{rel}","templated":true}]}}