{"id":11738,"date":"2022-07-06T07:54:00","date_gmt":"2022-07-06T13:54:00","guid":{"rendered":"https:\/\/eticacomunica.com.mx\/?p=11738"},"modified":"2022-07-07T08:10:32","modified_gmt":"2022-07-07T14:10:32","slug":"firma-la-uas-convenios-de-coordinacion-con-el-instituto-sinaloense-de-la-infraestructura-fisica-educativa","status":"publish","type":"post","link":"https:\/\/eticacomunica.com.mx\/?p=11738","title":{"rendered":"Firma la UAS convenios de coordinaci\u00f3n con el Instituto Sinaloense de la Infraestructura F\u00edsica Educativa"},"content":{"rendered":"\n<p>La Universidad Aut\u00f3noma de Sinaloa (UAS) firm\u00f3 dos convenios de coordinaci\u00f3n con el Instituto Sinaloense de la Infraestructura F\u00edsica Educativa (ISIFE) para la ejecuci\u00f3n de obras en el nivel medio superior y superior, contempladas en el marco del Programa Fondo de Aportaciones M\u00faltiples (FAM) 2022\u20102023, con una inversi\u00f3n total de 33 millones 642 mil pesos; por parte de la UAS firm\u00f3 el Rector, doctor Jes\u00fas Madue\u00f1a Molina y del ISIFE, su director, arquitecto Hugo Echave Meneses.<\/p>\n\n\n\n<p>\u201cLa Universidad Aut\u00f3noma de Sinaloa, en la agenda conjunta con el Gobernador del Estado, Rub\u00e9n Rocha Moya, tenemos asuntos diversos y uno de ellos es el desarrollo de la infraestructura educativa, este tema com\u00fan tiene sentido social y estrat\u00e9gico, pues atiende objetivos muy importantes como lo son la ampliaci\u00f3n de la cobertura y el aseguramiento de la calidad acad\u00e9mica que se brinda en nuestras aulas\u201d, expres\u00f3 el Rector.<\/p>\n\n\n\n<p>Ponder\u00f3 que el Gobernador y el ISIFE respondieran con el respaldo necesario para que la UAS pueda construir los espacios correspondientes y a ello responde estos dos convenios.<\/p>\n\n\n\n<p>El primer convenio beneficiar\u00e1 a la Facultad de Ciencias del Mar (FACIMAR), que tiene un deterioro total en su infraestructura debido a su ubicaci\u00f3n junto al mar, y donde se destinar\u00e1n todos los recursos del FAM del Nivel Superior para renovar sus instalaciones, en una primera etapa. El segundo favorecer\u00e1 a las preparatorias Sandino y Mochis, en su Extensi\u00f3n Macapule, dos unidades acad\u00e9micas con una alta demanda y con infraestructura limitada.<\/p>\n\n\n\n<p>\u201cSin lugar a dudas estos recursos ser\u00e1n de gran significado para las unidades acad\u00e9micas beneficiadas, para sus comunidades y para la Universidad misma; expreso un amplio agradecimiento al arquitecto Hugo Echave Meneses y a todo su equipo de colaboradores\u201d, manifest\u00f3.<\/p>\n\n\n\n<p>El Rector agradeci\u00f3 al Gobernador Rocha Moya por su apoyo en la consecuci\u00f3n de recursos extraordinarios y en el tema del deporte donde ofreci\u00f3 la construcci\u00f3n de la techumbre de la Alberca Ol\u00edmpica y m\u00e1s recientemente dar un est\u00edmulo a los deportistas universitarios.<\/p>\n\n\n\n<p>Por su parte el director del ISIFE, Hugo Echave Meneses, se expres\u00f3 orgulloso de ser egresado de esta Alma M\u00e1ter y reiter\u00f3 el apoyo de este instituto y el cumplimiento para la ejecuci\u00f3n de los compromisos plasmados en los convenios.<\/p>\n\n\n\n<p>\u201cEn coordinaci\u00f3n con la Universidad vamos a estar al pie de la letra para la colaboraci\u00f3n y su crecimiento; felicitarlo Rector por las gestiones para los proyectos para que lleguen los recursos a nuestra universidad, como Instituto estamos orgullosos de estar en esta gran instituci\u00f3n reiter\u00e1ndoles: cuenten con nuestro apoyo ejecutivo\u201d, dijo.<\/p>\n\n\n\n<p>Correspondi\u00f3 al Director General de Vinculaci\u00f3n y Relaciones Internacionales, doctor Jes\u00fas Enrique S\u00e1nchez Zazueta leer los objetivos de los convenios, teniendo como testigos por parte del ISIFE al ingeniero Joaqu\u00edn Omar Murrieta Castro, encargado de infraestructura del ISIFE, y al licenciado Fernando del Valle Ar\u00e1mburo jefe de Asuntos Jur\u00eddicos y por la UAS el arquitecto Jorge P\u00e9rez Rubio, director de Construcci\u00f3n y Mantenimiento, el maestro Robespierre Liz\u00e1rraga, director de Asuntos Jur\u00eddicos.<\/p>\n","protected":false},"excerpt":{"rendered":"<p>La Universidad Aut\u00f3noma de Sinaloa (UAS) firm\u00f3 dos convenios de coordinaci\u00f3n con el Instituto Sinaloense de la Infraestructura F\u00edsica Educativa (ISIFE) para la ejecuci\u00f3n de obras en el nivel medio&hellip;<\/p>\n","protected":false},"author":1,"featured_media":11739,"comment_status":"open","ping_status":"open","sticky":false,"template":"","format":"standard","meta":{"_jetpack_memberships_contains_paid_content":false,"footnotes":"","jetpack_publicize_message":"","jetpack_publicize_feature_enabled":true,"jetpack_social_post_already_shared":true,"jetpack_social_options":{"image_generator_settings":{"template":"highway","default_image_id":0,"font":"","enabled":false},"version":2}},"categories":[40],"tags":[41],"class_list":["post-11738","post","type-post","status-publish","format-standard","has-post-thumbnail","hentry","category-educacion","tag-uas"],"yoast_head":"<!-- This site is optimized with the Yoast SEO plugin v27.2 - https:\/\/yoast.com\/product\/yoast-seo-wordpress\/ -->\n<title>Firma la UAS convenios de coordinaci\u00f3n con el Instituto Sinaloense de la Infraestructura F\u00edsica Educativa - \u00c9tica Comunica<\/title>\n<meta name=\"robots\" content=\"index, follow, max-snippet:-1, max-image-preview:large, max-video-preview:-1\" \/>\n<link rel=\"canonical\" href=\"https:\/\/eticacomunica.com.mx\/?p=11738\" \/>\n<meta property=\"og:locale\" content=\"es_MX\" \/>\n<meta property=\"og:type\" content=\"article\" \/>\n<meta property=\"og:title\" content=\"Firma la UAS convenios de coordinaci\u00f3n con el Instituto Sinaloense de la Infraestructura F\u00edsica Educativa - \u00c9tica Comunica\" \/>\n<meta property=\"og:description\" content=\"La Universidad Aut\u00f3noma de Sinaloa (UAS) firm\u00f3 dos convenios de coordinaci\u00f3n con el Instituto Sinaloense de la Infraestructura F\u00edsica Educativa (ISIFE) para la ejecuci\u00f3n de obras en el nivel medio&hellip;\" \/>\n<meta property=\"og:url\" content=\"https:\/\/eticacomunica.com.mx\/?p=11738\" \/>\n<meta property=\"og:site_name\" content=\"\u00c9tica Comunica\" \/>\n<meta property=\"article:publisher\" content=\"https:\/\/www.facebook.com\/eticacomunica\" \/>\n<meta property=\"article:published_time\" content=\"2022-07-06T13:54:00+00:00\" \/>\n<meta property=\"article:modified_time\" content=\"2022-07-07T14:10:32+00:00\" \/>\n<meta property=\"og:image\" content=\"https:\/\/eticacomunica.com.mx\/wp-content\/uploads\/2022\/07\/grande_504006001657145568.jpg\" \/>\n\t<meta property=\"og:image:width\" content=\"1280\" \/>\n\t<meta property=\"og:image:height\" content=\"983\" \/>\n\t<meta property=\"og:image:type\" content=\"image\/jpeg\" \/>\n<meta name=\"author\" content=\"etica\" \/>\n<meta name=\"twitter:card\" content=\"summary_large_image\" \/>\n<meta name=\"twitter:label1\" content=\"Escrito por\" \/>\n\t<meta name=\"twitter:data1\" content=\"etica\" \/>\n\t<meta name=\"twitter:label2\" content=\"Tiempo de lectura\" \/>\n\t<meta name=\"twitter:data2\" content=\"3 minutos\" \/>\n<script type=\"application\/ld+json\" class=\"yoast-schema-graph\">{\"@context\":\"https:\/\/schema.org\",\"@graph\":[{\"@type\":\"Article\",\"@id\":\"https:\/\/eticacomunica.com.mx\/?p=11738#article\",\"isPartOf\":{\"@id\":\"https:\/\/eticacomunica.com.mx\/?p=11738\"},\"author\":{\"name\":\"etica\",\"@id\":\"https:\/\/eticacomunica.com.mx\/#\/schema\/person\/2cacc47bd17fe8ad92f08c0313d22fa6\"},\"headline\":\"Firma la UAS convenios de coordinaci\u00f3n con el Instituto Sinaloense de la Infraestructura F\u00edsica Educativa\",\"datePublished\":\"2022-07-06T13:54:00+00:00\",\"dateModified\":\"2022-07-07T14:10:32+00:00\",\"mainEntityOfPage\":{\"@id\":\"https:\/\/eticacomunica.com.mx\/?p=11738\"},\"wordCount\":544,\"commentCount\":0,\"publisher\":{\"@id\":\"https:\/\/eticacomunica.com.mx\/#organization\"},\"image\":{\"@id\":\"https:\/\/eticacomunica.com.mx\/?p=11738#primaryimage\"},\"thumbnailUrl\":\"https:\/\/eticacomunica.com.mx\/wp-content\/uploads\/2022\/07\/grande_504006001657145568.jpg\",\"keywords\":[\"UAS\"],\"articleSection\":[\"Educaci\u00f3n\"],\"inLanguage\":\"es\",\"potentialAction\":[{\"@type\":\"CommentAction\",\"name\":\"Comment\",\"target\":[\"https:\/\/eticacomunica.com.mx\/?p=11738#respond\"]}]},{\"@type\":\"WebPage\",\"@id\":\"https:\/\/eticacomunica.com.mx\/?p=11738\",\"url\":\"https:\/\/eticacomunica.com.mx\/?p=11738\",\"name\":\"Firma la UAS convenios de coordinaci\u00f3n con el Instituto Sinaloense de la Infraestructura F\u00edsica Educativa - \u00c9tica Comunica\",\"isPartOf\":{\"@id\":\"https:\/\/eticacomunica.com.mx\/#website\"},\"primaryImageOfPage\":{\"@id\":\"https:\/\/eticacomunica.com.mx\/?p=11738#primaryimage\"},\"image\":{\"@id\":\"https:\/\/eticacomunica.com.mx\/?p=11738#primaryimage\"},\"thumbnailUrl\":\"https:\/\/eticacomunica.com.mx\/wp-content\/uploads\/2022\/07\/grande_504006001657145568.jpg\",\"datePublished\":\"2022-07-06T13:54:00+00:00\",\"dateModified\":\"2022-07-07T14:10:32+00:00\",\"breadcrumb\":{\"@id\":\"https:\/\/eticacomunica.com.mx\/?p=11738#breadcrumb\"},\"inLanguage\":\"es\",\"potentialAction\":[{\"@type\":\"ReadAction\",\"target\":[\"https:\/\/eticacomunica.com.mx\/?p=11738\"]}]},{\"@type\":\"ImageObject\",\"inLanguage\":\"es\",\"@id\":\"https:\/\/eticacomunica.com.mx\/?p=11738#primaryimage\",\"url\":\"https:\/\/eticacomunica.com.mx\/wp-content\/uploads\/2022\/07\/grande_504006001657145568.jpg\",\"contentUrl\":\"https:\/\/eticacomunica.com.mx\/wp-content\/uploads\/2022\/07\/grande_504006001657145568.jpg\",\"width\":1280,\"height\":983},{\"@type\":\"BreadcrumbList\",\"@id\":\"https:\/\/eticacomunica.com.mx\/?p=11738#breadcrumb\",\"itemListElement\":[{\"@type\":\"ListItem\",\"position\":1,\"name\":\"Inicio\",\"item\":\"https:\/\/eticacomunica.com.mx\/\"},{\"@type\":\"ListItem\",\"position\":2,\"name\":\"Firma la UAS convenios de coordinaci\u00f3n con el Instituto Sinaloense de la Infraestructura F\u00edsica Educativa\"}]},{\"@type\":\"WebSite\",\"@id\":\"https:\/\/eticacomunica.com.mx\/#website\",\"url\":\"https:\/\/eticacomunica.com.mx\/\",\"name\":\"\u00c9tica Comunica\",\"description\":\"Diario Digital\",\"publisher\":{\"@id\":\"https:\/\/eticacomunica.com.mx\/#organization\"},\"potentialAction\":[{\"@type\":\"SearchAction\",\"target\":{\"@type\":\"EntryPoint\",\"urlTemplate\":\"https:\/\/eticacomunica.com.mx\/?s={search_term_string}\"},\"query-input\":{\"@type\":\"PropertyValueSpecification\",\"valueRequired\":true,\"valueName\":\"search_term_string\"}}],\"inLanguage\":\"es\"},{\"@type\":\"Organization\",\"@id\":\"https:\/\/eticacomunica.com.mx\/#organization\",\"name\":\"Diarios Digitales de Sinaloa\",\"url\":\"https:\/\/eticacomunica.com.mx\/\",\"logo\":{\"@type\":\"ImageObject\",\"inLanguage\":\"es\",\"@id\":\"https:\/\/eticacomunica.com.mx\/#\/schema\/logo\/image\/\",\"url\":\"https:\/\/eticacomunica.com.mx\/wp-content\/uploads\/2023\/10\/etica-logo.png\",\"contentUrl\":\"https:\/\/eticacomunica.com.mx\/wp-content\/uploads\/2023\/10\/etica-logo.png\",\"width\":1280,\"height\":432,\"caption\":\"Diarios Digitales de Sinaloa\"},\"image\":{\"@id\":\"https:\/\/eticacomunica.com.mx\/#\/schema\/logo\/image\/\"},\"sameAs\":[\"https:\/\/www.facebook.com\/eticacomunica\"]},{\"@type\":\"Person\",\"@id\":\"https:\/\/eticacomunica.com.mx\/#\/schema\/person\/2cacc47bd17fe8ad92f08c0313d22fa6\",\"name\":\"etica\",\"image\":{\"@type\":\"ImageObject\",\"inLanguage\":\"es\",\"@id\":\"https:\/\/secure.gravatar.com\/avatar\/dfb45d32bc7097f8f06d6e4f6e6b387e7cb8fd5b3a2869265c40587ab62cab1e?s=96&d=mm&r=g\",\"url\":\"https:\/\/secure.gravatar.com\/avatar\/dfb45d32bc7097f8f06d6e4f6e6b387e7cb8fd5b3a2869265c40587ab62cab1e?s=96&d=mm&r=g\",\"contentUrl\":\"https:\/\/secure.gravatar.com\/avatar\/dfb45d32bc7097f8f06d6e4f6e6b387e7cb8fd5b3a2869265c40587ab62cab1e?s=96&d=mm&r=g\",\"caption\":\"etica\"},\"sameAs\":[\"https:\/\/eticacomunica.com.mx\"],\"url\":\"https:\/\/eticacomunica.com.mx\/?author=1\"}]}<\/script>\n<!-- \/ Yoast SEO plugin. -->","yoast_head_json":{"title":"Firma la UAS convenios de coordinaci\u00f3n con el Instituto Sinaloense de la Infraestructura F\u00edsica Educativa - \u00c9tica Comunica","robots":{"index":"index","follow":"follow","max-snippet":"max-snippet:-1","max-image-preview":"max-image-preview:large","max-video-preview":"max-video-preview:-1"},"canonical":"https:\/\/eticacomunica.com.mx\/?p=11738","og_locale":"es_MX","og_type":"article","og_title":"Firma la UAS convenios de coordinaci\u00f3n con el Instituto Sinaloense de la Infraestructura F\u00edsica Educativa - \u00c9tica Comunica","og_description":"La Universidad Aut\u00f3noma de Sinaloa (UAS) firm\u00f3 dos convenios de coordinaci\u00f3n con el Instituto Sinaloense de la Infraestructura F\u00edsica Educativa (ISIFE) para la ejecuci\u00f3n de obras en el nivel medio&hellip;","og_url":"https:\/\/eticacomunica.com.mx\/?p=11738","og_site_name":"\u00c9tica Comunica","article_publisher":"https:\/\/www.facebook.com\/eticacomunica","article_published_time":"2022-07-06T13:54:00+00:00","article_modified_time":"2022-07-07T14:10:32+00:00","og_image":[{"width":1280,"height":983,"url":"https:\/\/eticacomunica.com.mx\/wp-content\/uploads\/2022\/07\/grande_504006001657145568.jpg","type":"image\/jpeg"}],"author":"etica","twitter_card":"summary_large_image","twitter_misc":{"Escrito por":"etica","Tiempo de lectura":"3 minutos"},"schema":{"@context":"https:\/\/schema.org","@graph":[{"@type":"Article","@id":"https:\/\/eticacomunica.com.mx\/?p=11738#article","isPartOf":{"@id":"https:\/\/eticacomunica.com.mx\/?p=11738"},"author":{"name":"etica","@id":"https:\/\/eticacomunica.com.mx\/#\/schema\/person\/2cacc47bd17fe8ad92f08c0313d22fa6"},"headline":"Firma la UAS convenios de coordinaci\u00f3n con el Instituto Sinaloense de la Infraestructura F\u00edsica Educativa","datePublished":"2022-07-06T13:54:00+00:00","dateModified":"2022-07-07T14:10:32+00:00","mainEntityOfPage":{"@id":"https:\/\/eticacomunica.com.mx\/?p=11738"},"wordCount":544,"commentCount":0,"publisher":{"@id":"https:\/\/eticacomunica.com.mx\/#organization"},"image":{"@id":"https:\/\/eticacomunica.com.mx\/?p=11738#primaryimage"},"thumbnailUrl":"https:\/\/eticacomunica.com.mx\/wp-content\/uploads\/2022\/07\/grande_504006001657145568.jpg","keywords":["UAS"],"articleSection":["Educaci\u00f3n"],"inLanguage":"es","potentialAction":[{"@type":"CommentAction","name":"Comment","target":["https:\/\/eticacomunica.com.mx\/?p=11738#respond"]}]},{"@type":"WebPage","@id":"https:\/\/eticacomunica.com.mx\/?p=11738","url":"https:\/\/eticacomunica.com.mx\/?p=11738","name":"Firma la UAS convenios de coordinaci\u00f3n con el Instituto Sinaloense de la Infraestructura F\u00edsica Educativa - \u00c9tica Comunica","isPartOf":{"@id":"https:\/\/eticacomunica.com.mx\/#website"},"primaryImageOfPage":{"@id":"https:\/\/eticacomunica.com.mx\/?p=11738#primaryimage"},"image":{"@id":"https:\/\/eticacomunica.com.mx\/?p=11738#primaryimage"},"thumbnailUrl":"https:\/\/eticacomunica.com.mx\/wp-content\/uploads\/2022\/07\/grande_504006001657145568.jpg","datePublished":"2022-07-06T13:54:00+00:00","dateModified":"2022-07-07T14:10:32+00:00","breadcrumb":{"@id":"https:\/\/eticacomunica.com.mx\/?p=11738#breadcrumb"},"inLanguage":"es","potentialAction":[{"@type":"ReadAction","target":["https:\/\/eticacomunica.com.mx\/?p=11738"]}]},{"@type":"ImageObject","inLanguage":"es","@id":"https:\/\/eticacomunica.com.mx\/?p=11738#primaryimage","url":"https:\/\/eticacomunica.com.mx\/wp-content\/uploads\/2022\/07\/grande_504006001657145568.jpg","contentUrl":"https:\/\/eticacomunica.com.mx\/wp-content\/uploads\/2022\/07\/grande_504006001657145568.jpg","width":1280,"height":983},{"@type":"BreadcrumbList","@id":"https:\/\/eticacomunica.com.mx\/?p=11738#breadcrumb","itemListElement":[{"@type":"ListItem","position":1,"name":"Inicio","item":"https:\/\/eticacomunica.com.mx\/"},{"@type":"ListItem","position":2,"name":"Firma la UAS convenios de coordinaci\u00f3n con el Instituto Sinaloense de la Infraestructura F\u00edsica Educativa"}]},{"@type":"WebSite","@id":"https:\/\/eticacomunica.com.mx\/#website","url":"https:\/\/eticacomunica.com.mx\/","name":"\u00c9tica Comunica","description":"Diario Digital","publisher":{"@id":"https:\/\/eticacomunica.com.mx\/#organization"},"potentialAction":[{"@type":"SearchAction","target":{"@type":"EntryPoint","urlTemplate":"https:\/\/eticacomunica.com.mx\/?s={search_term_string}"},"query-input":{"@type":"PropertyValueSpecification","valueRequired":true,"valueName":"search_term_string"}}],"inLanguage":"es"},{"@type":"Organization","@id":"https:\/\/eticacomunica.com.mx\/#organization","name":"Diarios Digitales de Sinaloa","url":"https:\/\/eticacomunica.com.mx\/","logo":{"@type":"ImageObject","inLanguage":"es","@id":"https:\/\/eticacomunica.com.mx\/#\/schema\/logo\/image\/","url":"https:\/\/eticacomunica.com.mx\/wp-content\/uploads\/2023\/10\/etica-logo.png","contentUrl":"https:\/\/eticacomunica.com.mx\/wp-content\/uploads\/2023\/10\/etica-logo.png","width":1280,"height":432,"caption":"Diarios Digitales de Sinaloa"},"image":{"@id":"https:\/\/eticacomunica.com.mx\/#\/schema\/logo\/image\/"},"sameAs":["https:\/\/www.facebook.com\/eticacomunica"]},{"@type":"Person","@id":"https:\/\/eticacomunica.com.mx\/#\/schema\/person\/2cacc47bd17fe8ad92f08c0313d22fa6","name":"etica","image":{"@type":"ImageObject","inLanguage":"es","@id":"https:\/\/secure.gravatar.com\/avatar\/dfb45d32bc7097f8f06d6e4f6e6b387e7cb8fd5b3a2869265c40587ab62cab1e?s=96&d=mm&r=g","url":"https:\/\/secure.gravatar.com\/avatar\/dfb45d32bc7097f8f06d6e4f6e6b387e7cb8fd5b3a2869265c40587ab62cab1e?s=96&d=mm&r=g","contentUrl":"https:\/\/secure.gravatar.com\/avatar\/dfb45d32bc7097f8f06d6e4f6e6b387e7cb8fd5b3a2869265c40587ab62cab1e?s=96&d=mm&r=g","caption":"etica"},"sameAs":["https:\/\/eticacomunica.com.mx"],"url":"https:\/\/eticacomunica.com.mx\/?author=1"}]}},"jetpack_publicize_connections":[],"jetpack_featured_media_url":"https:\/\/eticacomunica.com.mx\/wp-content\/uploads\/2022\/07\/grande_504006001657145568.jpg","jetpack_sharing_enabled":true,"_links":{"self":[{"href":"https:\/\/eticacomunica.com.mx\/index.php?rest_route=\/wp\/v2\/posts\/11738","targetHints":{"allow":["GET"]}}],"collection":[{"href":"https:\/\/eticacomunica.com.mx\/index.php?rest_route=\/wp\/v2\/posts"}],"about":[{"href":"https:\/\/eticacomunica.com.mx\/index.php?rest_route=\/wp\/v2\/types\/post"}],"author":[{"embeddable":true,"href":"https:\/\/eticacomunica.com.mx\/index.php?rest_route=\/wp\/v2\/users\/1"}],"replies":[{"embeddable":true,"href":"https:\/\/eticacomunica.com.mx\/index.php?rest_route=%2Fwp%2Fv2%2Fcomments&post=11738"}],"version-history":[{"count":1,"href":"https:\/\/eticacomunica.com.mx\/index.php?rest_route=\/wp\/v2\/posts\/11738\/revisions"}],"predecessor-version":[{"id":11740,"href":"https:\/\/eticacomunica.com.mx\/index.php?rest_route=\/wp\/v2\/posts\/11738\/revisions\/11740"}],"wp:featuredmedia":[{"embeddable":true,"href":"https:\/\/eticacomunica.com.mx\/index.php?rest_route=\/wp\/v2\/media\/11739"}],"wp:attachment":[{"href":"https:\/\/eticacomunica.com.mx\/index.php?rest_route=%2Fwp%2Fv2%2Fmedia&parent=11738"}],"wp:term":[{"taxonomy":"category","embeddable":true,"href":"https:\/\/eticacomunica.com.mx\/index.php?rest_route=%2Fwp%2Fv2%2Fcategories&post=11738"},{"taxonomy":"post_tag","embeddable":true,"href":"https:\/\/eticacomunica.com.mx\/index.php?rest_route=%2Fwp%2Fv2%2Ftags&post=11738"}],"curies":[{"name":"wp","href":"https:\/\/api.w.org\/{rel}","templated":true}]}}