{"id":12264,"date":"2022-08-16T17:43:03","date_gmt":"2022-08-16T23:43:03","guid":{"rendered":"https:\/\/eticacomunica.com.mx\/?p=12264"},"modified":"2022-08-16T17:43:03","modified_gmt":"2022-08-16T23:43:03","slug":"sinaloa-ha-reducido-de-manera-significativa-los-delitos-rocha","status":"publish","type":"post","link":"https:\/\/eticacomunica.com.mx\/?p=12264","title":{"rendered":"Sinaloa ha reducido de manera significativa los delitos: Rocha"},"content":{"rendered":"\n<p>El mandatario estatal destac\u00f3 que dicha reducci\u00f3n se debe al trabajo en coordinaci\u00f3n con todas las corporaciones de seguridad en el estado y con las mesas de pacificaci\u00f3n.<\/p>\n\n\n\n<p><br><br>Culiac\u00e1n, Sinaloa, 16 de agosto del 2022.- A trav\u00e9s de la sesi\u00f3n ordinaria de la Comisi\u00f3n Permanente de Prevenci\u00f3n del Delito y Participaci\u00f3n Ciudadana en la cual el gobernador Rub\u00e9n Rocha Moya particip\u00f3 de manera virtual, resalt\u00f3 que su gobierno se encuentra trabajando intensamente con una coordinaci\u00f3n muy estrecha entre todas las corporaciones de seguridad, dicho trabajo inform\u00f3 que ha rendido frutos, pues se ha reducido de manera significativa los delitos en Sinaloa.<br><br>Rocha aclar\u00f3 que estos delitos, particularmente son homicidios dolosos, feminicidios, robo a casa habitaci\u00f3n, sin embargo, se\u00f1al\u00f3 que en otros todav\u00eda hay resistencia en la reducci\u00f3n de los \u00edndices, los cuales son el robo a locales comerciales, robo de veh\u00edculos y violencia familiar.<br><br>\u201cYo participo diariamente en las mesas de pacificaci\u00f3n y tenemos un trabajo que nos ha rendido frutos, hemos reducido de manera significativa los delitos, particularmente homicidios dolosos, feminicidios, robo a casa habitaci\u00f3n, robo a los locales comerciales, el que no podemos bajar y que es mucho muy importante, pero lo hemos venido conteniendo es el de la violencia familiar, que creo que esta es una constante en todo el pa\u00eds\u201d, dijo.<br><br>El mandatario estatal asegur\u00f3 que se encuentran trabajando bajo el marco del sistema de seguridad del Gobierno Federal, el cual act\u00faa a trav\u00e9s de dos vertientes, las cuales son la vertiente de la prevenci\u00f3n y la del uso de la fuerza como estado, la cual consiste en perseguir el delito.<br><br>Sostuvo, que se encuentran en coordinaci\u00f3n con los gobernadores de Baja California, Baja California Sur, Sonora y Nayarit, coordinaci\u00f3n la cual aclar\u00f3 que est\u00e1 rindiendo, pues el lunes 15 de agosto, se detuvieron en Sinaloa a los agentes generadores de los disturbios violentos que se dieron en Baja California.<br><br>Se\u00f1al\u00f3 que esto fue posible gracias a la coordinaci\u00f3n con la gobernadora Marina del Pilar y a las fuerzas correspondientes como la Fiscal\u00eda y las polic\u00edas en general. <br><br>\u201cEn coordinaci\u00f3n con todo aqu\u00ed en Sinaloa, que somos parte de la cuenca del Mar de Cort\u00e9s, pues estamos muy coordinados los gobernadores de las bajas, Sonora, Nayarit y Sinaloa, nos est\u00e1 rindiendo la coordinaci\u00f3n, justamente ayer, por los disturbios que se dieron en Baja California, en Sinaloa detuvimos a los agentes generadores de violencia en una coordinaci\u00f3n directa con la gobernadora Marina del Pilar y por supuesto las fuerzas correspondientes que son las fiscal\u00edas y las polic\u00edas en general&#8221;, expres\u00f3.<br><br>El mandatario estatal asegur\u00f3 que a\u00fan falta camino para estar satisfechos con el tema de seguridad, sin embargo, explic\u00f3 que tiene la estrategia adecuada y bajo el mando del presidente Andr\u00e9s Manuel, continuar\u00e1n avanzando en este rubro para preservar la vida y bajar los delitos en general.<br><br>\u201cNo nos ha rebasado por supuesto para nada la delincuencia por m\u00e1s que la oposici\u00f3n pretenda indicar lo contrario, hacemos todos los esfuerzos, estamos coordinados, nos interesa mucho preservar la vida, bajar los delitos en general\u201d, aclar\u00f3.<br><br>En representaci\u00f3n del gobernador Rub\u00e9n Rocha Moya asisti\u00f3 al evento Ricardo Jenny del Rinc\u00f3n, secretario ejecutivo del Sistema Estatal de Seguridad P\u00fablica; tambi\u00e9n estuvieron presentes Cuitl\u00e1huac Garc\u00eda Jim\u00e9nez, Gobernador de Veracruz y anfitri\u00f3n del encuentro; Clara Luz Flores Carrales, Secretaria Ejecutiva del Sistema Nacional de Seguridad P\u00fablica; Luis Garc\u00eda L\u00f3pez-Guerrero, Titular del Centro Nacional de Prevenci\u00f3n del Delito y Participaci\u00f3n Ciudadana; Hugo Guti\u00e9rrez Maldonado, Secretario de Seguridad P\u00fablica del Estado de Veracruz; Carlos Augusto Morales L\u00f3pez, Titular de la Unidad de Pol\u00edticas y Estrategias para la Construcci\u00f3n de la Paz con entidades federativas y regiones de la Secretar\u00eda de Seguridad y Protecci\u00f3n Ciudadana; y Thania Karina Parra y Parra, Titular del Centro Estatal de Prevenci\u00f3n de Sinaloa.<\/p>\n","protected":false},"excerpt":{"rendered":"<p>El mandatario estatal destac\u00f3 que dicha reducci\u00f3n se debe al trabajo en coordinaci\u00f3n con todas las corporaciones de seguridad en el estado y con las mesas de pacificaci\u00f3n. Culiac\u00e1n, Sinaloa,&hellip;<\/p>\n","protected":false},"author":1,"featured_media":12263,"comment_status":"open","ping_status":"open","sticky":false,"template":"","format":"standard","meta":{"_jetpack_memberships_contains_paid_content":false,"footnotes":"","jetpack_publicize_message":"","jetpack_publicize_feature_enabled":true,"jetpack_social_post_already_shared":true,"jetpack_social_options":{"image_generator_settings":{"template":"highway","default_image_id":0,"font":"","enabled":false},"version":2}},"categories":[207,26],"tags":[34,109],"class_list":["post-12264","post","type-post","status-publish","format-standard","has-post-thumbnail","hentry","category-ges","category-portada","tag-gobierno-del-estado-de-sinaloa","tag-ruben-rocha-moya"],"yoast_head":"<!-- This site is optimized with the Yoast SEO plugin v27.2 - https:\/\/yoast.com\/product\/yoast-seo-wordpress\/ -->\n<title>Sinaloa ha reducido de manera significativa los delitos: Rocha - \u00c9tica Comunica<\/title>\n<meta name=\"robots\" content=\"index, follow, max-snippet:-1, max-image-preview:large, max-video-preview:-1\" \/>\n<link rel=\"canonical\" href=\"https:\/\/eticacomunica.com.mx\/?p=12264\" \/>\n<meta property=\"og:locale\" content=\"es_MX\" \/>\n<meta property=\"og:type\" content=\"article\" \/>\n<meta property=\"og:title\" content=\"Sinaloa ha reducido de manera significativa los delitos: Rocha - \u00c9tica Comunica\" \/>\n<meta property=\"og:description\" content=\"El mandatario estatal destac\u00f3 que dicha reducci\u00f3n se debe al trabajo en coordinaci\u00f3n con todas las corporaciones de seguridad en el estado y con las mesas de pacificaci\u00f3n. Culiac\u00e1n, Sinaloa,&hellip;\" \/>\n<meta property=\"og:url\" content=\"https:\/\/eticacomunica.com.mx\/?p=12264\" \/>\n<meta property=\"og:site_name\" content=\"\u00c9tica Comunica\" \/>\n<meta property=\"article:publisher\" content=\"https:\/\/www.facebook.com\/eticacomunica\" \/>\n<meta property=\"article:published_time\" content=\"2022-08-16T23:43:03+00:00\" \/>\n<meta property=\"og:image\" content=\"https:\/\/eticacomunica.com.mx\/wp-content\/uploads\/2022\/08\/IMG_20220816_174431.jpg\" \/>\n\t<meta property=\"og:image:width\" content=\"960\" \/>\n\t<meta property=\"og:image:height\" content=\"540\" \/>\n\t<meta property=\"og:image:type\" content=\"image\/jpeg\" \/>\n<meta name=\"author\" content=\"etica\" \/>\n<meta name=\"twitter:card\" content=\"summary_large_image\" \/>\n<meta name=\"twitter:label1\" content=\"Escrito por\" \/>\n\t<meta name=\"twitter:data1\" content=\"etica\" \/>\n\t<meta name=\"twitter:label2\" content=\"Tiempo de lectura\" \/>\n\t<meta name=\"twitter:data2\" content=\"3 minutos\" \/>\n<script type=\"application\/ld+json\" class=\"yoast-schema-graph\">{\"@context\":\"https:\/\/schema.org\",\"@graph\":[{\"@type\":\"Article\",\"@id\":\"https:\/\/eticacomunica.com.mx\/?p=12264#article\",\"isPartOf\":{\"@id\":\"https:\/\/eticacomunica.com.mx\/?p=12264\"},\"author\":{\"name\":\"etica\",\"@id\":\"https:\/\/eticacomunica.com.mx\/#\/schema\/person\/2cacc47bd17fe8ad92f08c0313d22fa6\"},\"headline\":\"Sinaloa ha reducido de manera significativa los delitos: Rocha\",\"datePublished\":\"2022-08-16T23:43:03+00:00\",\"mainEntityOfPage\":{\"@id\":\"https:\/\/eticacomunica.com.mx\/?p=12264\"},\"wordCount\":692,\"commentCount\":0,\"publisher\":{\"@id\":\"https:\/\/eticacomunica.com.mx\/#organization\"},\"image\":{\"@id\":\"https:\/\/eticacomunica.com.mx\/?p=12264#primaryimage\"},\"thumbnailUrl\":\"https:\/\/eticacomunica.com.mx\/wp-content\/uploads\/2022\/08\/IMG_20220816_174431.jpg\",\"keywords\":[\"Gobierno del Estado de Sinaloa\",\"Rub\u00e9n Rocha Moya\"],\"articleSection\":[\"GES\",\"Portada\"],\"inLanguage\":\"es\",\"potentialAction\":[{\"@type\":\"CommentAction\",\"name\":\"Comment\",\"target\":[\"https:\/\/eticacomunica.com.mx\/?p=12264#respond\"]}]},{\"@type\":\"WebPage\",\"@id\":\"https:\/\/eticacomunica.com.mx\/?p=12264\",\"url\":\"https:\/\/eticacomunica.com.mx\/?p=12264\",\"name\":\"Sinaloa ha reducido de manera significativa los delitos: Rocha - \u00c9tica Comunica\",\"isPartOf\":{\"@id\":\"https:\/\/eticacomunica.com.mx\/#website\"},\"primaryImageOfPage\":{\"@id\":\"https:\/\/eticacomunica.com.mx\/?p=12264#primaryimage\"},\"image\":{\"@id\":\"https:\/\/eticacomunica.com.mx\/?p=12264#primaryimage\"},\"thumbnailUrl\":\"https:\/\/eticacomunica.com.mx\/wp-content\/uploads\/2022\/08\/IMG_20220816_174431.jpg\",\"datePublished\":\"2022-08-16T23:43:03+00:00\",\"breadcrumb\":{\"@id\":\"https:\/\/eticacomunica.com.mx\/?p=12264#breadcrumb\"},\"inLanguage\":\"es\",\"potentialAction\":[{\"@type\":\"ReadAction\",\"target\":[\"https:\/\/eticacomunica.com.mx\/?p=12264\"]}]},{\"@type\":\"ImageObject\",\"inLanguage\":\"es\",\"@id\":\"https:\/\/eticacomunica.com.mx\/?p=12264#primaryimage\",\"url\":\"https:\/\/eticacomunica.com.mx\/wp-content\/uploads\/2022\/08\/IMG_20220816_174431.jpg\",\"contentUrl\":\"https:\/\/eticacomunica.com.mx\/wp-content\/uploads\/2022\/08\/IMG_20220816_174431.jpg\",\"width\":960,\"height\":540},{\"@type\":\"BreadcrumbList\",\"@id\":\"https:\/\/eticacomunica.com.mx\/?p=12264#breadcrumb\",\"itemListElement\":[{\"@type\":\"ListItem\",\"position\":1,\"name\":\"Inicio\",\"item\":\"https:\/\/eticacomunica.com.mx\/\"},{\"@type\":\"ListItem\",\"position\":2,\"name\":\"Sinaloa ha reducido de manera significativa los delitos: Rocha\"}]},{\"@type\":\"WebSite\",\"@id\":\"https:\/\/eticacomunica.com.mx\/#website\",\"url\":\"https:\/\/eticacomunica.com.mx\/\",\"name\":\"\u00c9tica Comunica\",\"description\":\"Diario Digital\",\"publisher\":{\"@id\":\"https:\/\/eticacomunica.com.mx\/#organization\"},\"potentialAction\":[{\"@type\":\"SearchAction\",\"target\":{\"@type\":\"EntryPoint\",\"urlTemplate\":\"https:\/\/eticacomunica.com.mx\/?s={search_term_string}\"},\"query-input\":{\"@type\":\"PropertyValueSpecification\",\"valueRequired\":true,\"valueName\":\"search_term_string\"}}],\"inLanguage\":\"es\"},{\"@type\":\"Organization\",\"@id\":\"https:\/\/eticacomunica.com.mx\/#organization\",\"name\":\"Diarios Digitales de Sinaloa\",\"url\":\"https:\/\/eticacomunica.com.mx\/\",\"logo\":{\"@type\":\"ImageObject\",\"inLanguage\":\"es\",\"@id\":\"https:\/\/eticacomunica.com.mx\/#\/schema\/logo\/image\/\",\"url\":\"https:\/\/eticacomunica.com.mx\/wp-content\/uploads\/2023\/10\/etica-logo.png\",\"contentUrl\":\"https:\/\/eticacomunica.com.mx\/wp-content\/uploads\/2023\/10\/etica-logo.png\",\"width\":1280,\"height\":432,\"caption\":\"Diarios Digitales de Sinaloa\"},\"image\":{\"@id\":\"https:\/\/eticacomunica.com.mx\/#\/schema\/logo\/image\/\"},\"sameAs\":[\"https:\/\/www.facebook.com\/eticacomunica\"]},{\"@type\":\"Person\",\"@id\":\"https:\/\/eticacomunica.com.mx\/#\/schema\/person\/2cacc47bd17fe8ad92f08c0313d22fa6\",\"name\":\"etica\",\"image\":{\"@type\":\"ImageObject\",\"inLanguage\":\"es\",\"@id\":\"https:\/\/secure.gravatar.com\/avatar\/dfb45d32bc7097f8f06d6e4f6e6b387e7cb8fd5b3a2869265c40587ab62cab1e?s=96&d=mm&r=g\",\"url\":\"https:\/\/secure.gravatar.com\/avatar\/dfb45d32bc7097f8f06d6e4f6e6b387e7cb8fd5b3a2869265c40587ab62cab1e?s=96&d=mm&r=g\",\"contentUrl\":\"https:\/\/secure.gravatar.com\/avatar\/dfb45d32bc7097f8f06d6e4f6e6b387e7cb8fd5b3a2869265c40587ab62cab1e?s=96&d=mm&r=g\",\"caption\":\"etica\"},\"sameAs\":[\"https:\/\/eticacomunica.com.mx\"],\"url\":\"https:\/\/eticacomunica.com.mx\/?author=1\"}]}<\/script>\n<!-- \/ Yoast SEO plugin. -->","yoast_head_json":{"title":"Sinaloa ha reducido de manera significativa los delitos: Rocha - \u00c9tica Comunica","robots":{"index":"index","follow":"follow","max-snippet":"max-snippet:-1","max-image-preview":"max-image-preview:large","max-video-preview":"max-video-preview:-1"},"canonical":"https:\/\/eticacomunica.com.mx\/?p=12264","og_locale":"es_MX","og_type":"article","og_title":"Sinaloa ha reducido de manera significativa los delitos: Rocha - \u00c9tica Comunica","og_description":"El mandatario estatal destac\u00f3 que dicha reducci\u00f3n se debe al trabajo en coordinaci\u00f3n con todas las corporaciones de seguridad en el estado y con las mesas de pacificaci\u00f3n. Culiac\u00e1n, Sinaloa,&hellip;","og_url":"https:\/\/eticacomunica.com.mx\/?p=12264","og_site_name":"\u00c9tica Comunica","article_publisher":"https:\/\/www.facebook.com\/eticacomunica","article_published_time":"2022-08-16T23:43:03+00:00","og_image":[{"width":960,"height":540,"url":"https:\/\/eticacomunica.com.mx\/wp-content\/uploads\/2022\/08\/IMG_20220816_174431.jpg","type":"image\/jpeg"}],"author":"etica","twitter_card":"summary_large_image","twitter_misc":{"Escrito por":"etica","Tiempo de lectura":"3 minutos"},"schema":{"@context":"https:\/\/schema.org","@graph":[{"@type":"Article","@id":"https:\/\/eticacomunica.com.mx\/?p=12264#article","isPartOf":{"@id":"https:\/\/eticacomunica.com.mx\/?p=12264"},"author":{"name":"etica","@id":"https:\/\/eticacomunica.com.mx\/#\/schema\/person\/2cacc47bd17fe8ad92f08c0313d22fa6"},"headline":"Sinaloa ha reducido de manera significativa los delitos: Rocha","datePublished":"2022-08-16T23:43:03+00:00","mainEntityOfPage":{"@id":"https:\/\/eticacomunica.com.mx\/?p=12264"},"wordCount":692,"commentCount":0,"publisher":{"@id":"https:\/\/eticacomunica.com.mx\/#organization"},"image":{"@id":"https:\/\/eticacomunica.com.mx\/?p=12264#primaryimage"},"thumbnailUrl":"https:\/\/eticacomunica.com.mx\/wp-content\/uploads\/2022\/08\/IMG_20220816_174431.jpg","keywords":["Gobierno del Estado de Sinaloa","Rub\u00e9n Rocha Moya"],"articleSection":["GES","Portada"],"inLanguage":"es","potentialAction":[{"@type":"CommentAction","name":"Comment","target":["https:\/\/eticacomunica.com.mx\/?p=12264#respond"]}]},{"@type":"WebPage","@id":"https:\/\/eticacomunica.com.mx\/?p=12264","url":"https:\/\/eticacomunica.com.mx\/?p=12264","name":"Sinaloa ha reducido de manera significativa los delitos: Rocha - \u00c9tica Comunica","isPartOf":{"@id":"https:\/\/eticacomunica.com.mx\/#website"},"primaryImageOfPage":{"@id":"https:\/\/eticacomunica.com.mx\/?p=12264#primaryimage"},"image":{"@id":"https:\/\/eticacomunica.com.mx\/?p=12264#primaryimage"},"thumbnailUrl":"https:\/\/eticacomunica.com.mx\/wp-content\/uploads\/2022\/08\/IMG_20220816_174431.jpg","datePublished":"2022-08-16T23:43:03+00:00","breadcrumb":{"@id":"https:\/\/eticacomunica.com.mx\/?p=12264#breadcrumb"},"inLanguage":"es","potentialAction":[{"@type":"ReadAction","target":["https:\/\/eticacomunica.com.mx\/?p=12264"]}]},{"@type":"ImageObject","inLanguage":"es","@id":"https:\/\/eticacomunica.com.mx\/?p=12264#primaryimage","url":"https:\/\/eticacomunica.com.mx\/wp-content\/uploads\/2022\/08\/IMG_20220816_174431.jpg","contentUrl":"https:\/\/eticacomunica.com.mx\/wp-content\/uploads\/2022\/08\/IMG_20220816_174431.jpg","width":960,"height":540},{"@type":"BreadcrumbList","@id":"https:\/\/eticacomunica.com.mx\/?p=12264#breadcrumb","itemListElement":[{"@type":"ListItem","position":1,"name":"Inicio","item":"https:\/\/eticacomunica.com.mx\/"},{"@type":"ListItem","position":2,"name":"Sinaloa ha reducido de manera significativa los delitos: Rocha"}]},{"@type":"WebSite","@id":"https:\/\/eticacomunica.com.mx\/#website","url":"https:\/\/eticacomunica.com.mx\/","name":"\u00c9tica Comunica","description":"Diario Digital","publisher":{"@id":"https:\/\/eticacomunica.com.mx\/#organization"},"potentialAction":[{"@type":"SearchAction","target":{"@type":"EntryPoint","urlTemplate":"https:\/\/eticacomunica.com.mx\/?s={search_term_string}"},"query-input":{"@type":"PropertyValueSpecification","valueRequired":true,"valueName":"search_term_string"}}],"inLanguage":"es"},{"@type":"Organization","@id":"https:\/\/eticacomunica.com.mx\/#organization","name":"Diarios Digitales de Sinaloa","url":"https:\/\/eticacomunica.com.mx\/","logo":{"@type":"ImageObject","inLanguage":"es","@id":"https:\/\/eticacomunica.com.mx\/#\/schema\/logo\/image\/","url":"https:\/\/eticacomunica.com.mx\/wp-content\/uploads\/2023\/10\/etica-logo.png","contentUrl":"https:\/\/eticacomunica.com.mx\/wp-content\/uploads\/2023\/10\/etica-logo.png","width":1280,"height":432,"caption":"Diarios Digitales de Sinaloa"},"image":{"@id":"https:\/\/eticacomunica.com.mx\/#\/schema\/logo\/image\/"},"sameAs":["https:\/\/www.facebook.com\/eticacomunica"]},{"@type":"Person","@id":"https:\/\/eticacomunica.com.mx\/#\/schema\/person\/2cacc47bd17fe8ad92f08c0313d22fa6","name":"etica","image":{"@type":"ImageObject","inLanguage":"es","@id":"https:\/\/secure.gravatar.com\/avatar\/dfb45d32bc7097f8f06d6e4f6e6b387e7cb8fd5b3a2869265c40587ab62cab1e?s=96&d=mm&r=g","url":"https:\/\/secure.gravatar.com\/avatar\/dfb45d32bc7097f8f06d6e4f6e6b387e7cb8fd5b3a2869265c40587ab62cab1e?s=96&d=mm&r=g","contentUrl":"https:\/\/secure.gravatar.com\/avatar\/dfb45d32bc7097f8f06d6e4f6e6b387e7cb8fd5b3a2869265c40587ab62cab1e?s=96&d=mm&r=g","caption":"etica"},"sameAs":["https:\/\/eticacomunica.com.mx"],"url":"https:\/\/eticacomunica.com.mx\/?author=1"}]}},"jetpack_publicize_connections":[],"jetpack_featured_media_url":"https:\/\/eticacomunica.com.mx\/wp-content\/uploads\/2022\/08\/IMG_20220816_174431.jpg","jetpack_sharing_enabled":true,"_links":{"self":[{"href":"https:\/\/eticacomunica.com.mx\/index.php?rest_route=\/wp\/v2\/posts\/12264","targetHints":{"allow":["GET"]}}],"collection":[{"href":"https:\/\/eticacomunica.com.mx\/index.php?rest_route=\/wp\/v2\/posts"}],"about":[{"href":"https:\/\/eticacomunica.com.mx\/index.php?rest_route=\/wp\/v2\/types\/post"}],"author":[{"embeddable":true,"href":"https:\/\/eticacomunica.com.mx\/index.php?rest_route=\/wp\/v2\/users\/1"}],"replies":[{"embeddable":true,"href":"https:\/\/eticacomunica.com.mx\/index.php?rest_route=%2Fwp%2Fv2%2Fcomments&post=12264"}],"version-history":[{"count":0,"href":"https:\/\/eticacomunica.com.mx\/index.php?rest_route=\/wp\/v2\/posts\/12264\/revisions"}],"wp:featuredmedia":[{"embeddable":true,"href":"https:\/\/eticacomunica.com.mx\/index.php?rest_route=\/wp\/v2\/media\/12263"}],"wp:attachment":[{"href":"https:\/\/eticacomunica.com.mx\/index.php?rest_route=%2Fwp%2Fv2%2Fmedia&parent=12264"}],"wp:term":[{"taxonomy":"category","embeddable":true,"href":"https:\/\/eticacomunica.com.mx\/index.php?rest_route=%2Fwp%2Fv2%2Fcategories&post=12264"},{"taxonomy":"post_tag","embeddable":true,"href":"https:\/\/eticacomunica.com.mx\/index.php?rest_route=%2Fwp%2Fv2%2Ftags&post=12264"}],"curies":[{"name":"wp","href":"https:\/\/api.w.org\/{rel}","templated":true}]}}