{"id":12269,"date":"2022-08-16T17:49:11","date_gmt":"2022-08-16T23:49:11","guid":{"rendered":"https:\/\/eticacomunica.com.mx\/?p=12269"},"modified":"2022-08-16T17:49:11","modified_gmt":"2022-08-16T23:49:11","slug":"nuestro-gobierno-impulsa-la-cultura-de-la-transparencia-rocha","status":"publish","type":"post","link":"https:\/\/eticacomunica.com.mx\/?p=12269","title":{"rendered":"Nuestro gobierno impulsa la cultura de la transparencia: Rocha"},"content":{"rendered":"\n<p>El mandatario estatal invit\u00f3 a todos los Ayuntamientos a realizar tambi\u00e9n un manejo eficiente y transparente de los recursos p\u00fablicos.<br><br>Culiac\u00e1n, Sinaloa, 16 de agosto de 2022.- Al recibir al auditor especial del Gasto Federalizado de la Auditor\u00eda Superior de la Federaci\u00f3n, Emilio Barriga Delgado, el gobernador Rub\u00e9n Rocha Moya dijo que los gobiernos de la Cuarta Transformaci\u00f3n, como el del presidente Andr\u00e9s Manuel L\u00f3pez Obrador y el suyo aqu\u00ed en Sinaloa, est\u00e1n impulsando la cultura de la transparencia y el combate a la corrupci\u00f3n en el manejo de los recursos p\u00fablicos y apegados a una estricta disciplina financiera.<br><br>El mandatario estatal recibi\u00f3 en Palacio de Gobierno al funcionario de la ASF, para dar inicio al paquete de Auditor\u00edas Colmena, mediante las cuales la Auditor\u00eda Superior de la Federaci\u00f3n fiscalizar\u00e1 el gasto federalizado de la cuenta p\u00fablica 2021 en 13 municipios de Sinaloa.<br><br>Durante su mensaje a los presidentes municipales convocados y a sus representantes reunidos en el Auditorio de Palacio de Gobierno, el gobernador Rocha los exhort\u00f3 a ser transparentes en el manejo de estos recursos federales y a hacer las cosas bien para no tener problemas posteriores en las auditor\u00edas, como observaciones o conflictos de inter\u00e9s en las licitaciones.<br><br>\u201cEs muy importante esto, porque en los gobiernos de la 4T estamos impulsando la cultura de la transparencia, el combate a la corrupci\u00f3n; est\u00e1 demostrad\u00edsimo que alcanza el dinero si no se hace mal uso de \u00e9l, si tienes disciplina financiera\u201d, precis\u00f3.<br><br>Destac\u00f3 que su gobierno tambi\u00e9n est\u00e1 sujeto a las mismas revisiones, a las cuales se refiri\u00f3 en su mensaje de bienvenida la secretaria de Transparencia y Rendici\u00f3n de Cuentas, Mar\u00eda Guadalupe Ram\u00edrez Zepeda, al informar que las primeras tres auditor\u00edas ya cumplieron su etapa de fiscalizaci\u00f3n con resultados positivos.<br><br>\u201cYo los invito a todas, a todos, a que hagamos las cosas bien, ay\u00fadenles a sus presidentes, a sus presidentas\u201d, les dijo a los funcionarios municipales de las \u00e1reas de Transparencia que acudieron a esta reuni\u00f3n de trabajo, que cont\u00f3 con la presencia de las alcaldesas de Escuinapa y Navolato, y del alcalde Sinaloa municipio.<br><br><br>En su exposici\u00f3n, el  auditor especial del Gasto Federalizado de la Auditor\u00eda Superior de la Federaci\u00f3n, Emilio Barriga Delgado, explic\u00f3 que anteriormente la ASF hac\u00eda un sorteo para escoger una peque\u00f1a muestra de municipios a auditar, que era de 240 Ayuntamientos, pero en este a\u00f1o, ese n\u00famero se increment\u00f3 a 616 municipios, cantidad que representa alrededor del 25 por ciento del total de municipios que hay en el pa\u00eds.<br><br>En el caso de Sinaloa, solamente se auditaban cuatro municipios, y en esta ocasi\u00f3n, ser\u00e1n 13 Ayuntamientos a los que se les revisar\u00e1 la aplicaci\u00f3n de su gasto federalizado, y adelant\u00f3 que para el pr\u00f3ximo a\u00f1o ser\u00e1n los 18 municipios, es decir, el 100 por ciento del total de Ayuntamientos.<br><br>\u201cYa se acab\u00f3 ese modelo donde la Auditor\u00eda Superior de la Federaci\u00f3n seleccionaba un n\u00famero peque\u00f1ito de municipios y dec\u00edamos: ah bueno, no sal\u00ed sorteado en este a\u00f1o, pues me quedo con la tranquilidad de que no pas\u00f3 nada y espero si me toca sorteo el pr\u00f3ximo a\u00f1o. Esto ya no va a ser as\u00ed, la Auditor\u00eda Superior de la Federaci\u00f3n ya lleg\u00f3 para quedarse, y no solamente con estos 13 municipios, sino que el a\u00f1o que entra tendremos esta cobertura de manera universal en el estado de Sinaloa, y as\u00ed iremos sumando al resto de los estados\u201d, se\u00f1al\u00f3.<br><br>En su mensaje de bienvenida, la secretaria de Transparencia, Ram\u00edrez Zepeda, destac\u00f3 que la instrucci\u00f3n del gobernador Rocha es ejercer el recurso p\u00fablico con total transparencia y adoptando mecanismos que consolidan la rendici\u00f3n de cuentas.<br><br>Inform\u00f3 que en el programa anual de auditor\u00edas para la fiscalizaci\u00f3n superior de la cuenta p\u00fablica 2021, la ASF program\u00f3 21 auditor\u00edas al Gobierno del Estado, seis de ellas por medios electr\u00f3nicos y 15 de manera presencial.<br><br>Como parte de la primera etapa de fiscalizaci\u00f3n, ya se concluyeron las primeras tres auditor\u00edas, la 1625, con t\u00edtulo Fondo de Aportaciones M\u00faltiples; la 1627, con t\u00edtulo Fondo de Aportaciones para la Educaci\u00f3n Tecnol\u00f3gica y de Adultos; y la 1629, con t\u00edtulo Fondo de Aportaciones para la Seguridad P\u00fablica de los Estados y del Distrito Federal.<br><br>\u201cPor lo anterior se concluye que de acuerdo con los resultados publicados en los informes del 30 de junio de este a\u00f1o, tres auditor\u00edas han cumplido la primera etapa de fiscalizaci\u00f3n con resultados positivos, de ah\u00ed que los trabajos de fiscalizaci\u00f3n que hoy nos ocupan en los municipios que no hab\u00edan sido revisados en cuanto a las participaciones federales, consolida el principio de rendici\u00f3n de cuentas y el ejercicio de una gesti\u00f3n p\u00fablica responsable, como lo demanda la transformaci\u00f3n del estado que encabeza el doctor Rub\u00e9n Rocha Moya\u201d, concluy\u00f3.<\/p>\n\n\n\n<figure class=\"wp-block-gallery columns-3 is-cropped wp-block-gallery-1 is-layout-flex wp-block-gallery-is-layout-flex\"><ul class=\"blocks-gallery-grid\"><li class=\"blocks-gallery-item\"><figure><img loading=\"lazy\" decoding=\"async\" width=\"1024\" height=\"682\" src=\"https:\/\/eticacomunica.com.mx\/wp-content\/uploads\/2022\/08\/IMG-20220816-WA0048-1024x682.jpg\" alt=\"\" data-id=\"12265\" class=\"wp-image-12265\" srcset=\"https:\/\/eticacomunica.com.mx\/wp-content\/uploads\/2022\/08\/IMG-20220816-WA0048-1024x682.jpg 1024w, https:\/\/eticacomunica.com.mx\/wp-content\/uploads\/2022\/08\/IMG-20220816-WA0048-300x200.jpg 300w, https:\/\/eticacomunica.com.mx\/wp-content\/uploads\/2022\/08\/IMG-20220816-WA0048-768x511.jpg 768w, https:\/\/eticacomunica.com.mx\/wp-content\/uploads\/2022\/08\/IMG-20220816-WA0048-1170x779.jpg 1170w, https:\/\/eticacomunica.com.mx\/wp-content\/uploads\/2022\/08\/IMG-20220816-WA0048-585x389.jpg 585w, https:\/\/eticacomunica.com.mx\/wp-content\/uploads\/2022\/08\/IMG-20220816-WA0048-263x175.jpg 263w, https:\/\/eticacomunica.com.mx\/wp-content\/uploads\/2022\/08\/IMG-20220816-WA0048.jpg 1280w\" sizes=\"auto, (max-width: 1024px) 100vw, 1024px\" \/><\/figure><\/li><li class=\"blocks-gallery-item\"><figure><img loading=\"lazy\" decoding=\"async\" width=\"1024\" height=\"682\" src=\"https:\/\/eticacomunica.com.mx\/wp-content\/uploads\/2022\/08\/IMG-20220816-WA0045-1024x682.jpg\" alt=\"\" data-id=\"12266\" class=\"wp-image-12266\" srcset=\"https:\/\/eticacomunica.com.mx\/wp-content\/uploads\/2022\/08\/IMG-20220816-WA0045-1024x682.jpg 1024w, https:\/\/eticacomunica.com.mx\/wp-content\/uploads\/2022\/08\/IMG-20220816-WA0045-300x200.jpg 300w, https:\/\/eticacomunica.com.mx\/wp-content\/uploads\/2022\/08\/IMG-20220816-WA0045-768x511.jpg 768w, https:\/\/eticacomunica.com.mx\/wp-content\/uploads\/2022\/08\/IMG-20220816-WA0045-1170x779.jpg 1170w, https:\/\/eticacomunica.com.mx\/wp-content\/uploads\/2022\/08\/IMG-20220816-WA0045-585x389.jpg 585w, https:\/\/eticacomunica.com.mx\/wp-content\/uploads\/2022\/08\/IMG-20220816-WA0045-263x175.jpg 263w, https:\/\/eticacomunica.com.mx\/wp-content\/uploads\/2022\/08\/IMG-20220816-WA0045.jpg 1280w\" sizes=\"auto, (max-width: 1024px) 100vw, 1024px\" \/><\/figure><\/li><li class=\"blocks-gallery-item\"><figure><img loading=\"lazy\" decoding=\"async\" width=\"1024\" height=\"682\" src=\"https:\/\/eticacomunica.com.mx\/wp-content\/uploads\/2022\/08\/IMG-20220816-WA0057-1024x682.jpg\" alt=\"\" data-id=\"12267\" class=\"wp-image-12267\" srcset=\"https:\/\/eticacomunica.com.mx\/wp-content\/uploads\/2022\/08\/IMG-20220816-WA0057-1024x682.jpg 1024w, https:\/\/eticacomunica.com.mx\/wp-content\/uploads\/2022\/08\/IMG-20220816-WA0057-300x200.jpg 300w, https:\/\/eticacomunica.com.mx\/wp-content\/uploads\/2022\/08\/IMG-20220816-WA0057-768x511.jpg 768w, https:\/\/eticacomunica.com.mx\/wp-content\/uploads\/2022\/08\/IMG-20220816-WA0057-1170x779.jpg 1170w, https:\/\/eticacomunica.com.mx\/wp-content\/uploads\/2022\/08\/IMG-20220816-WA0057-585x389.jpg 585w, https:\/\/eticacomunica.com.mx\/wp-content\/uploads\/2022\/08\/IMG-20220816-WA0057-263x175.jpg 263w, https:\/\/eticacomunica.com.mx\/wp-content\/uploads\/2022\/08\/IMG-20220816-WA0057.jpg 1280w\" sizes=\"auto, (max-width: 1024px) 100vw, 1024px\" \/><\/figure><\/li><\/ul><\/figure>\n","protected":false},"excerpt":{"rendered":"<p>El mandatario estatal invit\u00f3 a todos los Ayuntamientos a realizar tambi\u00e9n un manejo eficiente y transparente de los recursos p\u00fablicos. Culiac\u00e1n, Sinaloa, 16 de agosto de 2022.- Al recibir al&hellip;<\/p>\n","protected":false},"author":1,"featured_media":12268,"comment_status":"open","ping_status":"open","sticky":false,"template":"","format":"standard","meta":{"_jetpack_memberships_contains_paid_content":false,"footnotes":"","jetpack_publicize_message":"","jetpack_publicize_feature_enabled":true,"jetpack_social_post_already_shared":true,"jetpack_social_options":{"image_generator_settings":{"template":"highway","default_image_id":0,"font":"","enabled":false},"version":2}},"categories":[207,26],"tags":[34,109],"class_list":["post-12269","post","type-post","status-publish","format-standard","has-post-thumbnail","hentry","category-ges","category-portada","tag-gobierno-del-estado-de-sinaloa","tag-ruben-rocha-moya"],"yoast_head":"<!-- This site is optimized with the Yoast SEO plugin v27.2 - https:\/\/yoast.com\/product\/yoast-seo-wordpress\/ -->\n<title>Nuestro gobierno impulsa la cultura de la transparencia: Rocha - \u00c9tica Comunica<\/title>\n<meta name=\"robots\" content=\"index, follow, max-snippet:-1, max-image-preview:large, max-video-preview:-1\" \/>\n<link rel=\"canonical\" href=\"https:\/\/eticacomunica.com.mx\/?p=12269\" \/>\n<meta property=\"og:locale\" content=\"es_MX\" \/>\n<meta property=\"og:type\" content=\"article\" \/>\n<meta property=\"og:title\" content=\"Nuestro gobierno impulsa la cultura de la transparencia: Rocha - \u00c9tica Comunica\" \/>\n<meta property=\"og:description\" content=\"El mandatario estatal invit\u00f3 a todos los Ayuntamientos a realizar tambi\u00e9n un manejo eficiente y transparente de los recursos p\u00fablicos. Culiac\u00e1n, Sinaloa, 16 de agosto de 2022.- Al recibir al&hellip;\" \/>\n<meta property=\"og:url\" content=\"https:\/\/eticacomunica.com.mx\/?p=12269\" \/>\n<meta property=\"og:site_name\" content=\"\u00c9tica Comunica\" \/>\n<meta property=\"article:publisher\" content=\"https:\/\/www.facebook.com\/eticacomunica\" \/>\n<meta property=\"article:published_time\" content=\"2022-08-16T23:49:11+00:00\" \/>\n<meta property=\"og:image\" content=\"https:\/\/eticacomunica.com.mx\/wp-content\/uploads\/2022\/08\/IMG-20220816-WA0044.jpg\" \/>\n\t<meta property=\"og:image:width\" content=\"1280\" \/>\n\t<meta property=\"og:image:height\" content=\"852\" \/>\n\t<meta property=\"og:image:type\" content=\"image\/jpeg\" \/>\n<meta name=\"author\" content=\"etica\" \/>\n<meta name=\"twitter:card\" content=\"summary_large_image\" \/>\n<meta name=\"twitter:label1\" content=\"Escrito por\" \/>\n\t<meta name=\"twitter:data1\" content=\"etica\" \/>\n\t<meta name=\"twitter:label2\" content=\"Tiempo de lectura\" \/>\n\t<meta name=\"twitter:data2\" content=\"4 minutos\" \/>\n<script type=\"application\/ld+json\" class=\"yoast-schema-graph\">{\"@context\":\"https:\/\/schema.org\",\"@graph\":[{\"@type\":\"Article\",\"@id\":\"https:\/\/eticacomunica.com.mx\/?p=12269#article\",\"isPartOf\":{\"@id\":\"https:\/\/eticacomunica.com.mx\/?p=12269\"},\"author\":{\"name\":\"etica\",\"@id\":\"https:\/\/eticacomunica.com.mx\/#\/schema\/person\/2cacc47bd17fe8ad92f08c0313d22fa6\"},\"headline\":\"Nuestro gobierno impulsa la cultura de la transparencia: Rocha\",\"datePublished\":\"2022-08-16T23:49:11+00:00\",\"mainEntityOfPage\":{\"@id\":\"https:\/\/eticacomunica.com.mx\/?p=12269\"},\"wordCount\":856,\"commentCount\":0,\"publisher\":{\"@id\":\"https:\/\/eticacomunica.com.mx\/#organization\"},\"image\":{\"@id\":\"https:\/\/eticacomunica.com.mx\/?p=12269#primaryimage\"},\"thumbnailUrl\":\"https:\/\/eticacomunica.com.mx\/wp-content\/uploads\/2022\/08\/IMG-20220816-WA0044.jpg\",\"keywords\":[\"Gobierno del Estado de Sinaloa\",\"Rub\u00e9n Rocha Moya\"],\"articleSection\":[\"GES\",\"Portada\"],\"inLanguage\":\"es\",\"potentialAction\":[{\"@type\":\"CommentAction\",\"name\":\"Comment\",\"target\":[\"https:\/\/eticacomunica.com.mx\/?p=12269#respond\"]}]},{\"@type\":\"WebPage\",\"@id\":\"https:\/\/eticacomunica.com.mx\/?p=12269\",\"url\":\"https:\/\/eticacomunica.com.mx\/?p=12269\",\"name\":\"Nuestro gobierno impulsa la cultura de la transparencia: Rocha - \u00c9tica Comunica\",\"isPartOf\":{\"@id\":\"https:\/\/eticacomunica.com.mx\/#website\"},\"primaryImageOfPage\":{\"@id\":\"https:\/\/eticacomunica.com.mx\/?p=12269#primaryimage\"},\"image\":{\"@id\":\"https:\/\/eticacomunica.com.mx\/?p=12269#primaryimage\"},\"thumbnailUrl\":\"https:\/\/eticacomunica.com.mx\/wp-content\/uploads\/2022\/08\/IMG-20220816-WA0044.jpg\",\"datePublished\":\"2022-08-16T23:49:11+00:00\",\"breadcrumb\":{\"@id\":\"https:\/\/eticacomunica.com.mx\/?p=12269#breadcrumb\"},\"inLanguage\":\"es\",\"potentialAction\":[{\"@type\":\"ReadAction\",\"target\":[\"https:\/\/eticacomunica.com.mx\/?p=12269\"]}]},{\"@type\":\"ImageObject\",\"inLanguage\":\"es\",\"@id\":\"https:\/\/eticacomunica.com.mx\/?p=12269#primaryimage\",\"url\":\"https:\/\/eticacomunica.com.mx\/wp-content\/uploads\/2022\/08\/IMG-20220816-WA0044.jpg\",\"contentUrl\":\"https:\/\/eticacomunica.com.mx\/wp-content\/uploads\/2022\/08\/IMG-20220816-WA0044.jpg\",\"width\":1280,\"height\":852},{\"@type\":\"BreadcrumbList\",\"@id\":\"https:\/\/eticacomunica.com.mx\/?p=12269#breadcrumb\",\"itemListElement\":[{\"@type\":\"ListItem\",\"position\":1,\"name\":\"Inicio\",\"item\":\"https:\/\/eticacomunica.com.mx\/\"},{\"@type\":\"ListItem\",\"position\":2,\"name\":\"Nuestro gobierno impulsa la cultura de la transparencia: Rocha\"}]},{\"@type\":\"WebSite\",\"@id\":\"https:\/\/eticacomunica.com.mx\/#website\",\"url\":\"https:\/\/eticacomunica.com.mx\/\",\"name\":\"\u00c9tica Comunica\",\"description\":\"Diario Digital\",\"publisher\":{\"@id\":\"https:\/\/eticacomunica.com.mx\/#organization\"},\"potentialAction\":[{\"@type\":\"SearchAction\",\"target\":{\"@type\":\"EntryPoint\",\"urlTemplate\":\"https:\/\/eticacomunica.com.mx\/?s={search_term_string}\"},\"query-input\":{\"@type\":\"PropertyValueSpecification\",\"valueRequired\":true,\"valueName\":\"search_term_string\"}}],\"inLanguage\":\"es\"},{\"@type\":\"Organization\",\"@id\":\"https:\/\/eticacomunica.com.mx\/#organization\",\"name\":\"Diarios Digitales de Sinaloa\",\"url\":\"https:\/\/eticacomunica.com.mx\/\",\"logo\":{\"@type\":\"ImageObject\",\"inLanguage\":\"es\",\"@id\":\"https:\/\/eticacomunica.com.mx\/#\/schema\/logo\/image\/\",\"url\":\"https:\/\/eticacomunica.com.mx\/wp-content\/uploads\/2023\/10\/etica-logo.png\",\"contentUrl\":\"https:\/\/eticacomunica.com.mx\/wp-content\/uploads\/2023\/10\/etica-logo.png\",\"width\":1280,\"height\":432,\"caption\":\"Diarios Digitales de Sinaloa\"},\"image\":{\"@id\":\"https:\/\/eticacomunica.com.mx\/#\/schema\/logo\/image\/\"},\"sameAs\":[\"https:\/\/www.facebook.com\/eticacomunica\"]},{\"@type\":\"Person\",\"@id\":\"https:\/\/eticacomunica.com.mx\/#\/schema\/person\/2cacc47bd17fe8ad92f08c0313d22fa6\",\"name\":\"etica\",\"image\":{\"@type\":\"ImageObject\",\"inLanguage\":\"es\",\"@id\":\"https:\/\/secure.gravatar.com\/avatar\/dfb45d32bc7097f8f06d6e4f6e6b387e7cb8fd5b3a2869265c40587ab62cab1e?s=96&d=mm&r=g\",\"url\":\"https:\/\/secure.gravatar.com\/avatar\/dfb45d32bc7097f8f06d6e4f6e6b387e7cb8fd5b3a2869265c40587ab62cab1e?s=96&d=mm&r=g\",\"contentUrl\":\"https:\/\/secure.gravatar.com\/avatar\/dfb45d32bc7097f8f06d6e4f6e6b387e7cb8fd5b3a2869265c40587ab62cab1e?s=96&d=mm&r=g\",\"caption\":\"etica\"},\"sameAs\":[\"https:\/\/eticacomunica.com.mx\"],\"url\":\"https:\/\/eticacomunica.com.mx\/?author=1\"}]}<\/script>\n<!-- \/ Yoast SEO plugin. -->","yoast_head_json":{"title":"Nuestro gobierno impulsa la cultura de la transparencia: Rocha - \u00c9tica Comunica","robots":{"index":"index","follow":"follow","max-snippet":"max-snippet:-1","max-image-preview":"max-image-preview:large","max-video-preview":"max-video-preview:-1"},"canonical":"https:\/\/eticacomunica.com.mx\/?p=12269","og_locale":"es_MX","og_type":"article","og_title":"Nuestro gobierno impulsa la cultura de la transparencia: Rocha - \u00c9tica Comunica","og_description":"El mandatario estatal invit\u00f3 a todos los Ayuntamientos a realizar tambi\u00e9n un manejo eficiente y transparente de los recursos p\u00fablicos. Culiac\u00e1n, Sinaloa, 16 de agosto de 2022.- Al recibir al&hellip;","og_url":"https:\/\/eticacomunica.com.mx\/?p=12269","og_site_name":"\u00c9tica Comunica","article_publisher":"https:\/\/www.facebook.com\/eticacomunica","article_published_time":"2022-08-16T23:49:11+00:00","og_image":[{"width":1280,"height":852,"url":"https:\/\/eticacomunica.com.mx\/wp-content\/uploads\/2022\/08\/IMG-20220816-WA0044.jpg","type":"image\/jpeg"}],"author":"etica","twitter_card":"summary_large_image","twitter_misc":{"Escrito por":"etica","Tiempo de lectura":"4 minutos"},"schema":{"@context":"https:\/\/schema.org","@graph":[{"@type":"Article","@id":"https:\/\/eticacomunica.com.mx\/?p=12269#article","isPartOf":{"@id":"https:\/\/eticacomunica.com.mx\/?p=12269"},"author":{"name":"etica","@id":"https:\/\/eticacomunica.com.mx\/#\/schema\/person\/2cacc47bd17fe8ad92f08c0313d22fa6"},"headline":"Nuestro gobierno impulsa la cultura de la transparencia: Rocha","datePublished":"2022-08-16T23:49:11+00:00","mainEntityOfPage":{"@id":"https:\/\/eticacomunica.com.mx\/?p=12269"},"wordCount":856,"commentCount":0,"publisher":{"@id":"https:\/\/eticacomunica.com.mx\/#organization"},"image":{"@id":"https:\/\/eticacomunica.com.mx\/?p=12269#primaryimage"},"thumbnailUrl":"https:\/\/eticacomunica.com.mx\/wp-content\/uploads\/2022\/08\/IMG-20220816-WA0044.jpg","keywords":["Gobierno del Estado de Sinaloa","Rub\u00e9n Rocha Moya"],"articleSection":["GES","Portada"],"inLanguage":"es","potentialAction":[{"@type":"CommentAction","name":"Comment","target":["https:\/\/eticacomunica.com.mx\/?p=12269#respond"]}]},{"@type":"WebPage","@id":"https:\/\/eticacomunica.com.mx\/?p=12269","url":"https:\/\/eticacomunica.com.mx\/?p=12269","name":"Nuestro gobierno impulsa la cultura de la transparencia: Rocha - \u00c9tica Comunica","isPartOf":{"@id":"https:\/\/eticacomunica.com.mx\/#website"},"primaryImageOfPage":{"@id":"https:\/\/eticacomunica.com.mx\/?p=12269#primaryimage"},"image":{"@id":"https:\/\/eticacomunica.com.mx\/?p=12269#primaryimage"},"thumbnailUrl":"https:\/\/eticacomunica.com.mx\/wp-content\/uploads\/2022\/08\/IMG-20220816-WA0044.jpg","datePublished":"2022-08-16T23:49:11+00:00","breadcrumb":{"@id":"https:\/\/eticacomunica.com.mx\/?p=12269#breadcrumb"},"inLanguage":"es","potentialAction":[{"@type":"ReadAction","target":["https:\/\/eticacomunica.com.mx\/?p=12269"]}]},{"@type":"ImageObject","inLanguage":"es","@id":"https:\/\/eticacomunica.com.mx\/?p=12269#primaryimage","url":"https:\/\/eticacomunica.com.mx\/wp-content\/uploads\/2022\/08\/IMG-20220816-WA0044.jpg","contentUrl":"https:\/\/eticacomunica.com.mx\/wp-content\/uploads\/2022\/08\/IMG-20220816-WA0044.jpg","width":1280,"height":852},{"@type":"BreadcrumbList","@id":"https:\/\/eticacomunica.com.mx\/?p=12269#breadcrumb","itemListElement":[{"@type":"ListItem","position":1,"name":"Inicio","item":"https:\/\/eticacomunica.com.mx\/"},{"@type":"ListItem","position":2,"name":"Nuestro gobierno impulsa la cultura de la transparencia: Rocha"}]},{"@type":"WebSite","@id":"https:\/\/eticacomunica.com.mx\/#website","url":"https:\/\/eticacomunica.com.mx\/","name":"\u00c9tica Comunica","description":"Diario Digital","publisher":{"@id":"https:\/\/eticacomunica.com.mx\/#organization"},"potentialAction":[{"@type":"SearchAction","target":{"@type":"EntryPoint","urlTemplate":"https:\/\/eticacomunica.com.mx\/?s={search_term_string}"},"query-input":{"@type":"PropertyValueSpecification","valueRequired":true,"valueName":"search_term_string"}}],"inLanguage":"es"},{"@type":"Organization","@id":"https:\/\/eticacomunica.com.mx\/#organization","name":"Diarios Digitales de Sinaloa","url":"https:\/\/eticacomunica.com.mx\/","logo":{"@type":"ImageObject","inLanguage":"es","@id":"https:\/\/eticacomunica.com.mx\/#\/schema\/logo\/image\/","url":"https:\/\/eticacomunica.com.mx\/wp-content\/uploads\/2023\/10\/etica-logo.png","contentUrl":"https:\/\/eticacomunica.com.mx\/wp-content\/uploads\/2023\/10\/etica-logo.png","width":1280,"height":432,"caption":"Diarios Digitales de Sinaloa"},"image":{"@id":"https:\/\/eticacomunica.com.mx\/#\/schema\/logo\/image\/"},"sameAs":["https:\/\/www.facebook.com\/eticacomunica"]},{"@type":"Person","@id":"https:\/\/eticacomunica.com.mx\/#\/schema\/person\/2cacc47bd17fe8ad92f08c0313d22fa6","name":"etica","image":{"@type":"ImageObject","inLanguage":"es","@id":"https:\/\/secure.gravatar.com\/avatar\/dfb45d32bc7097f8f06d6e4f6e6b387e7cb8fd5b3a2869265c40587ab62cab1e?s=96&d=mm&r=g","url":"https:\/\/secure.gravatar.com\/avatar\/dfb45d32bc7097f8f06d6e4f6e6b387e7cb8fd5b3a2869265c40587ab62cab1e?s=96&d=mm&r=g","contentUrl":"https:\/\/secure.gravatar.com\/avatar\/dfb45d32bc7097f8f06d6e4f6e6b387e7cb8fd5b3a2869265c40587ab62cab1e?s=96&d=mm&r=g","caption":"etica"},"sameAs":["https:\/\/eticacomunica.com.mx"],"url":"https:\/\/eticacomunica.com.mx\/?author=1"}]}},"jetpack_publicize_connections":[],"jetpack_featured_media_url":"https:\/\/eticacomunica.com.mx\/wp-content\/uploads\/2022\/08\/IMG-20220816-WA0044.jpg","jetpack_sharing_enabled":true,"_links":{"self":[{"href":"https:\/\/eticacomunica.com.mx\/index.php?rest_route=\/wp\/v2\/posts\/12269","targetHints":{"allow":["GET"]}}],"collection":[{"href":"https:\/\/eticacomunica.com.mx\/index.php?rest_route=\/wp\/v2\/posts"}],"about":[{"href":"https:\/\/eticacomunica.com.mx\/index.php?rest_route=\/wp\/v2\/types\/post"}],"author":[{"embeddable":true,"href":"https:\/\/eticacomunica.com.mx\/index.php?rest_route=\/wp\/v2\/users\/1"}],"replies":[{"embeddable":true,"href":"https:\/\/eticacomunica.com.mx\/index.php?rest_route=%2Fwp%2Fv2%2Fcomments&post=12269"}],"version-history":[{"count":0,"href":"https:\/\/eticacomunica.com.mx\/index.php?rest_route=\/wp\/v2\/posts\/12269\/revisions"}],"wp:featuredmedia":[{"embeddable":true,"href":"https:\/\/eticacomunica.com.mx\/index.php?rest_route=\/wp\/v2\/media\/12268"}],"wp:attachment":[{"href":"https:\/\/eticacomunica.com.mx\/index.php?rest_route=%2Fwp%2Fv2%2Fmedia&parent=12269"}],"wp:term":[{"taxonomy":"category","embeddable":true,"href":"https:\/\/eticacomunica.com.mx\/index.php?rest_route=%2Fwp%2Fv2%2Fcategories&post=12269"},{"taxonomy":"post_tag","embeddable":true,"href":"https:\/\/eticacomunica.com.mx\/index.php?rest_route=%2Fwp%2Fv2%2Ftags&post=12269"}],"curies":[{"name":"wp","href":"https:\/\/api.w.org\/{rel}","templated":true}]}}