{"id":12277,"date":"2022-08-16T17:54:35","date_gmt":"2022-08-16T23:54:35","guid":{"rendered":"https:\/\/eticacomunica.com.mx\/?p=12277"},"modified":"2022-08-16T17:54:35","modified_gmt":"2022-08-16T23:54:35","slug":"rocha-atiende-personalmente-a-damnificados-por-las-inundaciones","status":"publish","type":"post","link":"https:\/\/eticacomunica.com.mx\/?p=12277","title":{"rendered":"Rocha atiende personalmente a damnificados por las inundaciones"},"content":{"rendered":"\n<p>El Gobernador compromete apoyos a familias afectadas y dar respuesta a los problemas que trajo las lluvias.<br><br>Rancho Viejo, Mocorito, Sinaloa; 16 de agosto de 2022.- En una sorpresiva visita el Gobernador Rub\u00e9n Rocha Moya, acudi\u00f3 la tarde de este martes a varias comunidades que resultaron afectadas por la creciente de arroyos, drenes y r\u00edos, luego de las lluvias que se han venido presentando desde el pasado s\u00e1bado y que se intensificaron durante el domingo y lunes.<br><br>El mandatario estatal visit\u00f3 la comunidad El Lim\u00f3n de los Ramos donde alrededor de 50 familias resultaron afectadas en sus viviendas luego del desbordamiento del arroyo El Conchi; en esta comunidad se hizo presente el apoyo del DIF estatal para entregar despensas y colchonetas. <br><br>Asimismo Rocha visit\u00f3 la comunidad de Rancho Viejo en Mocorito, donde las aguas del arroyo inundaron alrededor de 50 viviendas alcanzando hasta metro y medio al interior de las casas. Las familias reunidas solicitaron la intervenci\u00f3n inmediata del gobernador para desazolvar el cauce del arroyo y la construcci\u00f3n de un puente peatonal para el cruce de las familias que habitan del otro lado del cauce, peticiones que tuvieron respuesta positiva de parte del mandatario quien instruy\u00f3 al secretario de Obras P\u00fablicas Jos\u00e9 Luis Zavala Cabanillas para que lo antes posible se inicien las obras.<br><br>Don Sergio Barreras Silva habitante de la poblaci\u00f3n de Rancho Viejo agradeci\u00f3 al Gobernador que haya visitado \u00e9l mismo las zonas afectadas y se diera cuenta de la situaci\u00f3n real que enfrentan los vecinos.<br><br>El Gobernador Rocha gir\u00f3 indicaciones para movilizar la maquinaria para apoyar a las diferentes comunidades que enfrentan problemas por las inundaciones como El Lim\u00f3n de los Ramos y El Pinole en Culiac\u00e1n, Recoveco, Rancho Viejo, Estaci\u00f3n Retes, El Tancote y Caimanero en Mocorito donde se registraron las mayores afectaciones, adem\u00e1s de que de forma inmediata se atiendan las necesidades de alimento con la entrega de despensas a toda la poblaci\u00f3n as\u00ed como la distribuci\u00f3n de colchonetas este mismo d\u00eda.<br><br>El Gobernador tambi\u00e9n se traslad\u00f3 hasta el municipio de Sinaloa, donde visit\u00f3 a las familias de la comunidad Los Melones, una poblaci\u00f3n que tambi\u00e9n result\u00f3 afectada por las lluvias e inundaciones luego de que se desbordara el arroyo que atraviesa por esa zona. Ah\u00ed el jefe del Ejecutivo se comprometi\u00f3 a dar respuesta a las necesidades de la poblaci\u00f3n y apoyar a las familias damnificadas.<\/p>\n\n\n\n<figure class=\"wp-block-gallery columns-3 is-cropped wp-block-gallery-1 is-layout-flex wp-block-gallery-is-layout-flex\"><ul class=\"blocks-gallery-grid\"><li class=\"blocks-gallery-item\"><figure><img loading=\"lazy\" decoding=\"async\" width=\"1024\" height=\"682\" src=\"https:\/\/eticacomunica.com.mx\/wp-content\/uploads\/2022\/08\/IMG-20220816-WA0073-1024x682.jpg\" alt=\"\" data-id=\"12272\" class=\"wp-image-12272\" srcset=\"https:\/\/eticacomunica.com.mx\/wp-content\/uploads\/2022\/08\/IMG-20220816-WA0073-1024x682.jpg 1024w, https:\/\/eticacomunica.com.mx\/wp-content\/uploads\/2022\/08\/IMG-20220816-WA0073-300x200.jpg 300w, https:\/\/eticacomunica.com.mx\/wp-content\/uploads\/2022\/08\/IMG-20220816-WA0073-768x512.jpg 768w, https:\/\/eticacomunica.com.mx\/wp-content\/uploads\/2022\/08\/IMG-20220816-WA0073-1536x1023.jpg 1536w, https:\/\/eticacomunica.com.mx\/wp-content\/uploads\/2022\/08\/IMG-20220816-WA0073-1170x780.jpg 1170w, https:\/\/eticacomunica.com.mx\/wp-content\/uploads\/2022\/08\/IMG-20220816-WA0073-585x390.jpg 585w, https:\/\/eticacomunica.com.mx\/wp-content\/uploads\/2022\/08\/IMG-20220816-WA0073-263x175.jpg 263w, https:\/\/eticacomunica.com.mx\/wp-content\/uploads\/2022\/08\/IMG-20220816-WA0073.jpg 1600w\" sizes=\"auto, (max-width: 1024px) 100vw, 1024px\" \/><\/figure><\/li><li class=\"blocks-gallery-item\"><figure><img loading=\"lazy\" decoding=\"async\" width=\"1024\" height=\"682\" src=\"https:\/\/eticacomunica.com.mx\/wp-content\/uploads\/2022\/08\/IMG-20220816-WA0068-1024x682.jpg\" alt=\"\" data-id=\"12270\" class=\"wp-image-12270\" srcset=\"https:\/\/eticacomunica.com.mx\/wp-content\/uploads\/2022\/08\/IMG-20220816-WA0068-1024x682.jpg 1024w, https:\/\/eticacomunica.com.mx\/wp-content\/uploads\/2022\/08\/IMG-20220816-WA0068-300x200.jpg 300w, https:\/\/eticacomunica.com.mx\/wp-content\/uploads\/2022\/08\/IMG-20220816-WA0068-768x512.jpg 768w, https:\/\/eticacomunica.com.mx\/wp-content\/uploads\/2022\/08\/IMG-20220816-WA0068-1536x1023.jpg 1536w, https:\/\/eticacomunica.com.mx\/wp-content\/uploads\/2022\/08\/IMG-20220816-WA0068-1170x780.jpg 1170w, https:\/\/eticacomunica.com.mx\/wp-content\/uploads\/2022\/08\/IMG-20220816-WA0068-585x390.jpg 585w, https:\/\/eticacomunica.com.mx\/wp-content\/uploads\/2022\/08\/IMG-20220816-WA0068-263x175.jpg 263w, https:\/\/eticacomunica.com.mx\/wp-content\/uploads\/2022\/08\/IMG-20220816-WA0068.jpg 1600w\" sizes=\"auto, (max-width: 1024px) 100vw, 1024px\" \/><\/figure><\/li><li class=\"blocks-gallery-item\"><figure><img loading=\"lazy\" decoding=\"async\" width=\"1024\" height=\"682\" src=\"https:\/\/eticacomunica.com.mx\/wp-content\/uploads\/2022\/08\/IMG-20220816-WA0069-1024x682.jpg\" alt=\"\" data-id=\"12273\" class=\"wp-image-12273\" srcset=\"https:\/\/eticacomunica.com.mx\/wp-content\/uploads\/2022\/08\/IMG-20220816-WA0069-1024x682.jpg 1024w, https:\/\/eticacomunica.com.mx\/wp-content\/uploads\/2022\/08\/IMG-20220816-WA0069-300x200.jpg 300w, https:\/\/eticacomunica.com.mx\/wp-content\/uploads\/2022\/08\/IMG-20220816-WA0069-768x512.jpg 768w, https:\/\/eticacomunica.com.mx\/wp-content\/uploads\/2022\/08\/IMG-20220816-WA0069-1536x1023.jpg 1536w, https:\/\/eticacomunica.com.mx\/wp-content\/uploads\/2022\/08\/IMG-20220816-WA0069-1170x780.jpg 1170w, https:\/\/eticacomunica.com.mx\/wp-content\/uploads\/2022\/08\/IMG-20220816-WA0069-585x390.jpg 585w, https:\/\/eticacomunica.com.mx\/wp-content\/uploads\/2022\/08\/IMG-20220816-WA0069-263x175.jpg 263w, https:\/\/eticacomunica.com.mx\/wp-content\/uploads\/2022\/08\/IMG-20220816-WA0069.jpg 1600w\" sizes=\"auto, (max-width: 1024px) 100vw, 1024px\" \/><\/figure><\/li><li class=\"blocks-gallery-item\"><figure><img loading=\"lazy\" decoding=\"async\" width=\"1024\" height=\"682\" src=\"https:\/\/eticacomunica.com.mx\/wp-content\/uploads\/2022\/08\/IMG-20220816-WA0063-1024x682.jpg\" alt=\"\" data-id=\"12274\" class=\"wp-image-12274\" srcset=\"https:\/\/eticacomunica.com.mx\/wp-content\/uploads\/2022\/08\/IMG-20220816-WA0063-1024x682.jpg 1024w, https:\/\/eticacomunica.com.mx\/wp-content\/uploads\/2022\/08\/IMG-20220816-WA0063-300x200.jpg 300w, https:\/\/eticacomunica.com.mx\/wp-content\/uploads\/2022\/08\/IMG-20220816-WA0063-768x512.jpg 768w, https:\/\/eticacomunica.com.mx\/wp-content\/uploads\/2022\/08\/IMG-20220816-WA0063-1536x1023.jpg 1536w, https:\/\/eticacomunica.com.mx\/wp-content\/uploads\/2022\/08\/IMG-20220816-WA0063-1170x780.jpg 1170w, https:\/\/eticacomunica.com.mx\/wp-content\/uploads\/2022\/08\/IMG-20220816-WA0063-585x390.jpg 585w, https:\/\/eticacomunica.com.mx\/wp-content\/uploads\/2022\/08\/IMG-20220816-WA0063-263x175.jpg 263w, https:\/\/eticacomunica.com.mx\/wp-content\/uploads\/2022\/08\/IMG-20220816-WA0063.jpg 1600w\" sizes=\"auto, (max-width: 1024px) 100vw, 1024px\" \/><\/figure><\/li><li class=\"blocks-gallery-item\"><figure><img loading=\"lazy\" decoding=\"async\" width=\"1024\" height=\"682\" src=\"https:\/\/eticacomunica.com.mx\/wp-content\/uploads\/2022\/08\/IMG-20220816-WA0064-1024x682.jpg\" alt=\"\" data-id=\"12271\" class=\"wp-image-12271\" srcset=\"https:\/\/eticacomunica.com.mx\/wp-content\/uploads\/2022\/08\/IMG-20220816-WA0064-1024x682.jpg 1024w, https:\/\/eticacomunica.com.mx\/wp-content\/uploads\/2022\/08\/IMG-20220816-WA0064-300x200.jpg 300w, https:\/\/eticacomunica.com.mx\/wp-content\/uploads\/2022\/08\/IMG-20220816-WA0064-768x512.jpg 768w, https:\/\/eticacomunica.com.mx\/wp-content\/uploads\/2022\/08\/IMG-20220816-WA0064-1536x1023.jpg 1536w, https:\/\/eticacomunica.com.mx\/wp-content\/uploads\/2022\/08\/IMG-20220816-WA0064-1170x780.jpg 1170w, https:\/\/eticacomunica.com.mx\/wp-content\/uploads\/2022\/08\/IMG-20220816-WA0064-585x390.jpg 585w, https:\/\/eticacomunica.com.mx\/wp-content\/uploads\/2022\/08\/IMG-20220816-WA0064-263x175.jpg 263w, https:\/\/eticacomunica.com.mx\/wp-content\/uploads\/2022\/08\/IMG-20220816-WA0064.jpg 1600w\" sizes=\"auto, (max-width: 1024px) 100vw, 1024px\" \/><\/figure><\/li><li class=\"blocks-gallery-item\"><figure><img loading=\"lazy\" decoding=\"async\" width=\"1024\" height=\"682\" src=\"https:\/\/eticacomunica.com.mx\/wp-content\/uploads\/2022\/08\/IMG-20220816-WA0065-1024x682.jpg\" alt=\"\" data-id=\"12275\" class=\"wp-image-12275\" srcset=\"https:\/\/eticacomunica.com.mx\/wp-content\/uploads\/2022\/08\/IMG-20220816-WA0065-1024x682.jpg 1024w, https:\/\/eticacomunica.com.mx\/wp-content\/uploads\/2022\/08\/IMG-20220816-WA0065-300x200.jpg 300w, https:\/\/eticacomunica.com.mx\/wp-content\/uploads\/2022\/08\/IMG-20220816-WA0065-768x512.jpg 768w, https:\/\/eticacomunica.com.mx\/wp-content\/uploads\/2022\/08\/IMG-20220816-WA0065-1536x1023.jpg 1536w, https:\/\/eticacomunica.com.mx\/wp-content\/uploads\/2022\/08\/IMG-20220816-WA0065-1170x780.jpg 1170w, https:\/\/eticacomunica.com.mx\/wp-content\/uploads\/2022\/08\/IMG-20220816-WA0065-585x390.jpg 585w, https:\/\/eticacomunica.com.mx\/wp-content\/uploads\/2022\/08\/IMG-20220816-WA0065-263x175.jpg 263w, https:\/\/eticacomunica.com.mx\/wp-content\/uploads\/2022\/08\/IMG-20220816-WA0065.jpg 1600w\" sizes=\"auto, (max-width: 1024px) 100vw, 1024px\" \/><\/figure><\/li><\/ul><\/figure>\n","protected":false},"excerpt":{"rendered":"<p>El Gobernador compromete apoyos a familias afectadas y dar respuesta a los problemas que trajo las lluvias. Rancho Viejo, Mocorito, Sinaloa; 16 de agosto de 2022.- En una sorpresiva visita&hellip;<\/p>\n","protected":false},"author":1,"featured_media":12276,"comment_status":"open","ping_status":"open","sticky":false,"template":"","format":"standard","meta":{"_jetpack_memberships_contains_paid_content":false,"footnotes":"","jetpack_publicize_message":"","jetpack_publicize_feature_enabled":true,"jetpack_social_post_already_shared":true,"jetpack_social_options":{"image_generator_settings":{"template":"highway","default_image_id":0,"font":"","enabled":false},"version":2}},"categories":[207,26],"tags":[34,109],"class_list":["post-12277","post","type-post","status-publish","format-standard","has-post-thumbnail","hentry","category-ges","category-portada","tag-gobierno-del-estado-de-sinaloa","tag-ruben-rocha-moya"],"yoast_head":"<!-- This site is optimized with the Yoast SEO plugin v27.2 - https:\/\/yoast.com\/product\/yoast-seo-wordpress\/ -->\n<title>Rocha atiende personalmente a damnificados por las inundaciones - \u00c9tica Comunica<\/title>\n<meta name=\"robots\" content=\"index, follow, max-snippet:-1, max-image-preview:large, max-video-preview:-1\" \/>\n<link rel=\"canonical\" href=\"https:\/\/eticacomunica.com.mx\/?p=12277\" \/>\n<meta property=\"og:locale\" content=\"es_MX\" \/>\n<meta property=\"og:type\" content=\"article\" \/>\n<meta property=\"og:title\" content=\"Rocha atiende personalmente a damnificados por las inundaciones - \u00c9tica Comunica\" \/>\n<meta property=\"og:description\" content=\"El Gobernador compromete apoyos a familias afectadas y dar respuesta a los problemas que trajo las lluvias. Rancho Viejo, Mocorito, Sinaloa; 16 de agosto de 2022.- En una sorpresiva visita&hellip;\" \/>\n<meta property=\"og:url\" content=\"https:\/\/eticacomunica.com.mx\/?p=12277\" \/>\n<meta property=\"og:site_name\" content=\"\u00c9tica Comunica\" \/>\n<meta property=\"article:publisher\" content=\"https:\/\/www.facebook.com\/eticacomunica\" \/>\n<meta property=\"article:published_time\" content=\"2022-08-16T23:54:35+00:00\" \/>\n<meta property=\"og:image\" content=\"https:\/\/eticacomunica.com.mx\/wp-content\/uploads\/2022\/08\/IMG-20220816-WA0074.jpg\" \/>\n\t<meta property=\"og:image:width\" content=\"1600\" \/>\n\t<meta property=\"og:image:height\" content=\"1066\" \/>\n\t<meta property=\"og:image:type\" content=\"image\/jpeg\" \/>\n<meta name=\"author\" content=\"etica\" \/>\n<meta name=\"twitter:card\" content=\"summary_large_image\" \/>\n<meta name=\"twitter:label1\" content=\"Escrito por\" \/>\n\t<meta name=\"twitter:data1\" content=\"etica\" \/>\n\t<meta name=\"twitter:label2\" content=\"Tiempo de lectura\" \/>\n\t<meta name=\"twitter:data2\" content=\"2 minutos\" \/>\n<script type=\"application\/ld+json\" class=\"yoast-schema-graph\">{\"@context\":\"https:\/\/schema.org\",\"@graph\":[{\"@type\":\"Article\",\"@id\":\"https:\/\/eticacomunica.com.mx\/?p=12277#article\",\"isPartOf\":{\"@id\":\"https:\/\/eticacomunica.com.mx\/?p=12277\"},\"author\":{\"name\":\"etica\",\"@id\":\"https:\/\/eticacomunica.com.mx\/#\/schema\/person\/2cacc47bd17fe8ad92f08c0313d22fa6\"},\"headline\":\"Rocha atiende personalmente a damnificados por las inundaciones\",\"datePublished\":\"2022-08-16T23:54:35+00:00\",\"mainEntityOfPage\":{\"@id\":\"https:\/\/eticacomunica.com.mx\/?p=12277\"},\"wordCount\":418,\"commentCount\":0,\"publisher\":{\"@id\":\"https:\/\/eticacomunica.com.mx\/#organization\"},\"image\":{\"@id\":\"https:\/\/eticacomunica.com.mx\/?p=12277#primaryimage\"},\"thumbnailUrl\":\"https:\/\/eticacomunica.com.mx\/wp-content\/uploads\/2022\/08\/IMG-20220816-WA0074.jpg\",\"keywords\":[\"Gobierno del Estado de Sinaloa\",\"Rub\u00e9n Rocha Moya\"],\"articleSection\":[\"GES\",\"Portada\"],\"inLanguage\":\"es\",\"potentialAction\":[{\"@type\":\"CommentAction\",\"name\":\"Comment\",\"target\":[\"https:\/\/eticacomunica.com.mx\/?p=12277#respond\"]}]},{\"@type\":\"WebPage\",\"@id\":\"https:\/\/eticacomunica.com.mx\/?p=12277\",\"url\":\"https:\/\/eticacomunica.com.mx\/?p=12277\",\"name\":\"Rocha atiende personalmente a damnificados por las inundaciones - \u00c9tica Comunica\",\"isPartOf\":{\"@id\":\"https:\/\/eticacomunica.com.mx\/#website\"},\"primaryImageOfPage\":{\"@id\":\"https:\/\/eticacomunica.com.mx\/?p=12277#primaryimage\"},\"image\":{\"@id\":\"https:\/\/eticacomunica.com.mx\/?p=12277#primaryimage\"},\"thumbnailUrl\":\"https:\/\/eticacomunica.com.mx\/wp-content\/uploads\/2022\/08\/IMG-20220816-WA0074.jpg\",\"datePublished\":\"2022-08-16T23:54:35+00:00\",\"breadcrumb\":{\"@id\":\"https:\/\/eticacomunica.com.mx\/?p=12277#breadcrumb\"},\"inLanguage\":\"es\",\"potentialAction\":[{\"@type\":\"ReadAction\",\"target\":[\"https:\/\/eticacomunica.com.mx\/?p=12277\"]}]},{\"@type\":\"ImageObject\",\"inLanguage\":\"es\",\"@id\":\"https:\/\/eticacomunica.com.mx\/?p=12277#primaryimage\",\"url\":\"https:\/\/eticacomunica.com.mx\/wp-content\/uploads\/2022\/08\/IMG-20220816-WA0074.jpg\",\"contentUrl\":\"https:\/\/eticacomunica.com.mx\/wp-content\/uploads\/2022\/08\/IMG-20220816-WA0074.jpg\",\"width\":1600,\"height\":1066},{\"@type\":\"BreadcrumbList\",\"@id\":\"https:\/\/eticacomunica.com.mx\/?p=12277#breadcrumb\",\"itemListElement\":[{\"@type\":\"ListItem\",\"position\":1,\"name\":\"Inicio\",\"item\":\"https:\/\/eticacomunica.com.mx\/\"},{\"@type\":\"ListItem\",\"position\":2,\"name\":\"Rocha atiende personalmente a damnificados por las inundaciones\"}]},{\"@type\":\"WebSite\",\"@id\":\"https:\/\/eticacomunica.com.mx\/#website\",\"url\":\"https:\/\/eticacomunica.com.mx\/\",\"name\":\"\u00c9tica Comunica\",\"description\":\"Diario Digital\",\"publisher\":{\"@id\":\"https:\/\/eticacomunica.com.mx\/#organization\"},\"potentialAction\":[{\"@type\":\"SearchAction\",\"target\":{\"@type\":\"EntryPoint\",\"urlTemplate\":\"https:\/\/eticacomunica.com.mx\/?s={search_term_string}\"},\"query-input\":{\"@type\":\"PropertyValueSpecification\",\"valueRequired\":true,\"valueName\":\"search_term_string\"}}],\"inLanguage\":\"es\"},{\"@type\":\"Organization\",\"@id\":\"https:\/\/eticacomunica.com.mx\/#organization\",\"name\":\"Diarios Digitales de Sinaloa\",\"url\":\"https:\/\/eticacomunica.com.mx\/\",\"logo\":{\"@type\":\"ImageObject\",\"inLanguage\":\"es\",\"@id\":\"https:\/\/eticacomunica.com.mx\/#\/schema\/logo\/image\/\",\"url\":\"https:\/\/eticacomunica.com.mx\/wp-content\/uploads\/2023\/10\/etica-logo.png\",\"contentUrl\":\"https:\/\/eticacomunica.com.mx\/wp-content\/uploads\/2023\/10\/etica-logo.png\",\"width\":1280,\"height\":432,\"caption\":\"Diarios Digitales de Sinaloa\"},\"image\":{\"@id\":\"https:\/\/eticacomunica.com.mx\/#\/schema\/logo\/image\/\"},\"sameAs\":[\"https:\/\/www.facebook.com\/eticacomunica\"]},{\"@type\":\"Person\",\"@id\":\"https:\/\/eticacomunica.com.mx\/#\/schema\/person\/2cacc47bd17fe8ad92f08c0313d22fa6\",\"name\":\"etica\",\"image\":{\"@type\":\"ImageObject\",\"inLanguage\":\"es\",\"@id\":\"https:\/\/secure.gravatar.com\/avatar\/dfb45d32bc7097f8f06d6e4f6e6b387e7cb8fd5b3a2869265c40587ab62cab1e?s=96&d=mm&r=g\",\"url\":\"https:\/\/secure.gravatar.com\/avatar\/dfb45d32bc7097f8f06d6e4f6e6b387e7cb8fd5b3a2869265c40587ab62cab1e?s=96&d=mm&r=g\",\"contentUrl\":\"https:\/\/secure.gravatar.com\/avatar\/dfb45d32bc7097f8f06d6e4f6e6b387e7cb8fd5b3a2869265c40587ab62cab1e?s=96&d=mm&r=g\",\"caption\":\"etica\"},\"sameAs\":[\"https:\/\/eticacomunica.com.mx\"],\"url\":\"https:\/\/eticacomunica.com.mx\/?author=1\"}]}<\/script>\n<!-- \/ Yoast SEO plugin. -->","yoast_head_json":{"title":"Rocha atiende personalmente a damnificados por las inundaciones - \u00c9tica Comunica","robots":{"index":"index","follow":"follow","max-snippet":"max-snippet:-1","max-image-preview":"max-image-preview:large","max-video-preview":"max-video-preview:-1"},"canonical":"https:\/\/eticacomunica.com.mx\/?p=12277","og_locale":"es_MX","og_type":"article","og_title":"Rocha atiende personalmente a damnificados por las inundaciones - \u00c9tica Comunica","og_description":"El Gobernador compromete apoyos a familias afectadas y dar respuesta a los problemas que trajo las lluvias. Rancho Viejo, Mocorito, Sinaloa; 16 de agosto de 2022.- En una sorpresiva visita&hellip;","og_url":"https:\/\/eticacomunica.com.mx\/?p=12277","og_site_name":"\u00c9tica Comunica","article_publisher":"https:\/\/www.facebook.com\/eticacomunica","article_published_time":"2022-08-16T23:54:35+00:00","og_image":[{"width":1600,"height":1066,"url":"https:\/\/eticacomunica.com.mx\/wp-content\/uploads\/2022\/08\/IMG-20220816-WA0074.jpg","type":"image\/jpeg"}],"author":"etica","twitter_card":"summary_large_image","twitter_misc":{"Escrito por":"etica","Tiempo de lectura":"2 minutos"},"schema":{"@context":"https:\/\/schema.org","@graph":[{"@type":"Article","@id":"https:\/\/eticacomunica.com.mx\/?p=12277#article","isPartOf":{"@id":"https:\/\/eticacomunica.com.mx\/?p=12277"},"author":{"name":"etica","@id":"https:\/\/eticacomunica.com.mx\/#\/schema\/person\/2cacc47bd17fe8ad92f08c0313d22fa6"},"headline":"Rocha atiende personalmente a damnificados por las inundaciones","datePublished":"2022-08-16T23:54:35+00:00","mainEntityOfPage":{"@id":"https:\/\/eticacomunica.com.mx\/?p=12277"},"wordCount":418,"commentCount":0,"publisher":{"@id":"https:\/\/eticacomunica.com.mx\/#organization"},"image":{"@id":"https:\/\/eticacomunica.com.mx\/?p=12277#primaryimage"},"thumbnailUrl":"https:\/\/eticacomunica.com.mx\/wp-content\/uploads\/2022\/08\/IMG-20220816-WA0074.jpg","keywords":["Gobierno del Estado de Sinaloa","Rub\u00e9n Rocha Moya"],"articleSection":["GES","Portada"],"inLanguage":"es","potentialAction":[{"@type":"CommentAction","name":"Comment","target":["https:\/\/eticacomunica.com.mx\/?p=12277#respond"]}]},{"@type":"WebPage","@id":"https:\/\/eticacomunica.com.mx\/?p=12277","url":"https:\/\/eticacomunica.com.mx\/?p=12277","name":"Rocha atiende personalmente a damnificados por las inundaciones - \u00c9tica Comunica","isPartOf":{"@id":"https:\/\/eticacomunica.com.mx\/#website"},"primaryImageOfPage":{"@id":"https:\/\/eticacomunica.com.mx\/?p=12277#primaryimage"},"image":{"@id":"https:\/\/eticacomunica.com.mx\/?p=12277#primaryimage"},"thumbnailUrl":"https:\/\/eticacomunica.com.mx\/wp-content\/uploads\/2022\/08\/IMG-20220816-WA0074.jpg","datePublished":"2022-08-16T23:54:35+00:00","breadcrumb":{"@id":"https:\/\/eticacomunica.com.mx\/?p=12277#breadcrumb"},"inLanguage":"es","potentialAction":[{"@type":"ReadAction","target":["https:\/\/eticacomunica.com.mx\/?p=12277"]}]},{"@type":"ImageObject","inLanguage":"es","@id":"https:\/\/eticacomunica.com.mx\/?p=12277#primaryimage","url":"https:\/\/eticacomunica.com.mx\/wp-content\/uploads\/2022\/08\/IMG-20220816-WA0074.jpg","contentUrl":"https:\/\/eticacomunica.com.mx\/wp-content\/uploads\/2022\/08\/IMG-20220816-WA0074.jpg","width":1600,"height":1066},{"@type":"BreadcrumbList","@id":"https:\/\/eticacomunica.com.mx\/?p=12277#breadcrumb","itemListElement":[{"@type":"ListItem","position":1,"name":"Inicio","item":"https:\/\/eticacomunica.com.mx\/"},{"@type":"ListItem","position":2,"name":"Rocha atiende personalmente a damnificados por las inundaciones"}]},{"@type":"WebSite","@id":"https:\/\/eticacomunica.com.mx\/#website","url":"https:\/\/eticacomunica.com.mx\/","name":"\u00c9tica Comunica","description":"Diario Digital","publisher":{"@id":"https:\/\/eticacomunica.com.mx\/#organization"},"potentialAction":[{"@type":"SearchAction","target":{"@type":"EntryPoint","urlTemplate":"https:\/\/eticacomunica.com.mx\/?s={search_term_string}"},"query-input":{"@type":"PropertyValueSpecification","valueRequired":true,"valueName":"search_term_string"}}],"inLanguage":"es"},{"@type":"Organization","@id":"https:\/\/eticacomunica.com.mx\/#organization","name":"Diarios Digitales de Sinaloa","url":"https:\/\/eticacomunica.com.mx\/","logo":{"@type":"ImageObject","inLanguage":"es","@id":"https:\/\/eticacomunica.com.mx\/#\/schema\/logo\/image\/","url":"https:\/\/eticacomunica.com.mx\/wp-content\/uploads\/2023\/10\/etica-logo.png","contentUrl":"https:\/\/eticacomunica.com.mx\/wp-content\/uploads\/2023\/10\/etica-logo.png","width":1280,"height":432,"caption":"Diarios Digitales de Sinaloa"},"image":{"@id":"https:\/\/eticacomunica.com.mx\/#\/schema\/logo\/image\/"},"sameAs":["https:\/\/www.facebook.com\/eticacomunica"]},{"@type":"Person","@id":"https:\/\/eticacomunica.com.mx\/#\/schema\/person\/2cacc47bd17fe8ad92f08c0313d22fa6","name":"etica","image":{"@type":"ImageObject","inLanguage":"es","@id":"https:\/\/secure.gravatar.com\/avatar\/dfb45d32bc7097f8f06d6e4f6e6b387e7cb8fd5b3a2869265c40587ab62cab1e?s=96&d=mm&r=g","url":"https:\/\/secure.gravatar.com\/avatar\/dfb45d32bc7097f8f06d6e4f6e6b387e7cb8fd5b3a2869265c40587ab62cab1e?s=96&d=mm&r=g","contentUrl":"https:\/\/secure.gravatar.com\/avatar\/dfb45d32bc7097f8f06d6e4f6e6b387e7cb8fd5b3a2869265c40587ab62cab1e?s=96&d=mm&r=g","caption":"etica"},"sameAs":["https:\/\/eticacomunica.com.mx"],"url":"https:\/\/eticacomunica.com.mx\/?author=1"}]}},"jetpack_publicize_connections":[],"jetpack_featured_media_url":"https:\/\/eticacomunica.com.mx\/wp-content\/uploads\/2022\/08\/IMG-20220816-WA0074.jpg","jetpack_sharing_enabled":true,"_links":{"self":[{"href":"https:\/\/eticacomunica.com.mx\/index.php?rest_route=\/wp\/v2\/posts\/12277","targetHints":{"allow":["GET"]}}],"collection":[{"href":"https:\/\/eticacomunica.com.mx\/index.php?rest_route=\/wp\/v2\/posts"}],"about":[{"href":"https:\/\/eticacomunica.com.mx\/index.php?rest_route=\/wp\/v2\/types\/post"}],"author":[{"embeddable":true,"href":"https:\/\/eticacomunica.com.mx\/index.php?rest_route=\/wp\/v2\/users\/1"}],"replies":[{"embeddable":true,"href":"https:\/\/eticacomunica.com.mx\/index.php?rest_route=%2Fwp%2Fv2%2Fcomments&post=12277"}],"version-history":[{"count":0,"href":"https:\/\/eticacomunica.com.mx\/index.php?rest_route=\/wp\/v2\/posts\/12277\/revisions"}],"wp:featuredmedia":[{"embeddable":true,"href":"https:\/\/eticacomunica.com.mx\/index.php?rest_route=\/wp\/v2\/media\/12276"}],"wp:attachment":[{"href":"https:\/\/eticacomunica.com.mx\/index.php?rest_route=%2Fwp%2Fv2%2Fmedia&parent=12277"}],"wp:term":[{"taxonomy":"category","embeddable":true,"href":"https:\/\/eticacomunica.com.mx\/index.php?rest_route=%2Fwp%2Fv2%2Fcategories&post=12277"},{"taxonomy":"post_tag","embeddable":true,"href":"https:\/\/eticacomunica.com.mx\/index.php?rest_route=%2Fwp%2Fv2%2Ftags&post=12277"}],"curies":[{"name":"wp","href":"https:\/\/api.w.org\/{rel}","templated":true}]}}