{"id":16310,"date":"2023-02-28T15:24:53","date_gmt":"2023-02-28T22:24:53","guid":{"rendered":"https:\/\/eticacomunica.com.mx\/?p=16310"},"modified":"2023-02-28T15:24:53","modified_gmt":"2023-02-28T22:24:53","slug":"un-trasplante-de-organos-vida-mas-alla-de-la-vida","status":"publish","type":"post","link":"https:\/\/eticacomunica.com.mx\/?p=16310","title":{"rendered":"Un trasplante de \u00f3rganos, vida m\u00e1s all\u00e1 de la vida"},"content":{"rendered":"\n<p>Culiac\u00e1n, Sinaloa, martes 28 de febrero de 2023.- Un trasplante es sustituir un \u00f3rgano o tejido enfermo por otro que funcione adecuadamente, es un acto altruista y voluntario, se\u00f1al\u00f3 el Secretario de Salud de Sinaloa, al iniciar con la jornada de concientizaci\u00f3n sobre el D\u00eda Mundial del Trasplante de \u00d3rganos y Tejidos. <br><br>En el marco de la conferencia semanera del gobernador Dr. Rub\u00e9n Rocha Moya, el tambi\u00e9n director general de los Servicios de Salud, Dr. Cuitl\u00e1huac Gonz\u00e1lez Galindo, se\u00f1al\u00f3 que Sinaloa lleg\u00f3 a ser referente nacional en materia de trasplantes de \u00f3rganos y tejidos, sin embargo, la pandemia y la falta de adecuada infraestructura desactiv\u00f3 el programa que se hab\u00eda implementado con \u00e9xito en la entidad, por lo que, el actual gobierno hace los esfuerzos para reactivarlo y brindar una segunda oportunidad de vida a los sinaloenses que lo requieren.  <br><br>\u201cSin embargo, para nosotros la educaci\u00f3n en la poblaci\u00f3n va a ser algo muy importante es un gran reto para este a\u00f1o generar una mayor concienciaci\u00f3n de este tema, y queremos poder superar e iniciar el programa de trasplante para este a\u00f1o\u201d, a\u00f1adi\u00f3. <br><br>Agreg\u00f3 que, de manera hist\u00f3rica, entre 2001 y 2023 se llevaron a cabo 832 trasplantes en Sinaloa, del 2018 al 2021 no se pudieron realizar trasplantes, sin embargo, en el a\u00f1o 2022 se logra realizar 18 trasplantes, de estos, podemos decir que los \u00faltimos meses del a\u00f1o se reinici\u00f3 el programa con 4 trasplantes de c\u00f3rnea, 9 trasplantes en cl\u00ednicas privadas y 5 trasplantes en hospital del IMSS.<br><br>El Secretario de Salud precis\u00f3 que se logr\u00f3 una procuraci\u00f3n de 60 \u00f3rganos y en lo que va del a\u00f1o 2023 se han hecho 20 procuraciones, de las cuales, 4 han sido multi org\u00e1nicas. El Hospital General de Culiac\u00e1n tambi\u00e9n inicia con el programa de procuraci\u00f3n, un primer paso para la Secretar\u00eda de Salud, en lo que significa la b\u00fasqueda y gesti\u00f3n en el proceso de que un familiar acepte que su ser querido pueda dar vida a otro paciente. <br><br>Adem\u00e1s, puntualiz\u00f3 que en Sinaloa tenemos una lista de espera por un trasplante renal de 80 pacientes, as\u00ed como 100 pacientes en espera de un trasplante de c\u00f3rnea.<br><br>El Dr. Gonz\u00e1lez Galindo hizo un llamado a las y los sinaloenses para que se sumen a la donaci\u00f3n de \u00f3rganos y tejidos, y con ello brindar nueva oportunidad de dar vida a otra vida, por ello, dijo, es importante promover la cultura de la donaci\u00f3n, generar conciencia y valorar la salud y la vida.<\/p>\n\n\n","protected":false},"excerpt":{"rendered":"<p>Culiac\u00e1n, Sinaloa, martes 28 de febrero de 2023.- Un trasplante es sustituir un \u00f3rgano o tejido enfermo por otro que funcione adecuadamente, es un acto altruista y voluntario, se\u00f1al\u00f3 el&hellip;<\/p>\n","protected":false},"author":1,"featured_media":16309,"comment_status":"open","ping_status":"open","sticky":false,"template":"","format":"standard","meta":{"_jetpack_memberships_contains_paid_content":false,"footnotes":"","jetpack_publicize_message":"","jetpack_publicize_feature_enabled":true,"jetpack_social_post_already_shared":true,"jetpack_social_options":{"image_generator_settings":{"template":"highway","default_image_id":0,"font":"","enabled":false},"version":2}},"categories":[207,26],"tags":[34,109],"class_list":["post-16310","post","type-post","status-publish","format-standard","has-post-thumbnail","hentry","category-ges","category-portada","tag-gobierno-del-estado-de-sinaloa","tag-ruben-rocha-moya"],"yoast_head":"<!-- This site is optimized with the Yoast SEO plugin v27.2 - https:\/\/yoast.com\/product\/yoast-seo-wordpress\/ -->\n<title>Un trasplante de \u00f3rganos, vida m\u00e1s all\u00e1 de la vida - \u00c9tica Comunica<\/title>\n<meta name=\"robots\" content=\"index, follow, max-snippet:-1, max-image-preview:large, max-video-preview:-1\" \/>\n<link rel=\"canonical\" href=\"https:\/\/eticacomunica.com.mx\/?p=16310\" \/>\n<meta property=\"og:locale\" content=\"es_MX\" \/>\n<meta property=\"og:type\" content=\"article\" \/>\n<meta property=\"og:title\" content=\"Un trasplante de \u00f3rganos, vida m\u00e1s all\u00e1 de la vida - \u00c9tica Comunica\" \/>\n<meta property=\"og:description\" content=\"Culiac\u00e1n, Sinaloa, martes 28 de febrero de 2023.- Un trasplante es sustituir un \u00f3rgano o tejido enfermo por otro que funcione adecuadamente, es un acto altruista y voluntario, se\u00f1al\u00f3 el&hellip;\" \/>\n<meta property=\"og:url\" content=\"https:\/\/eticacomunica.com.mx\/?p=16310\" \/>\n<meta property=\"og:site_name\" content=\"\u00c9tica Comunica\" \/>\n<meta property=\"article:publisher\" content=\"https:\/\/www.facebook.com\/eticacomunica\" \/>\n<meta property=\"article:published_time\" content=\"2023-02-28T22:24:53+00:00\" \/>\n<meta property=\"og:image\" content=\"https:\/\/eticacomunica.com.mx\/wp-content\/uploads\/2023\/02\/IMG-20230228-WA0049.jpg\" \/>\n\t<meta property=\"og:image:width\" content=\"1024\" \/>\n\t<meta property=\"og:image:height\" content=\"682\" \/>\n\t<meta property=\"og:image:type\" content=\"image\/jpeg\" \/>\n<meta name=\"author\" content=\"etica\" \/>\n<meta name=\"twitter:card\" content=\"summary_large_image\" \/>\n<meta name=\"twitter:label1\" content=\"Escrito por\" \/>\n\t<meta name=\"twitter:data1\" content=\"etica\" \/>\n\t<meta name=\"twitter:label2\" content=\"Tiempo de lectura\" \/>\n\t<meta name=\"twitter:data2\" content=\"2 minutos\" \/>\n<script type=\"application\/ld+json\" class=\"yoast-schema-graph\">{\"@context\":\"https:\/\/schema.org\",\"@graph\":[{\"@type\":\"Article\",\"@id\":\"https:\/\/eticacomunica.com.mx\/?p=16310#article\",\"isPartOf\":{\"@id\":\"https:\/\/eticacomunica.com.mx\/?p=16310\"},\"author\":{\"name\":\"etica\",\"@id\":\"https:\/\/eticacomunica.com.mx\/#\/schema\/person\/2cacc47bd17fe8ad92f08c0313d22fa6\"},\"headline\":\"Un trasplante de \u00f3rganos, vida m\u00e1s all\u00e1 de la vida\",\"datePublished\":\"2023-02-28T22:24:53+00:00\",\"mainEntityOfPage\":{\"@id\":\"https:\/\/eticacomunica.com.mx\/?p=16310\"},\"wordCount\":443,\"commentCount\":0,\"publisher\":{\"@id\":\"https:\/\/eticacomunica.com.mx\/#organization\"},\"image\":{\"@id\":\"https:\/\/eticacomunica.com.mx\/?p=16310#primaryimage\"},\"thumbnailUrl\":\"https:\/\/eticacomunica.com.mx\/wp-content\/uploads\/2023\/02\/IMG-20230228-WA0049.jpg\",\"keywords\":[\"Gobierno del Estado de Sinaloa\",\"Rub\u00e9n Rocha Moya\"],\"articleSection\":[\"GES\",\"Portada\"],\"inLanguage\":\"es\",\"potentialAction\":[{\"@type\":\"CommentAction\",\"name\":\"Comment\",\"target\":[\"https:\/\/eticacomunica.com.mx\/?p=16310#respond\"]}]},{\"@type\":\"WebPage\",\"@id\":\"https:\/\/eticacomunica.com.mx\/?p=16310\",\"url\":\"https:\/\/eticacomunica.com.mx\/?p=16310\",\"name\":\"Un trasplante de \u00f3rganos, vida m\u00e1s all\u00e1 de la vida - \u00c9tica Comunica\",\"isPartOf\":{\"@id\":\"https:\/\/eticacomunica.com.mx\/#website\"},\"primaryImageOfPage\":{\"@id\":\"https:\/\/eticacomunica.com.mx\/?p=16310#primaryimage\"},\"image\":{\"@id\":\"https:\/\/eticacomunica.com.mx\/?p=16310#primaryimage\"},\"thumbnailUrl\":\"https:\/\/eticacomunica.com.mx\/wp-content\/uploads\/2023\/02\/IMG-20230228-WA0049.jpg\",\"datePublished\":\"2023-02-28T22:24:53+00:00\",\"breadcrumb\":{\"@id\":\"https:\/\/eticacomunica.com.mx\/?p=16310#breadcrumb\"},\"inLanguage\":\"es\",\"potentialAction\":[{\"@type\":\"ReadAction\",\"target\":[\"https:\/\/eticacomunica.com.mx\/?p=16310\"]}]},{\"@type\":\"ImageObject\",\"inLanguage\":\"es\",\"@id\":\"https:\/\/eticacomunica.com.mx\/?p=16310#primaryimage\",\"url\":\"https:\/\/eticacomunica.com.mx\/wp-content\/uploads\/2023\/02\/IMG-20230228-WA0049.jpg\",\"contentUrl\":\"https:\/\/eticacomunica.com.mx\/wp-content\/uploads\/2023\/02\/IMG-20230228-WA0049.jpg\",\"width\":1024,\"height\":682},{\"@type\":\"BreadcrumbList\",\"@id\":\"https:\/\/eticacomunica.com.mx\/?p=16310#breadcrumb\",\"itemListElement\":[{\"@type\":\"ListItem\",\"position\":1,\"name\":\"Inicio\",\"item\":\"https:\/\/eticacomunica.com.mx\/\"},{\"@type\":\"ListItem\",\"position\":2,\"name\":\"Un trasplante de \u00f3rganos, vida m\u00e1s all\u00e1 de la vida\"}]},{\"@type\":\"WebSite\",\"@id\":\"https:\/\/eticacomunica.com.mx\/#website\",\"url\":\"https:\/\/eticacomunica.com.mx\/\",\"name\":\"\u00c9tica Comunica\",\"description\":\"Diario Digital\",\"publisher\":{\"@id\":\"https:\/\/eticacomunica.com.mx\/#organization\"},\"potentialAction\":[{\"@type\":\"SearchAction\",\"target\":{\"@type\":\"EntryPoint\",\"urlTemplate\":\"https:\/\/eticacomunica.com.mx\/?s={search_term_string}\"},\"query-input\":{\"@type\":\"PropertyValueSpecification\",\"valueRequired\":true,\"valueName\":\"search_term_string\"}}],\"inLanguage\":\"es\"},{\"@type\":\"Organization\",\"@id\":\"https:\/\/eticacomunica.com.mx\/#organization\",\"name\":\"Diarios Digitales de Sinaloa\",\"url\":\"https:\/\/eticacomunica.com.mx\/\",\"logo\":{\"@type\":\"ImageObject\",\"inLanguage\":\"es\",\"@id\":\"https:\/\/eticacomunica.com.mx\/#\/schema\/logo\/image\/\",\"url\":\"https:\/\/eticacomunica.com.mx\/wp-content\/uploads\/2023\/10\/etica-logo.png\",\"contentUrl\":\"https:\/\/eticacomunica.com.mx\/wp-content\/uploads\/2023\/10\/etica-logo.png\",\"width\":1280,\"height\":432,\"caption\":\"Diarios Digitales de Sinaloa\"},\"image\":{\"@id\":\"https:\/\/eticacomunica.com.mx\/#\/schema\/logo\/image\/\"},\"sameAs\":[\"https:\/\/www.facebook.com\/eticacomunica\"]},{\"@type\":\"Person\",\"@id\":\"https:\/\/eticacomunica.com.mx\/#\/schema\/person\/2cacc47bd17fe8ad92f08c0313d22fa6\",\"name\":\"etica\",\"image\":{\"@type\":\"ImageObject\",\"inLanguage\":\"es\",\"@id\":\"https:\/\/secure.gravatar.com\/avatar\/dfb45d32bc7097f8f06d6e4f6e6b387e7cb8fd5b3a2869265c40587ab62cab1e?s=96&d=mm&r=g\",\"url\":\"https:\/\/secure.gravatar.com\/avatar\/dfb45d32bc7097f8f06d6e4f6e6b387e7cb8fd5b3a2869265c40587ab62cab1e?s=96&d=mm&r=g\",\"contentUrl\":\"https:\/\/secure.gravatar.com\/avatar\/dfb45d32bc7097f8f06d6e4f6e6b387e7cb8fd5b3a2869265c40587ab62cab1e?s=96&d=mm&r=g\",\"caption\":\"etica\"},\"sameAs\":[\"https:\/\/eticacomunica.com.mx\"],\"url\":\"https:\/\/eticacomunica.com.mx\/?author=1\"}]}<\/script>\n<!-- \/ Yoast SEO plugin. -->","yoast_head_json":{"title":"Un trasplante de \u00f3rganos, vida m\u00e1s all\u00e1 de la vida - \u00c9tica Comunica","robots":{"index":"index","follow":"follow","max-snippet":"max-snippet:-1","max-image-preview":"max-image-preview:large","max-video-preview":"max-video-preview:-1"},"canonical":"https:\/\/eticacomunica.com.mx\/?p=16310","og_locale":"es_MX","og_type":"article","og_title":"Un trasplante de \u00f3rganos, vida m\u00e1s all\u00e1 de la vida - \u00c9tica Comunica","og_description":"Culiac\u00e1n, Sinaloa, martes 28 de febrero de 2023.- Un trasplante es sustituir un \u00f3rgano o tejido enfermo por otro que funcione adecuadamente, es un acto altruista y voluntario, se\u00f1al\u00f3 el&hellip;","og_url":"https:\/\/eticacomunica.com.mx\/?p=16310","og_site_name":"\u00c9tica Comunica","article_publisher":"https:\/\/www.facebook.com\/eticacomunica","article_published_time":"2023-02-28T22:24:53+00:00","og_image":[{"width":1024,"height":682,"url":"https:\/\/eticacomunica.com.mx\/wp-content\/uploads\/2023\/02\/IMG-20230228-WA0049.jpg","type":"image\/jpeg"}],"author":"etica","twitter_card":"summary_large_image","twitter_misc":{"Escrito por":"etica","Tiempo de lectura":"2 minutos"},"schema":{"@context":"https:\/\/schema.org","@graph":[{"@type":"Article","@id":"https:\/\/eticacomunica.com.mx\/?p=16310#article","isPartOf":{"@id":"https:\/\/eticacomunica.com.mx\/?p=16310"},"author":{"name":"etica","@id":"https:\/\/eticacomunica.com.mx\/#\/schema\/person\/2cacc47bd17fe8ad92f08c0313d22fa6"},"headline":"Un trasplante de \u00f3rganos, vida m\u00e1s all\u00e1 de la vida","datePublished":"2023-02-28T22:24:53+00:00","mainEntityOfPage":{"@id":"https:\/\/eticacomunica.com.mx\/?p=16310"},"wordCount":443,"commentCount":0,"publisher":{"@id":"https:\/\/eticacomunica.com.mx\/#organization"},"image":{"@id":"https:\/\/eticacomunica.com.mx\/?p=16310#primaryimage"},"thumbnailUrl":"https:\/\/eticacomunica.com.mx\/wp-content\/uploads\/2023\/02\/IMG-20230228-WA0049.jpg","keywords":["Gobierno del Estado de Sinaloa","Rub\u00e9n Rocha Moya"],"articleSection":["GES","Portada"],"inLanguage":"es","potentialAction":[{"@type":"CommentAction","name":"Comment","target":["https:\/\/eticacomunica.com.mx\/?p=16310#respond"]}]},{"@type":"WebPage","@id":"https:\/\/eticacomunica.com.mx\/?p=16310","url":"https:\/\/eticacomunica.com.mx\/?p=16310","name":"Un trasplante de \u00f3rganos, vida m\u00e1s all\u00e1 de la vida - \u00c9tica Comunica","isPartOf":{"@id":"https:\/\/eticacomunica.com.mx\/#website"},"primaryImageOfPage":{"@id":"https:\/\/eticacomunica.com.mx\/?p=16310#primaryimage"},"image":{"@id":"https:\/\/eticacomunica.com.mx\/?p=16310#primaryimage"},"thumbnailUrl":"https:\/\/eticacomunica.com.mx\/wp-content\/uploads\/2023\/02\/IMG-20230228-WA0049.jpg","datePublished":"2023-02-28T22:24:53+00:00","breadcrumb":{"@id":"https:\/\/eticacomunica.com.mx\/?p=16310#breadcrumb"},"inLanguage":"es","potentialAction":[{"@type":"ReadAction","target":["https:\/\/eticacomunica.com.mx\/?p=16310"]}]},{"@type":"ImageObject","inLanguage":"es","@id":"https:\/\/eticacomunica.com.mx\/?p=16310#primaryimage","url":"https:\/\/eticacomunica.com.mx\/wp-content\/uploads\/2023\/02\/IMG-20230228-WA0049.jpg","contentUrl":"https:\/\/eticacomunica.com.mx\/wp-content\/uploads\/2023\/02\/IMG-20230228-WA0049.jpg","width":1024,"height":682},{"@type":"BreadcrumbList","@id":"https:\/\/eticacomunica.com.mx\/?p=16310#breadcrumb","itemListElement":[{"@type":"ListItem","position":1,"name":"Inicio","item":"https:\/\/eticacomunica.com.mx\/"},{"@type":"ListItem","position":2,"name":"Un trasplante de \u00f3rganos, vida m\u00e1s all\u00e1 de la vida"}]},{"@type":"WebSite","@id":"https:\/\/eticacomunica.com.mx\/#website","url":"https:\/\/eticacomunica.com.mx\/","name":"\u00c9tica Comunica","description":"Diario Digital","publisher":{"@id":"https:\/\/eticacomunica.com.mx\/#organization"},"potentialAction":[{"@type":"SearchAction","target":{"@type":"EntryPoint","urlTemplate":"https:\/\/eticacomunica.com.mx\/?s={search_term_string}"},"query-input":{"@type":"PropertyValueSpecification","valueRequired":true,"valueName":"search_term_string"}}],"inLanguage":"es"},{"@type":"Organization","@id":"https:\/\/eticacomunica.com.mx\/#organization","name":"Diarios Digitales de Sinaloa","url":"https:\/\/eticacomunica.com.mx\/","logo":{"@type":"ImageObject","inLanguage":"es","@id":"https:\/\/eticacomunica.com.mx\/#\/schema\/logo\/image\/","url":"https:\/\/eticacomunica.com.mx\/wp-content\/uploads\/2023\/10\/etica-logo.png","contentUrl":"https:\/\/eticacomunica.com.mx\/wp-content\/uploads\/2023\/10\/etica-logo.png","width":1280,"height":432,"caption":"Diarios Digitales de Sinaloa"},"image":{"@id":"https:\/\/eticacomunica.com.mx\/#\/schema\/logo\/image\/"},"sameAs":["https:\/\/www.facebook.com\/eticacomunica"]},{"@type":"Person","@id":"https:\/\/eticacomunica.com.mx\/#\/schema\/person\/2cacc47bd17fe8ad92f08c0313d22fa6","name":"etica","image":{"@type":"ImageObject","inLanguage":"es","@id":"https:\/\/secure.gravatar.com\/avatar\/dfb45d32bc7097f8f06d6e4f6e6b387e7cb8fd5b3a2869265c40587ab62cab1e?s=96&d=mm&r=g","url":"https:\/\/secure.gravatar.com\/avatar\/dfb45d32bc7097f8f06d6e4f6e6b387e7cb8fd5b3a2869265c40587ab62cab1e?s=96&d=mm&r=g","contentUrl":"https:\/\/secure.gravatar.com\/avatar\/dfb45d32bc7097f8f06d6e4f6e6b387e7cb8fd5b3a2869265c40587ab62cab1e?s=96&d=mm&r=g","caption":"etica"},"sameAs":["https:\/\/eticacomunica.com.mx"],"url":"https:\/\/eticacomunica.com.mx\/?author=1"}]}},"jetpack_publicize_connections":[],"jetpack_featured_media_url":"https:\/\/eticacomunica.com.mx\/wp-content\/uploads\/2023\/02\/IMG-20230228-WA0049.jpg","jetpack_sharing_enabled":true,"_links":{"self":[{"href":"https:\/\/eticacomunica.com.mx\/index.php?rest_route=\/wp\/v2\/posts\/16310","targetHints":{"allow":["GET"]}}],"collection":[{"href":"https:\/\/eticacomunica.com.mx\/index.php?rest_route=\/wp\/v2\/posts"}],"about":[{"href":"https:\/\/eticacomunica.com.mx\/index.php?rest_route=\/wp\/v2\/types\/post"}],"author":[{"embeddable":true,"href":"https:\/\/eticacomunica.com.mx\/index.php?rest_route=\/wp\/v2\/users\/1"}],"replies":[{"embeddable":true,"href":"https:\/\/eticacomunica.com.mx\/index.php?rest_route=%2Fwp%2Fv2%2Fcomments&post=16310"}],"version-history":[{"count":0,"href":"https:\/\/eticacomunica.com.mx\/index.php?rest_route=\/wp\/v2\/posts\/16310\/revisions"}],"wp:featuredmedia":[{"embeddable":true,"href":"https:\/\/eticacomunica.com.mx\/index.php?rest_route=\/wp\/v2\/media\/16309"}],"wp:attachment":[{"href":"https:\/\/eticacomunica.com.mx\/index.php?rest_route=%2Fwp%2Fv2%2Fmedia&parent=16310"}],"wp:term":[{"taxonomy":"category","embeddable":true,"href":"https:\/\/eticacomunica.com.mx\/index.php?rest_route=%2Fwp%2Fv2%2Fcategories&post=16310"},{"taxonomy":"post_tag","embeddable":true,"href":"https:\/\/eticacomunica.com.mx\/index.php?rest_route=%2Fwp%2Fv2%2Ftags&post=16310"}],"curies":[{"name":"wp","href":"https:\/\/api.w.org\/{rel}","templated":true}]}}