{"id":16312,"date":"2023-02-28T15:27:57","date_gmt":"2023-02-28T22:27:57","guid":{"rendered":"https:\/\/eticacomunica.com.mx\/?p=16312"},"modified":"2023-02-28T15:27:57","modified_gmt":"2023-02-28T22:27:57","slug":"rocha-anuncia-nuevos-proyectos-turisticos-para-sinaloa","status":"publish","type":"post","link":"https:\/\/eticacomunica.com.mx\/?p=16312","title":{"rendered":"Rocha anuncia nuevos proyectos tur\u00edsticos para Sinaloa"},"content":{"rendered":"\n<p>Con la participaci\u00f3n de la iniciativa privada, se pretende ampliar los recorridos del tren tur\u00edstico El Chepe, hasta Mazatl\u00e1n.<\/p>\n\n\n\n<p>Adem\u00e1s Fonatur donar\u00e1 al Gobierno del Estado una parte del proyecto de Playa Esp\u00edritu, en Escuinapa.<\/p>\n\n\n\n<p>Tambi\u00e9n mostr\u00f3 su satisfacci\u00f3n de que Sinaloa tenga tres nominaciones a los Premios Lo Mejor de M\u00e9xico 2023_<\/p>\n\n\n\n<p>Culiac\u00e1n, Sinaloa, a 28 de febrero del 2023.- Durante su Conferencia Semanera, el gobernador Rub\u00e9n Rocha Moya dio a conocer que vienen para Sinaloa importantes proyectos tur\u00edsticos, como es la ampliaci\u00f3n del recorrido del tren El Chepe hasta Mazatl\u00e1n, para ofrecer a los turistas que hacen uso de este atractivo tur\u00edstico, en su mayor\u00eda extranjeros, la posibilidad de visitar los destinos de los Pueblos M\u00e1gicos de Mocorito, Cosal\u00e1, El Rosario, adem\u00e1s del que ya visitan en su itinerario, que es El Fuerte.<br><br>El mandatario estatal dio a conocer que se trata de un proyecto promovido por empresarios tur\u00edsticos, el cual est\u00e1 muy afianzado, y que involucrar\u00e1 a la empresa Ferromex, para el uso de la v\u00eda f\u00e9rrea, as\u00ed como la colaboraci\u00f3n del Gobierno del Estado de Sinaloa, que aportar\u00e1 alrededor de 60 millones de pesos para concretar el proyecto, a fin de que inicie operaciones en el corto plazo, en este mismo a\u00f1o.<br><br>El gobernador Rocha tambi\u00e9n abord\u00f3 en su Conferencia Semanera otro tema tur\u00edstico, como es el reordenamiento del proyecto Playa Esp\u00edritu, en Escuinapa, propiedad del Fondo Nacional de Fomento al Turismo (Fonatur), dependencia federal que donar\u00e1 una parte de las dos mil hect\u00e1reas  al Gobierno del Estado de Sinaloa para su aprovechamiento, mientras que la mitad de pol\u00edgono, mil hect\u00e1reas, se designar\u00e1n como \u00c1rea Natural Protegida, a fin de preservar y proteger la vida silvestre, flora, fauna y especies marinas.<br><br>Explic\u00f3 que para avanzar en este acuerdo, ayer lunes se reuni\u00f3 con el director general de Fonatur, Javier May Rodr\u00edguez, en sus oficinas en la Ciudad de M\u00e9xico (que fue el motivo por el cual su Conferencia Semanera se realiz\u00f3 este martes), y se acord\u00f3 que el viernes de la pr\u00f3xima semana vendr\u00e1 a Sinaloa un equipo de funcionarios para realizar una mesa de trabajo donde se especifique puntualmente las \u00e1reas a donar y formalizar el convenio.<br><br>\u201cVamos a establecer el viernes de la pr\u00f3xima semana, van a venir ellos aqu\u00ed, para establecer una mesa de trabajo y se va a determinar lo que es el \u00c1rea Natural Protegida, que es la mayor\u00eda de los terrenos que est\u00e1n en Playa Esp\u00edritu, lo que ha sido el CIP, y se va a dar a conocer cu\u00e1l es el \u00e1rea que nos van a donar a Sinaloa para que nosotros veamos ah\u00ed. Ya sabemos que son unas cuantas hect\u00e1reas, la gran cantidad va a ser para el \u00c1rea Natural Protegida y temas como, por ejemplo, la casa de playa que tiene ah\u00ed esa ya sali\u00f3 rifada, ya tiene due\u00f1o por uno de los sorteos y luego el hotel que est\u00e1 ah\u00ed, ese hotel s\u00ed nos dan a Sinaloa\u201d, explic\u00f3.<br><br>Por otra parte, el gobernador Rocha se refiri\u00f3 al proyecto tur\u00edstico promovido por empresarios privados, en el que se pretende ampliar el recorrido del tren El Chepe hasta Mazatl\u00e1n, el cual ya est\u00e1 muy afianzado, porque existe inter\u00e9s de todos los involucrados, como son las empresas del propio ferrocarril tur\u00edstico y Ferromex, quien rentar\u00e1 el uso de la v\u00eda.<br><br>El proyecto consiste en crear un itinerario del Chepe desde El Fuerte hasta Mazatl\u00e1n, para que los turistas que utilizan este tren tur\u00edstico, puedan conocer los destinos tradicionales, como Las Labradas, en San Ignacio, y los Pueblos M\u00e1gicos de Mocorito, Cosal\u00e1 y El Rosario, as\u00ed como el Pueblo Se\u00f1orial de Concordia.<br><br>\u201cCada una de las estaciones tendr\u00eda una conexi\u00f3n con Pueblos M\u00e1gicos, con otras \u00e1reas, y eso nos va a diversificar el tema del turismo. Le estamos poniendo ganas a eso, ya est\u00e1 hecho el proyecto, ya est\u00e1 concluido, ya se tiene el c\u00e1lculo de cu\u00e1nto cuesta, y si tuvi\u00e9ramos que aportar un recurso nosotros, solicitar\u00eda al Congreso que me autorice porque son cantidades mayores, unos 50, 60 millones de pesos\u201d, dijo.<br><br>El gobernador Rocha precis\u00f3 que este proyecto fue retomado de una idea que ya se hab\u00eda propuesto en el pasado, pero ahora existe la decisi\u00f3n de inversionistas privados para concretarlo posiblemente en este mismo a\u00f1o y destac\u00f3 que para el Gobierno del Estado es muy atractivo porque se reactivar\u00eda el ferrocarril de pasajeros, pues actualmente s\u00f3lo es de carga, con lo cual se tendr\u00e1 otra alternativa de movilidad.<br><br>En otro tema tambi\u00e9n tur\u00edstico, y a pregunta de los medios de comunicaci\u00f3n, el mandatario estatal mostr\u00f3 su satisfacci\u00f3n de que Sinaloa haya sido nominado en tres categor\u00edas de los premios Lo Mejor de M\u00e9xico 2023, las cuales son: \u201cMejor estado para disfrutar la gastronom\u00eda tradicional y contempor\u00e1nea\u201d, \u201cFiesta de Carnaval con mayor tradici\u00f3n y color\u201d  y \u201cEl estado que m\u00e1s deseo descubrir en el 2023\u201d.<br><br>Las votaciones ser\u00e1n a trav\u00e9s del sitio web Lomejormexico.com y se cerrar\u00e1n el d\u00eda 20 de marzo, una semana antes del Tianguis Tur\u00edstico 2023, a celebrarse en el Ciudad de M\u00e9xico del 26 al 29 de este mismo mes.<br><br>Por \u00faltimo, inform\u00f3 que el nuevo Acuario Mar de Cort\u00e9s, en Mazatl\u00e1n, est\u00e1 a punto de concluirse y abrir sus puertas al p\u00fablico, lo cual suceder\u00e1 en las pr\u00f3ximas semanas, y adelant\u00f3 que su gobierno est\u00e1 en pl\u00e1ticas con la empresa para que administre tambi\u00e9n las instalaciones del actual Acuario de Mazatl\u00e1n, pues ah\u00ed se quedar\u00e1n los ping\u00fcinos y los lobos marinos, los cuales no est\u00e1n contemplados para el nuevo acuario, y la propuesta es que esa empresa mantenga esos espect\u00e1culos y pague una renta al gobierno.<\/p>\n","protected":false},"excerpt":{"rendered":"<p>Con la participaci\u00f3n de la iniciativa privada, se pretende ampliar los recorridos del tren tur\u00edstico El Chepe, hasta Mazatl\u00e1n. Adem\u00e1s Fonatur donar\u00e1 al Gobierno del Estado una parte del proyecto&hellip;<\/p>\n","protected":false},"author":1,"featured_media":16311,"comment_status":"open","ping_status":"open","sticky":false,"template":"","format":"standard","meta":{"_jetpack_memberships_contains_paid_content":false,"footnotes":"","jetpack_publicize_message":"","jetpack_publicize_feature_enabled":true,"jetpack_social_post_already_shared":true,"jetpack_social_options":{"image_generator_settings":{"template":"highway","default_image_id":0,"font":"","enabled":false},"version":2}},"categories":[207,26],"tags":[34,109],"class_list":["post-16312","post","type-post","status-publish","format-standard","has-post-thumbnail","hentry","category-ges","category-portada","tag-gobierno-del-estado-de-sinaloa","tag-ruben-rocha-moya"],"yoast_head":"<!-- This site is optimized with the Yoast SEO plugin v27.2 - https:\/\/yoast.com\/product\/yoast-seo-wordpress\/ -->\n<title>Rocha anuncia nuevos proyectos tur\u00edsticos para Sinaloa - \u00c9tica Comunica<\/title>\n<meta name=\"robots\" content=\"index, follow, max-snippet:-1, max-image-preview:large, max-video-preview:-1\" \/>\n<link rel=\"canonical\" href=\"https:\/\/eticacomunica.com.mx\/?p=16312\" \/>\n<meta property=\"og:locale\" content=\"es_MX\" \/>\n<meta property=\"og:type\" content=\"article\" \/>\n<meta property=\"og:title\" content=\"Rocha anuncia nuevos proyectos tur\u00edsticos para Sinaloa - \u00c9tica Comunica\" \/>\n<meta property=\"og:description\" content=\"Con la participaci\u00f3n de la iniciativa privada, se pretende ampliar los recorridos del tren tur\u00edstico El Chepe, hasta Mazatl\u00e1n. Adem\u00e1s Fonatur donar\u00e1 al Gobierno del Estado una parte del proyecto&hellip;\" \/>\n<meta property=\"og:url\" content=\"https:\/\/eticacomunica.com.mx\/?p=16312\" \/>\n<meta property=\"og:site_name\" content=\"\u00c9tica Comunica\" \/>\n<meta property=\"article:publisher\" content=\"https:\/\/www.facebook.com\/eticacomunica\" \/>\n<meta property=\"article:published_time\" content=\"2023-02-28T22:27:57+00:00\" \/>\n<meta property=\"og:image\" content=\"https:\/\/eticacomunica.com.mx\/wp-content\/uploads\/2023\/02\/IMG-20230228-WA0055.jpg\" \/>\n\t<meta property=\"og:image:width\" content=\"1024\" \/>\n\t<meta property=\"og:image:height\" content=\"682\" \/>\n\t<meta property=\"og:image:type\" content=\"image\/jpeg\" \/>\n<meta name=\"author\" content=\"etica\" \/>\n<meta name=\"twitter:card\" content=\"summary_large_image\" \/>\n<meta name=\"twitter:label1\" content=\"Escrito por\" \/>\n\t<meta name=\"twitter:data1\" content=\"etica\" \/>\n\t<meta name=\"twitter:label2\" content=\"Tiempo de lectura\" \/>\n\t<meta name=\"twitter:data2\" content=\"5 minutos\" \/>\n<script type=\"application\/ld+json\" class=\"yoast-schema-graph\">{\"@context\":\"https:\/\/schema.org\",\"@graph\":[{\"@type\":\"Article\",\"@id\":\"https:\/\/eticacomunica.com.mx\/?p=16312#article\",\"isPartOf\":{\"@id\":\"https:\/\/eticacomunica.com.mx\/?p=16312\"},\"author\":{\"name\":\"etica\",\"@id\":\"https:\/\/eticacomunica.com.mx\/#\/schema\/person\/2cacc47bd17fe8ad92f08c0313d22fa6\"},\"headline\":\"Rocha anuncia nuevos proyectos tur\u00edsticos para Sinaloa\",\"datePublished\":\"2023-02-28T22:27:57+00:00\",\"mainEntityOfPage\":{\"@id\":\"https:\/\/eticacomunica.com.mx\/?p=16312\"},\"wordCount\":1018,\"commentCount\":0,\"publisher\":{\"@id\":\"https:\/\/eticacomunica.com.mx\/#organization\"},\"image\":{\"@id\":\"https:\/\/eticacomunica.com.mx\/?p=16312#primaryimage\"},\"thumbnailUrl\":\"https:\/\/eticacomunica.com.mx\/wp-content\/uploads\/2023\/02\/IMG-20230228-WA0055.jpg\",\"keywords\":[\"Gobierno del Estado de Sinaloa\",\"Rub\u00e9n Rocha Moya\"],\"articleSection\":[\"GES\",\"Portada\"],\"inLanguage\":\"es\",\"potentialAction\":[{\"@type\":\"CommentAction\",\"name\":\"Comment\",\"target\":[\"https:\/\/eticacomunica.com.mx\/?p=16312#respond\"]}]},{\"@type\":\"WebPage\",\"@id\":\"https:\/\/eticacomunica.com.mx\/?p=16312\",\"url\":\"https:\/\/eticacomunica.com.mx\/?p=16312\",\"name\":\"Rocha anuncia nuevos proyectos tur\u00edsticos para Sinaloa - \u00c9tica Comunica\",\"isPartOf\":{\"@id\":\"https:\/\/eticacomunica.com.mx\/#website\"},\"primaryImageOfPage\":{\"@id\":\"https:\/\/eticacomunica.com.mx\/?p=16312#primaryimage\"},\"image\":{\"@id\":\"https:\/\/eticacomunica.com.mx\/?p=16312#primaryimage\"},\"thumbnailUrl\":\"https:\/\/eticacomunica.com.mx\/wp-content\/uploads\/2023\/02\/IMG-20230228-WA0055.jpg\",\"datePublished\":\"2023-02-28T22:27:57+00:00\",\"breadcrumb\":{\"@id\":\"https:\/\/eticacomunica.com.mx\/?p=16312#breadcrumb\"},\"inLanguage\":\"es\",\"potentialAction\":[{\"@type\":\"ReadAction\",\"target\":[\"https:\/\/eticacomunica.com.mx\/?p=16312\"]}]},{\"@type\":\"ImageObject\",\"inLanguage\":\"es\",\"@id\":\"https:\/\/eticacomunica.com.mx\/?p=16312#primaryimage\",\"url\":\"https:\/\/eticacomunica.com.mx\/wp-content\/uploads\/2023\/02\/IMG-20230228-WA0055.jpg\",\"contentUrl\":\"https:\/\/eticacomunica.com.mx\/wp-content\/uploads\/2023\/02\/IMG-20230228-WA0055.jpg\",\"width\":1024,\"height\":682},{\"@type\":\"BreadcrumbList\",\"@id\":\"https:\/\/eticacomunica.com.mx\/?p=16312#breadcrumb\",\"itemListElement\":[{\"@type\":\"ListItem\",\"position\":1,\"name\":\"Inicio\",\"item\":\"https:\/\/eticacomunica.com.mx\/\"},{\"@type\":\"ListItem\",\"position\":2,\"name\":\"Rocha anuncia nuevos proyectos tur\u00edsticos para Sinaloa\"}]},{\"@type\":\"WebSite\",\"@id\":\"https:\/\/eticacomunica.com.mx\/#website\",\"url\":\"https:\/\/eticacomunica.com.mx\/\",\"name\":\"\u00c9tica Comunica\",\"description\":\"Diario Digital\",\"publisher\":{\"@id\":\"https:\/\/eticacomunica.com.mx\/#organization\"},\"potentialAction\":[{\"@type\":\"SearchAction\",\"target\":{\"@type\":\"EntryPoint\",\"urlTemplate\":\"https:\/\/eticacomunica.com.mx\/?s={search_term_string}\"},\"query-input\":{\"@type\":\"PropertyValueSpecification\",\"valueRequired\":true,\"valueName\":\"search_term_string\"}}],\"inLanguage\":\"es\"},{\"@type\":\"Organization\",\"@id\":\"https:\/\/eticacomunica.com.mx\/#organization\",\"name\":\"Diarios Digitales de Sinaloa\",\"url\":\"https:\/\/eticacomunica.com.mx\/\",\"logo\":{\"@type\":\"ImageObject\",\"inLanguage\":\"es\",\"@id\":\"https:\/\/eticacomunica.com.mx\/#\/schema\/logo\/image\/\",\"url\":\"https:\/\/eticacomunica.com.mx\/wp-content\/uploads\/2023\/10\/etica-logo.png\",\"contentUrl\":\"https:\/\/eticacomunica.com.mx\/wp-content\/uploads\/2023\/10\/etica-logo.png\",\"width\":1280,\"height\":432,\"caption\":\"Diarios Digitales de Sinaloa\"},\"image\":{\"@id\":\"https:\/\/eticacomunica.com.mx\/#\/schema\/logo\/image\/\"},\"sameAs\":[\"https:\/\/www.facebook.com\/eticacomunica\"]},{\"@type\":\"Person\",\"@id\":\"https:\/\/eticacomunica.com.mx\/#\/schema\/person\/2cacc47bd17fe8ad92f08c0313d22fa6\",\"name\":\"etica\",\"image\":{\"@type\":\"ImageObject\",\"inLanguage\":\"es\",\"@id\":\"https:\/\/secure.gravatar.com\/avatar\/dfb45d32bc7097f8f06d6e4f6e6b387e7cb8fd5b3a2869265c40587ab62cab1e?s=96&d=mm&r=g\",\"url\":\"https:\/\/secure.gravatar.com\/avatar\/dfb45d32bc7097f8f06d6e4f6e6b387e7cb8fd5b3a2869265c40587ab62cab1e?s=96&d=mm&r=g\",\"contentUrl\":\"https:\/\/secure.gravatar.com\/avatar\/dfb45d32bc7097f8f06d6e4f6e6b387e7cb8fd5b3a2869265c40587ab62cab1e?s=96&d=mm&r=g\",\"caption\":\"etica\"},\"sameAs\":[\"https:\/\/eticacomunica.com.mx\"],\"url\":\"https:\/\/eticacomunica.com.mx\/?author=1\"}]}<\/script>\n<!-- \/ Yoast SEO plugin. -->","yoast_head_json":{"title":"Rocha anuncia nuevos proyectos tur\u00edsticos para Sinaloa - \u00c9tica Comunica","robots":{"index":"index","follow":"follow","max-snippet":"max-snippet:-1","max-image-preview":"max-image-preview:large","max-video-preview":"max-video-preview:-1"},"canonical":"https:\/\/eticacomunica.com.mx\/?p=16312","og_locale":"es_MX","og_type":"article","og_title":"Rocha anuncia nuevos proyectos tur\u00edsticos para Sinaloa - \u00c9tica Comunica","og_description":"Con la participaci\u00f3n de la iniciativa privada, se pretende ampliar los recorridos del tren tur\u00edstico El Chepe, hasta Mazatl\u00e1n. Adem\u00e1s Fonatur donar\u00e1 al Gobierno del Estado una parte del proyecto&hellip;","og_url":"https:\/\/eticacomunica.com.mx\/?p=16312","og_site_name":"\u00c9tica Comunica","article_publisher":"https:\/\/www.facebook.com\/eticacomunica","article_published_time":"2023-02-28T22:27:57+00:00","og_image":[{"width":1024,"height":682,"url":"https:\/\/eticacomunica.com.mx\/wp-content\/uploads\/2023\/02\/IMG-20230228-WA0055.jpg","type":"image\/jpeg"}],"author":"etica","twitter_card":"summary_large_image","twitter_misc":{"Escrito por":"etica","Tiempo de lectura":"5 minutos"},"schema":{"@context":"https:\/\/schema.org","@graph":[{"@type":"Article","@id":"https:\/\/eticacomunica.com.mx\/?p=16312#article","isPartOf":{"@id":"https:\/\/eticacomunica.com.mx\/?p=16312"},"author":{"name":"etica","@id":"https:\/\/eticacomunica.com.mx\/#\/schema\/person\/2cacc47bd17fe8ad92f08c0313d22fa6"},"headline":"Rocha anuncia nuevos proyectos tur\u00edsticos para Sinaloa","datePublished":"2023-02-28T22:27:57+00:00","mainEntityOfPage":{"@id":"https:\/\/eticacomunica.com.mx\/?p=16312"},"wordCount":1018,"commentCount":0,"publisher":{"@id":"https:\/\/eticacomunica.com.mx\/#organization"},"image":{"@id":"https:\/\/eticacomunica.com.mx\/?p=16312#primaryimage"},"thumbnailUrl":"https:\/\/eticacomunica.com.mx\/wp-content\/uploads\/2023\/02\/IMG-20230228-WA0055.jpg","keywords":["Gobierno del Estado de Sinaloa","Rub\u00e9n Rocha Moya"],"articleSection":["GES","Portada"],"inLanguage":"es","potentialAction":[{"@type":"CommentAction","name":"Comment","target":["https:\/\/eticacomunica.com.mx\/?p=16312#respond"]}]},{"@type":"WebPage","@id":"https:\/\/eticacomunica.com.mx\/?p=16312","url":"https:\/\/eticacomunica.com.mx\/?p=16312","name":"Rocha anuncia nuevos proyectos tur\u00edsticos para Sinaloa - \u00c9tica Comunica","isPartOf":{"@id":"https:\/\/eticacomunica.com.mx\/#website"},"primaryImageOfPage":{"@id":"https:\/\/eticacomunica.com.mx\/?p=16312#primaryimage"},"image":{"@id":"https:\/\/eticacomunica.com.mx\/?p=16312#primaryimage"},"thumbnailUrl":"https:\/\/eticacomunica.com.mx\/wp-content\/uploads\/2023\/02\/IMG-20230228-WA0055.jpg","datePublished":"2023-02-28T22:27:57+00:00","breadcrumb":{"@id":"https:\/\/eticacomunica.com.mx\/?p=16312#breadcrumb"},"inLanguage":"es","potentialAction":[{"@type":"ReadAction","target":["https:\/\/eticacomunica.com.mx\/?p=16312"]}]},{"@type":"ImageObject","inLanguage":"es","@id":"https:\/\/eticacomunica.com.mx\/?p=16312#primaryimage","url":"https:\/\/eticacomunica.com.mx\/wp-content\/uploads\/2023\/02\/IMG-20230228-WA0055.jpg","contentUrl":"https:\/\/eticacomunica.com.mx\/wp-content\/uploads\/2023\/02\/IMG-20230228-WA0055.jpg","width":1024,"height":682},{"@type":"BreadcrumbList","@id":"https:\/\/eticacomunica.com.mx\/?p=16312#breadcrumb","itemListElement":[{"@type":"ListItem","position":1,"name":"Inicio","item":"https:\/\/eticacomunica.com.mx\/"},{"@type":"ListItem","position":2,"name":"Rocha anuncia nuevos proyectos tur\u00edsticos para Sinaloa"}]},{"@type":"WebSite","@id":"https:\/\/eticacomunica.com.mx\/#website","url":"https:\/\/eticacomunica.com.mx\/","name":"\u00c9tica Comunica","description":"Diario Digital","publisher":{"@id":"https:\/\/eticacomunica.com.mx\/#organization"},"potentialAction":[{"@type":"SearchAction","target":{"@type":"EntryPoint","urlTemplate":"https:\/\/eticacomunica.com.mx\/?s={search_term_string}"},"query-input":{"@type":"PropertyValueSpecification","valueRequired":true,"valueName":"search_term_string"}}],"inLanguage":"es"},{"@type":"Organization","@id":"https:\/\/eticacomunica.com.mx\/#organization","name":"Diarios Digitales de Sinaloa","url":"https:\/\/eticacomunica.com.mx\/","logo":{"@type":"ImageObject","inLanguage":"es","@id":"https:\/\/eticacomunica.com.mx\/#\/schema\/logo\/image\/","url":"https:\/\/eticacomunica.com.mx\/wp-content\/uploads\/2023\/10\/etica-logo.png","contentUrl":"https:\/\/eticacomunica.com.mx\/wp-content\/uploads\/2023\/10\/etica-logo.png","width":1280,"height":432,"caption":"Diarios Digitales de Sinaloa"},"image":{"@id":"https:\/\/eticacomunica.com.mx\/#\/schema\/logo\/image\/"},"sameAs":["https:\/\/www.facebook.com\/eticacomunica"]},{"@type":"Person","@id":"https:\/\/eticacomunica.com.mx\/#\/schema\/person\/2cacc47bd17fe8ad92f08c0313d22fa6","name":"etica","image":{"@type":"ImageObject","inLanguage":"es","@id":"https:\/\/secure.gravatar.com\/avatar\/dfb45d32bc7097f8f06d6e4f6e6b387e7cb8fd5b3a2869265c40587ab62cab1e?s=96&d=mm&r=g","url":"https:\/\/secure.gravatar.com\/avatar\/dfb45d32bc7097f8f06d6e4f6e6b387e7cb8fd5b3a2869265c40587ab62cab1e?s=96&d=mm&r=g","contentUrl":"https:\/\/secure.gravatar.com\/avatar\/dfb45d32bc7097f8f06d6e4f6e6b387e7cb8fd5b3a2869265c40587ab62cab1e?s=96&d=mm&r=g","caption":"etica"},"sameAs":["https:\/\/eticacomunica.com.mx"],"url":"https:\/\/eticacomunica.com.mx\/?author=1"}]}},"jetpack_publicize_connections":[],"jetpack_featured_media_url":"https:\/\/eticacomunica.com.mx\/wp-content\/uploads\/2023\/02\/IMG-20230228-WA0055.jpg","jetpack_sharing_enabled":true,"_links":{"self":[{"href":"https:\/\/eticacomunica.com.mx\/index.php?rest_route=\/wp\/v2\/posts\/16312","targetHints":{"allow":["GET"]}}],"collection":[{"href":"https:\/\/eticacomunica.com.mx\/index.php?rest_route=\/wp\/v2\/posts"}],"about":[{"href":"https:\/\/eticacomunica.com.mx\/index.php?rest_route=\/wp\/v2\/types\/post"}],"author":[{"embeddable":true,"href":"https:\/\/eticacomunica.com.mx\/index.php?rest_route=\/wp\/v2\/users\/1"}],"replies":[{"embeddable":true,"href":"https:\/\/eticacomunica.com.mx\/index.php?rest_route=%2Fwp%2Fv2%2Fcomments&post=16312"}],"version-history":[{"count":0,"href":"https:\/\/eticacomunica.com.mx\/index.php?rest_route=\/wp\/v2\/posts\/16312\/revisions"}],"wp:featuredmedia":[{"embeddable":true,"href":"https:\/\/eticacomunica.com.mx\/index.php?rest_route=\/wp\/v2\/media\/16311"}],"wp:attachment":[{"href":"https:\/\/eticacomunica.com.mx\/index.php?rest_route=%2Fwp%2Fv2%2Fmedia&parent=16312"}],"wp:term":[{"taxonomy":"category","embeddable":true,"href":"https:\/\/eticacomunica.com.mx\/index.php?rest_route=%2Fwp%2Fv2%2Fcategories&post=16312"},{"taxonomy":"post_tag","embeddable":true,"href":"https:\/\/eticacomunica.com.mx\/index.php?rest_route=%2Fwp%2Fv2%2Ftags&post=16312"}],"curies":[{"name":"wp","href":"https:\/\/api.w.org\/{rel}","templated":true}]}}