{"id":16401,"date":"2023-03-03T21:08:56","date_gmt":"2023-03-04T04:08:56","guid":{"rendered":"https:\/\/eticacomunica.com.mx\/?p=16401"},"modified":"2023-03-03T21:08:58","modified_gmt":"2023-03-04T04:08:58","slug":"ley-de-educacion-superior-del-estado-fortalece-autonomia-de-las-universidades-rocha","status":"publish","type":"post","link":"https:\/\/eticacomunica.com.mx\/?p=16401","title":{"rendered":"Ley de Educaci\u00f3n Superior del Estado fortalece autonom\u00eda de las universidades: Rocha"},"content":{"rendered":"\n<p>*La intromisi\u00f3n y violaciones a la autonom\u00eda universitaria vienen de entes externos<\/p>\n\n\n\n<p>*Consider\u00f3 positivo que se audite el manejo financiero de las Universidades como en cualquier otro ente aut\u00f3nomo<\/p>\n\n\n\n<p>Culiac\u00e1n, Sinaloa, a 3 de marzo del 2023.- El gobernador Rub\u00e9n Rocha Moya consider\u00f3 que la reciente reforma a la Ley de Educaci\u00f3n Superior de Sinaloa aprobada por los diputados de la 64 Legislatura del Congreso del Estado no viola la autonom\u00eda de las universidades, sino al contrario, la fortalece, y reiter\u00f3 que la autonom\u00eda se viola tambi\u00e9n desde el interior, cuando se deja a entes externos, mandar en la vida de una universidad.<\/p>\n\n\n\n<p>En entrevista con la prensa, el mandatario estatal abord\u00f3 este tema ante el posicionamiento que hizo este mismo viernes el Consejo Universitario de la Universidad Aut\u00f3noma de Sinaloa, de rechazo a tal reforma, con el argumento de que vulnera la autonom\u00eda de la instituci\u00f3n.<\/p>\n\n\n\n<p>Al respecto, el gobernador Rocha dijo que las autoridades universitarias y el rector Jes\u00fas Madue\u00f1a Molina tienen todo el derecho de impugnar la reforma ante la Suprema Corte de Justicia de la Naci\u00f3n, o tambi\u00e9n, mandar una iniciativa al Congreso del Estado para modificar la Ley General de Educaci\u00f3n, que ya entr\u00f3 en vigor al ser publicado el decreto respectivo en el Peri\u00f3dico Oficial.<\/p>\n\n\n\n<p>\u201cEs que eso es lo que deben de hacer, si consideran, tienen la conciencia de que se viola la autonom\u00eda con la ley que se expidi\u00f3, tiene el recurso jur\u00eddico hay que hacerlo valer, hagan valer. Yo personalmente publiqu\u00e9 la ley porque tengo la convicci\u00f3n de que no viola la autonom\u00eda universitaria, la propia opini\u00f3n del subsecretario de Educaci\u00f3n Superior es \u00e9sa, es la misma, porque adem\u00e1s juntos hicimos la Ley de Educaci\u00f3n Superior en el pa\u00eds, pero tienen derecho a acudir\u201d, aclar\u00f3.<\/p>\n\n\n\n<p>El gobernador Rocha dijo ser partidario de la idea de que el rector sea electo en una votaci\u00f3n abierta dirigida a toda la comunidad universitaria, compuesta por alumnos, maestros, trabajadores administrativos y las propias autoridades de la UAS, como es su Consejo Universitario, pues de esa manera es como \u00e9l mismo lleg\u00f3 a ser rector de la m\u00e1xima casa de estudios.<\/p>\n\n\n\n<p>\u201cYo soy partidario de que los universitarios, f\u00edjense bien, voy a decirlo as\u00ed aunque algunos no lo quieran, voten para nombrar a su rector. A m\u00ed me nombraron as\u00ed y por eso yo me siento un ex rector de la universidad, yo fui rector nombrado por la comunidad universitaria; por nadie m\u00e1s\u201d. \u00bfQu\u00e9 es la comunidad universitaria? -refiri\u00f3-, \u201cson los estudiantes, maestros, trabajadores y autoridades, entonces que lo hagan ellos los estudiantes, la comunidad universitaria. Soy partidario de que voten en una urna para elegir al rector y tambi\u00e9n lo hagan en su escuela, en su facultad para elegir al director y dir\u00e1n ustedes es populismo, no, es democracia. Nada m\u00e1s planteo una cosa para que haya compaginaci\u00f3n con el sentido acad\u00e9mico, que se proh\u00edban las campa\u00f1as electorales, que solo haya comparecencia juntos de quienes aspiren, si son cuatro, juntos tipo debate, que los conozcan los universitarios, que los propongan los universitarios, que lo diga la ley, que no lo diga el estatuto general de la Universidad, que lo diga la ley y entonces, que sean los universitarios los que nombren al rector\u201d, precis\u00f3.<\/p>\n\n\n\n<p>Por otra parte, el gobernador Rocha consider\u00f3 correcto y sano que se fiscalicen los recursos p\u00fablicos que maneja la UAS, pues ha quedado demostrado el manejo irregular que se ha ejercido, como es el cr\u00e9dito fiscal por 4 mil 700 millones de pesos que se contrajo con el SAT por no haber enterado las retenciones del ISR.<\/p>\n\n\n\n<p>\u201cDebe quedar bien claro a la sociedad que se necesita revisar el recurso p\u00fablico donde est\u00e9 y en la universidad est\u00e1 tambi\u00e9n demostrado que no manejan bien el recurso por los 4 mil 700 millones de pesos que no le han pagado al SAT. \u00bfQue hicieron con ellos, qu\u00e9 hicieron? \u00bfLo desviaron para pagar nomina acaso? Desviar es un delito porque era para pagar el ISR; o para pagar qu\u00e9 o d\u00e1rselo a quien lo desviaron? se\u00f1al\u00f3.<\/p>\n\n\n\n<p>\u201cNo tienen entonces ninguna raz\u00f3n, que la sociedad por favor se d\u00e9 cuenta, por qu\u00e9 se oponen a que se les revisen. Es m\u00e1s, el recurso propio que ingresan de colegiaturas a nadie les dan cuenta. Es que estamos en la era de la transparencia, la transparencia es parte de la democracia pero quedaron muy atr\u00e1s. Entonces, todo eso, como les llega dicen que es violaci\u00f3n a la autonom\u00eda y van a querer enga\u00f1ar a los estudiantes y decirles saben qu\u00e9, es que nos est\u00e1n violentando la autonom\u00eda para que les defiendan del privilegio o de los privilegios que han gozado y no compartir\u00edamos nada de esto\u201d, concluy\u00f3<\/p>\n","protected":false},"excerpt":{"rendered":"<p>*La intromisi\u00f3n y violaciones a la autonom\u00eda universitaria vienen de entes externos *Consider\u00f3 positivo que se audite el manejo financiero de las Universidades como en cualquier otro ente aut\u00f3nomo Culiac\u00e1n,&hellip;<\/p>\n","protected":false},"author":1,"featured_media":16402,"comment_status":"open","ping_status":"open","sticky":false,"template":"","format":"standard","meta":{"_jetpack_memberships_contains_paid_content":false,"footnotes":"","jetpack_publicize_message":"","jetpack_publicize_feature_enabled":true,"jetpack_social_post_already_shared":true,"jetpack_social_options":{"image_generator_settings":{"template":"highway","default_image_id":0,"font":"","enabled":false},"version":2}},"categories":[207,26],"tags":[34,109],"class_list":["post-16401","post","type-post","status-publish","format-standard","has-post-thumbnail","hentry","category-ges","category-portada","tag-gobierno-del-estado-de-sinaloa","tag-ruben-rocha-moya"],"yoast_head":"<!-- This site is optimized with the Yoast SEO plugin v27.2 - https:\/\/yoast.com\/product\/yoast-seo-wordpress\/ -->\n<title>Ley de Educaci\u00f3n Superior del Estado fortalece autonom\u00eda de las universidades: Rocha - \u00c9tica Comunica<\/title>\n<meta name=\"robots\" content=\"index, follow, max-snippet:-1, max-image-preview:large, max-video-preview:-1\" \/>\n<link rel=\"canonical\" href=\"https:\/\/eticacomunica.com.mx\/?p=16401\" \/>\n<meta property=\"og:locale\" content=\"es_MX\" \/>\n<meta property=\"og:type\" content=\"article\" \/>\n<meta property=\"og:title\" content=\"Ley de Educaci\u00f3n Superior del Estado fortalece autonom\u00eda de las universidades: Rocha - \u00c9tica Comunica\" \/>\n<meta property=\"og:description\" content=\"*La intromisi\u00f3n y violaciones a la autonom\u00eda universitaria vienen de entes externos *Consider\u00f3 positivo que se audite el manejo financiero de las Universidades como en cualquier otro ente aut\u00f3nomo Culiac\u00e1n,&hellip;\" \/>\n<meta property=\"og:url\" content=\"https:\/\/eticacomunica.com.mx\/?p=16401\" \/>\n<meta property=\"og:site_name\" content=\"\u00c9tica Comunica\" \/>\n<meta property=\"article:publisher\" content=\"https:\/\/www.facebook.com\/eticacomunica\" \/>\n<meta property=\"article:published_time\" content=\"2023-03-04T04:08:56+00:00\" \/>\n<meta property=\"article:modified_time\" content=\"2023-03-04T04:08:58+00:00\" \/>\n<meta property=\"og:image\" content=\"https:\/\/eticacomunica.com.mx\/wp-content\/uploads\/2023\/03\/WhatsApp-Image-2023-03-03-at-6.54.56-PM.jpeg\" \/>\n\t<meta property=\"og:image:width\" content=\"1600\" \/>\n\t<meta property=\"og:image:height\" content=\"1066\" \/>\n\t<meta property=\"og:image:type\" content=\"image\/jpeg\" \/>\n<meta name=\"author\" content=\"etica\" \/>\n<meta name=\"twitter:card\" content=\"summary_large_image\" \/>\n<meta name=\"twitter:label1\" content=\"Escrito por\" \/>\n\t<meta name=\"twitter:data1\" content=\"etica\" \/>\n\t<meta name=\"twitter:label2\" content=\"Tiempo de lectura\" \/>\n\t<meta name=\"twitter:data2\" content=\"4 minutos\" \/>\n<script type=\"application\/ld+json\" class=\"yoast-schema-graph\">{\"@context\":\"https:\/\/schema.org\",\"@graph\":[{\"@type\":\"Article\",\"@id\":\"https:\/\/eticacomunica.com.mx\/?p=16401#article\",\"isPartOf\":{\"@id\":\"https:\/\/eticacomunica.com.mx\/?p=16401\"},\"author\":{\"name\":\"etica\",\"@id\":\"https:\/\/eticacomunica.com.mx\/#\/schema\/person\/2cacc47bd17fe8ad92f08c0313d22fa6\"},\"headline\":\"Ley de Educaci\u00f3n Superior del Estado fortalece autonom\u00eda de las universidades: Rocha\",\"datePublished\":\"2023-03-04T04:08:56+00:00\",\"dateModified\":\"2023-03-04T04:08:58+00:00\",\"mainEntityOfPage\":{\"@id\":\"https:\/\/eticacomunica.com.mx\/?p=16401\"},\"wordCount\":843,\"commentCount\":0,\"publisher\":{\"@id\":\"https:\/\/eticacomunica.com.mx\/#organization\"},\"image\":{\"@id\":\"https:\/\/eticacomunica.com.mx\/?p=16401#primaryimage\"},\"thumbnailUrl\":\"https:\/\/eticacomunica.com.mx\/wp-content\/uploads\/2023\/03\/WhatsApp-Image-2023-03-03-at-6.54.56-PM.jpeg\",\"keywords\":[\"Gobierno del Estado de Sinaloa\",\"Rub\u00e9n Rocha Moya\"],\"articleSection\":[\"GES\",\"Portada\"],\"inLanguage\":\"es\",\"potentialAction\":[{\"@type\":\"CommentAction\",\"name\":\"Comment\",\"target\":[\"https:\/\/eticacomunica.com.mx\/?p=16401#respond\"]}]},{\"@type\":\"WebPage\",\"@id\":\"https:\/\/eticacomunica.com.mx\/?p=16401\",\"url\":\"https:\/\/eticacomunica.com.mx\/?p=16401\",\"name\":\"Ley de Educaci\u00f3n Superior del Estado fortalece autonom\u00eda de las universidades: Rocha - \u00c9tica Comunica\",\"isPartOf\":{\"@id\":\"https:\/\/eticacomunica.com.mx\/#website\"},\"primaryImageOfPage\":{\"@id\":\"https:\/\/eticacomunica.com.mx\/?p=16401#primaryimage\"},\"image\":{\"@id\":\"https:\/\/eticacomunica.com.mx\/?p=16401#primaryimage\"},\"thumbnailUrl\":\"https:\/\/eticacomunica.com.mx\/wp-content\/uploads\/2023\/03\/WhatsApp-Image-2023-03-03-at-6.54.56-PM.jpeg\",\"datePublished\":\"2023-03-04T04:08:56+00:00\",\"dateModified\":\"2023-03-04T04:08:58+00:00\",\"breadcrumb\":{\"@id\":\"https:\/\/eticacomunica.com.mx\/?p=16401#breadcrumb\"},\"inLanguage\":\"es\",\"potentialAction\":[{\"@type\":\"ReadAction\",\"target\":[\"https:\/\/eticacomunica.com.mx\/?p=16401\"]}]},{\"@type\":\"ImageObject\",\"inLanguage\":\"es\",\"@id\":\"https:\/\/eticacomunica.com.mx\/?p=16401#primaryimage\",\"url\":\"https:\/\/eticacomunica.com.mx\/wp-content\/uploads\/2023\/03\/WhatsApp-Image-2023-03-03-at-6.54.56-PM.jpeg\",\"contentUrl\":\"https:\/\/eticacomunica.com.mx\/wp-content\/uploads\/2023\/03\/WhatsApp-Image-2023-03-03-at-6.54.56-PM.jpeg\",\"width\":1600,\"height\":1066},{\"@type\":\"BreadcrumbList\",\"@id\":\"https:\/\/eticacomunica.com.mx\/?p=16401#breadcrumb\",\"itemListElement\":[{\"@type\":\"ListItem\",\"position\":1,\"name\":\"Inicio\",\"item\":\"https:\/\/eticacomunica.com.mx\/\"},{\"@type\":\"ListItem\",\"position\":2,\"name\":\"Ley de Educaci\u00f3n Superior del Estado fortalece autonom\u00eda de las universidades: Rocha\"}]},{\"@type\":\"WebSite\",\"@id\":\"https:\/\/eticacomunica.com.mx\/#website\",\"url\":\"https:\/\/eticacomunica.com.mx\/\",\"name\":\"\u00c9tica Comunica\",\"description\":\"Diario Digital\",\"publisher\":{\"@id\":\"https:\/\/eticacomunica.com.mx\/#organization\"},\"potentialAction\":[{\"@type\":\"SearchAction\",\"target\":{\"@type\":\"EntryPoint\",\"urlTemplate\":\"https:\/\/eticacomunica.com.mx\/?s={search_term_string}\"},\"query-input\":{\"@type\":\"PropertyValueSpecification\",\"valueRequired\":true,\"valueName\":\"search_term_string\"}}],\"inLanguage\":\"es\"},{\"@type\":\"Organization\",\"@id\":\"https:\/\/eticacomunica.com.mx\/#organization\",\"name\":\"Diarios Digitales de Sinaloa\",\"url\":\"https:\/\/eticacomunica.com.mx\/\",\"logo\":{\"@type\":\"ImageObject\",\"inLanguage\":\"es\",\"@id\":\"https:\/\/eticacomunica.com.mx\/#\/schema\/logo\/image\/\",\"url\":\"https:\/\/eticacomunica.com.mx\/wp-content\/uploads\/2023\/10\/etica-logo.png\",\"contentUrl\":\"https:\/\/eticacomunica.com.mx\/wp-content\/uploads\/2023\/10\/etica-logo.png\",\"width\":1280,\"height\":432,\"caption\":\"Diarios Digitales de Sinaloa\"},\"image\":{\"@id\":\"https:\/\/eticacomunica.com.mx\/#\/schema\/logo\/image\/\"},\"sameAs\":[\"https:\/\/www.facebook.com\/eticacomunica\"]},{\"@type\":\"Person\",\"@id\":\"https:\/\/eticacomunica.com.mx\/#\/schema\/person\/2cacc47bd17fe8ad92f08c0313d22fa6\",\"name\":\"etica\",\"image\":{\"@type\":\"ImageObject\",\"inLanguage\":\"es\",\"@id\":\"https:\/\/secure.gravatar.com\/avatar\/dfb45d32bc7097f8f06d6e4f6e6b387e7cb8fd5b3a2869265c40587ab62cab1e?s=96&d=mm&r=g\",\"url\":\"https:\/\/secure.gravatar.com\/avatar\/dfb45d32bc7097f8f06d6e4f6e6b387e7cb8fd5b3a2869265c40587ab62cab1e?s=96&d=mm&r=g\",\"contentUrl\":\"https:\/\/secure.gravatar.com\/avatar\/dfb45d32bc7097f8f06d6e4f6e6b387e7cb8fd5b3a2869265c40587ab62cab1e?s=96&d=mm&r=g\",\"caption\":\"etica\"},\"sameAs\":[\"https:\/\/eticacomunica.com.mx\"],\"url\":\"https:\/\/eticacomunica.com.mx\/?author=1\"}]}<\/script>\n<!-- \/ Yoast SEO plugin. -->","yoast_head_json":{"title":"Ley de Educaci\u00f3n Superior del Estado fortalece autonom\u00eda de las universidades: Rocha - \u00c9tica Comunica","robots":{"index":"index","follow":"follow","max-snippet":"max-snippet:-1","max-image-preview":"max-image-preview:large","max-video-preview":"max-video-preview:-1"},"canonical":"https:\/\/eticacomunica.com.mx\/?p=16401","og_locale":"es_MX","og_type":"article","og_title":"Ley de Educaci\u00f3n Superior del Estado fortalece autonom\u00eda de las universidades: Rocha - \u00c9tica Comunica","og_description":"*La intromisi\u00f3n y violaciones a la autonom\u00eda universitaria vienen de entes externos *Consider\u00f3 positivo que se audite el manejo financiero de las Universidades como en cualquier otro ente aut\u00f3nomo Culiac\u00e1n,&hellip;","og_url":"https:\/\/eticacomunica.com.mx\/?p=16401","og_site_name":"\u00c9tica Comunica","article_publisher":"https:\/\/www.facebook.com\/eticacomunica","article_published_time":"2023-03-04T04:08:56+00:00","article_modified_time":"2023-03-04T04:08:58+00:00","og_image":[{"width":1600,"height":1066,"url":"https:\/\/eticacomunica.com.mx\/wp-content\/uploads\/2023\/03\/WhatsApp-Image-2023-03-03-at-6.54.56-PM.jpeg","type":"image\/jpeg"}],"author":"etica","twitter_card":"summary_large_image","twitter_misc":{"Escrito por":"etica","Tiempo de lectura":"4 minutos"},"schema":{"@context":"https:\/\/schema.org","@graph":[{"@type":"Article","@id":"https:\/\/eticacomunica.com.mx\/?p=16401#article","isPartOf":{"@id":"https:\/\/eticacomunica.com.mx\/?p=16401"},"author":{"name":"etica","@id":"https:\/\/eticacomunica.com.mx\/#\/schema\/person\/2cacc47bd17fe8ad92f08c0313d22fa6"},"headline":"Ley de Educaci\u00f3n Superior del Estado fortalece autonom\u00eda de las universidades: Rocha","datePublished":"2023-03-04T04:08:56+00:00","dateModified":"2023-03-04T04:08:58+00:00","mainEntityOfPage":{"@id":"https:\/\/eticacomunica.com.mx\/?p=16401"},"wordCount":843,"commentCount":0,"publisher":{"@id":"https:\/\/eticacomunica.com.mx\/#organization"},"image":{"@id":"https:\/\/eticacomunica.com.mx\/?p=16401#primaryimage"},"thumbnailUrl":"https:\/\/eticacomunica.com.mx\/wp-content\/uploads\/2023\/03\/WhatsApp-Image-2023-03-03-at-6.54.56-PM.jpeg","keywords":["Gobierno del Estado de Sinaloa","Rub\u00e9n Rocha Moya"],"articleSection":["GES","Portada"],"inLanguage":"es","potentialAction":[{"@type":"CommentAction","name":"Comment","target":["https:\/\/eticacomunica.com.mx\/?p=16401#respond"]}]},{"@type":"WebPage","@id":"https:\/\/eticacomunica.com.mx\/?p=16401","url":"https:\/\/eticacomunica.com.mx\/?p=16401","name":"Ley de Educaci\u00f3n Superior del Estado fortalece autonom\u00eda de las universidades: Rocha - \u00c9tica Comunica","isPartOf":{"@id":"https:\/\/eticacomunica.com.mx\/#website"},"primaryImageOfPage":{"@id":"https:\/\/eticacomunica.com.mx\/?p=16401#primaryimage"},"image":{"@id":"https:\/\/eticacomunica.com.mx\/?p=16401#primaryimage"},"thumbnailUrl":"https:\/\/eticacomunica.com.mx\/wp-content\/uploads\/2023\/03\/WhatsApp-Image-2023-03-03-at-6.54.56-PM.jpeg","datePublished":"2023-03-04T04:08:56+00:00","dateModified":"2023-03-04T04:08:58+00:00","breadcrumb":{"@id":"https:\/\/eticacomunica.com.mx\/?p=16401#breadcrumb"},"inLanguage":"es","potentialAction":[{"@type":"ReadAction","target":["https:\/\/eticacomunica.com.mx\/?p=16401"]}]},{"@type":"ImageObject","inLanguage":"es","@id":"https:\/\/eticacomunica.com.mx\/?p=16401#primaryimage","url":"https:\/\/eticacomunica.com.mx\/wp-content\/uploads\/2023\/03\/WhatsApp-Image-2023-03-03-at-6.54.56-PM.jpeg","contentUrl":"https:\/\/eticacomunica.com.mx\/wp-content\/uploads\/2023\/03\/WhatsApp-Image-2023-03-03-at-6.54.56-PM.jpeg","width":1600,"height":1066},{"@type":"BreadcrumbList","@id":"https:\/\/eticacomunica.com.mx\/?p=16401#breadcrumb","itemListElement":[{"@type":"ListItem","position":1,"name":"Inicio","item":"https:\/\/eticacomunica.com.mx\/"},{"@type":"ListItem","position":2,"name":"Ley de Educaci\u00f3n Superior del Estado fortalece autonom\u00eda de las universidades: Rocha"}]},{"@type":"WebSite","@id":"https:\/\/eticacomunica.com.mx\/#website","url":"https:\/\/eticacomunica.com.mx\/","name":"\u00c9tica Comunica","description":"Diario Digital","publisher":{"@id":"https:\/\/eticacomunica.com.mx\/#organization"},"potentialAction":[{"@type":"SearchAction","target":{"@type":"EntryPoint","urlTemplate":"https:\/\/eticacomunica.com.mx\/?s={search_term_string}"},"query-input":{"@type":"PropertyValueSpecification","valueRequired":true,"valueName":"search_term_string"}}],"inLanguage":"es"},{"@type":"Organization","@id":"https:\/\/eticacomunica.com.mx\/#organization","name":"Diarios Digitales de Sinaloa","url":"https:\/\/eticacomunica.com.mx\/","logo":{"@type":"ImageObject","inLanguage":"es","@id":"https:\/\/eticacomunica.com.mx\/#\/schema\/logo\/image\/","url":"https:\/\/eticacomunica.com.mx\/wp-content\/uploads\/2023\/10\/etica-logo.png","contentUrl":"https:\/\/eticacomunica.com.mx\/wp-content\/uploads\/2023\/10\/etica-logo.png","width":1280,"height":432,"caption":"Diarios Digitales de Sinaloa"},"image":{"@id":"https:\/\/eticacomunica.com.mx\/#\/schema\/logo\/image\/"},"sameAs":["https:\/\/www.facebook.com\/eticacomunica"]},{"@type":"Person","@id":"https:\/\/eticacomunica.com.mx\/#\/schema\/person\/2cacc47bd17fe8ad92f08c0313d22fa6","name":"etica","image":{"@type":"ImageObject","inLanguage":"es","@id":"https:\/\/secure.gravatar.com\/avatar\/dfb45d32bc7097f8f06d6e4f6e6b387e7cb8fd5b3a2869265c40587ab62cab1e?s=96&d=mm&r=g","url":"https:\/\/secure.gravatar.com\/avatar\/dfb45d32bc7097f8f06d6e4f6e6b387e7cb8fd5b3a2869265c40587ab62cab1e?s=96&d=mm&r=g","contentUrl":"https:\/\/secure.gravatar.com\/avatar\/dfb45d32bc7097f8f06d6e4f6e6b387e7cb8fd5b3a2869265c40587ab62cab1e?s=96&d=mm&r=g","caption":"etica"},"sameAs":["https:\/\/eticacomunica.com.mx"],"url":"https:\/\/eticacomunica.com.mx\/?author=1"}]}},"jetpack_publicize_connections":[],"jetpack_featured_media_url":"https:\/\/eticacomunica.com.mx\/wp-content\/uploads\/2023\/03\/WhatsApp-Image-2023-03-03-at-6.54.56-PM.jpeg","jetpack_sharing_enabled":true,"_links":{"self":[{"href":"https:\/\/eticacomunica.com.mx\/index.php?rest_route=\/wp\/v2\/posts\/16401","targetHints":{"allow":["GET"]}}],"collection":[{"href":"https:\/\/eticacomunica.com.mx\/index.php?rest_route=\/wp\/v2\/posts"}],"about":[{"href":"https:\/\/eticacomunica.com.mx\/index.php?rest_route=\/wp\/v2\/types\/post"}],"author":[{"embeddable":true,"href":"https:\/\/eticacomunica.com.mx\/index.php?rest_route=\/wp\/v2\/users\/1"}],"replies":[{"embeddable":true,"href":"https:\/\/eticacomunica.com.mx\/index.php?rest_route=%2Fwp%2Fv2%2Fcomments&post=16401"}],"version-history":[{"count":1,"href":"https:\/\/eticacomunica.com.mx\/index.php?rest_route=\/wp\/v2\/posts\/16401\/revisions"}],"predecessor-version":[{"id":16403,"href":"https:\/\/eticacomunica.com.mx\/index.php?rest_route=\/wp\/v2\/posts\/16401\/revisions\/16403"}],"wp:featuredmedia":[{"embeddable":true,"href":"https:\/\/eticacomunica.com.mx\/index.php?rest_route=\/wp\/v2\/media\/16402"}],"wp:attachment":[{"href":"https:\/\/eticacomunica.com.mx\/index.php?rest_route=%2Fwp%2Fv2%2Fmedia&parent=16401"}],"wp:term":[{"taxonomy":"category","embeddable":true,"href":"https:\/\/eticacomunica.com.mx\/index.php?rest_route=%2Fwp%2Fv2%2Fcategories&post=16401"},{"taxonomy":"post_tag","embeddable":true,"href":"https:\/\/eticacomunica.com.mx\/index.php?rest_route=%2Fwp%2Fv2%2Ftags&post=16401"}],"curies":[{"name":"wp","href":"https:\/\/api.w.org\/{rel}","templated":true}]}}