{"id":17477,"date":"2023-04-17T20:58:00","date_gmt":"2023-04-18T02:58:00","guid":{"rendered":"https:\/\/eticacomunica.com.mx\/?p=17477"},"modified":"2023-04-19T21:00:24","modified_gmt":"2023-04-20T03:00:24","slug":"fortaleceran-los-proyectos-de-investigacion-en-el-primer-encuentro-regional-de-cuerpos-academicos","status":"publish","type":"post","link":"https:\/\/eticacomunica.com.mx\/?p=17477","title":{"rendered":"Fortalecer\u00e1n los proyectos de investigaci\u00f3n en el Primer Encuentro Regional de Cuerpos Acad\u00e9micos"},"content":{"rendered":"\n<p>Los cuerpos acad\u00e9micos Pol\u00edtica social, G\u00e9nero y Educaci\u00f3n de la Facultad de Trabajo Social de la Universidad Aut\u00f3noma de Sinaloa (UAS), Educaci\u00f3n y Procesos Psicosociales de la Universidad Aut\u00f3noma de Occidente (UAdeO) y Evaluaci\u00f3n, Relaciones Escolares, Salud y Sociedad y Gobierno de la Universidad Aut\u00f3noma de Baja California (UABC) se encuentran organizando el Primer Encuentro Regional de Cuerpos Acad\u00e9micos y Grupo de Investigaci\u00f3n en Educaci\u00f3n y Sociedad.<\/p>\n\n\n\n<p>La doctora Teresita del Ni\u00f1o Jes\u00fas Carrillo Montoya, colaboradora del Posgrado en Trabajo Social coment\u00f3 que para este primer encuentro se han reunido los integrantes de los cuerpos acad\u00e9micos de Pol\u00edtica Social, G\u00e9nero y Educaci\u00f3n, ya consolidados en la Facultad de Trabajo Social Culiac\u00e1n.<\/p>\n\n\n\n<p>Explic\u00f3 que la intenci\u00f3n de este primer encuentro es fortalecer los proyectos y trabajos que se est\u00e1n llevando a cabo en las diferentes regiones, tanto de manera nacional como internacional, as\u00ed como propiciar, conocer los temas de los dem\u00e1s cuerpos acad\u00e9micos y grupos de investigaci\u00f3n, vincular los esfuerzos para fortalecer las l\u00edneas de aplicaci\u00f3n y generaci\u00f3n del conocimiento para, en un futuro, convertirse en una red.<\/p>\n\n\n\n<p>La sede de este encuentro ser\u00e1 en Ensenada, Baja California, en la Facultad de Ciencias Administrativas y Sociales de la UABC y ser\u00e1 en modalidad tanto presencial como virtual, los d\u00edas 11, 12 y 13 de mayo del presente.<\/p>\n\n\n\n<p>En relaci\u00f3n a los ejes tem\u00e1ticos, la colaboradora de posgrado indic\u00f3 que se encuentran: Educaci\u00f3n Social y Calidad de Vida, Grupos vulnerables, desigualdades y multiculturalidad; Ciencia, innovaci\u00f3n y g\u00e9nero; Trayectorias escolares profesionales y laborales; Tecnolog\u00eda educativa y medios; Sujetos, procesos formativos y contexto social.<\/p>\n\n\n\n<p>Por \u00faltimo, Carrillo Montoya invit\u00f3 a los interesados en participar a acudir a la Unidad de Posgrado de la facultad, ya que se extendi\u00f3 el plazo para la presentaci\u00f3n de res\u00famenes al 21 de abril.<\/p>\n","protected":false},"excerpt":{"rendered":"<p>Los cuerpos acad\u00e9micos Pol\u00edtica social, G\u00e9nero y Educaci\u00f3n de la Facultad de Trabajo Social de la Universidad Aut\u00f3noma de Sinaloa (UAS), Educaci\u00f3n y Procesos Psicosociales de la Universidad Aut\u00f3noma de&hellip;<\/p>\n","protected":false},"author":1,"featured_media":17478,"comment_status":"open","ping_status":"open","sticky":false,"template":"","format":"standard","meta":{"_jetpack_memberships_contains_paid_content":false,"footnotes":"","jetpack_publicize_message":"","jetpack_publicize_feature_enabled":true,"jetpack_social_post_already_shared":true,"jetpack_social_options":{"image_generator_settings":{"template":"highway","default_image_id":0,"font":"","enabled":false},"version":2}},"categories":[40],"tags":[41],"class_list":["post-17477","post","type-post","status-publish","format-standard","has-post-thumbnail","hentry","category-educacion","tag-uas"],"yoast_head":"<!-- This site is optimized with the Yoast SEO plugin v27.2 - https:\/\/yoast.com\/product\/yoast-seo-wordpress\/ -->\n<title>Fortalecer\u00e1n los proyectos de investigaci\u00f3n en el Primer Encuentro Regional de Cuerpos Acad\u00e9micos - \u00c9tica Comunica<\/title>\n<meta name=\"robots\" content=\"index, follow, max-snippet:-1, max-image-preview:large, max-video-preview:-1\" \/>\n<link rel=\"canonical\" href=\"https:\/\/eticacomunica.com.mx\/?p=17477\" \/>\n<meta property=\"og:locale\" content=\"es_MX\" \/>\n<meta property=\"og:type\" content=\"article\" \/>\n<meta property=\"og:title\" content=\"Fortalecer\u00e1n los proyectos de investigaci\u00f3n en el Primer Encuentro Regional de Cuerpos Acad\u00e9micos - \u00c9tica Comunica\" \/>\n<meta property=\"og:description\" content=\"Los cuerpos acad\u00e9micos Pol\u00edtica social, G\u00e9nero y Educaci\u00f3n de la Facultad de Trabajo Social de la Universidad Aut\u00f3noma de Sinaloa (UAS), Educaci\u00f3n y Procesos Psicosociales de la Universidad Aut\u00f3noma de&hellip;\" \/>\n<meta property=\"og:url\" content=\"https:\/\/eticacomunica.com.mx\/?p=17477\" \/>\n<meta property=\"og:site_name\" content=\"\u00c9tica Comunica\" \/>\n<meta property=\"article:publisher\" content=\"https:\/\/www.facebook.com\/eticacomunica\" \/>\n<meta property=\"article:published_time\" content=\"2023-04-18T02:58:00+00:00\" \/>\n<meta property=\"article:modified_time\" content=\"2023-04-20T03:00:24+00:00\" \/>\n<meta property=\"og:image\" content=\"https:\/\/eticacomunica.com.mx\/wp-content\/uploads\/2023\/04\/grande_013497001681776546.jpg\" \/>\n\t<meta property=\"og:image:width\" content=\"1280\" \/>\n\t<meta property=\"og:image:height\" content=\"853\" \/>\n\t<meta property=\"og:image:type\" content=\"image\/jpeg\" \/>\n<meta name=\"author\" content=\"etica\" \/>\n<meta name=\"twitter:card\" content=\"summary_large_image\" \/>\n<meta name=\"twitter:label1\" content=\"Escrito por\" \/>\n\t<meta name=\"twitter:data1\" content=\"etica\" \/>\n\t<meta name=\"twitter:label2\" content=\"Tiempo de lectura\" \/>\n\t<meta name=\"twitter:data2\" content=\"2 minutos\" \/>\n<script type=\"application\/ld+json\" class=\"yoast-schema-graph\">{\"@context\":\"https:\/\/schema.org\",\"@graph\":[{\"@type\":\"Article\",\"@id\":\"https:\/\/eticacomunica.com.mx\/?p=17477#article\",\"isPartOf\":{\"@id\":\"https:\/\/eticacomunica.com.mx\/?p=17477\"},\"author\":{\"name\":\"etica\",\"@id\":\"https:\/\/eticacomunica.com.mx\/#\/schema\/person\/2cacc47bd17fe8ad92f08c0313d22fa6\"},\"headline\":\"Fortalecer\u00e1n los proyectos de investigaci\u00f3n en el Primer Encuentro Regional de Cuerpos Acad\u00e9micos\",\"datePublished\":\"2023-04-18T02:58:00+00:00\",\"dateModified\":\"2023-04-20T03:00:24+00:00\",\"mainEntityOfPage\":{\"@id\":\"https:\/\/eticacomunica.com.mx\/?p=17477\"},\"wordCount\":343,\"commentCount\":0,\"publisher\":{\"@id\":\"https:\/\/eticacomunica.com.mx\/#organization\"},\"image\":{\"@id\":\"https:\/\/eticacomunica.com.mx\/?p=17477#primaryimage\"},\"thumbnailUrl\":\"https:\/\/eticacomunica.com.mx\/wp-content\/uploads\/2023\/04\/grande_013497001681776546.jpg\",\"keywords\":[\"UAS\"],\"articleSection\":[\"Educaci\u00f3n\"],\"inLanguage\":\"es\",\"potentialAction\":[{\"@type\":\"CommentAction\",\"name\":\"Comment\",\"target\":[\"https:\/\/eticacomunica.com.mx\/?p=17477#respond\"]}]},{\"@type\":\"WebPage\",\"@id\":\"https:\/\/eticacomunica.com.mx\/?p=17477\",\"url\":\"https:\/\/eticacomunica.com.mx\/?p=17477\",\"name\":\"Fortalecer\u00e1n los proyectos de investigaci\u00f3n en el Primer Encuentro Regional de Cuerpos Acad\u00e9micos - \u00c9tica Comunica\",\"isPartOf\":{\"@id\":\"https:\/\/eticacomunica.com.mx\/#website\"},\"primaryImageOfPage\":{\"@id\":\"https:\/\/eticacomunica.com.mx\/?p=17477#primaryimage\"},\"image\":{\"@id\":\"https:\/\/eticacomunica.com.mx\/?p=17477#primaryimage\"},\"thumbnailUrl\":\"https:\/\/eticacomunica.com.mx\/wp-content\/uploads\/2023\/04\/grande_013497001681776546.jpg\",\"datePublished\":\"2023-04-18T02:58:00+00:00\",\"dateModified\":\"2023-04-20T03:00:24+00:00\",\"breadcrumb\":{\"@id\":\"https:\/\/eticacomunica.com.mx\/?p=17477#breadcrumb\"},\"inLanguage\":\"es\",\"potentialAction\":[{\"@type\":\"ReadAction\",\"target\":[\"https:\/\/eticacomunica.com.mx\/?p=17477\"]}]},{\"@type\":\"ImageObject\",\"inLanguage\":\"es\",\"@id\":\"https:\/\/eticacomunica.com.mx\/?p=17477#primaryimage\",\"url\":\"https:\/\/eticacomunica.com.mx\/wp-content\/uploads\/2023\/04\/grande_013497001681776546.jpg\",\"contentUrl\":\"https:\/\/eticacomunica.com.mx\/wp-content\/uploads\/2023\/04\/grande_013497001681776546.jpg\",\"width\":1280,\"height\":853},{\"@type\":\"BreadcrumbList\",\"@id\":\"https:\/\/eticacomunica.com.mx\/?p=17477#breadcrumb\",\"itemListElement\":[{\"@type\":\"ListItem\",\"position\":1,\"name\":\"Inicio\",\"item\":\"https:\/\/eticacomunica.com.mx\/\"},{\"@type\":\"ListItem\",\"position\":2,\"name\":\"Fortalecer\u00e1n los proyectos de investigaci\u00f3n en el Primer Encuentro Regional de Cuerpos Acad\u00e9micos\"}]},{\"@type\":\"WebSite\",\"@id\":\"https:\/\/eticacomunica.com.mx\/#website\",\"url\":\"https:\/\/eticacomunica.com.mx\/\",\"name\":\"\u00c9tica Comunica\",\"description\":\"Diario Digital\",\"publisher\":{\"@id\":\"https:\/\/eticacomunica.com.mx\/#organization\"},\"potentialAction\":[{\"@type\":\"SearchAction\",\"target\":{\"@type\":\"EntryPoint\",\"urlTemplate\":\"https:\/\/eticacomunica.com.mx\/?s={search_term_string}\"},\"query-input\":{\"@type\":\"PropertyValueSpecification\",\"valueRequired\":true,\"valueName\":\"search_term_string\"}}],\"inLanguage\":\"es\"},{\"@type\":\"Organization\",\"@id\":\"https:\/\/eticacomunica.com.mx\/#organization\",\"name\":\"Diarios Digitales de Sinaloa\",\"url\":\"https:\/\/eticacomunica.com.mx\/\",\"logo\":{\"@type\":\"ImageObject\",\"inLanguage\":\"es\",\"@id\":\"https:\/\/eticacomunica.com.mx\/#\/schema\/logo\/image\/\",\"url\":\"https:\/\/eticacomunica.com.mx\/wp-content\/uploads\/2023\/10\/etica-logo.png\",\"contentUrl\":\"https:\/\/eticacomunica.com.mx\/wp-content\/uploads\/2023\/10\/etica-logo.png\",\"width\":1280,\"height\":432,\"caption\":\"Diarios Digitales de Sinaloa\"},\"image\":{\"@id\":\"https:\/\/eticacomunica.com.mx\/#\/schema\/logo\/image\/\"},\"sameAs\":[\"https:\/\/www.facebook.com\/eticacomunica\"]},{\"@type\":\"Person\",\"@id\":\"https:\/\/eticacomunica.com.mx\/#\/schema\/person\/2cacc47bd17fe8ad92f08c0313d22fa6\",\"name\":\"etica\",\"image\":{\"@type\":\"ImageObject\",\"inLanguage\":\"es\",\"@id\":\"https:\/\/secure.gravatar.com\/avatar\/dfb45d32bc7097f8f06d6e4f6e6b387e7cb8fd5b3a2869265c40587ab62cab1e?s=96&d=mm&r=g\",\"url\":\"https:\/\/secure.gravatar.com\/avatar\/dfb45d32bc7097f8f06d6e4f6e6b387e7cb8fd5b3a2869265c40587ab62cab1e?s=96&d=mm&r=g\",\"contentUrl\":\"https:\/\/secure.gravatar.com\/avatar\/dfb45d32bc7097f8f06d6e4f6e6b387e7cb8fd5b3a2869265c40587ab62cab1e?s=96&d=mm&r=g\",\"caption\":\"etica\"},\"sameAs\":[\"https:\/\/eticacomunica.com.mx\"],\"url\":\"https:\/\/eticacomunica.com.mx\/?author=1\"}]}<\/script>\n<!-- \/ Yoast SEO plugin. -->","yoast_head_json":{"title":"Fortalecer\u00e1n los proyectos de investigaci\u00f3n en el Primer Encuentro Regional de Cuerpos Acad\u00e9micos - \u00c9tica Comunica","robots":{"index":"index","follow":"follow","max-snippet":"max-snippet:-1","max-image-preview":"max-image-preview:large","max-video-preview":"max-video-preview:-1"},"canonical":"https:\/\/eticacomunica.com.mx\/?p=17477","og_locale":"es_MX","og_type":"article","og_title":"Fortalecer\u00e1n los proyectos de investigaci\u00f3n en el Primer Encuentro Regional de Cuerpos Acad\u00e9micos - \u00c9tica Comunica","og_description":"Los cuerpos acad\u00e9micos Pol\u00edtica social, G\u00e9nero y Educaci\u00f3n de la Facultad de Trabajo Social de la Universidad Aut\u00f3noma de Sinaloa (UAS), Educaci\u00f3n y Procesos Psicosociales de la Universidad Aut\u00f3noma de&hellip;","og_url":"https:\/\/eticacomunica.com.mx\/?p=17477","og_site_name":"\u00c9tica Comunica","article_publisher":"https:\/\/www.facebook.com\/eticacomunica","article_published_time":"2023-04-18T02:58:00+00:00","article_modified_time":"2023-04-20T03:00:24+00:00","og_image":[{"width":1280,"height":853,"url":"https:\/\/eticacomunica.com.mx\/wp-content\/uploads\/2023\/04\/grande_013497001681776546.jpg","type":"image\/jpeg"}],"author":"etica","twitter_card":"summary_large_image","twitter_misc":{"Escrito por":"etica","Tiempo de lectura":"2 minutos"},"schema":{"@context":"https:\/\/schema.org","@graph":[{"@type":"Article","@id":"https:\/\/eticacomunica.com.mx\/?p=17477#article","isPartOf":{"@id":"https:\/\/eticacomunica.com.mx\/?p=17477"},"author":{"name":"etica","@id":"https:\/\/eticacomunica.com.mx\/#\/schema\/person\/2cacc47bd17fe8ad92f08c0313d22fa6"},"headline":"Fortalecer\u00e1n los proyectos de investigaci\u00f3n en el Primer Encuentro Regional de Cuerpos Acad\u00e9micos","datePublished":"2023-04-18T02:58:00+00:00","dateModified":"2023-04-20T03:00:24+00:00","mainEntityOfPage":{"@id":"https:\/\/eticacomunica.com.mx\/?p=17477"},"wordCount":343,"commentCount":0,"publisher":{"@id":"https:\/\/eticacomunica.com.mx\/#organization"},"image":{"@id":"https:\/\/eticacomunica.com.mx\/?p=17477#primaryimage"},"thumbnailUrl":"https:\/\/eticacomunica.com.mx\/wp-content\/uploads\/2023\/04\/grande_013497001681776546.jpg","keywords":["UAS"],"articleSection":["Educaci\u00f3n"],"inLanguage":"es","potentialAction":[{"@type":"CommentAction","name":"Comment","target":["https:\/\/eticacomunica.com.mx\/?p=17477#respond"]}]},{"@type":"WebPage","@id":"https:\/\/eticacomunica.com.mx\/?p=17477","url":"https:\/\/eticacomunica.com.mx\/?p=17477","name":"Fortalecer\u00e1n los proyectos de investigaci\u00f3n en el Primer Encuentro Regional de Cuerpos Acad\u00e9micos - \u00c9tica Comunica","isPartOf":{"@id":"https:\/\/eticacomunica.com.mx\/#website"},"primaryImageOfPage":{"@id":"https:\/\/eticacomunica.com.mx\/?p=17477#primaryimage"},"image":{"@id":"https:\/\/eticacomunica.com.mx\/?p=17477#primaryimage"},"thumbnailUrl":"https:\/\/eticacomunica.com.mx\/wp-content\/uploads\/2023\/04\/grande_013497001681776546.jpg","datePublished":"2023-04-18T02:58:00+00:00","dateModified":"2023-04-20T03:00:24+00:00","breadcrumb":{"@id":"https:\/\/eticacomunica.com.mx\/?p=17477#breadcrumb"},"inLanguage":"es","potentialAction":[{"@type":"ReadAction","target":["https:\/\/eticacomunica.com.mx\/?p=17477"]}]},{"@type":"ImageObject","inLanguage":"es","@id":"https:\/\/eticacomunica.com.mx\/?p=17477#primaryimage","url":"https:\/\/eticacomunica.com.mx\/wp-content\/uploads\/2023\/04\/grande_013497001681776546.jpg","contentUrl":"https:\/\/eticacomunica.com.mx\/wp-content\/uploads\/2023\/04\/grande_013497001681776546.jpg","width":1280,"height":853},{"@type":"BreadcrumbList","@id":"https:\/\/eticacomunica.com.mx\/?p=17477#breadcrumb","itemListElement":[{"@type":"ListItem","position":1,"name":"Inicio","item":"https:\/\/eticacomunica.com.mx\/"},{"@type":"ListItem","position":2,"name":"Fortalecer\u00e1n los proyectos de investigaci\u00f3n en el Primer Encuentro Regional de Cuerpos Acad\u00e9micos"}]},{"@type":"WebSite","@id":"https:\/\/eticacomunica.com.mx\/#website","url":"https:\/\/eticacomunica.com.mx\/","name":"\u00c9tica Comunica","description":"Diario Digital","publisher":{"@id":"https:\/\/eticacomunica.com.mx\/#organization"},"potentialAction":[{"@type":"SearchAction","target":{"@type":"EntryPoint","urlTemplate":"https:\/\/eticacomunica.com.mx\/?s={search_term_string}"},"query-input":{"@type":"PropertyValueSpecification","valueRequired":true,"valueName":"search_term_string"}}],"inLanguage":"es"},{"@type":"Organization","@id":"https:\/\/eticacomunica.com.mx\/#organization","name":"Diarios Digitales de Sinaloa","url":"https:\/\/eticacomunica.com.mx\/","logo":{"@type":"ImageObject","inLanguage":"es","@id":"https:\/\/eticacomunica.com.mx\/#\/schema\/logo\/image\/","url":"https:\/\/eticacomunica.com.mx\/wp-content\/uploads\/2023\/10\/etica-logo.png","contentUrl":"https:\/\/eticacomunica.com.mx\/wp-content\/uploads\/2023\/10\/etica-logo.png","width":1280,"height":432,"caption":"Diarios Digitales de Sinaloa"},"image":{"@id":"https:\/\/eticacomunica.com.mx\/#\/schema\/logo\/image\/"},"sameAs":["https:\/\/www.facebook.com\/eticacomunica"]},{"@type":"Person","@id":"https:\/\/eticacomunica.com.mx\/#\/schema\/person\/2cacc47bd17fe8ad92f08c0313d22fa6","name":"etica","image":{"@type":"ImageObject","inLanguage":"es","@id":"https:\/\/secure.gravatar.com\/avatar\/dfb45d32bc7097f8f06d6e4f6e6b387e7cb8fd5b3a2869265c40587ab62cab1e?s=96&d=mm&r=g","url":"https:\/\/secure.gravatar.com\/avatar\/dfb45d32bc7097f8f06d6e4f6e6b387e7cb8fd5b3a2869265c40587ab62cab1e?s=96&d=mm&r=g","contentUrl":"https:\/\/secure.gravatar.com\/avatar\/dfb45d32bc7097f8f06d6e4f6e6b387e7cb8fd5b3a2869265c40587ab62cab1e?s=96&d=mm&r=g","caption":"etica"},"sameAs":["https:\/\/eticacomunica.com.mx"],"url":"https:\/\/eticacomunica.com.mx\/?author=1"}]}},"jetpack_publicize_connections":[],"jetpack_featured_media_url":"https:\/\/eticacomunica.com.mx\/wp-content\/uploads\/2023\/04\/grande_013497001681776546.jpg","jetpack_sharing_enabled":true,"_links":{"self":[{"href":"https:\/\/eticacomunica.com.mx\/index.php?rest_route=\/wp\/v2\/posts\/17477","targetHints":{"allow":["GET"]}}],"collection":[{"href":"https:\/\/eticacomunica.com.mx\/index.php?rest_route=\/wp\/v2\/posts"}],"about":[{"href":"https:\/\/eticacomunica.com.mx\/index.php?rest_route=\/wp\/v2\/types\/post"}],"author":[{"embeddable":true,"href":"https:\/\/eticacomunica.com.mx\/index.php?rest_route=\/wp\/v2\/users\/1"}],"replies":[{"embeddable":true,"href":"https:\/\/eticacomunica.com.mx\/index.php?rest_route=%2Fwp%2Fv2%2Fcomments&post=17477"}],"version-history":[{"count":1,"href":"https:\/\/eticacomunica.com.mx\/index.php?rest_route=\/wp\/v2\/posts\/17477\/revisions"}],"predecessor-version":[{"id":17479,"href":"https:\/\/eticacomunica.com.mx\/index.php?rest_route=\/wp\/v2\/posts\/17477\/revisions\/17479"}],"wp:featuredmedia":[{"embeddable":true,"href":"https:\/\/eticacomunica.com.mx\/index.php?rest_route=\/wp\/v2\/media\/17478"}],"wp:attachment":[{"href":"https:\/\/eticacomunica.com.mx\/index.php?rest_route=%2Fwp%2Fv2%2Fmedia&parent=17477"}],"wp:term":[{"taxonomy":"category","embeddable":true,"href":"https:\/\/eticacomunica.com.mx\/index.php?rest_route=%2Fwp%2Fv2%2Fcategories&post=17477"},{"taxonomy":"post_tag","embeddable":true,"href":"https:\/\/eticacomunica.com.mx\/index.php?rest_route=%2Fwp%2Fv2%2Ftags&post=17477"}],"curies":[{"name":"wp","href":"https:\/\/api.w.org\/{rel}","templated":true}]}}