{"id":18928,"date":"2023-06-28T09:15:38","date_gmt":"2023-06-28T15:15:38","guid":{"rendered":"https:\/\/eticacomunica.com.mx\/?p=18928"},"modified":"2023-06-28T09:15:38","modified_gmt":"2023-06-28T15:15:38","slug":"construyendo-la-nueva-universidad-se-incorporan-a-la-sociedad-340-egresados-de-la-facultad-de-derecho-mazatlan","status":"publish","type":"post","link":"https:\/\/eticacomunica.com.mx\/?p=18928","title":{"rendered":"Construyendo la nueva Universidad, se incorporan a la sociedad 340 egresados de la Facultad de Derecho Mazatl\u00e1n"},"content":{"rendered":"\n<p>\u201cSolo una sociedad incluyente, justa e igualitaria avanzar\u00e1 hacia la verdad, la paz y concordia, hoy m\u00e1s que nunca conf\u00edo en la justicia mexicana, s\u00e9 que, en ustedes, en su preparaci\u00f3n, en sus principios, \u00e9sta habr\u00e1 de fortalecerse en beneficio de nuestra gran naci\u00f3n\u201d, expres\u00f3 el Rector de la Universidad Aut\u00f3noma de Sinaloa (UAS), doctor Jes\u00fas Madue\u00f1a Molina a los 340 egresados de la Facultad de Derecho Mazatl\u00e1n.<br> <br>La Licenciatura en Derecho Modalidad Escolarizada y Mixta Generaci\u00f3n 2018-2023 llev\u00f3 el nombre \u201cDr. Jes\u00fas Madue\u00f1a Molina&#8221; y la Licenciatura en Criminal\u00edstica y Ciencias Forenses<br>1ra. Generaci\u00f3n, el nombre &#8220;Lic. Cielo Yolanda Pe\u00f1uelas Perea&#8221;.<br> <br>\u201cHoy la Universidad est\u00e1 pasando por momentos complicados (\u2026) pero decirles a todos que estamos de pie, con la frente en alto defendiendo a nuestra querida Universidad Aut\u00f3noma de Sinaloa, porque la UAS es esto que tenemos hoy aqu\u00ed:  es una productora, una f\u00e1brica en donde se cristalizan los sue\u00f1os de miles y miles j\u00f3venes\u201d, manifest\u00f3 el Rector.<br> <br>Se\u00f1al\u00f3 que la filosof\u00eda de justicia y desarrollo de Eustaquio Buelna, fundador de la UAS, a\u00fan est\u00e1 presente en la instituci\u00f3n y es tan fuerte como la convicci\u00f3n de contribuir para que el estado de derecho prevalezca en todos los aspectos de la sociedad, y en esa defensa y promoci\u00f3n de la cultura de la legalidad se inscriben estas dos licenciaturas, disciplinas claves en el restablecimiento del orden p\u00fablico con base en la ley y la verdad.<br> <br>\u201cHoy que egresa una nueva generaci\u00f3n de abogados, as\u00ed como la nueva generaci\u00f3n de crimin\u00f3logos, nuestra m\u00e1xima casa de estudios se congratula con todos ustedes expres\u00e1ndoles una sincera felicitaci\u00f3n (\u2026) a mis nuevos ahijados y ahijadas los felicito por elegir un camino cuya v\u00eda es la b\u00fasqueda de la justicia, por aceptar defender las leyes y su esp\u00edritu base fundamental de nuestra vida en sociedad\u201d, dijo.<br> <br>A los egresados que fueron acompa\u00f1ados por sus familias y amigos les dese\u00f3 \u00e9xito en sus carreras, les extern\u00f3 que la Universidad est\u00e1 orgullosa de ellos y que deben sentirse seguros de sus conocimientos porque egresan de una de las mejores universidades del pa\u00eds.<br> <br>Por su parte el director de la Facultad de Derecho Mazatl\u00e1n, doctor Jos\u00e9 Ram\u00f3n Bonilla Rojas, ponder\u00f3 este evento porque se realiza en el contexto de la defensa legal de la autonom\u00eda universitaria y adem\u00e1s de felicitar a los egresados les pidi\u00f3 que siempre muestren solidaridad con su Universidad porque \u00e9sta los seguir\u00e1 ocupando.<br> <br>La madrina de la primera generaci\u00f3n de crimin\u00f3logos, Cielo Yolanda Pe\u00f1uelas Perea, exhort\u00f3 a los j\u00f3venes a no desistir en lo que sue\u00f1en y les aconsej\u00f3 que aun cuando no es f\u00e1cil iniciar en sus carreras deber\u00e1n experimentar el miedo para que se impulsen a seguir creciendo.<br> <br>A nombre de los graduados hablaron los alumnos con mejor promedio: Mar\u00eda Guadalupe L\u00f3pez Montoya y Georgia Alc\u00e1ntar Gavica de la licenciatura en Derecho Modalidad Escolarizada; Cristian Chico Coronado, de la Modalidad Mixta y Hermila Garc\u00eda Hern\u00e1ndez, de la licenciatura en Criminal\u00edstica y Ciencias Forenses.<\/p>\n\n\n\n<figure class=\"wp-block-image size-large\"><img loading=\"lazy\" decoding=\"async\" width=\"1024\" height=\"682\" src=\"https:\/\/eticacomunica.com.mx\/wp-content\/uploads\/2023\/06\/IMG-20230628-WA0002-1024x682.jpg\" alt=\"\" class=\"wp-image-18926\" srcset=\"https:\/\/eticacomunica.com.mx\/wp-content\/uploads\/2023\/06\/IMG-20230628-WA0002-1024x682.jpg 1024w, https:\/\/eticacomunica.com.mx\/wp-content\/uploads\/2023\/06\/IMG-20230628-WA0002-300x200.jpg 300w, https:\/\/eticacomunica.com.mx\/wp-content\/uploads\/2023\/06\/IMG-20230628-WA0002-768x512.jpg 768w, https:\/\/eticacomunica.com.mx\/wp-content\/uploads\/2023\/06\/IMG-20230628-WA0002-1536x1023.jpg 1536w, https:\/\/eticacomunica.com.mx\/wp-content\/uploads\/2023\/06\/IMG-20230628-WA0002-1170x780.jpg 1170w, https:\/\/eticacomunica.com.mx\/wp-content\/uploads\/2023\/06\/IMG-20230628-WA0002-585x390.jpg 585w, https:\/\/eticacomunica.com.mx\/wp-content\/uploads\/2023\/06\/IMG-20230628-WA0002-263x175.jpg 263w, https:\/\/eticacomunica.com.mx\/wp-content\/uploads\/2023\/06\/IMG-20230628-WA0002.jpg 1600w\" sizes=\"auto, (max-width: 1024px) 100vw, 1024px\" \/><\/figure>\n","protected":false},"excerpt":{"rendered":"<p>\u201cSolo una sociedad incluyente, justa e igualitaria avanzar\u00e1 hacia la verdad, la paz y concordia, hoy m\u00e1s que nunca conf\u00edo en la justicia mexicana, s\u00e9 que, en ustedes, en su&hellip;<\/p>\n","protected":false},"author":1,"featured_media":18927,"comment_status":"open","ping_status":"open","sticky":false,"template":"","format":"standard","meta":{"_jetpack_memberships_contains_paid_content":false,"footnotes":"","jetpack_publicize_message":"","jetpack_publicize_feature_enabled":true,"jetpack_social_post_already_shared":true,"jetpack_social_options":{"image_generator_settings":{"template":"highway","default_image_id":0,"font":"","enabled":false},"version":2}},"categories":[40],"tags":[41],"class_list":["post-18928","post","type-post","status-publish","format-standard","has-post-thumbnail","hentry","category-educacion","tag-uas"],"yoast_head":"<!-- This site is optimized with the Yoast SEO plugin v27.2 - https:\/\/yoast.com\/product\/yoast-seo-wordpress\/ -->\n<title>Construyendo la nueva Universidad, se incorporan a la sociedad 340 egresados de la Facultad de Derecho Mazatl\u00e1n - \u00c9tica Comunica<\/title>\n<meta name=\"robots\" content=\"index, follow, max-snippet:-1, max-image-preview:large, max-video-preview:-1\" \/>\n<link rel=\"canonical\" href=\"https:\/\/eticacomunica.com.mx\/?p=18928\" \/>\n<meta property=\"og:locale\" content=\"es_MX\" \/>\n<meta property=\"og:type\" content=\"article\" \/>\n<meta property=\"og:title\" content=\"Construyendo la nueva Universidad, se incorporan a la sociedad 340 egresados de la Facultad de Derecho Mazatl\u00e1n - \u00c9tica Comunica\" \/>\n<meta property=\"og:description\" content=\"\u201cSolo una sociedad incluyente, justa e igualitaria avanzar\u00e1 hacia la verdad, la paz y concordia, hoy m\u00e1s que nunca conf\u00edo en la justicia mexicana, s\u00e9 que, en ustedes, en su&hellip;\" \/>\n<meta property=\"og:url\" content=\"https:\/\/eticacomunica.com.mx\/?p=18928\" \/>\n<meta property=\"og:site_name\" content=\"\u00c9tica Comunica\" \/>\n<meta property=\"article:publisher\" content=\"https:\/\/www.facebook.com\/eticacomunica\" \/>\n<meta property=\"article:published_time\" content=\"2023-06-28T15:15:38+00:00\" \/>\n<meta property=\"og:image\" content=\"https:\/\/eticacomunica.com.mx\/wp-content\/uploads\/2023\/06\/IMG-20230628-WA0005.jpg\" \/>\n\t<meta property=\"og:image:width\" content=\"1463\" \/>\n\t<meta property=\"og:image:height\" content=\"1095\" \/>\n\t<meta property=\"og:image:type\" content=\"image\/jpeg\" \/>\n<meta name=\"author\" content=\"etica\" \/>\n<meta name=\"twitter:card\" content=\"summary_large_image\" \/>\n<meta name=\"twitter:label1\" content=\"Escrito por\" \/>\n\t<meta name=\"twitter:data1\" content=\"etica\" \/>\n\t<meta name=\"twitter:label2\" content=\"Tiempo de lectura\" \/>\n\t<meta name=\"twitter:data2\" content=\"3 minutos\" \/>\n<script type=\"application\/ld+json\" class=\"yoast-schema-graph\">{\"@context\":\"https:\/\/schema.org\",\"@graph\":[{\"@type\":\"Article\",\"@id\":\"https:\/\/eticacomunica.com.mx\/?p=18928#article\",\"isPartOf\":{\"@id\":\"https:\/\/eticacomunica.com.mx\/?p=18928\"},\"author\":{\"name\":\"etica\",\"@id\":\"https:\/\/eticacomunica.com.mx\/#\/schema\/person\/2cacc47bd17fe8ad92f08c0313d22fa6\"},\"headline\":\"Construyendo la nueva Universidad, se incorporan a la sociedad 340 egresados de la Facultad de Derecho Mazatl\u00e1n\",\"datePublished\":\"2023-06-28T15:15:38+00:00\",\"mainEntityOfPage\":{\"@id\":\"https:\/\/eticacomunica.com.mx\/?p=18928\"},\"wordCount\":560,\"commentCount\":0,\"publisher\":{\"@id\":\"https:\/\/eticacomunica.com.mx\/#organization\"},\"image\":{\"@id\":\"https:\/\/eticacomunica.com.mx\/?p=18928#primaryimage\"},\"thumbnailUrl\":\"https:\/\/eticacomunica.com.mx\/wp-content\/uploads\/2023\/06\/IMG-20230628-WA0005.jpg\",\"keywords\":[\"UAS\"],\"articleSection\":[\"Educaci\u00f3n\"],\"inLanguage\":\"es\",\"potentialAction\":[{\"@type\":\"CommentAction\",\"name\":\"Comment\",\"target\":[\"https:\/\/eticacomunica.com.mx\/?p=18928#respond\"]}]},{\"@type\":\"WebPage\",\"@id\":\"https:\/\/eticacomunica.com.mx\/?p=18928\",\"url\":\"https:\/\/eticacomunica.com.mx\/?p=18928\",\"name\":\"Construyendo la nueva Universidad, se incorporan a la sociedad 340 egresados de la Facultad de Derecho Mazatl\u00e1n - \u00c9tica Comunica\",\"isPartOf\":{\"@id\":\"https:\/\/eticacomunica.com.mx\/#website\"},\"primaryImageOfPage\":{\"@id\":\"https:\/\/eticacomunica.com.mx\/?p=18928#primaryimage\"},\"image\":{\"@id\":\"https:\/\/eticacomunica.com.mx\/?p=18928#primaryimage\"},\"thumbnailUrl\":\"https:\/\/eticacomunica.com.mx\/wp-content\/uploads\/2023\/06\/IMG-20230628-WA0005.jpg\",\"datePublished\":\"2023-06-28T15:15:38+00:00\",\"breadcrumb\":{\"@id\":\"https:\/\/eticacomunica.com.mx\/?p=18928#breadcrumb\"},\"inLanguage\":\"es\",\"potentialAction\":[{\"@type\":\"ReadAction\",\"target\":[\"https:\/\/eticacomunica.com.mx\/?p=18928\"]}]},{\"@type\":\"ImageObject\",\"inLanguage\":\"es\",\"@id\":\"https:\/\/eticacomunica.com.mx\/?p=18928#primaryimage\",\"url\":\"https:\/\/eticacomunica.com.mx\/wp-content\/uploads\/2023\/06\/IMG-20230628-WA0005.jpg\",\"contentUrl\":\"https:\/\/eticacomunica.com.mx\/wp-content\/uploads\/2023\/06\/IMG-20230628-WA0005.jpg\",\"width\":1463,\"height\":1095},{\"@type\":\"BreadcrumbList\",\"@id\":\"https:\/\/eticacomunica.com.mx\/?p=18928#breadcrumb\",\"itemListElement\":[{\"@type\":\"ListItem\",\"position\":1,\"name\":\"Inicio\",\"item\":\"https:\/\/eticacomunica.com.mx\/\"},{\"@type\":\"ListItem\",\"position\":2,\"name\":\"Construyendo la nueva Universidad, se incorporan a la sociedad 340 egresados de la Facultad de Derecho Mazatl\u00e1n\"}]},{\"@type\":\"WebSite\",\"@id\":\"https:\/\/eticacomunica.com.mx\/#website\",\"url\":\"https:\/\/eticacomunica.com.mx\/\",\"name\":\"\u00c9tica Comunica\",\"description\":\"Diario Digital\",\"publisher\":{\"@id\":\"https:\/\/eticacomunica.com.mx\/#organization\"},\"potentialAction\":[{\"@type\":\"SearchAction\",\"target\":{\"@type\":\"EntryPoint\",\"urlTemplate\":\"https:\/\/eticacomunica.com.mx\/?s={search_term_string}\"},\"query-input\":{\"@type\":\"PropertyValueSpecification\",\"valueRequired\":true,\"valueName\":\"search_term_string\"}}],\"inLanguage\":\"es\"},{\"@type\":\"Organization\",\"@id\":\"https:\/\/eticacomunica.com.mx\/#organization\",\"name\":\"Diarios Digitales de Sinaloa\",\"url\":\"https:\/\/eticacomunica.com.mx\/\",\"logo\":{\"@type\":\"ImageObject\",\"inLanguage\":\"es\",\"@id\":\"https:\/\/eticacomunica.com.mx\/#\/schema\/logo\/image\/\",\"url\":\"https:\/\/eticacomunica.com.mx\/wp-content\/uploads\/2023\/10\/etica-logo.png\",\"contentUrl\":\"https:\/\/eticacomunica.com.mx\/wp-content\/uploads\/2023\/10\/etica-logo.png\",\"width\":1280,\"height\":432,\"caption\":\"Diarios Digitales de Sinaloa\"},\"image\":{\"@id\":\"https:\/\/eticacomunica.com.mx\/#\/schema\/logo\/image\/\"},\"sameAs\":[\"https:\/\/www.facebook.com\/eticacomunica\"]},{\"@type\":\"Person\",\"@id\":\"https:\/\/eticacomunica.com.mx\/#\/schema\/person\/2cacc47bd17fe8ad92f08c0313d22fa6\",\"name\":\"etica\",\"image\":{\"@type\":\"ImageObject\",\"inLanguage\":\"es\",\"@id\":\"https:\/\/secure.gravatar.com\/avatar\/dfb45d32bc7097f8f06d6e4f6e6b387e7cb8fd5b3a2869265c40587ab62cab1e?s=96&d=mm&r=g\",\"url\":\"https:\/\/secure.gravatar.com\/avatar\/dfb45d32bc7097f8f06d6e4f6e6b387e7cb8fd5b3a2869265c40587ab62cab1e?s=96&d=mm&r=g\",\"contentUrl\":\"https:\/\/secure.gravatar.com\/avatar\/dfb45d32bc7097f8f06d6e4f6e6b387e7cb8fd5b3a2869265c40587ab62cab1e?s=96&d=mm&r=g\",\"caption\":\"etica\"},\"sameAs\":[\"https:\/\/eticacomunica.com.mx\"],\"url\":\"https:\/\/eticacomunica.com.mx\/?author=1\"}]}<\/script>\n<!-- \/ Yoast SEO plugin. -->","yoast_head_json":{"title":"Construyendo la nueva Universidad, se incorporan a la sociedad 340 egresados de la Facultad de Derecho Mazatl\u00e1n - \u00c9tica Comunica","robots":{"index":"index","follow":"follow","max-snippet":"max-snippet:-1","max-image-preview":"max-image-preview:large","max-video-preview":"max-video-preview:-1"},"canonical":"https:\/\/eticacomunica.com.mx\/?p=18928","og_locale":"es_MX","og_type":"article","og_title":"Construyendo la nueva Universidad, se incorporan a la sociedad 340 egresados de la Facultad de Derecho Mazatl\u00e1n - \u00c9tica Comunica","og_description":"\u201cSolo una sociedad incluyente, justa e igualitaria avanzar\u00e1 hacia la verdad, la paz y concordia, hoy m\u00e1s que nunca conf\u00edo en la justicia mexicana, s\u00e9 que, en ustedes, en su&hellip;","og_url":"https:\/\/eticacomunica.com.mx\/?p=18928","og_site_name":"\u00c9tica Comunica","article_publisher":"https:\/\/www.facebook.com\/eticacomunica","article_published_time":"2023-06-28T15:15:38+00:00","og_image":[{"width":1463,"height":1095,"url":"https:\/\/eticacomunica.com.mx\/wp-content\/uploads\/2023\/06\/IMG-20230628-WA0005.jpg","type":"image\/jpeg"}],"author":"etica","twitter_card":"summary_large_image","twitter_misc":{"Escrito por":"etica","Tiempo de lectura":"3 minutos"},"schema":{"@context":"https:\/\/schema.org","@graph":[{"@type":"Article","@id":"https:\/\/eticacomunica.com.mx\/?p=18928#article","isPartOf":{"@id":"https:\/\/eticacomunica.com.mx\/?p=18928"},"author":{"name":"etica","@id":"https:\/\/eticacomunica.com.mx\/#\/schema\/person\/2cacc47bd17fe8ad92f08c0313d22fa6"},"headline":"Construyendo la nueva Universidad, se incorporan a la sociedad 340 egresados de la Facultad de Derecho Mazatl\u00e1n","datePublished":"2023-06-28T15:15:38+00:00","mainEntityOfPage":{"@id":"https:\/\/eticacomunica.com.mx\/?p=18928"},"wordCount":560,"commentCount":0,"publisher":{"@id":"https:\/\/eticacomunica.com.mx\/#organization"},"image":{"@id":"https:\/\/eticacomunica.com.mx\/?p=18928#primaryimage"},"thumbnailUrl":"https:\/\/eticacomunica.com.mx\/wp-content\/uploads\/2023\/06\/IMG-20230628-WA0005.jpg","keywords":["UAS"],"articleSection":["Educaci\u00f3n"],"inLanguage":"es","potentialAction":[{"@type":"CommentAction","name":"Comment","target":["https:\/\/eticacomunica.com.mx\/?p=18928#respond"]}]},{"@type":"WebPage","@id":"https:\/\/eticacomunica.com.mx\/?p=18928","url":"https:\/\/eticacomunica.com.mx\/?p=18928","name":"Construyendo la nueva Universidad, se incorporan a la sociedad 340 egresados de la Facultad de Derecho Mazatl\u00e1n - \u00c9tica Comunica","isPartOf":{"@id":"https:\/\/eticacomunica.com.mx\/#website"},"primaryImageOfPage":{"@id":"https:\/\/eticacomunica.com.mx\/?p=18928#primaryimage"},"image":{"@id":"https:\/\/eticacomunica.com.mx\/?p=18928#primaryimage"},"thumbnailUrl":"https:\/\/eticacomunica.com.mx\/wp-content\/uploads\/2023\/06\/IMG-20230628-WA0005.jpg","datePublished":"2023-06-28T15:15:38+00:00","breadcrumb":{"@id":"https:\/\/eticacomunica.com.mx\/?p=18928#breadcrumb"},"inLanguage":"es","potentialAction":[{"@type":"ReadAction","target":["https:\/\/eticacomunica.com.mx\/?p=18928"]}]},{"@type":"ImageObject","inLanguage":"es","@id":"https:\/\/eticacomunica.com.mx\/?p=18928#primaryimage","url":"https:\/\/eticacomunica.com.mx\/wp-content\/uploads\/2023\/06\/IMG-20230628-WA0005.jpg","contentUrl":"https:\/\/eticacomunica.com.mx\/wp-content\/uploads\/2023\/06\/IMG-20230628-WA0005.jpg","width":1463,"height":1095},{"@type":"BreadcrumbList","@id":"https:\/\/eticacomunica.com.mx\/?p=18928#breadcrumb","itemListElement":[{"@type":"ListItem","position":1,"name":"Inicio","item":"https:\/\/eticacomunica.com.mx\/"},{"@type":"ListItem","position":2,"name":"Construyendo la nueva Universidad, se incorporan a la sociedad 340 egresados de la Facultad de Derecho Mazatl\u00e1n"}]},{"@type":"WebSite","@id":"https:\/\/eticacomunica.com.mx\/#website","url":"https:\/\/eticacomunica.com.mx\/","name":"\u00c9tica Comunica","description":"Diario Digital","publisher":{"@id":"https:\/\/eticacomunica.com.mx\/#organization"},"potentialAction":[{"@type":"SearchAction","target":{"@type":"EntryPoint","urlTemplate":"https:\/\/eticacomunica.com.mx\/?s={search_term_string}"},"query-input":{"@type":"PropertyValueSpecification","valueRequired":true,"valueName":"search_term_string"}}],"inLanguage":"es"},{"@type":"Organization","@id":"https:\/\/eticacomunica.com.mx\/#organization","name":"Diarios Digitales de Sinaloa","url":"https:\/\/eticacomunica.com.mx\/","logo":{"@type":"ImageObject","inLanguage":"es","@id":"https:\/\/eticacomunica.com.mx\/#\/schema\/logo\/image\/","url":"https:\/\/eticacomunica.com.mx\/wp-content\/uploads\/2023\/10\/etica-logo.png","contentUrl":"https:\/\/eticacomunica.com.mx\/wp-content\/uploads\/2023\/10\/etica-logo.png","width":1280,"height":432,"caption":"Diarios Digitales de Sinaloa"},"image":{"@id":"https:\/\/eticacomunica.com.mx\/#\/schema\/logo\/image\/"},"sameAs":["https:\/\/www.facebook.com\/eticacomunica"]},{"@type":"Person","@id":"https:\/\/eticacomunica.com.mx\/#\/schema\/person\/2cacc47bd17fe8ad92f08c0313d22fa6","name":"etica","image":{"@type":"ImageObject","inLanguage":"es","@id":"https:\/\/secure.gravatar.com\/avatar\/dfb45d32bc7097f8f06d6e4f6e6b387e7cb8fd5b3a2869265c40587ab62cab1e?s=96&d=mm&r=g","url":"https:\/\/secure.gravatar.com\/avatar\/dfb45d32bc7097f8f06d6e4f6e6b387e7cb8fd5b3a2869265c40587ab62cab1e?s=96&d=mm&r=g","contentUrl":"https:\/\/secure.gravatar.com\/avatar\/dfb45d32bc7097f8f06d6e4f6e6b387e7cb8fd5b3a2869265c40587ab62cab1e?s=96&d=mm&r=g","caption":"etica"},"sameAs":["https:\/\/eticacomunica.com.mx"],"url":"https:\/\/eticacomunica.com.mx\/?author=1"}]}},"jetpack_publicize_connections":[],"jetpack_featured_media_url":"https:\/\/eticacomunica.com.mx\/wp-content\/uploads\/2023\/06\/IMG-20230628-WA0005.jpg","jetpack_sharing_enabled":true,"_links":{"self":[{"href":"https:\/\/eticacomunica.com.mx\/index.php?rest_route=\/wp\/v2\/posts\/18928","targetHints":{"allow":["GET"]}}],"collection":[{"href":"https:\/\/eticacomunica.com.mx\/index.php?rest_route=\/wp\/v2\/posts"}],"about":[{"href":"https:\/\/eticacomunica.com.mx\/index.php?rest_route=\/wp\/v2\/types\/post"}],"author":[{"embeddable":true,"href":"https:\/\/eticacomunica.com.mx\/index.php?rest_route=\/wp\/v2\/users\/1"}],"replies":[{"embeddable":true,"href":"https:\/\/eticacomunica.com.mx\/index.php?rest_route=%2Fwp%2Fv2%2Fcomments&post=18928"}],"version-history":[{"count":0,"href":"https:\/\/eticacomunica.com.mx\/index.php?rest_route=\/wp\/v2\/posts\/18928\/revisions"}],"wp:featuredmedia":[{"embeddable":true,"href":"https:\/\/eticacomunica.com.mx\/index.php?rest_route=\/wp\/v2\/media\/18927"}],"wp:attachment":[{"href":"https:\/\/eticacomunica.com.mx\/index.php?rest_route=%2Fwp%2Fv2%2Fmedia&parent=18928"}],"wp:term":[{"taxonomy":"category","embeddable":true,"href":"https:\/\/eticacomunica.com.mx\/index.php?rest_route=%2Fwp%2Fv2%2Fcategories&post=18928"},{"taxonomy":"post_tag","embeddable":true,"href":"https:\/\/eticacomunica.com.mx\/index.php?rest_route=%2Fwp%2Fv2%2Ftags&post=18928"}],"curies":[{"name":"wp","href":"https:\/\/api.w.org\/{rel}","templated":true}]}}