{"id":19623,"date":"2023-08-08T20:41:17","date_gmt":"2023-08-09T02:41:17","guid":{"rendered":"https:\/\/eticacomunica.com.mx\/?p=19623"},"modified":"2023-08-08T20:41:19","modified_gmt":"2023-08-09T02:41:19","slug":"la-sep-federal-confia-en-el-uso-responsable-de-los-recursos-de-la-uas-y-reitera-el-compromiso-de-apoyarla-para-sanear-sus-finanzas-luciano-concheiro","status":"publish","type":"post","link":"https:\/\/eticacomunica.com.mx\/?p=19623","title":{"rendered":"La SEP Federal conf\u00eda en el uso responsable de los recursos de la UAS, y reitera el compromiso de apoyarla para sanear sus finanzas: Luciano Concheiro"},"content":{"rendered":"\n<p>El Subsecretario de Educaci\u00f3n Superior de la SEP, doctor Luciano Concheiro B\u00f3rquez, asisti\u00f3 a la Universidad Aut\u00f3noma de Sinaloa (UAS) a una reuni\u00f3n de trabajo con el Rector, doctor Jes\u00fas Madue\u00f1a Molina, donde una vez m\u00e1s reconoci\u00f3 el trabajo de la instituci\u00f3n y refrend\u00f3 el compromiso de apoyarla para sanear sus finanzas por considerar que hace un uso responsable de los recursos.<\/p>\n\n\n\n<p>A trav\u00e9s de los micr\u00f3fonos de RadioUAS, el Rector inform\u00f3 que en esta visita el funcionario federal de la SEP asisti\u00f3 exclusivamente a la UAS para abordar el tema acad\u00e9mico y los pendientes que hay en la Universidad y que los conoce muy bien.<\/p>\n\n\n\n<p>\u201c\u00c9l dice: vamos a seguir apoyando a tu Universidad porque vemos que est\u00e1n haciendo un uso responsable de los recursos, porque vemos que ustedes no solo tienen el compromiso de la cobertura universal, sino que hoy van a arrancar el nuevo Ciclo Escolar con un nuevo Modelo Educativo, con nuevos planes y programas de estudio\u201d, expres\u00f3.<\/p>\n\n\n\n<p>En este encuentro abordaron el tema de la cobertura universal ya que la Casa Rosalina es la \u00fanica instituci\u00f3n en el pa\u00eds que por tercer a\u00f1o consecutivo asume ese compromiso del presidente Andr\u00e9s Manuel L\u00f3pez Obrador, por lo que Concheiro destac\u00f3 que Sinaloa compita con Nuevo Le\u00f3n por ser la segunda entidad con mayor cobertura en nivel superior gracias a la Universidad Aut\u00f3noma de Sinaloa.<\/p>\n\n\n\n<p>\u201cNos hizo ese reconocimiento de esta valent\u00eda con la que hemos asumido el reto y muy contentos porque ve en la UAS un ejemplo a nivel nacional de este gran esfuerzo que estamos haciendo; tocamos temas tambi\u00e9n financiero, fue claro y contundente dice: es el compromiso que hicimos hace dos a\u00f1os en el cierre de 2021 que en tres a\u00f1os \u00edbamos nosotros a sanear las finanzas de la Universidad y este es el a\u00f1o en donde \u00e9l trae pactado el compromiso de apoyarnos en el cierre de a\u00f1o para ir saneando los temas\u201d, dijo el Rector.<\/p>\n\n\n\n<p>Tambi\u00e9n tocaron la jubilaci\u00f3n din\u00e1mica donde se precis\u00f3 que en 2022 se destinaron 2 mil 162 millones de pesos a la n\u00f3mina de jubilados, es decir, que cerca del 30 por ciento del presupuesto de la Universidad se va a este rubro y es un compromiso que se mantendr\u00e1.<\/p>\n\n\n\n<p>\u201cEso lo tiene muy claro el doctor Concheiro, sabe que es dif\u00edcil terminar de sanear las finanzas de la Universidad por ese paquete que tenemos, lo tiene bien claro\u201d, extern\u00f3 el dirigente universitario al detallar que al t\u00e9rmino de este encuentro el doctor Concheiro B\u00f3rquez consigui\u00f3 una reuni\u00f3n con el Gobernador del Estado en la que estuvo presente y que calific\u00f3 de muy productiva.<\/p>\n\n\n\n<p>\u201cAgradecerle al doctor Concheiro que se haya tomado todo el d\u00eda de ayer para dedic\u00e1rselo a la Universidad Aut\u00f3noma de Sinaloa, ese es un reconocimiento muy importante\u201d, expres\u00f3 Madue\u00f1a Molina.<\/p>\n\n\n\n<p>Agreg\u00f3 que la UAS seguir\u00e1 sacando adelante sus funciones sustantivas sin descuidar ni dejar de lado el tema jur\u00eddico, legal y penal, que no los amedrenta, ni les da temor de lo que pase, y ser\u00e1 el H. Consejo Universitario quien determine qu\u00e9 se har\u00e1 de ahora en adelante, dej\u00f3 en claro que en la Universidad no existe cacicazgo.<\/p>\n\n\n\n<p>\u201cPedirle a la sociedad que nos siga apoyando, que siga apoyando a su Universidad, que siga apoyando la defensa de su Autonom\u00eda Universitaria y que sigamos adelante para seguir engrandeciendo a esta Universidad Aut\u00f3noma de Sinaloa\u201d, puntualiz\u00f3.<\/p>\n","protected":false},"excerpt":{"rendered":"<p>El Subsecretario de Educaci\u00f3n Superior de la SEP, doctor Luciano Concheiro B\u00f3rquez, asisti\u00f3 a la Universidad Aut\u00f3noma de Sinaloa (UAS) a una reuni\u00f3n de trabajo con el Rector, doctor Jes\u00fas&hellip;<\/p>\n","protected":false},"author":1,"featured_media":19622,"comment_status":"open","ping_status":"open","sticky":false,"template":"","format":"standard","meta":{"_jetpack_memberships_contains_paid_content":false,"footnotes":"","jetpack_publicize_message":"","jetpack_publicize_feature_enabled":true,"jetpack_social_post_already_shared":true,"jetpack_social_options":{"image_generator_settings":{"template":"highway","default_image_id":0,"font":"","enabled":false},"version":2}},"categories":[40],"tags":[41],"class_list":["post-19623","post","type-post","status-publish","format-standard","has-post-thumbnail","hentry","category-educacion","tag-uas"],"yoast_head":"<!-- This site is optimized with the Yoast SEO plugin v27.2 - https:\/\/yoast.com\/product\/yoast-seo-wordpress\/ -->\n<title>La SEP Federal conf\u00eda en el uso responsable de los recursos de la UAS, y reitera el compromiso de apoyarla para sanear sus finanzas: Luciano Concheiro - \u00c9tica Comunica<\/title>\n<meta name=\"robots\" content=\"index, follow, max-snippet:-1, max-image-preview:large, max-video-preview:-1\" \/>\n<link rel=\"canonical\" href=\"https:\/\/eticacomunica.com.mx\/?p=19623\" \/>\n<meta property=\"og:locale\" content=\"es_MX\" \/>\n<meta property=\"og:type\" content=\"article\" \/>\n<meta property=\"og:title\" content=\"La SEP Federal conf\u00eda en el uso responsable de los recursos de la UAS, y reitera el compromiso de apoyarla para sanear sus finanzas: Luciano Concheiro - \u00c9tica Comunica\" \/>\n<meta property=\"og:description\" content=\"El Subsecretario de Educaci\u00f3n Superior de la SEP, doctor Luciano Concheiro B\u00f3rquez, asisti\u00f3 a la Universidad Aut\u00f3noma de Sinaloa (UAS) a una reuni\u00f3n de trabajo con el Rector, doctor Jes\u00fas&hellip;\" \/>\n<meta property=\"og:url\" content=\"https:\/\/eticacomunica.com.mx\/?p=19623\" \/>\n<meta property=\"og:site_name\" content=\"\u00c9tica Comunica\" \/>\n<meta property=\"article:publisher\" content=\"https:\/\/www.facebook.com\/eticacomunica\" \/>\n<meta property=\"article:published_time\" content=\"2023-08-09T02:41:17+00:00\" \/>\n<meta property=\"article:modified_time\" content=\"2023-08-09T02:41:19+00:00\" \/>\n<meta property=\"og:image\" content=\"https:\/\/eticacomunica.com.mx\/wp-content\/uploads\/2023\/08\/dc46f510-5d35-4f8a-93ad-0a60b2362cbc.jpg\" \/>\n\t<meta property=\"og:image:width\" content=\"1280\" \/>\n\t<meta property=\"og:image:height\" content=\"850\" \/>\n\t<meta property=\"og:image:type\" content=\"image\/jpeg\" \/>\n<meta name=\"author\" content=\"etica\" \/>\n<meta name=\"twitter:card\" content=\"summary_large_image\" \/>\n<meta name=\"twitter:label1\" content=\"Escrito por\" \/>\n\t<meta name=\"twitter:data1\" content=\"etica\" \/>\n\t<meta name=\"twitter:label2\" content=\"Tiempo de lectura\" \/>\n\t<meta name=\"twitter:data2\" content=\"3 minutos\" \/>\n<script type=\"application\/ld+json\" class=\"yoast-schema-graph\">{\"@context\":\"https:\/\/schema.org\",\"@graph\":[{\"@type\":\"Article\",\"@id\":\"https:\/\/eticacomunica.com.mx\/?p=19623#article\",\"isPartOf\":{\"@id\":\"https:\/\/eticacomunica.com.mx\/?p=19623\"},\"author\":{\"name\":\"etica\",\"@id\":\"https:\/\/eticacomunica.com.mx\/#\/schema\/person\/2cacc47bd17fe8ad92f08c0313d22fa6\"},\"headline\":\"La SEP Federal conf\u00eda en el uso responsable de los recursos de la UAS, y reitera el compromiso de apoyarla para sanear sus finanzas: Luciano Concheiro\",\"datePublished\":\"2023-08-09T02:41:17+00:00\",\"dateModified\":\"2023-08-09T02:41:19+00:00\",\"mainEntityOfPage\":{\"@id\":\"https:\/\/eticacomunica.com.mx\/?p=19623\"},\"wordCount\":624,\"commentCount\":0,\"publisher\":{\"@id\":\"https:\/\/eticacomunica.com.mx\/#organization\"},\"image\":{\"@id\":\"https:\/\/eticacomunica.com.mx\/?p=19623#primaryimage\"},\"thumbnailUrl\":\"https:\/\/eticacomunica.com.mx\/wp-content\/uploads\/2023\/08\/dc46f510-5d35-4f8a-93ad-0a60b2362cbc.jpg\",\"keywords\":[\"UAS\"],\"articleSection\":[\"Educaci\u00f3n\"],\"inLanguage\":\"es\",\"potentialAction\":[{\"@type\":\"CommentAction\",\"name\":\"Comment\",\"target\":[\"https:\/\/eticacomunica.com.mx\/?p=19623#respond\"]}]},{\"@type\":\"WebPage\",\"@id\":\"https:\/\/eticacomunica.com.mx\/?p=19623\",\"url\":\"https:\/\/eticacomunica.com.mx\/?p=19623\",\"name\":\"La SEP Federal conf\u00eda en el uso responsable de los recursos de la UAS, y reitera el compromiso de apoyarla para sanear sus finanzas: Luciano Concheiro - \u00c9tica Comunica\",\"isPartOf\":{\"@id\":\"https:\/\/eticacomunica.com.mx\/#website\"},\"primaryImageOfPage\":{\"@id\":\"https:\/\/eticacomunica.com.mx\/?p=19623#primaryimage\"},\"image\":{\"@id\":\"https:\/\/eticacomunica.com.mx\/?p=19623#primaryimage\"},\"thumbnailUrl\":\"https:\/\/eticacomunica.com.mx\/wp-content\/uploads\/2023\/08\/dc46f510-5d35-4f8a-93ad-0a60b2362cbc.jpg\",\"datePublished\":\"2023-08-09T02:41:17+00:00\",\"dateModified\":\"2023-08-09T02:41:19+00:00\",\"breadcrumb\":{\"@id\":\"https:\/\/eticacomunica.com.mx\/?p=19623#breadcrumb\"},\"inLanguage\":\"es\",\"potentialAction\":[{\"@type\":\"ReadAction\",\"target\":[\"https:\/\/eticacomunica.com.mx\/?p=19623\"]}]},{\"@type\":\"ImageObject\",\"inLanguage\":\"es\",\"@id\":\"https:\/\/eticacomunica.com.mx\/?p=19623#primaryimage\",\"url\":\"https:\/\/eticacomunica.com.mx\/wp-content\/uploads\/2023\/08\/dc46f510-5d35-4f8a-93ad-0a60b2362cbc.jpg\",\"contentUrl\":\"https:\/\/eticacomunica.com.mx\/wp-content\/uploads\/2023\/08\/dc46f510-5d35-4f8a-93ad-0a60b2362cbc.jpg\",\"width\":1280,\"height\":850},{\"@type\":\"BreadcrumbList\",\"@id\":\"https:\/\/eticacomunica.com.mx\/?p=19623#breadcrumb\",\"itemListElement\":[{\"@type\":\"ListItem\",\"position\":1,\"name\":\"Inicio\",\"item\":\"https:\/\/eticacomunica.com.mx\/\"},{\"@type\":\"ListItem\",\"position\":2,\"name\":\"La SEP Federal conf\u00eda en el uso responsable de los recursos de la UAS, y reitera el compromiso de apoyarla para sanear sus finanzas: Luciano Concheiro\"}]},{\"@type\":\"WebSite\",\"@id\":\"https:\/\/eticacomunica.com.mx\/#website\",\"url\":\"https:\/\/eticacomunica.com.mx\/\",\"name\":\"\u00c9tica Comunica\",\"description\":\"Diario Digital\",\"publisher\":{\"@id\":\"https:\/\/eticacomunica.com.mx\/#organization\"},\"potentialAction\":[{\"@type\":\"SearchAction\",\"target\":{\"@type\":\"EntryPoint\",\"urlTemplate\":\"https:\/\/eticacomunica.com.mx\/?s={search_term_string}\"},\"query-input\":{\"@type\":\"PropertyValueSpecification\",\"valueRequired\":true,\"valueName\":\"search_term_string\"}}],\"inLanguage\":\"es\"},{\"@type\":\"Organization\",\"@id\":\"https:\/\/eticacomunica.com.mx\/#organization\",\"name\":\"Diarios Digitales de Sinaloa\",\"url\":\"https:\/\/eticacomunica.com.mx\/\",\"logo\":{\"@type\":\"ImageObject\",\"inLanguage\":\"es\",\"@id\":\"https:\/\/eticacomunica.com.mx\/#\/schema\/logo\/image\/\",\"url\":\"https:\/\/eticacomunica.com.mx\/wp-content\/uploads\/2023\/10\/etica-logo.png\",\"contentUrl\":\"https:\/\/eticacomunica.com.mx\/wp-content\/uploads\/2023\/10\/etica-logo.png\",\"width\":1280,\"height\":432,\"caption\":\"Diarios Digitales de Sinaloa\"},\"image\":{\"@id\":\"https:\/\/eticacomunica.com.mx\/#\/schema\/logo\/image\/\"},\"sameAs\":[\"https:\/\/www.facebook.com\/eticacomunica\"]},{\"@type\":\"Person\",\"@id\":\"https:\/\/eticacomunica.com.mx\/#\/schema\/person\/2cacc47bd17fe8ad92f08c0313d22fa6\",\"name\":\"etica\",\"image\":{\"@type\":\"ImageObject\",\"inLanguage\":\"es\",\"@id\":\"https:\/\/secure.gravatar.com\/avatar\/dfb45d32bc7097f8f06d6e4f6e6b387e7cb8fd5b3a2869265c40587ab62cab1e?s=96&d=mm&r=g\",\"url\":\"https:\/\/secure.gravatar.com\/avatar\/dfb45d32bc7097f8f06d6e4f6e6b387e7cb8fd5b3a2869265c40587ab62cab1e?s=96&d=mm&r=g\",\"contentUrl\":\"https:\/\/secure.gravatar.com\/avatar\/dfb45d32bc7097f8f06d6e4f6e6b387e7cb8fd5b3a2869265c40587ab62cab1e?s=96&d=mm&r=g\",\"caption\":\"etica\"},\"sameAs\":[\"https:\/\/eticacomunica.com.mx\"],\"url\":\"https:\/\/eticacomunica.com.mx\/?author=1\"}]}<\/script>\n<!-- \/ Yoast SEO plugin. -->","yoast_head_json":{"title":"La SEP Federal conf\u00eda en el uso responsable de los recursos de la UAS, y reitera el compromiso de apoyarla para sanear sus finanzas: Luciano Concheiro - \u00c9tica Comunica","robots":{"index":"index","follow":"follow","max-snippet":"max-snippet:-1","max-image-preview":"max-image-preview:large","max-video-preview":"max-video-preview:-1"},"canonical":"https:\/\/eticacomunica.com.mx\/?p=19623","og_locale":"es_MX","og_type":"article","og_title":"La SEP Federal conf\u00eda en el uso responsable de los recursos de la UAS, y reitera el compromiso de apoyarla para sanear sus finanzas: Luciano Concheiro - \u00c9tica Comunica","og_description":"El Subsecretario de Educaci\u00f3n Superior de la SEP, doctor Luciano Concheiro B\u00f3rquez, asisti\u00f3 a la Universidad Aut\u00f3noma de Sinaloa (UAS) a una reuni\u00f3n de trabajo con el Rector, doctor Jes\u00fas&hellip;","og_url":"https:\/\/eticacomunica.com.mx\/?p=19623","og_site_name":"\u00c9tica Comunica","article_publisher":"https:\/\/www.facebook.com\/eticacomunica","article_published_time":"2023-08-09T02:41:17+00:00","article_modified_time":"2023-08-09T02:41:19+00:00","og_image":[{"width":1280,"height":850,"url":"https:\/\/eticacomunica.com.mx\/wp-content\/uploads\/2023\/08\/dc46f510-5d35-4f8a-93ad-0a60b2362cbc.jpg","type":"image\/jpeg"}],"author":"etica","twitter_card":"summary_large_image","twitter_misc":{"Escrito por":"etica","Tiempo de lectura":"3 minutos"},"schema":{"@context":"https:\/\/schema.org","@graph":[{"@type":"Article","@id":"https:\/\/eticacomunica.com.mx\/?p=19623#article","isPartOf":{"@id":"https:\/\/eticacomunica.com.mx\/?p=19623"},"author":{"name":"etica","@id":"https:\/\/eticacomunica.com.mx\/#\/schema\/person\/2cacc47bd17fe8ad92f08c0313d22fa6"},"headline":"La SEP Federal conf\u00eda en el uso responsable de los recursos de la UAS, y reitera el compromiso de apoyarla para sanear sus finanzas: Luciano Concheiro","datePublished":"2023-08-09T02:41:17+00:00","dateModified":"2023-08-09T02:41:19+00:00","mainEntityOfPage":{"@id":"https:\/\/eticacomunica.com.mx\/?p=19623"},"wordCount":624,"commentCount":0,"publisher":{"@id":"https:\/\/eticacomunica.com.mx\/#organization"},"image":{"@id":"https:\/\/eticacomunica.com.mx\/?p=19623#primaryimage"},"thumbnailUrl":"https:\/\/eticacomunica.com.mx\/wp-content\/uploads\/2023\/08\/dc46f510-5d35-4f8a-93ad-0a60b2362cbc.jpg","keywords":["UAS"],"articleSection":["Educaci\u00f3n"],"inLanguage":"es","potentialAction":[{"@type":"CommentAction","name":"Comment","target":["https:\/\/eticacomunica.com.mx\/?p=19623#respond"]}]},{"@type":"WebPage","@id":"https:\/\/eticacomunica.com.mx\/?p=19623","url":"https:\/\/eticacomunica.com.mx\/?p=19623","name":"La SEP Federal conf\u00eda en el uso responsable de los recursos de la UAS, y reitera el compromiso de apoyarla para sanear sus finanzas: Luciano Concheiro - \u00c9tica Comunica","isPartOf":{"@id":"https:\/\/eticacomunica.com.mx\/#website"},"primaryImageOfPage":{"@id":"https:\/\/eticacomunica.com.mx\/?p=19623#primaryimage"},"image":{"@id":"https:\/\/eticacomunica.com.mx\/?p=19623#primaryimage"},"thumbnailUrl":"https:\/\/eticacomunica.com.mx\/wp-content\/uploads\/2023\/08\/dc46f510-5d35-4f8a-93ad-0a60b2362cbc.jpg","datePublished":"2023-08-09T02:41:17+00:00","dateModified":"2023-08-09T02:41:19+00:00","breadcrumb":{"@id":"https:\/\/eticacomunica.com.mx\/?p=19623#breadcrumb"},"inLanguage":"es","potentialAction":[{"@type":"ReadAction","target":["https:\/\/eticacomunica.com.mx\/?p=19623"]}]},{"@type":"ImageObject","inLanguage":"es","@id":"https:\/\/eticacomunica.com.mx\/?p=19623#primaryimage","url":"https:\/\/eticacomunica.com.mx\/wp-content\/uploads\/2023\/08\/dc46f510-5d35-4f8a-93ad-0a60b2362cbc.jpg","contentUrl":"https:\/\/eticacomunica.com.mx\/wp-content\/uploads\/2023\/08\/dc46f510-5d35-4f8a-93ad-0a60b2362cbc.jpg","width":1280,"height":850},{"@type":"BreadcrumbList","@id":"https:\/\/eticacomunica.com.mx\/?p=19623#breadcrumb","itemListElement":[{"@type":"ListItem","position":1,"name":"Inicio","item":"https:\/\/eticacomunica.com.mx\/"},{"@type":"ListItem","position":2,"name":"La SEP Federal conf\u00eda en el uso responsable de los recursos de la UAS, y reitera el compromiso de apoyarla para sanear sus finanzas: Luciano Concheiro"}]},{"@type":"WebSite","@id":"https:\/\/eticacomunica.com.mx\/#website","url":"https:\/\/eticacomunica.com.mx\/","name":"\u00c9tica Comunica","description":"Diario Digital","publisher":{"@id":"https:\/\/eticacomunica.com.mx\/#organization"},"potentialAction":[{"@type":"SearchAction","target":{"@type":"EntryPoint","urlTemplate":"https:\/\/eticacomunica.com.mx\/?s={search_term_string}"},"query-input":{"@type":"PropertyValueSpecification","valueRequired":true,"valueName":"search_term_string"}}],"inLanguage":"es"},{"@type":"Organization","@id":"https:\/\/eticacomunica.com.mx\/#organization","name":"Diarios Digitales de Sinaloa","url":"https:\/\/eticacomunica.com.mx\/","logo":{"@type":"ImageObject","inLanguage":"es","@id":"https:\/\/eticacomunica.com.mx\/#\/schema\/logo\/image\/","url":"https:\/\/eticacomunica.com.mx\/wp-content\/uploads\/2023\/10\/etica-logo.png","contentUrl":"https:\/\/eticacomunica.com.mx\/wp-content\/uploads\/2023\/10\/etica-logo.png","width":1280,"height":432,"caption":"Diarios Digitales de Sinaloa"},"image":{"@id":"https:\/\/eticacomunica.com.mx\/#\/schema\/logo\/image\/"},"sameAs":["https:\/\/www.facebook.com\/eticacomunica"]},{"@type":"Person","@id":"https:\/\/eticacomunica.com.mx\/#\/schema\/person\/2cacc47bd17fe8ad92f08c0313d22fa6","name":"etica","image":{"@type":"ImageObject","inLanguage":"es","@id":"https:\/\/secure.gravatar.com\/avatar\/dfb45d32bc7097f8f06d6e4f6e6b387e7cb8fd5b3a2869265c40587ab62cab1e?s=96&d=mm&r=g","url":"https:\/\/secure.gravatar.com\/avatar\/dfb45d32bc7097f8f06d6e4f6e6b387e7cb8fd5b3a2869265c40587ab62cab1e?s=96&d=mm&r=g","contentUrl":"https:\/\/secure.gravatar.com\/avatar\/dfb45d32bc7097f8f06d6e4f6e6b387e7cb8fd5b3a2869265c40587ab62cab1e?s=96&d=mm&r=g","caption":"etica"},"sameAs":["https:\/\/eticacomunica.com.mx"],"url":"https:\/\/eticacomunica.com.mx\/?author=1"}]}},"jetpack_publicize_connections":[],"jetpack_featured_media_url":"https:\/\/eticacomunica.com.mx\/wp-content\/uploads\/2023\/08\/dc46f510-5d35-4f8a-93ad-0a60b2362cbc.jpg","jetpack_sharing_enabled":true,"_links":{"self":[{"href":"https:\/\/eticacomunica.com.mx\/index.php?rest_route=\/wp\/v2\/posts\/19623","targetHints":{"allow":["GET"]}}],"collection":[{"href":"https:\/\/eticacomunica.com.mx\/index.php?rest_route=\/wp\/v2\/posts"}],"about":[{"href":"https:\/\/eticacomunica.com.mx\/index.php?rest_route=\/wp\/v2\/types\/post"}],"author":[{"embeddable":true,"href":"https:\/\/eticacomunica.com.mx\/index.php?rest_route=\/wp\/v2\/users\/1"}],"replies":[{"embeddable":true,"href":"https:\/\/eticacomunica.com.mx\/index.php?rest_route=%2Fwp%2Fv2%2Fcomments&post=19623"}],"version-history":[{"count":1,"href":"https:\/\/eticacomunica.com.mx\/index.php?rest_route=\/wp\/v2\/posts\/19623\/revisions"}],"predecessor-version":[{"id":19624,"href":"https:\/\/eticacomunica.com.mx\/index.php?rest_route=\/wp\/v2\/posts\/19623\/revisions\/19624"}],"wp:featuredmedia":[{"embeddable":true,"href":"https:\/\/eticacomunica.com.mx\/index.php?rest_route=\/wp\/v2\/media\/19622"}],"wp:attachment":[{"href":"https:\/\/eticacomunica.com.mx\/index.php?rest_route=%2Fwp%2Fv2%2Fmedia&parent=19623"}],"wp:term":[{"taxonomy":"category","embeddable":true,"href":"https:\/\/eticacomunica.com.mx\/index.php?rest_route=%2Fwp%2Fv2%2Fcategories&post=19623"},{"taxonomy":"post_tag","embeddable":true,"href":"https:\/\/eticacomunica.com.mx\/index.php?rest_route=%2Fwp%2Fv2%2Ftags&post=19623"}],"curies":[{"name":"wp","href":"https:\/\/api.w.org\/{rel}","templated":true}]}}