{"id":20216,"date":"2023-09-20T09:07:19","date_gmt":"2023-09-20T15:07:19","guid":{"rendered":"https:\/\/eticacomunica.com.mx\/?p=20216"},"modified":"2023-09-20T09:07:19","modified_gmt":"2023-09-20T15:07:19","slug":"rector-mantiene-reunion-con-el-colegio-de-directores-en-la-unidad-regional-sur-revisan-temas-institucionales-y-la-defensa-de-la-autonomia-universitaria","status":"publish","type":"post","link":"https:\/\/eticacomunica.com.mx\/?p=20216","title":{"rendered":"Rector mantiene reuni\u00f3n con el Colegio de Directores en la Unidad Regional Sur; revisan temas institucionales y la defensa de la Autonom\u00eda Universitaria"},"content":{"rendered":"\n<p>En la Unidad Regional Sur (URS), el Rector de la Universidad Aut\u00f3noma de Sinaloa (UAS), Jes\u00fas Madue\u00f1a Molina, encabez\u00f3 una reuni\u00f3n de trabajo con el Colegio de Directores para abordar temas institucionales e informar del proceso legal que se mantiene en la defensa por la Autonom\u00eda Universitaria.<br><br>Acompa\u00f1ado del Vicerrector de la URS, doctor Iv\u00e1n Tostado Ram\u00edrez y de la directora de Bienestar Universitario, maestra Sof\u00eda Angulo de Madue\u00f1a, el Rector agradeci\u00f3 la solidaridad en la lucha que enfrenta la instituci\u00f3n y sus funcionarios, y exhort\u00f3 a los directores a continuar en unidad como hasta hoy lo han mostrado ya que eso fue factor fundamental para evitar que injustamente se le destituyera del cargo.<br><br>Comparti\u00f3 con ellos aspectos de la audiencia y c\u00f3mo injustamente y sin elemento legal que sustentara la acusaci\u00f3n de la Fiscal\u00eda el Juez resolvi\u00f3 la vinculaci\u00f3n a proceso, sobre todo cuando la defensa expuso de manera magistral todas las pruebas que se tienen, que la propia Fiscal\u00eda haya dicho que no hab\u00eda da\u00f1o econ\u00f3mico al patrimonio y que el delito era por no licitar montos que se demostr\u00f3 no superaban lo establecido por la ley.<br><br>El Rector les expres\u00f3 a los directores y coordinadores de extensi\u00f3n que est\u00e1 tranquilo y tiene fe y confianza en los abogados defensores por lo que al interior de la Universidad todos deben estar con la misma seguridad.<br><br>Les solicit\u00f3 que dentro de cada unidad acad\u00e9mica se conformen muy bien los Comit\u00e9s para la Defensa de la Autonom\u00eda.<br><br>De igual forma se tocaron temas como el Nuevo Modelo Educativo, la entrega de titularidades, y mayormente las necesidades que tiene cada plantel, donde los directores detallaron sus requerimientos y el Rector tom\u00f3 nota para atenderlos lo m\u00e1s pronto posible.<br><br>Los directores agradecieron el apoyo que se les brind\u00f3 para estar en las mejores condiciones al inicio del Ciclo Escolar y reiteraron su solidaridad en la defensa por la Autonom\u00eda Universitaria.<br><br>El Rector Madue\u00f1a Molina culmin\u00f3 la reuni\u00f3n enfatizando que se mantiene hasta el momento el acuerdo de seguir en la v\u00eda jur\u00eddica para dar frente a la persecuci\u00f3n pol\u00edtica y mantener a los j\u00f3venes en el aula a fin de seguir cumpliendo con las funciones sustantivas de la instituci\u00f3n ya que la raz\u00f3n jur\u00eddica le asiste a la Universidad.<\/p>\n","protected":false},"excerpt":{"rendered":"<p>En la Unidad Regional Sur (URS), el Rector de la Universidad Aut\u00f3noma de Sinaloa (UAS), Jes\u00fas Madue\u00f1a Molina, encabez\u00f3 una reuni\u00f3n de trabajo con el Colegio de Directores para abordar&hellip;<\/p>\n","protected":false},"author":1,"featured_media":20215,"comment_status":"open","ping_status":"open","sticky":false,"template":"","format":"standard","meta":{"_jetpack_memberships_contains_paid_content":false,"footnotes":"","jetpack_publicize_message":"","jetpack_publicize_feature_enabled":true,"jetpack_social_post_already_shared":true,"jetpack_social_options":{"image_generator_settings":{"template":"highway","default_image_id":0,"font":"","enabled":false},"version":2}},"categories":[40],"tags":[41],"class_list":["post-20216","post","type-post","status-publish","format-standard","has-post-thumbnail","hentry","category-educacion","tag-uas"],"yoast_head":"<!-- This site is optimized with the Yoast SEO plugin v27.2 - https:\/\/yoast.com\/product\/yoast-seo-wordpress\/ -->\n<title>Rector mantiene reuni\u00f3n con el Colegio de Directores en la Unidad Regional Sur; revisan temas institucionales y la defensa de la Autonom\u00eda Universitaria - \u00c9tica Comunica<\/title>\n<meta name=\"robots\" content=\"index, follow, max-snippet:-1, max-image-preview:large, max-video-preview:-1\" \/>\n<link rel=\"canonical\" href=\"https:\/\/eticacomunica.com.mx\/?p=20216\" \/>\n<meta property=\"og:locale\" content=\"es_MX\" \/>\n<meta property=\"og:type\" content=\"article\" \/>\n<meta property=\"og:title\" content=\"Rector mantiene reuni\u00f3n con el Colegio de Directores en la Unidad Regional Sur; revisan temas institucionales y la defensa de la Autonom\u00eda Universitaria - \u00c9tica Comunica\" \/>\n<meta property=\"og:description\" content=\"En la Unidad Regional Sur (URS), el Rector de la Universidad Aut\u00f3noma de Sinaloa (UAS), Jes\u00fas Madue\u00f1a Molina, encabez\u00f3 una reuni\u00f3n de trabajo con el Colegio de Directores para abordar&hellip;\" \/>\n<meta property=\"og:url\" content=\"https:\/\/eticacomunica.com.mx\/?p=20216\" \/>\n<meta property=\"og:site_name\" content=\"\u00c9tica Comunica\" \/>\n<meta property=\"article:publisher\" content=\"https:\/\/www.facebook.com\/eticacomunica\" \/>\n<meta property=\"article:published_time\" content=\"2023-09-20T15:07:19+00:00\" \/>\n<meta property=\"og:image\" content=\"https:\/\/eticacomunica.com.mx\/wp-content\/uploads\/2023\/09\/IMG-20230920-WA0004.jpg\" \/>\n\t<meta property=\"og:image:width\" content=\"1024\" \/>\n\t<meta property=\"og:image:height\" content=\"681\" \/>\n\t<meta property=\"og:image:type\" content=\"image\/jpeg\" \/>\n<meta name=\"author\" content=\"etica\" \/>\n<meta name=\"twitter:card\" content=\"summary_large_image\" \/>\n<meta name=\"twitter:label1\" content=\"Escrito por\" \/>\n\t<meta name=\"twitter:data1\" content=\"etica\" \/>\n\t<meta name=\"twitter:label2\" content=\"Tiempo de lectura\" \/>\n\t<meta name=\"twitter:data2\" content=\"2 minutos\" \/>\n<script type=\"application\/ld+json\" class=\"yoast-schema-graph\">{\"@context\":\"https:\/\/schema.org\",\"@graph\":[{\"@type\":\"Article\",\"@id\":\"https:\/\/eticacomunica.com.mx\/?p=20216#article\",\"isPartOf\":{\"@id\":\"https:\/\/eticacomunica.com.mx\/?p=20216\"},\"author\":{\"name\":\"etica\",\"@id\":\"https:\/\/eticacomunica.com.mx\/#\/schema\/person\/2cacc47bd17fe8ad92f08c0313d22fa6\"},\"headline\":\"Rector mantiene reuni\u00f3n con el Colegio de Directores en la Unidad Regional Sur; revisan temas institucionales y la defensa de la Autonom\u00eda Universitaria\",\"datePublished\":\"2023-09-20T15:07:19+00:00\",\"mainEntityOfPage\":{\"@id\":\"https:\/\/eticacomunica.com.mx\/?p=20216\"},\"wordCount\":437,\"commentCount\":0,\"publisher\":{\"@id\":\"https:\/\/eticacomunica.com.mx\/#organization\"},\"image\":{\"@id\":\"https:\/\/eticacomunica.com.mx\/?p=20216#primaryimage\"},\"thumbnailUrl\":\"https:\/\/eticacomunica.com.mx\/wp-content\/uploads\/2023\/09\/IMG-20230920-WA0004.jpg\",\"keywords\":[\"UAS\"],\"articleSection\":[\"Educaci\u00f3n\"],\"inLanguage\":\"es\",\"potentialAction\":[{\"@type\":\"CommentAction\",\"name\":\"Comment\",\"target\":[\"https:\/\/eticacomunica.com.mx\/?p=20216#respond\"]}]},{\"@type\":\"WebPage\",\"@id\":\"https:\/\/eticacomunica.com.mx\/?p=20216\",\"url\":\"https:\/\/eticacomunica.com.mx\/?p=20216\",\"name\":\"Rector mantiene reuni\u00f3n con el Colegio de Directores en la Unidad Regional Sur; revisan temas institucionales y la defensa de la Autonom\u00eda Universitaria - \u00c9tica Comunica\",\"isPartOf\":{\"@id\":\"https:\/\/eticacomunica.com.mx\/#website\"},\"primaryImageOfPage\":{\"@id\":\"https:\/\/eticacomunica.com.mx\/?p=20216#primaryimage\"},\"image\":{\"@id\":\"https:\/\/eticacomunica.com.mx\/?p=20216#primaryimage\"},\"thumbnailUrl\":\"https:\/\/eticacomunica.com.mx\/wp-content\/uploads\/2023\/09\/IMG-20230920-WA0004.jpg\",\"datePublished\":\"2023-09-20T15:07:19+00:00\",\"breadcrumb\":{\"@id\":\"https:\/\/eticacomunica.com.mx\/?p=20216#breadcrumb\"},\"inLanguage\":\"es\",\"potentialAction\":[{\"@type\":\"ReadAction\",\"target\":[\"https:\/\/eticacomunica.com.mx\/?p=20216\"]}]},{\"@type\":\"ImageObject\",\"inLanguage\":\"es\",\"@id\":\"https:\/\/eticacomunica.com.mx\/?p=20216#primaryimage\",\"url\":\"https:\/\/eticacomunica.com.mx\/wp-content\/uploads\/2023\/09\/IMG-20230920-WA0004.jpg\",\"contentUrl\":\"https:\/\/eticacomunica.com.mx\/wp-content\/uploads\/2023\/09\/IMG-20230920-WA0004.jpg\",\"width\":1024,\"height\":681},{\"@type\":\"BreadcrumbList\",\"@id\":\"https:\/\/eticacomunica.com.mx\/?p=20216#breadcrumb\",\"itemListElement\":[{\"@type\":\"ListItem\",\"position\":1,\"name\":\"Inicio\",\"item\":\"https:\/\/eticacomunica.com.mx\/\"},{\"@type\":\"ListItem\",\"position\":2,\"name\":\"Rector mantiene reuni\u00f3n con el Colegio de Directores en la Unidad Regional Sur; revisan temas institucionales y la defensa de la Autonom\u00eda Universitaria\"}]},{\"@type\":\"WebSite\",\"@id\":\"https:\/\/eticacomunica.com.mx\/#website\",\"url\":\"https:\/\/eticacomunica.com.mx\/\",\"name\":\"\u00c9tica Comunica\",\"description\":\"Diario Digital\",\"publisher\":{\"@id\":\"https:\/\/eticacomunica.com.mx\/#organization\"},\"potentialAction\":[{\"@type\":\"SearchAction\",\"target\":{\"@type\":\"EntryPoint\",\"urlTemplate\":\"https:\/\/eticacomunica.com.mx\/?s={search_term_string}\"},\"query-input\":{\"@type\":\"PropertyValueSpecification\",\"valueRequired\":true,\"valueName\":\"search_term_string\"}}],\"inLanguage\":\"es\"},{\"@type\":\"Organization\",\"@id\":\"https:\/\/eticacomunica.com.mx\/#organization\",\"name\":\"Diarios Digitales de Sinaloa\",\"url\":\"https:\/\/eticacomunica.com.mx\/\",\"logo\":{\"@type\":\"ImageObject\",\"inLanguage\":\"es\",\"@id\":\"https:\/\/eticacomunica.com.mx\/#\/schema\/logo\/image\/\",\"url\":\"https:\/\/eticacomunica.com.mx\/wp-content\/uploads\/2023\/10\/etica-logo.png\",\"contentUrl\":\"https:\/\/eticacomunica.com.mx\/wp-content\/uploads\/2023\/10\/etica-logo.png\",\"width\":1280,\"height\":432,\"caption\":\"Diarios Digitales de Sinaloa\"},\"image\":{\"@id\":\"https:\/\/eticacomunica.com.mx\/#\/schema\/logo\/image\/\"},\"sameAs\":[\"https:\/\/www.facebook.com\/eticacomunica\"]},{\"@type\":\"Person\",\"@id\":\"https:\/\/eticacomunica.com.mx\/#\/schema\/person\/2cacc47bd17fe8ad92f08c0313d22fa6\",\"name\":\"etica\",\"image\":{\"@type\":\"ImageObject\",\"inLanguage\":\"es\",\"@id\":\"https:\/\/secure.gravatar.com\/avatar\/dfb45d32bc7097f8f06d6e4f6e6b387e7cb8fd5b3a2869265c40587ab62cab1e?s=96&d=mm&r=g\",\"url\":\"https:\/\/secure.gravatar.com\/avatar\/dfb45d32bc7097f8f06d6e4f6e6b387e7cb8fd5b3a2869265c40587ab62cab1e?s=96&d=mm&r=g\",\"contentUrl\":\"https:\/\/secure.gravatar.com\/avatar\/dfb45d32bc7097f8f06d6e4f6e6b387e7cb8fd5b3a2869265c40587ab62cab1e?s=96&d=mm&r=g\",\"caption\":\"etica\"},\"sameAs\":[\"https:\/\/eticacomunica.com.mx\"],\"url\":\"https:\/\/eticacomunica.com.mx\/?author=1\"}]}<\/script>\n<!-- \/ Yoast SEO plugin. -->","yoast_head_json":{"title":"Rector mantiene reuni\u00f3n con el Colegio de Directores en la Unidad Regional Sur; revisan temas institucionales y la defensa de la Autonom\u00eda Universitaria - \u00c9tica Comunica","robots":{"index":"index","follow":"follow","max-snippet":"max-snippet:-1","max-image-preview":"max-image-preview:large","max-video-preview":"max-video-preview:-1"},"canonical":"https:\/\/eticacomunica.com.mx\/?p=20216","og_locale":"es_MX","og_type":"article","og_title":"Rector mantiene reuni\u00f3n con el Colegio de Directores en la Unidad Regional Sur; revisan temas institucionales y la defensa de la Autonom\u00eda Universitaria - \u00c9tica Comunica","og_description":"En la Unidad Regional Sur (URS), el Rector de la Universidad Aut\u00f3noma de Sinaloa (UAS), Jes\u00fas Madue\u00f1a Molina, encabez\u00f3 una reuni\u00f3n de trabajo con el Colegio de Directores para abordar&hellip;","og_url":"https:\/\/eticacomunica.com.mx\/?p=20216","og_site_name":"\u00c9tica Comunica","article_publisher":"https:\/\/www.facebook.com\/eticacomunica","article_published_time":"2023-09-20T15:07:19+00:00","og_image":[{"width":1024,"height":681,"url":"https:\/\/eticacomunica.com.mx\/wp-content\/uploads\/2023\/09\/IMG-20230920-WA0004.jpg","type":"image\/jpeg"}],"author":"etica","twitter_card":"summary_large_image","twitter_misc":{"Escrito por":"etica","Tiempo de lectura":"2 minutos"},"schema":{"@context":"https:\/\/schema.org","@graph":[{"@type":"Article","@id":"https:\/\/eticacomunica.com.mx\/?p=20216#article","isPartOf":{"@id":"https:\/\/eticacomunica.com.mx\/?p=20216"},"author":{"name":"etica","@id":"https:\/\/eticacomunica.com.mx\/#\/schema\/person\/2cacc47bd17fe8ad92f08c0313d22fa6"},"headline":"Rector mantiene reuni\u00f3n con el Colegio de Directores en la Unidad Regional Sur; revisan temas institucionales y la defensa de la Autonom\u00eda Universitaria","datePublished":"2023-09-20T15:07:19+00:00","mainEntityOfPage":{"@id":"https:\/\/eticacomunica.com.mx\/?p=20216"},"wordCount":437,"commentCount":0,"publisher":{"@id":"https:\/\/eticacomunica.com.mx\/#organization"},"image":{"@id":"https:\/\/eticacomunica.com.mx\/?p=20216#primaryimage"},"thumbnailUrl":"https:\/\/eticacomunica.com.mx\/wp-content\/uploads\/2023\/09\/IMG-20230920-WA0004.jpg","keywords":["UAS"],"articleSection":["Educaci\u00f3n"],"inLanguage":"es","potentialAction":[{"@type":"CommentAction","name":"Comment","target":["https:\/\/eticacomunica.com.mx\/?p=20216#respond"]}]},{"@type":"WebPage","@id":"https:\/\/eticacomunica.com.mx\/?p=20216","url":"https:\/\/eticacomunica.com.mx\/?p=20216","name":"Rector mantiene reuni\u00f3n con el Colegio de Directores en la Unidad Regional Sur; revisan temas institucionales y la defensa de la Autonom\u00eda Universitaria - \u00c9tica Comunica","isPartOf":{"@id":"https:\/\/eticacomunica.com.mx\/#website"},"primaryImageOfPage":{"@id":"https:\/\/eticacomunica.com.mx\/?p=20216#primaryimage"},"image":{"@id":"https:\/\/eticacomunica.com.mx\/?p=20216#primaryimage"},"thumbnailUrl":"https:\/\/eticacomunica.com.mx\/wp-content\/uploads\/2023\/09\/IMG-20230920-WA0004.jpg","datePublished":"2023-09-20T15:07:19+00:00","breadcrumb":{"@id":"https:\/\/eticacomunica.com.mx\/?p=20216#breadcrumb"},"inLanguage":"es","potentialAction":[{"@type":"ReadAction","target":["https:\/\/eticacomunica.com.mx\/?p=20216"]}]},{"@type":"ImageObject","inLanguage":"es","@id":"https:\/\/eticacomunica.com.mx\/?p=20216#primaryimage","url":"https:\/\/eticacomunica.com.mx\/wp-content\/uploads\/2023\/09\/IMG-20230920-WA0004.jpg","contentUrl":"https:\/\/eticacomunica.com.mx\/wp-content\/uploads\/2023\/09\/IMG-20230920-WA0004.jpg","width":1024,"height":681},{"@type":"BreadcrumbList","@id":"https:\/\/eticacomunica.com.mx\/?p=20216#breadcrumb","itemListElement":[{"@type":"ListItem","position":1,"name":"Inicio","item":"https:\/\/eticacomunica.com.mx\/"},{"@type":"ListItem","position":2,"name":"Rector mantiene reuni\u00f3n con el Colegio de Directores en la Unidad Regional Sur; revisan temas institucionales y la defensa de la Autonom\u00eda Universitaria"}]},{"@type":"WebSite","@id":"https:\/\/eticacomunica.com.mx\/#website","url":"https:\/\/eticacomunica.com.mx\/","name":"\u00c9tica Comunica","description":"Diario Digital","publisher":{"@id":"https:\/\/eticacomunica.com.mx\/#organization"},"potentialAction":[{"@type":"SearchAction","target":{"@type":"EntryPoint","urlTemplate":"https:\/\/eticacomunica.com.mx\/?s={search_term_string}"},"query-input":{"@type":"PropertyValueSpecification","valueRequired":true,"valueName":"search_term_string"}}],"inLanguage":"es"},{"@type":"Organization","@id":"https:\/\/eticacomunica.com.mx\/#organization","name":"Diarios Digitales de Sinaloa","url":"https:\/\/eticacomunica.com.mx\/","logo":{"@type":"ImageObject","inLanguage":"es","@id":"https:\/\/eticacomunica.com.mx\/#\/schema\/logo\/image\/","url":"https:\/\/eticacomunica.com.mx\/wp-content\/uploads\/2023\/10\/etica-logo.png","contentUrl":"https:\/\/eticacomunica.com.mx\/wp-content\/uploads\/2023\/10\/etica-logo.png","width":1280,"height":432,"caption":"Diarios Digitales de Sinaloa"},"image":{"@id":"https:\/\/eticacomunica.com.mx\/#\/schema\/logo\/image\/"},"sameAs":["https:\/\/www.facebook.com\/eticacomunica"]},{"@type":"Person","@id":"https:\/\/eticacomunica.com.mx\/#\/schema\/person\/2cacc47bd17fe8ad92f08c0313d22fa6","name":"etica","image":{"@type":"ImageObject","inLanguage":"es","@id":"https:\/\/secure.gravatar.com\/avatar\/dfb45d32bc7097f8f06d6e4f6e6b387e7cb8fd5b3a2869265c40587ab62cab1e?s=96&d=mm&r=g","url":"https:\/\/secure.gravatar.com\/avatar\/dfb45d32bc7097f8f06d6e4f6e6b387e7cb8fd5b3a2869265c40587ab62cab1e?s=96&d=mm&r=g","contentUrl":"https:\/\/secure.gravatar.com\/avatar\/dfb45d32bc7097f8f06d6e4f6e6b387e7cb8fd5b3a2869265c40587ab62cab1e?s=96&d=mm&r=g","caption":"etica"},"sameAs":["https:\/\/eticacomunica.com.mx"],"url":"https:\/\/eticacomunica.com.mx\/?author=1"}]}},"jetpack_publicize_connections":[],"jetpack_featured_media_url":"https:\/\/eticacomunica.com.mx\/wp-content\/uploads\/2023\/09\/IMG-20230920-WA0004.jpg","jetpack_sharing_enabled":true,"_links":{"self":[{"href":"https:\/\/eticacomunica.com.mx\/index.php?rest_route=\/wp\/v2\/posts\/20216","targetHints":{"allow":["GET"]}}],"collection":[{"href":"https:\/\/eticacomunica.com.mx\/index.php?rest_route=\/wp\/v2\/posts"}],"about":[{"href":"https:\/\/eticacomunica.com.mx\/index.php?rest_route=\/wp\/v2\/types\/post"}],"author":[{"embeddable":true,"href":"https:\/\/eticacomunica.com.mx\/index.php?rest_route=\/wp\/v2\/users\/1"}],"replies":[{"embeddable":true,"href":"https:\/\/eticacomunica.com.mx\/index.php?rest_route=%2Fwp%2Fv2%2Fcomments&post=20216"}],"version-history":[{"count":0,"href":"https:\/\/eticacomunica.com.mx\/index.php?rest_route=\/wp\/v2\/posts\/20216\/revisions"}],"wp:featuredmedia":[{"embeddable":true,"href":"https:\/\/eticacomunica.com.mx\/index.php?rest_route=\/wp\/v2\/media\/20215"}],"wp:attachment":[{"href":"https:\/\/eticacomunica.com.mx\/index.php?rest_route=%2Fwp%2Fv2%2Fmedia&parent=20216"}],"wp:term":[{"taxonomy":"category","embeddable":true,"href":"https:\/\/eticacomunica.com.mx\/index.php?rest_route=%2Fwp%2Fv2%2Fcategories&post=20216"},{"taxonomy":"post_tag","embeddable":true,"href":"https:\/\/eticacomunica.com.mx\/index.php?rest_route=%2Fwp%2Fv2%2Ftags&post=20216"}],"curies":[{"name":"wp","href":"https:\/\/api.w.org\/{rel}","templated":true}]}}