{"id":30871,"date":"2025-12-27T20:57:24","date_gmt":"2025-12-28T03:57:24","guid":{"rendered":"https:\/\/eticacomunica.com.mx\/?p=30871"},"modified":"2025-12-27T20:57:24","modified_gmt":"2025-12-28T03:57:24","slug":"investigadores-de-la-uas-coordinan-diseno-de-robots-futbolistas-para-un-evento-tecnologico-nacional-convocado-en-el-marco-de-la-copa-del-mundo","status":"publish","type":"post","link":"https:\/\/eticacomunica.com.mx\/?p=30871","title":{"rendered":"Investigadores de la UAS coordinan dise\u00f1o de robots futbolistas para un evento tecnol\u00f3gico nacional convocado en el marco de la Copa del Mundo"},"content":{"rendered":"\n<p>En el marco de la Copa del Mundo de Futbol de la FIFA, que se celebrar\u00e1 en M\u00e9xico en 2026 siendo sede junto con Estados Unidos y Canad\u00e1, el Gobierno Federal lanz\u00f3 la convocatoria para realizar un evento de robots futbolistas, para compartir con el mundo la tecnolog\u00eda que se desarrolla en M\u00e9xico adecuada con el futbol, refiri\u00f3 Armando Contreras Rodr\u00edguez, investigador de la Facultad de Ciencias F\u00edsico Matem\u00e1ticas de la Universidad Aut\u00f3noma de Sinaloa (UAS).<br><br>El tambi\u00e9n coordinador de la Licenciatura en Ingenier\u00eda Mecatr\u00f3nica de la Casa Rosalina explic\u00f3 que se realiz\u00f3 una reuni\u00f3n que congreg\u00f3 a investigadores universitario de distintas facultades como la Facultad de Ciencias de la Tierra y el Espacio (FACITE) e Inform\u00e1tica, personal de la Direcci\u00f3n General de Vinculaci\u00f3n y Relaciones Internacionales (DGVRI), as\u00ed como de F\u00edsico Matem\u00e1ticas, para ver las caracter\u00edsticas de los prototipos que se van a dise\u00f1ar.<br><br>\u201cLa universidad va a ser una subsede del evento nacional con sede en Ciudad de M\u00e9xico y la idea es que se tenga un monitoreo televisivo en todas las sedes a del pa\u00eds; entonces este evento les brinda una buena proyecci\u00f3n a los estudiantes a nivel nacional para ver c\u00f3mo estamos ubicados con respecto a este tipo de competencias\u201d, refiri\u00f3.<br><br>Destac\u00f3 que en esta reuni\u00f3n se vieron las reglas del concurso, as\u00ed como especificaciones del dise\u00f1o y categor\u00edas donde pueden participar los estudiantes, adem\u00e1s de caracter\u00edsticas que van desde tama\u00f1os espec\u00edficos, peso y tipo de sensores, para que los estudiantes con el apoyo de los investigadores desarrollen su imaginaci\u00f3n y puedan crear robots que participen en este concurso, as\u00ed como planear la ubicaci\u00f3n de la cancha donde se realizar\u00e1 esta competencia bajo las medidas oficiales.<\/p>\n","protected":false},"excerpt":{"rendered":"<p>En el marco de la Copa del Mundo de Futbol de la FIFA, que se celebrar\u00e1 en M\u00e9xico en 2026 siendo sede junto con Estados Unidos y Canad\u00e1, el Gobierno&hellip;<\/p>\n","protected":false},"author":1,"featured_media":30870,"comment_status":"open","ping_status":"open","sticky":false,"template":"","format":"standard","meta":{"_jetpack_memberships_contains_paid_content":false,"footnotes":"","jetpack_publicize_message":"","jetpack_publicize_feature_enabled":true,"jetpack_social_post_already_shared":true,"jetpack_social_options":{"image_generator_settings":{"template":"highway","default_image_id":0,"font":"","enabled":false},"version":2}},"categories":[40],"tags":[41],"class_list":["post-30871","post","type-post","status-publish","format-standard","has-post-thumbnail","hentry","category-educacion","tag-uas"],"yoast_head":"<!-- This site is optimized with the Yoast SEO plugin v27.2 - https:\/\/yoast.com\/product\/yoast-seo-wordpress\/ -->\n<title>Investigadores de la UAS coordinan dise\u00f1o de robots futbolistas para un evento tecnol\u00f3gico nacional convocado en el marco de la Copa del Mundo - \u00c9tica Comunica<\/title>\n<meta name=\"robots\" content=\"index, follow, max-snippet:-1, max-image-preview:large, max-video-preview:-1\" \/>\n<link rel=\"canonical\" href=\"https:\/\/eticacomunica.com.mx\/?p=30871\" \/>\n<meta property=\"og:locale\" content=\"es_MX\" \/>\n<meta property=\"og:type\" content=\"article\" \/>\n<meta property=\"og:title\" content=\"Investigadores de la UAS coordinan dise\u00f1o de robots futbolistas para un evento tecnol\u00f3gico nacional convocado en el marco de la Copa del Mundo - \u00c9tica Comunica\" \/>\n<meta property=\"og:description\" content=\"En el marco de la Copa del Mundo de Futbol de la FIFA, que se celebrar\u00e1 en M\u00e9xico en 2026 siendo sede junto con Estados Unidos y Canad\u00e1, el Gobierno&hellip;\" \/>\n<meta property=\"og:url\" content=\"https:\/\/eticacomunica.com.mx\/?p=30871\" \/>\n<meta property=\"og:site_name\" content=\"\u00c9tica Comunica\" \/>\n<meta property=\"article:publisher\" content=\"https:\/\/www.facebook.com\/eticacomunica\" \/>\n<meta property=\"article:published_time\" content=\"2025-12-28T03:57:24+00:00\" \/>\n<meta property=\"og:image\" content=\"https:\/\/eticacomunica.com.mx\/wp-content\/uploads\/2025\/12\/IMG-20251227-WA0022.jpg\" \/>\n\t<meta property=\"og:image:width\" content=\"1500\" \/>\n\t<meta property=\"og:image:height\" content=\"1000\" \/>\n\t<meta property=\"og:image:type\" content=\"image\/jpeg\" \/>\n<meta name=\"author\" content=\"etica\" \/>\n<meta name=\"twitter:card\" content=\"summary_large_image\" \/>\n<meta name=\"twitter:label1\" content=\"Escrito por\" \/>\n\t<meta name=\"twitter:data1\" content=\"etica\" \/>\n\t<meta name=\"twitter:label2\" content=\"Tiempo de lectura\" \/>\n\t<meta name=\"twitter:data2\" content=\"2 minutos\" \/>\n<script type=\"application\/ld+json\" class=\"yoast-schema-graph\">{\"@context\":\"https:\/\/schema.org\",\"@graph\":[{\"@type\":\"Article\",\"@id\":\"https:\/\/eticacomunica.com.mx\/?p=30871#article\",\"isPartOf\":{\"@id\":\"https:\/\/eticacomunica.com.mx\/?p=30871\"},\"author\":{\"name\":\"etica\",\"@id\":\"https:\/\/eticacomunica.com.mx\/#\/schema\/person\/2cacc47bd17fe8ad92f08c0313d22fa6\"},\"headline\":\"Investigadores de la UAS coordinan dise\u00f1o de robots futbolistas para un evento tecnol\u00f3gico nacional convocado en el marco de la Copa del Mundo\",\"datePublished\":\"2025-12-28T03:57:24+00:00\",\"mainEntityOfPage\":{\"@id\":\"https:\/\/eticacomunica.com.mx\/?p=30871\"},\"wordCount\":335,\"commentCount\":0,\"publisher\":{\"@id\":\"https:\/\/eticacomunica.com.mx\/#organization\"},\"image\":{\"@id\":\"https:\/\/eticacomunica.com.mx\/?p=30871#primaryimage\"},\"thumbnailUrl\":\"https:\/\/eticacomunica.com.mx\/wp-content\/uploads\/2025\/12\/IMG-20251227-WA0022.jpg\",\"keywords\":[\"UAS\"],\"articleSection\":[\"Educaci\u00f3n\"],\"inLanguage\":\"es\",\"potentialAction\":[{\"@type\":\"CommentAction\",\"name\":\"Comment\",\"target\":[\"https:\/\/eticacomunica.com.mx\/?p=30871#respond\"]}]},{\"@type\":\"WebPage\",\"@id\":\"https:\/\/eticacomunica.com.mx\/?p=30871\",\"url\":\"https:\/\/eticacomunica.com.mx\/?p=30871\",\"name\":\"Investigadores de la UAS coordinan dise\u00f1o de robots futbolistas para un evento tecnol\u00f3gico nacional convocado en el marco de la Copa del Mundo - \u00c9tica Comunica\",\"isPartOf\":{\"@id\":\"https:\/\/eticacomunica.com.mx\/#website\"},\"primaryImageOfPage\":{\"@id\":\"https:\/\/eticacomunica.com.mx\/?p=30871#primaryimage\"},\"image\":{\"@id\":\"https:\/\/eticacomunica.com.mx\/?p=30871#primaryimage\"},\"thumbnailUrl\":\"https:\/\/eticacomunica.com.mx\/wp-content\/uploads\/2025\/12\/IMG-20251227-WA0022.jpg\",\"datePublished\":\"2025-12-28T03:57:24+00:00\",\"breadcrumb\":{\"@id\":\"https:\/\/eticacomunica.com.mx\/?p=30871#breadcrumb\"},\"inLanguage\":\"es\",\"potentialAction\":[{\"@type\":\"ReadAction\",\"target\":[\"https:\/\/eticacomunica.com.mx\/?p=30871\"]}]},{\"@type\":\"ImageObject\",\"inLanguage\":\"es\",\"@id\":\"https:\/\/eticacomunica.com.mx\/?p=30871#primaryimage\",\"url\":\"https:\/\/eticacomunica.com.mx\/wp-content\/uploads\/2025\/12\/IMG-20251227-WA0022.jpg\",\"contentUrl\":\"https:\/\/eticacomunica.com.mx\/wp-content\/uploads\/2025\/12\/IMG-20251227-WA0022.jpg\",\"width\":1500,\"height\":1000},{\"@type\":\"BreadcrumbList\",\"@id\":\"https:\/\/eticacomunica.com.mx\/?p=30871#breadcrumb\",\"itemListElement\":[{\"@type\":\"ListItem\",\"position\":1,\"name\":\"Inicio\",\"item\":\"https:\/\/eticacomunica.com.mx\/\"},{\"@type\":\"ListItem\",\"position\":2,\"name\":\"Investigadores de la UAS coordinan dise\u00f1o de robots futbolistas para un evento tecnol\u00f3gico nacional convocado en el marco de la Copa del Mundo\"}]},{\"@type\":\"WebSite\",\"@id\":\"https:\/\/eticacomunica.com.mx\/#website\",\"url\":\"https:\/\/eticacomunica.com.mx\/\",\"name\":\"\u00c9tica Comunica\",\"description\":\"Diario Digital\",\"publisher\":{\"@id\":\"https:\/\/eticacomunica.com.mx\/#organization\"},\"potentialAction\":[{\"@type\":\"SearchAction\",\"target\":{\"@type\":\"EntryPoint\",\"urlTemplate\":\"https:\/\/eticacomunica.com.mx\/?s={search_term_string}\"},\"query-input\":{\"@type\":\"PropertyValueSpecification\",\"valueRequired\":true,\"valueName\":\"search_term_string\"}}],\"inLanguage\":\"es\"},{\"@type\":\"Organization\",\"@id\":\"https:\/\/eticacomunica.com.mx\/#organization\",\"name\":\"Diarios Digitales de Sinaloa\",\"url\":\"https:\/\/eticacomunica.com.mx\/\",\"logo\":{\"@type\":\"ImageObject\",\"inLanguage\":\"es\",\"@id\":\"https:\/\/eticacomunica.com.mx\/#\/schema\/logo\/image\/\",\"url\":\"https:\/\/eticacomunica.com.mx\/wp-content\/uploads\/2023\/10\/etica-logo.png\",\"contentUrl\":\"https:\/\/eticacomunica.com.mx\/wp-content\/uploads\/2023\/10\/etica-logo.png\",\"width\":1280,\"height\":432,\"caption\":\"Diarios Digitales de Sinaloa\"},\"image\":{\"@id\":\"https:\/\/eticacomunica.com.mx\/#\/schema\/logo\/image\/\"},\"sameAs\":[\"https:\/\/www.facebook.com\/eticacomunica\"]},{\"@type\":\"Person\",\"@id\":\"https:\/\/eticacomunica.com.mx\/#\/schema\/person\/2cacc47bd17fe8ad92f08c0313d22fa6\",\"name\":\"etica\",\"image\":{\"@type\":\"ImageObject\",\"inLanguage\":\"es\",\"@id\":\"https:\/\/secure.gravatar.com\/avatar\/dfb45d32bc7097f8f06d6e4f6e6b387e7cb8fd5b3a2869265c40587ab62cab1e?s=96&d=mm&r=g\",\"url\":\"https:\/\/secure.gravatar.com\/avatar\/dfb45d32bc7097f8f06d6e4f6e6b387e7cb8fd5b3a2869265c40587ab62cab1e?s=96&d=mm&r=g\",\"contentUrl\":\"https:\/\/secure.gravatar.com\/avatar\/dfb45d32bc7097f8f06d6e4f6e6b387e7cb8fd5b3a2869265c40587ab62cab1e?s=96&d=mm&r=g\",\"caption\":\"etica\"},\"sameAs\":[\"https:\/\/eticacomunica.com.mx\"],\"url\":\"https:\/\/eticacomunica.com.mx\/?author=1\"}]}<\/script>\n<!-- \/ Yoast SEO plugin. -->","yoast_head_json":{"title":"Investigadores de la UAS coordinan dise\u00f1o de robots futbolistas para un evento tecnol\u00f3gico nacional convocado en el marco de la Copa del Mundo - \u00c9tica Comunica","robots":{"index":"index","follow":"follow","max-snippet":"max-snippet:-1","max-image-preview":"max-image-preview:large","max-video-preview":"max-video-preview:-1"},"canonical":"https:\/\/eticacomunica.com.mx\/?p=30871","og_locale":"es_MX","og_type":"article","og_title":"Investigadores de la UAS coordinan dise\u00f1o de robots futbolistas para un evento tecnol\u00f3gico nacional convocado en el marco de la Copa del Mundo - \u00c9tica Comunica","og_description":"En el marco de la Copa del Mundo de Futbol de la FIFA, que se celebrar\u00e1 en M\u00e9xico en 2026 siendo sede junto con Estados Unidos y Canad\u00e1, el Gobierno&hellip;","og_url":"https:\/\/eticacomunica.com.mx\/?p=30871","og_site_name":"\u00c9tica Comunica","article_publisher":"https:\/\/www.facebook.com\/eticacomunica","article_published_time":"2025-12-28T03:57:24+00:00","og_image":[{"width":1500,"height":1000,"url":"https:\/\/eticacomunica.com.mx\/wp-content\/uploads\/2025\/12\/IMG-20251227-WA0022.jpg","type":"image\/jpeg"}],"author":"etica","twitter_card":"summary_large_image","twitter_misc":{"Escrito por":"etica","Tiempo de lectura":"2 minutos"},"schema":{"@context":"https:\/\/schema.org","@graph":[{"@type":"Article","@id":"https:\/\/eticacomunica.com.mx\/?p=30871#article","isPartOf":{"@id":"https:\/\/eticacomunica.com.mx\/?p=30871"},"author":{"name":"etica","@id":"https:\/\/eticacomunica.com.mx\/#\/schema\/person\/2cacc47bd17fe8ad92f08c0313d22fa6"},"headline":"Investigadores de la UAS coordinan dise\u00f1o de robots futbolistas para un evento tecnol\u00f3gico nacional convocado en el marco de la Copa del Mundo","datePublished":"2025-12-28T03:57:24+00:00","mainEntityOfPage":{"@id":"https:\/\/eticacomunica.com.mx\/?p=30871"},"wordCount":335,"commentCount":0,"publisher":{"@id":"https:\/\/eticacomunica.com.mx\/#organization"},"image":{"@id":"https:\/\/eticacomunica.com.mx\/?p=30871#primaryimage"},"thumbnailUrl":"https:\/\/eticacomunica.com.mx\/wp-content\/uploads\/2025\/12\/IMG-20251227-WA0022.jpg","keywords":["UAS"],"articleSection":["Educaci\u00f3n"],"inLanguage":"es","potentialAction":[{"@type":"CommentAction","name":"Comment","target":["https:\/\/eticacomunica.com.mx\/?p=30871#respond"]}]},{"@type":"WebPage","@id":"https:\/\/eticacomunica.com.mx\/?p=30871","url":"https:\/\/eticacomunica.com.mx\/?p=30871","name":"Investigadores de la UAS coordinan dise\u00f1o de robots futbolistas para un evento tecnol\u00f3gico nacional convocado en el marco de la Copa del Mundo - \u00c9tica Comunica","isPartOf":{"@id":"https:\/\/eticacomunica.com.mx\/#website"},"primaryImageOfPage":{"@id":"https:\/\/eticacomunica.com.mx\/?p=30871#primaryimage"},"image":{"@id":"https:\/\/eticacomunica.com.mx\/?p=30871#primaryimage"},"thumbnailUrl":"https:\/\/eticacomunica.com.mx\/wp-content\/uploads\/2025\/12\/IMG-20251227-WA0022.jpg","datePublished":"2025-12-28T03:57:24+00:00","breadcrumb":{"@id":"https:\/\/eticacomunica.com.mx\/?p=30871#breadcrumb"},"inLanguage":"es","potentialAction":[{"@type":"ReadAction","target":["https:\/\/eticacomunica.com.mx\/?p=30871"]}]},{"@type":"ImageObject","inLanguage":"es","@id":"https:\/\/eticacomunica.com.mx\/?p=30871#primaryimage","url":"https:\/\/eticacomunica.com.mx\/wp-content\/uploads\/2025\/12\/IMG-20251227-WA0022.jpg","contentUrl":"https:\/\/eticacomunica.com.mx\/wp-content\/uploads\/2025\/12\/IMG-20251227-WA0022.jpg","width":1500,"height":1000},{"@type":"BreadcrumbList","@id":"https:\/\/eticacomunica.com.mx\/?p=30871#breadcrumb","itemListElement":[{"@type":"ListItem","position":1,"name":"Inicio","item":"https:\/\/eticacomunica.com.mx\/"},{"@type":"ListItem","position":2,"name":"Investigadores de la UAS coordinan dise\u00f1o de robots futbolistas para un evento tecnol\u00f3gico nacional convocado en el marco de la Copa del Mundo"}]},{"@type":"WebSite","@id":"https:\/\/eticacomunica.com.mx\/#website","url":"https:\/\/eticacomunica.com.mx\/","name":"\u00c9tica Comunica","description":"Diario Digital","publisher":{"@id":"https:\/\/eticacomunica.com.mx\/#organization"},"potentialAction":[{"@type":"SearchAction","target":{"@type":"EntryPoint","urlTemplate":"https:\/\/eticacomunica.com.mx\/?s={search_term_string}"},"query-input":{"@type":"PropertyValueSpecification","valueRequired":true,"valueName":"search_term_string"}}],"inLanguage":"es"},{"@type":"Organization","@id":"https:\/\/eticacomunica.com.mx\/#organization","name":"Diarios Digitales de Sinaloa","url":"https:\/\/eticacomunica.com.mx\/","logo":{"@type":"ImageObject","inLanguage":"es","@id":"https:\/\/eticacomunica.com.mx\/#\/schema\/logo\/image\/","url":"https:\/\/eticacomunica.com.mx\/wp-content\/uploads\/2023\/10\/etica-logo.png","contentUrl":"https:\/\/eticacomunica.com.mx\/wp-content\/uploads\/2023\/10\/etica-logo.png","width":1280,"height":432,"caption":"Diarios Digitales de Sinaloa"},"image":{"@id":"https:\/\/eticacomunica.com.mx\/#\/schema\/logo\/image\/"},"sameAs":["https:\/\/www.facebook.com\/eticacomunica"]},{"@type":"Person","@id":"https:\/\/eticacomunica.com.mx\/#\/schema\/person\/2cacc47bd17fe8ad92f08c0313d22fa6","name":"etica","image":{"@type":"ImageObject","inLanguage":"es","@id":"https:\/\/secure.gravatar.com\/avatar\/dfb45d32bc7097f8f06d6e4f6e6b387e7cb8fd5b3a2869265c40587ab62cab1e?s=96&d=mm&r=g","url":"https:\/\/secure.gravatar.com\/avatar\/dfb45d32bc7097f8f06d6e4f6e6b387e7cb8fd5b3a2869265c40587ab62cab1e?s=96&d=mm&r=g","contentUrl":"https:\/\/secure.gravatar.com\/avatar\/dfb45d32bc7097f8f06d6e4f6e6b387e7cb8fd5b3a2869265c40587ab62cab1e?s=96&d=mm&r=g","caption":"etica"},"sameAs":["https:\/\/eticacomunica.com.mx"],"url":"https:\/\/eticacomunica.com.mx\/?author=1"}]}},"jetpack_publicize_connections":[],"jetpack_featured_media_url":"https:\/\/eticacomunica.com.mx\/wp-content\/uploads\/2025\/12\/IMG-20251227-WA0022.jpg","jetpack_sharing_enabled":true,"_links":{"self":[{"href":"https:\/\/eticacomunica.com.mx\/index.php?rest_route=\/wp\/v2\/posts\/30871","targetHints":{"allow":["GET"]}}],"collection":[{"href":"https:\/\/eticacomunica.com.mx\/index.php?rest_route=\/wp\/v2\/posts"}],"about":[{"href":"https:\/\/eticacomunica.com.mx\/index.php?rest_route=\/wp\/v2\/types\/post"}],"author":[{"embeddable":true,"href":"https:\/\/eticacomunica.com.mx\/index.php?rest_route=\/wp\/v2\/users\/1"}],"replies":[{"embeddable":true,"href":"https:\/\/eticacomunica.com.mx\/index.php?rest_route=%2Fwp%2Fv2%2Fcomments&post=30871"}],"version-history":[{"count":0,"href":"https:\/\/eticacomunica.com.mx\/index.php?rest_route=\/wp\/v2\/posts\/30871\/revisions"}],"wp:featuredmedia":[{"embeddable":true,"href":"https:\/\/eticacomunica.com.mx\/index.php?rest_route=\/wp\/v2\/media\/30870"}],"wp:attachment":[{"href":"https:\/\/eticacomunica.com.mx\/index.php?rest_route=%2Fwp%2Fv2%2Fmedia&parent=30871"}],"wp:term":[{"taxonomy":"category","embeddable":true,"href":"https:\/\/eticacomunica.com.mx\/index.php?rest_route=%2Fwp%2Fv2%2Fcategories&post=30871"},{"taxonomy":"post_tag","embeddable":true,"href":"https:\/\/eticacomunica.com.mx\/index.php?rest_route=%2Fwp%2Fv2%2Ftags&post=30871"}],"curies":[{"name":"wp","href":"https:\/\/api.w.org\/{rel}","templated":true}]}}