{"id":30878,"date":"2025-12-29T13:13:55","date_gmt":"2025-12-29T20:13:55","guid":{"rendered":"https:\/\/eticacomunica.com.mx\/?p=30878"},"modified":"2025-12-29T13:18:55","modified_gmt":"2025-12-29T20:18:55","slug":"vias-respiratorias-en-riesgo-la-prevencion-es-la-clave-durante-el-invierno-hay-que-protegerse-del-frio-evitar-la-automedicacion-y-mejor-aplicarse-vacunas","status":"publish","type":"post","link":"https:\/\/eticacomunica.com.mx\/?p=30878","title":{"rendered":"\u00a1V\u00edas respiratorias en riesgo! La prevenci\u00f3n es la clave durante el invierno, hay que protegerse del fr\u00edo, evitar la automedicaci\u00f3n y mejor aplicarse vacunas"},"content":{"rendered":"\n<p>Con la llegada del invierno y la entrada de frentes fr\u00edos aumentan significativamente la proliferaci\u00f3n de enfermedades de las v\u00edas respiratorias, por lo que la clave para mantener una buena salud es mantener el cuidado equilibrado del cuerpo, comer de manera saludable, abrigarse adecuadamente, lavarse constantemente las manos o usar gel antibacterial, adem\u00e1s de utilizar cubre bocas cuando ya tenemos la enfermedad, se\u00f1al\u00f3 el doctor Julio C\u00e9sar Gonz\u00e1lez Huerta, <br><br>\u201cAhorita con los cambios de temperatura el aire se vuelve m\u00e1s fr\u00edo, m\u00e1s seco y eso hace que aumenten las infecciones de v\u00edas respiratorias, va desde algo muy leve como un simple resfriado, hasta algo muy grave como una neumon\u00eda por eso hay que estar al pendiente de las campa\u00f1as de vacunaci\u00f3n para prevenir estas complicaciones graves\u201d, enfatiz\u00f3.<br><br>El m\u00e9dico internista del Centro de Investigaci\u00f3n y Docencia en Ciencias de la Salud (CIDOCS) de la Universidad Aut\u00f3noma de Sinaloa (UAS) manifest\u00f3 que las enfermedades respiratorias en esta \u00e9poca del a\u00f1o afectan principalmente a los extremos de la vida, tanto a ni\u00f1os como adultos mayores, as\u00ed tambi\u00e9n como a personas que padecen alg\u00fan factor de riesgo como diabetes, enfermedades cardiacas, por lo que el llamado es acudir a vacunarse, as\u00ed como tomar medidas en casa para prevenir.<br><br>\u201cHay que tener bien ventiladas las \u00e1reas, evitar estar en hacinamiento o en confinamiento con mucha gente, en caso de tener alg\u00fan tipo de s\u00edntoma o ir a lugares con mucha poblaci\u00f3n, probablemente enferma como en el hospital, usar cubre bocas y la higiene de manos tambi\u00e9n es muy importante\u201d, recomend\u00f3.<br><br>As\u00ed mismo el galeno universitario hizo especial \u00e9nfasis en el llamado a la no automedicaci\u00f3n aun cuando se tenga un resfriado com\u00fan ya que dijo que si bien podr\u00eda ser el caso de algo muy leve tambi\u00e9n puede ser el principio de algo m\u00e1s grande, por lo que s\u00ed es importante tener una valoraci\u00f3n adecuada por el m\u00e9dico.<\/p>\n","protected":false},"excerpt":{"rendered":"<p>Con la llegada del invierno y la entrada de frentes fr\u00edos aumentan significativamente la proliferaci\u00f3n de enfermedades de las v\u00edas respiratorias, por lo que la clave para mantener una buena&hellip;<\/p>\n","protected":false},"author":1,"featured_media":30877,"comment_status":"open","ping_status":"open","sticky":false,"template":"","format":"standard","meta":{"_jetpack_memberships_contains_paid_content":false,"footnotes":"","jetpack_publicize_message":"","jetpack_publicize_feature_enabled":true,"jetpack_social_post_already_shared":true,"jetpack_social_options":{"image_generator_settings":{"template":"highway","default_image_id":0,"font":"","enabled":false},"version":2}},"categories":[40],"tags":[41],"class_list":["post-30878","post","type-post","status-publish","format-standard","has-post-thumbnail","hentry","category-educacion","tag-uas"],"yoast_head":"<!-- This site is optimized with the Yoast SEO plugin v27.2 - https:\/\/yoast.com\/product\/yoast-seo-wordpress\/ -->\n<title>\u00a1V\u00edas respiratorias en riesgo! La prevenci\u00f3n es la clave durante el invierno, hay que protegerse del fr\u00edo, evitar la automedicaci\u00f3n y mejor aplicarse vacunas - \u00c9tica Comunica<\/title>\n<meta name=\"robots\" content=\"index, follow, max-snippet:-1, max-image-preview:large, max-video-preview:-1\" \/>\n<link rel=\"canonical\" href=\"https:\/\/eticacomunica.com.mx\/?p=30878\" \/>\n<meta property=\"og:locale\" content=\"es_MX\" \/>\n<meta property=\"og:type\" content=\"article\" \/>\n<meta property=\"og:title\" content=\"\u00a1V\u00edas respiratorias en riesgo! La prevenci\u00f3n es la clave durante el invierno, hay que protegerse del fr\u00edo, evitar la automedicaci\u00f3n y mejor aplicarse vacunas - \u00c9tica Comunica\" \/>\n<meta property=\"og:description\" content=\"Con la llegada del invierno y la entrada de frentes fr\u00edos aumentan significativamente la proliferaci\u00f3n de enfermedades de las v\u00edas respiratorias, por lo que la clave para mantener una buena&hellip;\" \/>\n<meta property=\"og:url\" content=\"https:\/\/eticacomunica.com.mx\/?p=30878\" \/>\n<meta property=\"og:site_name\" content=\"\u00c9tica Comunica\" \/>\n<meta property=\"article:publisher\" content=\"https:\/\/www.facebook.com\/eticacomunica\" \/>\n<meta property=\"article:published_time\" content=\"2025-12-29T20:13:55+00:00\" \/>\n<meta property=\"article:modified_time\" content=\"2025-12-29T20:18:55+00:00\" \/>\n<meta property=\"og:image\" content=\"https:\/\/eticacomunica.com.mx\/wp-content\/uploads\/2025\/12\/IMG-20251229-WA0014.jpg\" \/>\n\t<meta property=\"og:image:width\" content=\"1600\" \/>\n\t<meta property=\"og:image:height\" content=\"1600\" \/>\n\t<meta property=\"og:image:type\" content=\"image\/jpeg\" \/>\n<meta name=\"author\" content=\"etica\" \/>\n<meta name=\"twitter:card\" content=\"summary_large_image\" \/>\n<meta name=\"twitter:label1\" content=\"Escrito por\" \/>\n\t<meta name=\"twitter:data1\" content=\"etica\" \/>\n\t<meta name=\"twitter:label2\" content=\"Tiempo de lectura\" \/>\n\t<meta name=\"twitter:data2\" content=\"2 minutos\" \/>\n<script type=\"application\/ld+json\" class=\"yoast-schema-graph\">{\"@context\":\"https:\/\/schema.org\",\"@graph\":[{\"@type\":\"Article\",\"@id\":\"https:\/\/eticacomunica.com.mx\/?p=30878#article\",\"isPartOf\":{\"@id\":\"https:\/\/eticacomunica.com.mx\/?p=30878\"},\"author\":{\"name\":\"etica\",\"@id\":\"https:\/\/eticacomunica.com.mx\/#\/schema\/person\/2cacc47bd17fe8ad92f08c0313d22fa6\"},\"headline\":\"\u00a1V\u00edas respiratorias en riesgo! La prevenci\u00f3n es la clave durante el invierno, hay que protegerse del fr\u00edo, evitar la automedicaci\u00f3n y mejor aplicarse vacunas\",\"datePublished\":\"2025-12-29T20:13:55+00:00\",\"dateModified\":\"2025-12-29T20:18:55+00:00\",\"mainEntityOfPage\":{\"@id\":\"https:\/\/eticacomunica.com.mx\/?p=30878\"},\"wordCount\":374,\"commentCount\":0,\"publisher\":{\"@id\":\"https:\/\/eticacomunica.com.mx\/#organization\"},\"image\":{\"@id\":\"https:\/\/eticacomunica.com.mx\/?p=30878#primaryimage\"},\"thumbnailUrl\":\"https:\/\/eticacomunica.com.mx\/wp-content\/uploads\/2025\/12\/IMG-20251229-WA0014.jpg\",\"keywords\":[\"UAS\"],\"articleSection\":[\"Educaci\u00f3n\"],\"inLanguage\":\"es\",\"potentialAction\":[{\"@type\":\"CommentAction\",\"name\":\"Comment\",\"target\":[\"https:\/\/eticacomunica.com.mx\/?p=30878#respond\"]}]},{\"@type\":\"WebPage\",\"@id\":\"https:\/\/eticacomunica.com.mx\/?p=30878\",\"url\":\"https:\/\/eticacomunica.com.mx\/?p=30878\",\"name\":\"\u00a1V\u00edas respiratorias en riesgo! La prevenci\u00f3n es la clave durante el invierno, hay que protegerse del fr\u00edo, evitar la automedicaci\u00f3n y mejor aplicarse vacunas - \u00c9tica Comunica\",\"isPartOf\":{\"@id\":\"https:\/\/eticacomunica.com.mx\/#website\"},\"primaryImageOfPage\":{\"@id\":\"https:\/\/eticacomunica.com.mx\/?p=30878#primaryimage\"},\"image\":{\"@id\":\"https:\/\/eticacomunica.com.mx\/?p=30878#primaryimage\"},\"thumbnailUrl\":\"https:\/\/eticacomunica.com.mx\/wp-content\/uploads\/2025\/12\/IMG-20251229-WA0014.jpg\",\"datePublished\":\"2025-12-29T20:13:55+00:00\",\"dateModified\":\"2025-12-29T20:18:55+00:00\",\"breadcrumb\":{\"@id\":\"https:\/\/eticacomunica.com.mx\/?p=30878#breadcrumb\"},\"inLanguage\":\"es\",\"potentialAction\":[{\"@type\":\"ReadAction\",\"target\":[\"https:\/\/eticacomunica.com.mx\/?p=30878\"]}]},{\"@type\":\"ImageObject\",\"inLanguage\":\"es\",\"@id\":\"https:\/\/eticacomunica.com.mx\/?p=30878#primaryimage\",\"url\":\"https:\/\/eticacomunica.com.mx\/wp-content\/uploads\/2025\/12\/IMG-20251229-WA0014.jpg\",\"contentUrl\":\"https:\/\/eticacomunica.com.mx\/wp-content\/uploads\/2025\/12\/IMG-20251229-WA0014.jpg\",\"width\":1600,\"height\":1600},{\"@type\":\"BreadcrumbList\",\"@id\":\"https:\/\/eticacomunica.com.mx\/?p=30878#breadcrumb\",\"itemListElement\":[{\"@type\":\"ListItem\",\"position\":1,\"name\":\"Inicio\",\"item\":\"https:\/\/eticacomunica.com.mx\/\"},{\"@type\":\"ListItem\",\"position\":2,\"name\":\"\u00a1V\u00edas respiratorias en riesgo! La prevenci\u00f3n es la clave durante el invierno, hay que protegerse del fr\u00edo, evitar la automedicaci\u00f3n y mejor aplicarse vacunas\"}]},{\"@type\":\"WebSite\",\"@id\":\"https:\/\/eticacomunica.com.mx\/#website\",\"url\":\"https:\/\/eticacomunica.com.mx\/\",\"name\":\"\u00c9tica Comunica\",\"description\":\"Diario Digital\",\"publisher\":{\"@id\":\"https:\/\/eticacomunica.com.mx\/#organization\"},\"potentialAction\":[{\"@type\":\"SearchAction\",\"target\":{\"@type\":\"EntryPoint\",\"urlTemplate\":\"https:\/\/eticacomunica.com.mx\/?s={search_term_string}\"},\"query-input\":{\"@type\":\"PropertyValueSpecification\",\"valueRequired\":true,\"valueName\":\"search_term_string\"}}],\"inLanguage\":\"es\"},{\"@type\":\"Organization\",\"@id\":\"https:\/\/eticacomunica.com.mx\/#organization\",\"name\":\"Diarios Digitales de Sinaloa\",\"url\":\"https:\/\/eticacomunica.com.mx\/\",\"logo\":{\"@type\":\"ImageObject\",\"inLanguage\":\"es\",\"@id\":\"https:\/\/eticacomunica.com.mx\/#\/schema\/logo\/image\/\",\"url\":\"https:\/\/eticacomunica.com.mx\/wp-content\/uploads\/2023\/10\/etica-logo.png\",\"contentUrl\":\"https:\/\/eticacomunica.com.mx\/wp-content\/uploads\/2023\/10\/etica-logo.png\",\"width\":1280,\"height\":432,\"caption\":\"Diarios Digitales de Sinaloa\"},\"image\":{\"@id\":\"https:\/\/eticacomunica.com.mx\/#\/schema\/logo\/image\/\"},\"sameAs\":[\"https:\/\/www.facebook.com\/eticacomunica\"]},{\"@type\":\"Person\",\"@id\":\"https:\/\/eticacomunica.com.mx\/#\/schema\/person\/2cacc47bd17fe8ad92f08c0313d22fa6\",\"name\":\"etica\",\"image\":{\"@type\":\"ImageObject\",\"inLanguage\":\"es\",\"@id\":\"https:\/\/secure.gravatar.com\/avatar\/dfb45d32bc7097f8f06d6e4f6e6b387e7cb8fd5b3a2869265c40587ab62cab1e?s=96&d=mm&r=g\",\"url\":\"https:\/\/secure.gravatar.com\/avatar\/dfb45d32bc7097f8f06d6e4f6e6b387e7cb8fd5b3a2869265c40587ab62cab1e?s=96&d=mm&r=g\",\"contentUrl\":\"https:\/\/secure.gravatar.com\/avatar\/dfb45d32bc7097f8f06d6e4f6e6b387e7cb8fd5b3a2869265c40587ab62cab1e?s=96&d=mm&r=g\",\"caption\":\"etica\"},\"sameAs\":[\"https:\/\/eticacomunica.com.mx\"],\"url\":\"https:\/\/eticacomunica.com.mx\/?author=1\"}]}<\/script>\n<!-- \/ Yoast SEO plugin. -->","yoast_head_json":{"title":"\u00a1V\u00edas respiratorias en riesgo! La prevenci\u00f3n es la clave durante el invierno, hay que protegerse del fr\u00edo, evitar la automedicaci\u00f3n y mejor aplicarse vacunas - \u00c9tica Comunica","robots":{"index":"index","follow":"follow","max-snippet":"max-snippet:-1","max-image-preview":"max-image-preview:large","max-video-preview":"max-video-preview:-1"},"canonical":"https:\/\/eticacomunica.com.mx\/?p=30878","og_locale":"es_MX","og_type":"article","og_title":"\u00a1V\u00edas respiratorias en riesgo! La prevenci\u00f3n es la clave durante el invierno, hay que protegerse del fr\u00edo, evitar la automedicaci\u00f3n y mejor aplicarse vacunas - \u00c9tica Comunica","og_description":"Con la llegada del invierno y la entrada de frentes fr\u00edos aumentan significativamente la proliferaci\u00f3n de enfermedades de las v\u00edas respiratorias, por lo que la clave para mantener una buena&hellip;","og_url":"https:\/\/eticacomunica.com.mx\/?p=30878","og_site_name":"\u00c9tica Comunica","article_publisher":"https:\/\/www.facebook.com\/eticacomunica","article_published_time":"2025-12-29T20:13:55+00:00","article_modified_time":"2025-12-29T20:18:55+00:00","og_image":[{"width":1600,"height":1600,"url":"https:\/\/eticacomunica.com.mx\/wp-content\/uploads\/2025\/12\/IMG-20251229-WA0014.jpg","type":"image\/jpeg"}],"author":"etica","twitter_card":"summary_large_image","twitter_misc":{"Escrito por":"etica","Tiempo de lectura":"2 minutos"},"schema":{"@context":"https:\/\/schema.org","@graph":[{"@type":"Article","@id":"https:\/\/eticacomunica.com.mx\/?p=30878#article","isPartOf":{"@id":"https:\/\/eticacomunica.com.mx\/?p=30878"},"author":{"name":"etica","@id":"https:\/\/eticacomunica.com.mx\/#\/schema\/person\/2cacc47bd17fe8ad92f08c0313d22fa6"},"headline":"\u00a1V\u00edas respiratorias en riesgo! La prevenci\u00f3n es la clave durante el invierno, hay que protegerse del fr\u00edo, evitar la automedicaci\u00f3n y mejor aplicarse vacunas","datePublished":"2025-12-29T20:13:55+00:00","dateModified":"2025-12-29T20:18:55+00:00","mainEntityOfPage":{"@id":"https:\/\/eticacomunica.com.mx\/?p=30878"},"wordCount":374,"commentCount":0,"publisher":{"@id":"https:\/\/eticacomunica.com.mx\/#organization"},"image":{"@id":"https:\/\/eticacomunica.com.mx\/?p=30878#primaryimage"},"thumbnailUrl":"https:\/\/eticacomunica.com.mx\/wp-content\/uploads\/2025\/12\/IMG-20251229-WA0014.jpg","keywords":["UAS"],"articleSection":["Educaci\u00f3n"],"inLanguage":"es","potentialAction":[{"@type":"CommentAction","name":"Comment","target":["https:\/\/eticacomunica.com.mx\/?p=30878#respond"]}]},{"@type":"WebPage","@id":"https:\/\/eticacomunica.com.mx\/?p=30878","url":"https:\/\/eticacomunica.com.mx\/?p=30878","name":"\u00a1V\u00edas respiratorias en riesgo! La prevenci\u00f3n es la clave durante el invierno, hay que protegerse del fr\u00edo, evitar la automedicaci\u00f3n y mejor aplicarse vacunas - \u00c9tica Comunica","isPartOf":{"@id":"https:\/\/eticacomunica.com.mx\/#website"},"primaryImageOfPage":{"@id":"https:\/\/eticacomunica.com.mx\/?p=30878#primaryimage"},"image":{"@id":"https:\/\/eticacomunica.com.mx\/?p=30878#primaryimage"},"thumbnailUrl":"https:\/\/eticacomunica.com.mx\/wp-content\/uploads\/2025\/12\/IMG-20251229-WA0014.jpg","datePublished":"2025-12-29T20:13:55+00:00","dateModified":"2025-12-29T20:18:55+00:00","breadcrumb":{"@id":"https:\/\/eticacomunica.com.mx\/?p=30878#breadcrumb"},"inLanguage":"es","potentialAction":[{"@type":"ReadAction","target":["https:\/\/eticacomunica.com.mx\/?p=30878"]}]},{"@type":"ImageObject","inLanguage":"es","@id":"https:\/\/eticacomunica.com.mx\/?p=30878#primaryimage","url":"https:\/\/eticacomunica.com.mx\/wp-content\/uploads\/2025\/12\/IMG-20251229-WA0014.jpg","contentUrl":"https:\/\/eticacomunica.com.mx\/wp-content\/uploads\/2025\/12\/IMG-20251229-WA0014.jpg","width":1600,"height":1600},{"@type":"BreadcrumbList","@id":"https:\/\/eticacomunica.com.mx\/?p=30878#breadcrumb","itemListElement":[{"@type":"ListItem","position":1,"name":"Inicio","item":"https:\/\/eticacomunica.com.mx\/"},{"@type":"ListItem","position":2,"name":"\u00a1V\u00edas respiratorias en riesgo! La prevenci\u00f3n es la clave durante el invierno, hay que protegerse del fr\u00edo, evitar la automedicaci\u00f3n y mejor aplicarse vacunas"}]},{"@type":"WebSite","@id":"https:\/\/eticacomunica.com.mx\/#website","url":"https:\/\/eticacomunica.com.mx\/","name":"\u00c9tica Comunica","description":"Diario Digital","publisher":{"@id":"https:\/\/eticacomunica.com.mx\/#organization"},"potentialAction":[{"@type":"SearchAction","target":{"@type":"EntryPoint","urlTemplate":"https:\/\/eticacomunica.com.mx\/?s={search_term_string}"},"query-input":{"@type":"PropertyValueSpecification","valueRequired":true,"valueName":"search_term_string"}}],"inLanguage":"es"},{"@type":"Organization","@id":"https:\/\/eticacomunica.com.mx\/#organization","name":"Diarios Digitales de Sinaloa","url":"https:\/\/eticacomunica.com.mx\/","logo":{"@type":"ImageObject","inLanguage":"es","@id":"https:\/\/eticacomunica.com.mx\/#\/schema\/logo\/image\/","url":"https:\/\/eticacomunica.com.mx\/wp-content\/uploads\/2023\/10\/etica-logo.png","contentUrl":"https:\/\/eticacomunica.com.mx\/wp-content\/uploads\/2023\/10\/etica-logo.png","width":1280,"height":432,"caption":"Diarios Digitales de Sinaloa"},"image":{"@id":"https:\/\/eticacomunica.com.mx\/#\/schema\/logo\/image\/"},"sameAs":["https:\/\/www.facebook.com\/eticacomunica"]},{"@type":"Person","@id":"https:\/\/eticacomunica.com.mx\/#\/schema\/person\/2cacc47bd17fe8ad92f08c0313d22fa6","name":"etica","image":{"@type":"ImageObject","inLanguage":"es","@id":"https:\/\/secure.gravatar.com\/avatar\/dfb45d32bc7097f8f06d6e4f6e6b387e7cb8fd5b3a2869265c40587ab62cab1e?s=96&d=mm&r=g","url":"https:\/\/secure.gravatar.com\/avatar\/dfb45d32bc7097f8f06d6e4f6e6b387e7cb8fd5b3a2869265c40587ab62cab1e?s=96&d=mm&r=g","contentUrl":"https:\/\/secure.gravatar.com\/avatar\/dfb45d32bc7097f8f06d6e4f6e6b387e7cb8fd5b3a2869265c40587ab62cab1e?s=96&d=mm&r=g","caption":"etica"},"sameAs":["https:\/\/eticacomunica.com.mx"],"url":"https:\/\/eticacomunica.com.mx\/?author=1"}]}},"jetpack_publicize_connections":[],"jetpack_featured_media_url":"https:\/\/eticacomunica.com.mx\/wp-content\/uploads\/2025\/12\/IMG-20251229-WA0014.jpg","jetpack_sharing_enabled":true,"_links":{"self":[{"href":"https:\/\/eticacomunica.com.mx\/index.php?rest_route=\/wp\/v2\/posts\/30878","targetHints":{"allow":["GET"]}}],"collection":[{"href":"https:\/\/eticacomunica.com.mx\/index.php?rest_route=\/wp\/v2\/posts"}],"about":[{"href":"https:\/\/eticacomunica.com.mx\/index.php?rest_route=\/wp\/v2\/types\/post"}],"author":[{"embeddable":true,"href":"https:\/\/eticacomunica.com.mx\/index.php?rest_route=\/wp\/v2\/users\/1"}],"replies":[{"embeddable":true,"href":"https:\/\/eticacomunica.com.mx\/index.php?rest_route=%2Fwp%2Fv2%2Fcomments&post=30878"}],"version-history":[{"count":1,"href":"https:\/\/eticacomunica.com.mx\/index.php?rest_route=\/wp\/v2\/posts\/30878\/revisions"}],"predecessor-version":[{"id":30879,"href":"https:\/\/eticacomunica.com.mx\/index.php?rest_route=\/wp\/v2\/posts\/30878\/revisions\/30879"}],"wp:featuredmedia":[{"embeddable":true,"href":"https:\/\/eticacomunica.com.mx\/index.php?rest_route=\/wp\/v2\/media\/30877"}],"wp:attachment":[{"href":"https:\/\/eticacomunica.com.mx\/index.php?rest_route=%2Fwp%2Fv2%2Fmedia&parent=30878"}],"wp:term":[{"taxonomy":"category","embeddable":true,"href":"https:\/\/eticacomunica.com.mx\/index.php?rest_route=%2Fwp%2Fv2%2Fcategories&post=30878"},{"taxonomy":"post_tag","embeddable":true,"href":"https:\/\/eticacomunica.com.mx\/index.php?rest_route=%2Fwp%2Fv2%2Ftags&post=30878"}],"curies":[{"name":"wp","href":"https:\/\/api.w.org\/{rel}","templated":true}]}}