{"id":30885,"date":"2025-12-30T18:44:14","date_gmt":"2025-12-31T01:44:14","guid":{"rendered":"https:\/\/eticacomunica.com.mx\/?p=30885"},"modified":"2025-12-30T18:44:14","modified_gmt":"2025-12-31T01:44:14","slug":"mantiene-sebides-atencion-integral-a-familias-en-situacion-de-desplazamiento-en-culiacan","status":"publish","type":"post","link":"https:\/\/eticacomunica.com.mx\/?p=30885","title":{"rendered":"Mantiene SEBIDES atenci\u00f3n integral a familias en situaci\u00f3n de desplazamiento en Culiac\u00e1n"},"content":{"rendered":"\n<p>Culiac\u00e1n, Sinaloa; a 30 de diciembre de 2025.\u2013 El Gobierno del Estado de Sinaloa, a trav\u00e9s de la Secretar\u00eda de Bienestar y Desarrollo Sustentable (SEBIDES), inform\u00f3 que mantiene de manera permanente una atenci\u00f3n humanitaria e integral a familias en situaci\u00f3n de desplazamiento, en coordinaci\u00f3n con diversas instancias estatales y municipales.<br><br>En el caso espec\u00edfico del sector Montesierra, tras la aplicaci\u00f3n de las herramientas de diagn\u00f3stico correspondientes, se identific\u00f3 que 26 familias se encontraban en condici\u00f3n de desplazamiento, sin que ello represente la totalidad de las personas asentadas en dicho predio, donde tambi\u00e9n se detectaron otros perfiles poblacionales. A las familias en esta condici\u00f3n se les ha brindado la atenci\u00f3n institucional correspondiente.<br><br>Como parte de esta atenci\u00f3n, se han otorgado apoyos de alimentaci\u00f3n, insumos invernales y orientaci\u00f3n social, adem\u00e1s de la aplicaci\u00f3n de la herramienta necesaria para su posible incorporaci\u00f3n al padr\u00f3n de personas desplazadas, proceso indispensable para garantizar una atenci\u00f3n integral y canalizar los apoyos conforme a la normatividad vigente.<br><br>Algunas familias a\u00fan no han concluido dicho proceso; no obstante, el acompa\u00f1amiento institucional se mantiene de manera permanente, priorizando el respeto a los derechos humanos y la integridad de las personas.<br><br>\u201cAlgunas familias aceptaron el apoyo del albergue que habilitamos en condiciones dignas y seguras, y otras pues encontraron condiciones para regresar a sus lugares de origen\u201d, se\u00f1al\u00f3 el titular de SEBIDES, Omar L\u00f3pez Campos.<br><br>El Gobierno de Sinaloa reitera su compromiso de continuar trabajando con sensibilidad social, coordinaci\u00f3n interinstitucional y apego a la legalidad, para atender a las familias en situaci\u00f3n de desplazamiento, priorizando siempre su bienestar y una atenci\u00f3n digna.<\/p>\n","protected":false},"excerpt":{"rendered":"<p>Culiac\u00e1n, Sinaloa; a 30 de diciembre de 2025.\u2013 El Gobierno del Estado de Sinaloa, a trav\u00e9s de la Secretar\u00eda de Bienestar y Desarrollo Sustentable (SEBIDES), inform\u00f3 que mantiene de manera&hellip;<\/p>\n","protected":false},"author":1,"featured_media":30884,"comment_status":"open","ping_status":"open","sticky":false,"template":"","format":"standard","meta":{"_jetpack_memberships_contains_paid_content":false,"footnotes":"","jetpack_publicize_message":"","jetpack_publicize_feature_enabled":true,"jetpack_social_post_already_shared":true,"jetpack_social_options":{"image_generator_settings":{"template":"highway","default_image_id":0,"font":"","enabled":false},"version":2}},"categories":[24],"tags":[34],"class_list":["post-30885","post","type-post","status-publish","format-standard","has-post-thumbnail","hentry","category-estados","tag-gobierno-del-estado-de-sinaloa"],"yoast_head":"<!-- This site is optimized with the Yoast SEO plugin v27.2 - https:\/\/yoast.com\/product\/yoast-seo-wordpress\/ -->\n<title>Mantiene SEBIDES atenci\u00f3n integral a familias en situaci\u00f3n de desplazamiento en Culiac\u00e1n - \u00c9tica Comunica<\/title>\n<meta name=\"robots\" content=\"index, follow, max-snippet:-1, max-image-preview:large, max-video-preview:-1\" \/>\n<link rel=\"canonical\" href=\"https:\/\/eticacomunica.com.mx\/?p=30885\" \/>\n<meta property=\"og:locale\" content=\"es_MX\" \/>\n<meta property=\"og:type\" content=\"article\" \/>\n<meta property=\"og:title\" content=\"Mantiene SEBIDES atenci\u00f3n integral a familias en situaci\u00f3n de desplazamiento en Culiac\u00e1n - \u00c9tica Comunica\" \/>\n<meta property=\"og:description\" content=\"Culiac\u00e1n, Sinaloa; a 30 de diciembre de 2025.\u2013 El Gobierno del Estado de Sinaloa, a trav\u00e9s de la Secretar\u00eda de Bienestar y Desarrollo Sustentable (SEBIDES), inform\u00f3 que mantiene de manera&hellip;\" \/>\n<meta property=\"og:url\" content=\"https:\/\/eticacomunica.com.mx\/?p=30885\" \/>\n<meta property=\"og:site_name\" content=\"\u00c9tica Comunica\" \/>\n<meta property=\"article:publisher\" content=\"https:\/\/www.facebook.com\/eticacomunica\" \/>\n<meta property=\"article:published_time\" content=\"2025-12-31T01:44:14+00:00\" \/>\n<meta property=\"og:image\" content=\"https:\/\/eticacomunica.com.mx\/wp-content\/uploads\/2025\/12\/IMG-20251230-WA0047.jpg\" \/>\n\t<meta property=\"og:image:width\" content=\"1280\" \/>\n\t<meta property=\"og:image:height\" content=\"854\" \/>\n\t<meta property=\"og:image:type\" content=\"image\/jpeg\" \/>\n<meta name=\"author\" content=\"etica\" \/>\n<meta name=\"twitter:card\" content=\"summary_large_image\" \/>\n<meta name=\"twitter:label1\" content=\"Escrito por\" \/>\n\t<meta name=\"twitter:data1\" content=\"etica\" \/>\n\t<meta name=\"twitter:label2\" content=\"Tiempo de lectura\" \/>\n\t<meta name=\"twitter:data2\" content=\"1 minuto\" \/>\n<script type=\"application\/ld+json\" class=\"yoast-schema-graph\">{\"@context\":\"https:\/\/schema.org\",\"@graph\":[{\"@type\":\"Article\",\"@id\":\"https:\/\/eticacomunica.com.mx\/?p=30885#article\",\"isPartOf\":{\"@id\":\"https:\/\/eticacomunica.com.mx\/?p=30885\"},\"author\":{\"name\":\"etica\",\"@id\":\"https:\/\/eticacomunica.com.mx\/#\/schema\/person\/2cacc47bd17fe8ad92f08c0313d22fa6\"},\"headline\":\"Mantiene SEBIDES atenci\u00f3n integral a familias en situaci\u00f3n de desplazamiento en Culiac\u00e1n\",\"datePublished\":\"2025-12-31T01:44:14+00:00\",\"mainEntityOfPage\":{\"@id\":\"https:\/\/eticacomunica.com.mx\/?p=30885\"},\"wordCount\":302,\"commentCount\":0,\"publisher\":{\"@id\":\"https:\/\/eticacomunica.com.mx\/#organization\"},\"image\":{\"@id\":\"https:\/\/eticacomunica.com.mx\/?p=30885#primaryimage\"},\"thumbnailUrl\":\"https:\/\/eticacomunica.com.mx\/wp-content\/uploads\/2025\/12\/IMG-20251230-WA0047.jpg\",\"keywords\":[\"Gobierno del Estado de Sinaloa\"],\"articleSection\":[\"Estados\"],\"inLanguage\":\"es\",\"potentialAction\":[{\"@type\":\"CommentAction\",\"name\":\"Comment\",\"target\":[\"https:\/\/eticacomunica.com.mx\/?p=30885#respond\"]}]},{\"@type\":\"WebPage\",\"@id\":\"https:\/\/eticacomunica.com.mx\/?p=30885\",\"url\":\"https:\/\/eticacomunica.com.mx\/?p=30885\",\"name\":\"Mantiene SEBIDES atenci\u00f3n integral a familias en situaci\u00f3n de desplazamiento en Culiac\u00e1n - \u00c9tica Comunica\",\"isPartOf\":{\"@id\":\"https:\/\/eticacomunica.com.mx\/#website\"},\"primaryImageOfPage\":{\"@id\":\"https:\/\/eticacomunica.com.mx\/?p=30885#primaryimage\"},\"image\":{\"@id\":\"https:\/\/eticacomunica.com.mx\/?p=30885#primaryimage\"},\"thumbnailUrl\":\"https:\/\/eticacomunica.com.mx\/wp-content\/uploads\/2025\/12\/IMG-20251230-WA0047.jpg\",\"datePublished\":\"2025-12-31T01:44:14+00:00\",\"breadcrumb\":{\"@id\":\"https:\/\/eticacomunica.com.mx\/?p=30885#breadcrumb\"},\"inLanguage\":\"es\",\"potentialAction\":[{\"@type\":\"ReadAction\",\"target\":[\"https:\/\/eticacomunica.com.mx\/?p=30885\"]}]},{\"@type\":\"ImageObject\",\"inLanguage\":\"es\",\"@id\":\"https:\/\/eticacomunica.com.mx\/?p=30885#primaryimage\",\"url\":\"https:\/\/eticacomunica.com.mx\/wp-content\/uploads\/2025\/12\/IMG-20251230-WA0047.jpg\",\"contentUrl\":\"https:\/\/eticacomunica.com.mx\/wp-content\/uploads\/2025\/12\/IMG-20251230-WA0047.jpg\",\"width\":1280,\"height\":854},{\"@type\":\"BreadcrumbList\",\"@id\":\"https:\/\/eticacomunica.com.mx\/?p=30885#breadcrumb\",\"itemListElement\":[{\"@type\":\"ListItem\",\"position\":1,\"name\":\"Inicio\",\"item\":\"https:\/\/eticacomunica.com.mx\/\"},{\"@type\":\"ListItem\",\"position\":2,\"name\":\"Mantiene SEBIDES atenci\u00f3n integral a familias en situaci\u00f3n de desplazamiento en Culiac\u00e1n\"}]},{\"@type\":\"WebSite\",\"@id\":\"https:\/\/eticacomunica.com.mx\/#website\",\"url\":\"https:\/\/eticacomunica.com.mx\/\",\"name\":\"\u00c9tica Comunica\",\"description\":\"Diario Digital\",\"publisher\":{\"@id\":\"https:\/\/eticacomunica.com.mx\/#organization\"},\"potentialAction\":[{\"@type\":\"SearchAction\",\"target\":{\"@type\":\"EntryPoint\",\"urlTemplate\":\"https:\/\/eticacomunica.com.mx\/?s={search_term_string}\"},\"query-input\":{\"@type\":\"PropertyValueSpecification\",\"valueRequired\":true,\"valueName\":\"search_term_string\"}}],\"inLanguage\":\"es\"},{\"@type\":\"Organization\",\"@id\":\"https:\/\/eticacomunica.com.mx\/#organization\",\"name\":\"Diarios Digitales de Sinaloa\",\"url\":\"https:\/\/eticacomunica.com.mx\/\",\"logo\":{\"@type\":\"ImageObject\",\"inLanguage\":\"es\",\"@id\":\"https:\/\/eticacomunica.com.mx\/#\/schema\/logo\/image\/\",\"url\":\"https:\/\/eticacomunica.com.mx\/wp-content\/uploads\/2023\/10\/etica-logo.png\",\"contentUrl\":\"https:\/\/eticacomunica.com.mx\/wp-content\/uploads\/2023\/10\/etica-logo.png\",\"width\":1280,\"height\":432,\"caption\":\"Diarios Digitales de Sinaloa\"},\"image\":{\"@id\":\"https:\/\/eticacomunica.com.mx\/#\/schema\/logo\/image\/\"},\"sameAs\":[\"https:\/\/www.facebook.com\/eticacomunica\"]},{\"@type\":\"Person\",\"@id\":\"https:\/\/eticacomunica.com.mx\/#\/schema\/person\/2cacc47bd17fe8ad92f08c0313d22fa6\",\"name\":\"etica\",\"image\":{\"@type\":\"ImageObject\",\"inLanguage\":\"es\",\"@id\":\"https:\/\/secure.gravatar.com\/avatar\/dfb45d32bc7097f8f06d6e4f6e6b387e7cb8fd5b3a2869265c40587ab62cab1e?s=96&d=mm&r=g\",\"url\":\"https:\/\/secure.gravatar.com\/avatar\/dfb45d32bc7097f8f06d6e4f6e6b387e7cb8fd5b3a2869265c40587ab62cab1e?s=96&d=mm&r=g\",\"contentUrl\":\"https:\/\/secure.gravatar.com\/avatar\/dfb45d32bc7097f8f06d6e4f6e6b387e7cb8fd5b3a2869265c40587ab62cab1e?s=96&d=mm&r=g\",\"caption\":\"etica\"},\"sameAs\":[\"https:\/\/eticacomunica.com.mx\"],\"url\":\"https:\/\/eticacomunica.com.mx\/?author=1\"}]}<\/script>\n<!-- \/ Yoast SEO plugin. -->","yoast_head_json":{"title":"Mantiene SEBIDES atenci\u00f3n integral a familias en situaci\u00f3n de desplazamiento en Culiac\u00e1n - \u00c9tica Comunica","robots":{"index":"index","follow":"follow","max-snippet":"max-snippet:-1","max-image-preview":"max-image-preview:large","max-video-preview":"max-video-preview:-1"},"canonical":"https:\/\/eticacomunica.com.mx\/?p=30885","og_locale":"es_MX","og_type":"article","og_title":"Mantiene SEBIDES atenci\u00f3n integral a familias en situaci\u00f3n de desplazamiento en Culiac\u00e1n - \u00c9tica Comunica","og_description":"Culiac\u00e1n, Sinaloa; a 30 de diciembre de 2025.\u2013 El Gobierno del Estado de Sinaloa, a trav\u00e9s de la Secretar\u00eda de Bienestar y Desarrollo Sustentable (SEBIDES), inform\u00f3 que mantiene de manera&hellip;","og_url":"https:\/\/eticacomunica.com.mx\/?p=30885","og_site_name":"\u00c9tica Comunica","article_publisher":"https:\/\/www.facebook.com\/eticacomunica","article_published_time":"2025-12-31T01:44:14+00:00","og_image":[{"width":1280,"height":854,"url":"https:\/\/eticacomunica.com.mx\/wp-content\/uploads\/2025\/12\/IMG-20251230-WA0047.jpg","type":"image\/jpeg"}],"author":"etica","twitter_card":"summary_large_image","twitter_misc":{"Escrito por":"etica","Tiempo de lectura":"1 minuto"},"schema":{"@context":"https:\/\/schema.org","@graph":[{"@type":"Article","@id":"https:\/\/eticacomunica.com.mx\/?p=30885#article","isPartOf":{"@id":"https:\/\/eticacomunica.com.mx\/?p=30885"},"author":{"name":"etica","@id":"https:\/\/eticacomunica.com.mx\/#\/schema\/person\/2cacc47bd17fe8ad92f08c0313d22fa6"},"headline":"Mantiene SEBIDES atenci\u00f3n integral a familias en situaci\u00f3n de desplazamiento en Culiac\u00e1n","datePublished":"2025-12-31T01:44:14+00:00","mainEntityOfPage":{"@id":"https:\/\/eticacomunica.com.mx\/?p=30885"},"wordCount":302,"commentCount":0,"publisher":{"@id":"https:\/\/eticacomunica.com.mx\/#organization"},"image":{"@id":"https:\/\/eticacomunica.com.mx\/?p=30885#primaryimage"},"thumbnailUrl":"https:\/\/eticacomunica.com.mx\/wp-content\/uploads\/2025\/12\/IMG-20251230-WA0047.jpg","keywords":["Gobierno del Estado de Sinaloa"],"articleSection":["Estados"],"inLanguage":"es","potentialAction":[{"@type":"CommentAction","name":"Comment","target":["https:\/\/eticacomunica.com.mx\/?p=30885#respond"]}]},{"@type":"WebPage","@id":"https:\/\/eticacomunica.com.mx\/?p=30885","url":"https:\/\/eticacomunica.com.mx\/?p=30885","name":"Mantiene SEBIDES atenci\u00f3n integral a familias en situaci\u00f3n de desplazamiento en Culiac\u00e1n - \u00c9tica Comunica","isPartOf":{"@id":"https:\/\/eticacomunica.com.mx\/#website"},"primaryImageOfPage":{"@id":"https:\/\/eticacomunica.com.mx\/?p=30885#primaryimage"},"image":{"@id":"https:\/\/eticacomunica.com.mx\/?p=30885#primaryimage"},"thumbnailUrl":"https:\/\/eticacomunica.com.mx\/wp-content\/uploads\/2025\/12\/IMG-20251230-WA0047.jpg","datePublished":"2025-12-31T01:44:14+00:00","breadcrumb":{"@id":"https:\/\/eticacomunica.com.mx\/?p=30885#breadcrumb"},"inLanguage":"es","potentialAction":[{"@type":"ReadAction","target":["https:\/\/eticacomunica.com.mx\/?p=30885"]}]},{"@type":"ImageObject","inLanguage":"es","@id":"https:\/\/eticacomunica.com.mx\/?p=30885#primaryimage","url":"https:\/\/eticacomunica.com.mx\/wp-content\/uploads\/2025\/12\/IMG-20251230-WA0047.jpg","contentUrl":"https:\/\/eticacomunica.com.mx\/wp-content\/uploads\/2025\/12\/IMG-20251230-WA0047.jpg","width":1280,"height":854},{"@type":"BreadcrumbList","@id":"https:\/\/eticacomunica.com.mx\/?p=30885#breadcrumb","itemListElement":[{"@type":"ListItem","position":1,"name":"Inicio","item":"https:\/\/eticacomunica.com.mx\/"},{"@type":"ListItem","position":2,"name":"Mantiene SEBIDES atenci\u00f3n integral a familias en situaci\u00f3n de desplazamiento en Culiac\u00e1n"}]},{"@type":"WebSite","@id":"https:\/\/eticacomunica.com.mx\/#website","url":"https:\/\/eticacomunica.com.mx\/","name":"\u00c9tica Comunica","description":"Diario Digital","publisher":{"@id":"https:\/\/eticacomunica.com.mx\/#organization"},"potentialAction":[{"@type":"SearchAction","target":{"@type":"EntryPoint","urlTemplate":"https:\/\/eticacomunica.com.mx\/?s={search_term_string}"},"query-input":{"@type":"PropertyValueSpecification","valueRequired":true,"valueName":"search_term_string"}}],"inLanguage":"es"},{"@type":"Organization","@id":"https:\/\/eticacomunica.com.mx\/#organization","name":"Diarios Digitales de Sinaloa","url":"https:\/\/eticacomunica.com.mx\/","logo":{"@type":"ImageObject","inLanguage":"es","@id":"https:\/\/eticacomunica.com.mx\/#\/schema\/logo\/image\/","url":"https:\/\/eticacomunica.com.mx\/wp-content\/uploads\/2023\/10\/etica-logo.png","contentUrl":"https:\/\/eticacomunica.com.mx\/wp-content\/uploads\/2023\/10\/etica-logo.png","width":1280,"height":432,"caption":"Diarios Digitales de Sinaloa"},"image":{"@id":"https:\/\/eticacomunica.com.mx\/#\/schema\/logo\/image\/"},"sameAs":["https:\/\/www.facebook.com\/eticacomunica"]},{"@type":"Person","@id":"https:\/\/eticacomunica.com.mx\/#\/schema\/person\/2cacc47bd17fe8ad92f08c0313d22fa6","name":"etica","image":{"@type":"ImageObject","inLanguage":"es","@id":"https:\/\/secure.gravatar.com\/avatar\/dfb45d32bc7097f8f06d6e4f6e6b387e7cb8fd5b3a2869265c40587ab62cab1e?s=96&d=mm&r=g","url":"https:\/\/secure.gravatar.com\/avatar\/dfb45d32bc7097f8f06d6e4f6e6b387e7cb8fd5b3a2869265c40587ab62cab1e?s=96&d=mm&r=g","contentUrl":"https:\/\/secure.gravatar.com\/avatar\/dfb45d32bc7097f8f06d6e4f6e6b387e7cb8fd5b3a2869265c40587ab62cab1e?s=96&d=mm&r=g","caption":"etica"},"sameAs":["https:\/\/eticacomunica.com.mx"],"url":"https:\/\/eticacomunica.com.mx\/?author=1"}]}},"jetpack_publicize_connections":[],"jetpack_featured_media_url":"https:\/\/eticacomunica.com.mx\/wp-content\/uploads\/2025\/12\/IMG-20251230-WA0047.jpg","jetpack_sharing_enabled":true,"_links":{"self":[{"href":"https:\/\/eticacomunica.com.mx\/index.php?rest_route=\/wp\/v2\/posts\/30885","targetHints":{"allow":["GET"]}}],"collection":[{"href":"https:\/\/eticacomunica.com.mx\/index.php?rest_route=\/wp\/v2\/posts"}],"about":[{"href":"https:\/\/eticacomunica.com.mx\/index.php?rest_route=\/wp\/v2\/types\/post"}],"author":[{"embeddable":true,"href":"https:\/\/eticacomunica.com.mx\/index.php?rest_route=\/wp\/v2\/users\/1"}],"replies":[{"embeddable":true,"href":"https:\/\/eticacomunica.com.mx\/index.php?rest_route=%2Fwp%2Fv2%2Fcomments&post=30885"}],"version-history":[{"count":0,"href":"https:\/\/eticacomunica.com.mx\/index.php?rest_route=\/wp\/v2\/posts\/30885\/revisions"}],"wp:featuredmedia":[{"embeddable":true,"href":"https:\/\/eticacomunica.com.mx\/index.php?rest_route=\/wp\/v2\/media\/30884"}],"wp:attachment":[{"href":"https:\/\/eticacomunica.com.mx\/index.php?rest_route=%2Fwp%2Fv2%2Fmedia&parent=30885"}],"wp:term":[{"taxonomy":"category","embeddable":true,"href":"https:\/\/eticacomunica.com.mx\/index.php?rest_route=%2Fwp%2Fv2%2Fcategories&post=30885"},{"taxonomy":"post_tag","embeddable":true,"href":"https:\/\/eticacomunica.com.mx\/index.php?rest_route=%2Fwp%2Fv2%2Ftags&post=30885"}],"curies":[{"name":"wp","href":"https:\/\/api.w.org\/{rel}","templated":true}]}}