{"id":30887,"date":"2026-01-02T08:39:21","date_gmt":"2026-01-02T15:39:21","guid":{"rendered":"https:\/\/eticacomunica.com.mx\/?p=30887"},"modified":"2026-01-02T08:39:54","modified_gmt":"2026-01-02T15:39:54","slug":"lleva-la-facultad-de-historia-de-la-uas-la-difusion-del-conocimiento-a-las-preparatorias-y-otros-subsistemas-para-que-crezca-el-interes-por-esta-disciplina","status":"publish","type":"post","link":"https:\/\/eticacomunica.com.mx\/?p=30887","title":{"rendered":"Lleva la Facultad de Historia de la UAS la difusi\u00f3n del conocimiento a las preparatorias y otros subsistemas, para que crezca el inter\u00e9s por esta disciplina"},"content":{"rendered":"\n<p>La Facultad de Historia de la Universidad Aut\u00f3noma de Sinaloa (UAS), trabaja llevando la difusi\u00f3n del quehacer hist\u00f3rico a escuelas de nivel preparatoria, no solo dentro de la centenaria instituci\u00f3n, sino a otros subsistemas educativos; el objetivo es que crezca el inter\u00e9s por esta disciplina, la cual es importante para entender el presente.<br><br>Rafael Santos Cenobio, coordinador de la Licenciatura en Historia, coment\u00f3 en esta actividad participan maestros de Historia, egresados, estudiantes de maestr\u00eda y del doctorado, as\u00ed como investigadores, a trav\u00e9s de conferencias, exposici\u00f3n de fotograf\u00edas y presentaciones de libros, actividades que se realizan de manera did\u00e1ctica para captar la atenci\u00f3n de los estudiantes.<br><br>\u201cFuimos hace tres semanas a la Preparatoria Emiliano Zapata con los seis grupos de humanidades, donde estuvimos varios expositores de aqu\u00ed de la Facultad, un servidor, el doctor Arturo S\u00e1nchez Parra, coordinador del posgrado, m\u00e1s la alumna de doctorado que es Valia Monreal\u201d.<br><br>En ese sentido, dijo que en esta din\u00e1mica tambi\u00e9n se han sumado m\u00e1s compa\u00f1eros, donde han abordado temas hist\u00f3ricos que van desde el cine, movimientos sociales, m\u00fasica, moda, arte, hasta los panteones, una manera de que los estudiantes conozcan el campo laboral extenso que tiene un historiador.<br><br>Entre las expresiones o reacciones que han recogido de los estudiantes al abrir una ventana m\u00e1s amplia a sus ojos del quehacer hist\u00f3rico, dijo fue cambiarles el concepto sobre la Historia, la cual para muchos puede ser aburrida, cambiando as\u00ed la percepci\u00f3n. <br><br>Del campo laboral en el que el historiador puede adentrase es otro t\u00f3pico que abordaron, explicando que la unidad acad\u00e9mica naci\u00f3 bajo una l\u00ednea que es la investigaci\u00f3n, sin embargo, al escuchar a empleadores, alumnos y egresados, hoy la Facultad en su \u00faltimo plan de estudio reformado en el 2022 se agreg\u00f3 una l\u00ednea que la docencia.<br><br>\u201cTodo esto centrado en que el historiador o egresado de la licenciatura puede ser empleado en escuelas p\u00fablicas o privadas como docente\u201d.<br><br>Otro elemento tambi\u00e9n es la gesti\u00f3n tur\u00edstica o gesti\u00f3n de proyectos, rama en la que el alumno tambi\u00e9n pueda gestionarse en esta otra l\u00ednea, sin dejar de mencionar la relaci\u00f3n con archivos hist\u00f3ricos o ayuntamientos.<\/p>\n","protected":false},"excerpt":{"rendered":"<p>La Facultad de Historia de la Universidad Aut\u00f3noma de Sinaloa (UAS), trabaja llevando la difusi\u00f3n del quehacer hist\u00f3rico a escuelas de nivel preparatoria, no solo dentro de la centenaria instituci\u00f3n,&hellip;<\/p>\n","protected":false},"author":1,"featured_media":30886,"comment_status":"open","ping_status":"open","sticky":false,"template":"","format":"standard","meta":{"_jetpack_memberships_contains_paid_content":false,"footnotes":"","jetpack_publicize_message":"","jetpack_publicize_feature_enabled":true,"jetpack_social_post_already_shared":true,"jetpack_social_options":{"image_generator_settings":{"template":"highway","default_image_id":0,"font":"","enabled":false},"version":2}},"categories":[40],"tags":[41],"class_list":["post-30887","post","type-post","status-publish","format-standard","has-post-thumbnail","hentry","category-educacion","tag-uas"],"yoast_head":"<!-- This site is optimized with the Yoast SEO plugin v27.2 - https:\/\/yoast.com\/product\/yoast-seo-wordpress\/ -->\n<title>Lleva la Facultad de Historia de la UAS la difusi\u00f3n del conocimiento a las preparatorias y otros subsistemas, para que crezca el inter\u00e9s por esta disciplina - \u00c9tica Comunica<\/title>\n<meta name=\"robots\" content=\"index, follow, max-snippet:-1, max-image-preview:large, max-video-preview:-1\" \/>\n<link rel=\"canonical\" href=\"https:\/\/eticacomunica.com.mx\/?p=30887\" \/>\n<meta property=\"og:locale\" content=\"es_MX\" \/>\n<meta property=\"og:type\" content=\"article\" \/>\n<meta property=\"og:title\" content=\"Lleva la Facultad de Historia de la UAS la difusi\u00f3n del conocimiento a las preparatorias y otros subsistemas, para que crezca el inter\u00e9s por esta disciplina - \u00c9tica Comunica\" \/>\n<meta property=\"og:description\" content=\"La Facultad de Historia de la Universidad Aut\u00f3noma de Sinaloa (UAS), trabaja llevando la difusi\u00f3n del quehacer hist\u00f3rico a escuelas de nivel preparatoria, no solo dentro de la centenaria instituci\u00f3n,&hellip;\" \/>\n<meta property=\"og:url\" content=\"https:\/\/eticacomunica.com.mx\/?p=30887\" \/>\n<meta property=\"og:site_name\" content=\"\u00c9tica Comunica\" \/>\n<meta property=\"article:publisher\" content=\"https:\/\/www.facebook.com\/eticacomunica\" \/>\n<meta property=\"article:published_time\" content=\"2026-01-02T15:39:21+00:00\" \/>\n<meta property=\"article:modified_time\" content=\"2026-01-02T15:39:54+00:00\" \/>\n<meta property=\"og:image\" content=\"https:\/\/eticacomunica.com.mx\/wp-content\/uploads\/2026\/01\/IMG-20260102-WA0003.jpg\" \/>\n\t<meta property=\"og:image:width\" content=\"1280\" \/>\n\t<meta property=\"og:image:height\" content=\"852\" \/>\n\t<meta property=\"og:image:type\" content=\"image\/jpeg\" \/>\n<meta name=\"author\" content=\"etica\" \/>\n<meta name=\"twitter:card\" content=\"summary_large_image\" \/>\n<meta name=\"twitter:label1\" content=\"Escrito por\" \/>\n\t<meta name=\"twitter:data1\" content=\"etica\" \/>\n\t<meta name=\"twitter:label2\" content=\"Tiempo de lectura\" \/>\n\t<meta name=\"twitter:data2\" content=\"2 minutos\" \/>\n<script type=\"application\/ld+json\" class=\"yoast-schema-graph\">{\"@context\":\"https:\/\/schema.org\",\"@graph\":[{\"@type\":\"Article\",\"@id\":\"https:\/\/eticacomunica.com.mx\/?p=30887#article\",\"isPartOf\":{\"@id\":\"https:\/\/eticacomunica.com.mx\/?p=30887\"},\"author\":{\"name\":\"etica\",\"@id\":\"https:\/\/eticacomunica.com.mx\/#\/schema\/person\/2cacc47bd17fe8ad92f08c0313d22fa6\"},\"headline\":\"Lleva la Facultad de Historia de la UAS la difusi\u00f3n del conocimiento a las preparatorias y otros subsistemas, para que crezca el inter\u00e9s por esta disciplina\",\"datePublished\":\"2026-01-02T15:39:21+00:00\",\"dateModified\":\"2026-01-02T15:39:54+00:00\",\"mainEntityOfPage\":{\"@id\":\"https:\/\/eticacomunica.com.mx\/?p=30887\"},\"wordCount\":414,\"commentCount\":0,\"publisher\":{\"@id\":\"https:\/\/eticacomunica.com.mx\/#organization\"},\"image\":{\"@id\":\"https:\/\/eticacomunica.com.mx\/?p=30887#primaryimage\"},\"thumbnailUrl\":\"https:\/\/eticacomunica.com.mx\/wp-content\/uploads\/2026\/01\/IMG-20260102-WA0003.jpg\",\"keywords\":[\"UAS\"],\"articleSection\":[\"Educaci\u00f3n\"],\"inLanguage\":\"es\",\"potentialAction\":[{\"@type\":\"CommentAction\",\"name\":\"Comment\",\"target\":[\"https:\/\/eticacomunica.com.mx\/?p=30887#respond\"]}]},{\"@type\":\"WebPage\",\"@id\":\"https:\/\/eticacomunica.com.mx\/?p=30887\",\"url\":\"https:\/\/eticacomunica.com.mx\/?p=30887\",\"name\":\"Lleva la Facultad de Historia de la UAS la difusi\u00f3n del conocimiento a las preparatorias y otros subsistemas, para que crezca el inter\u00e9s por esta disciplina - \u00c9tica Comunica\",\"isPartOf\":{\"@id\":\"https:\/\/eticacomunica.com.mx\/#website\"},\"primaryImageOfPage\":{\"@id\":\"https:\/\/eticacomunica.com.mx\/?p=30887#primaryimage\"},\"image\":{\"@id\":\"https:\/\/eticacomunica.com.mx\/?p=30887#primaryimage\"},\"thumbnailUrl\":\"https:\/\/eticacomunica.com.mx\/wp-content\/uploads\/2026\/01\/IMG-20260102-WA0003.jpg\",\"datePublished\":\"2026-01-02T15:39:21+00:00\",\"dateModified\":\"2026-01-02T15:39:54+00:00\",\"breadcrumb\":{\"@id\":\"https:\/\/eticacomunica.com.mx\/?p=30887#breadcrumb\"},\"inLanguage\":\"es\",\"potentialAction\":[{\"@type\":\"ReadAction\",\"target\":[\"https:\/\/eticacomunica.com.mx\/?p=30887\"]}]},{\"@type\":\"ImageObject\",\"inLanguage\":\"es\",\"@id\":\"https:\/\/eticacomunica.com.mx\/?p=30887#primaryimage\",\"url\":\"https:\/\/eticacomunica.com.mx\/wp-content\/uploads\/2026\/01\/IMG-20260102-WA0003.jpg\",\"contentUrl\":\"https:\/\/eticacomunica.com.mx\/wp-content\/uploads\/2026\/01\/IMG-20260102-WA0003.jpg\",\"width\":1280,\"height\":852},{\"@type\":\"BreadcrumbList\",\"@id\":\"https:\/\/eticacomunica.com.mx\/?p=30887#breadcrumb\",\"itemListElement\":[{\"@type\":\"ListItem\",\"position\":1,\"name\":\"Inicio\",\"item\":\"https:\/\/eticacomunica.com.mx\/\"},{\"@type\":\"ListItem\",\"position\":2,\"name\":\"Lleva la Facultad de Historia de la UAS la difusi\u00f3n del conocimiento a las preparatorias y otros subsistemas, para que crezca el inter\u00e9s por esta disciplina\"}]},{\"@type\":\"WebSite\",\"@id\":\"https:\/\/eticacomunica.com.mx\/#website\",\"url\":\"https:\/\/eticacomunica.com.mx\/\",\"name\":\"\u00c9tica Comunica\",\"description\":\"Diario Digital\",\"publisher\":{\"@id\":\"https:\/\/eticacomunica.com.mx\/#organization\"},\"potentialAction\":[{\"@type\":\"SearchAction\",\"target\":{\"@type\":\"EntryPoint\",\"urlTemplate\":\"https:\/\/eticacomunica.com.mx\/?s={search_term_string}\"},\"query-input\":{\"@type\":\"PropertyValueSpecification\",\"valueRequired\":true,\"valueName\":\"search_term_string\"}}],\"inLanguage\":\"es\"},{\"@type\":\"Organization\",\"@id\":\"https:\/\/eticacomunica.com.mx\/#organization\",\"name\":\"Diarios Digitales de Sinaloa\",\"url\":\"https:\/\/eticacomunica.com.mx\/\",\"logo\":{\"@type\":\"ImageObject\",\"inLanguage\":\"es\",\"@id\":\"https:\/\/eticacomunica.com.mx\/#\/schema\/logo\/image\/\",\"url\":\"https:\/\/eticacomunica.com.mx\/wp-content\/uploads\/2023\/10\/etica-logo.png\",\"contentUrl\":\"https:\/\/eticacomunica.com.mx\/wp-content\/uploads\/2023\/10\/etica-logo.png\",\"width\":1280,\"height\":432,\"caption\":\"Diarios Digitales de Sinaloa\"},\"image\":{\"@id\":\"https:\/\/eticacomunica.com.mx\/#\/schema\/logo\/image\/\"},\"sameAs\":[\"https:\/\/www.facebook.com\/eticacomunica\"]},{\"@type\":\"Person\",\"@id\":\"https:\/\/eticacomunica.com.mx\/#\/schema\/person\/2cacc47bd17fe8ad92f08c0313d22fa6\",\"name\":\"etica\",\"image\":{\"@type\":\"ImageObject\",\"inLanguage\":\"es\",\"@id\":\"https:\/\/secure.gravatar.com\/avatar\/dfb45d32bc7097f8f06d6e4f6e6b387e7cb8fd5b3a2869265c40587ab62cab1e?s=96&d=mm&r=g\",\"url\":\"https:\/\/secure.gravatar.com\/avatar\/dfb45d32bc7097f8f06d6e4f6e6b387e7cb8fd5b3a2869265c40587ab62cab1e?s=96&d=mm&r=g\",\"contentUrl\":\"https:\/\/secure.gravatar.com\/avatar\/dfb45d32bc7097f8f06d6e4f6e6b387e7cb8fd5b3a2869265c40587ab62cab1e?s=96&d=mm&r=g\",\"caption\":\"etica\"},\"sameAs\":[\"https:\/\/eticacomunica.com.mx\"],\"url\":\"https:\/\/eticacomunica.com.mx\/?author=1\"}]}<\/script>\n<!-- \/ Yoast SEO plugin. -->","yoast_head_json":{"title":"Lleva la Facultad de Historia de la UAS la difusi\u00f3n del conocimiento a las preparatorias y otros subsistemas, para que crezca el inter\u00e9s por esta disciplina - \u00c9tica Comunica","robots":{"index":"index","follow":"follow","max-snippet":"max-snippet:-1","max-image-preview":"max-image-preview:large","max-video-preview":"max-video-preview:-1"},"canonical":"https:\/\/eticacomunica.com.mx\/?p=30887","og_locale":"es_MX","og_type":"article","og_title":"Lleva la Facultad de Historia de la UAS la difusi\u00f3n del conocimiento a las preparatorias y otros subsistemas, para que crezca el inter\u00e9s por esta disciplina - \u00c9tica Comunica","og_description":"La Facultad de Historia de la Universidad Aut\u00f3noma de Sinaloa (UAS), trabaja llevando la difusi\u00f3n del quehacer hist\u00f3rico a escuelas de nivel preparatoria, no solo dentro de la centenaria instituci\u00f3n,&hellip;","og_url":"https:\/\/eticacomunica.com.mx\/?p=30887","og_site_name":"\u00c9tica Comunica","article_publisher":"https:\/\/www.facebook.com\/eticacomunica","article_published_time":"2026-01-02T15:39:21+00:00","article_modified_time":"2026-01-02T15:39:54+00:00","og_image":[{"width":1280,"height":852,"url":"https:\/\/eticacomunica.com.mx\/wp-content\/uploads\/2026\/01\/IMG-20260102-WA0003.jpg","type":"image\/jpeg"}],"author":"etica","twitter_card":"summary_large_image","twitter_misc":{"Escrito por":"etica","Tiempo de lectura":"2 minutos"},"schema":{"@context":"https:\/\/schema.org","@graph":[{"@type":"Article","@id":"https:\/\/eticacomunica.com.mx\/?p=30887#article","isPartOf":{"@id":"https:\/\/eticacomunica.com.mx\/?p=30887"},"author":{"name":"etica","@id":"https:\/\/eticacomunica.com.mx\/#\/schema\/person\/2cacc47bd17fe8ad92f08c0313d22fa6"},"headline":"Lleva la Facultad de Historia de la UAS la difusi\u00f3n del conocimiento a las preparatorias y otros subsistemas, para que crezca el inter\u00e9s por esta disciplina","datePublished":"2026-01-02T15:39:21+00:00","dateModified":"2026-01-02T15:39:54+00:00","mainEntityOfPage":{"@id":"https:\/\/eticacomunica.com.mx\/?p=30887"},"wordCount":414,"commentCount":0,"publisher":{"@id":"https:\/\/eticacomunica.com.mx\/#organization"},"image":{"@id":"https:\/\/eticacomunica.com.mx\/?p=30887#primaryimage"},"thumbnailUrl":"https:\/\/eticacomunica.com.mx\/wp-content\/uploads\/2026\/01\/IMG-20260102-WA0003.jpg","keywords":["UAS"],"articleSection":["Educaci\u00f3n"],"inLanguage":"es","potentialAction":[{"@type":"CommentAction","name":"Comment","target":["https:\/\/eticacomunica.com.mx\/?p=30887#respond"]}]},{"@type":"WebPage","@id":"https:\/\/eticacomunica.com.mx\/?p=30887","url":"https:\/\/eticacomunica.com.mx\/?p=30887","name":"Lleva la Facultad de Historia de la UAS la difusi\u00f3n del conocimiento a las preparatorias y otros subsistemas, para que crezca el inter\u00e9s por esta disciplina - \u00c9tica Comunica","isPartOf":{"@id":"https:\/\/eticacomunica.com.mx\/#website"},"primaryImageOfPage":{"@id":"https:\/\/eticacomunica.com.mx\/?p=30887#primaryimage"},"image":{"@id":"https:\/\/eticacomunica.com.mx\/?p=30887#primaryimage"},"thumbnailUrl":"https:\/\/eticacomunica.com.mx\/wp-content\/uploads\/2026\/01\/IMG-20260102-WA0003.jpg","datePublished":"2026-01-02T15:39:21+00:00","dateModified":"2026-01-02T15:39:54+00:00","breadcrumb":{"@id":"https:\/\/eticacomunica.com.mx\/?p=30887#breadcrumb"},"inLanguage":"es","potentialAction":[{"@type":"ReadAction","target":["https:\/\/eticacomunica.com.mx\/?p=30887"]}]},{"@type":"ImageObject","inLanguage":"es","@id":"https:\/\/eticacomunica.com.mx\/?p=30887#primaryimage","url":"https:\/\/eticacomunica.com.mx\/wp-content\/uploads\/2026\/01\/IMG-20260102-WA0003.jpg","contentUrl":"https:\/\/eticacomunica.com.mx\/wp-content\/uploads\/2026\/01\/IMG-20260102-WA0003.jpg","width":1280,"height":852},{"@type":"BreadcrumbList","@id":"https:\/\/eticacomunica.com.mx\/?p=30887#breadcrumb","itemListElement":[{"@type":"ListItem","position":1,"name":"Inicio","item":"https:\/\/eticacomunica.com.mx\/"},{"@type":"ListItem","position":2,"name":"Lleva la Facultad de Historia de la UAS la difusi\u00f3n del conocimiento a las preparatorias y otros subsistemas, para que crezca el inter\u00e9s por esta disciplina"}]},{"@type":"WebSite","@id":"https:\/\/eticacomunica.com.mx\/#website","url":"https:\/\/eticacomunica.com.mx\/","name":"\u00c9tica Comunica","description":"Diario Digital","publisher":{"@id":"https:\/\/eticacomunica.com.mx\/#organization"},"potentialAction":[{"@type":"SearchAction","target":{"@type":"EntryPoint","urlTemplate":"https:\/\/eticacomunica.com.mx\/?s={search_term_string}"},"query-input":{"@type":"PropertyValueSpecification","valueRequired":true,"valueName":"search_term_string"}}],"inLanguage":"es"},{"@type":"Organization","@id":"https:\/\/eticacomunica.com.mx\/#organization","name":"Diarios Digitales de Sinaloa","url":"https:\/\/eticacomunica.com.mx\/","logo":{"@type":"ImageObject","inLanguage":"es","@id":"https:\/\/eticacomunica.com.mx\/#\/schema\/logo\/image\/","url":"https:\/\/eticacomunica.com.mx\/wp-content\/uploads\/2023\/10\/etica-logo.png","contentUrl":"https:\/\/eticacomunica.com.mx\/wp-content\/uploads\/2023\/10\/etica-logo.png","width":1280,"height":432,"caption":"Diarios Digitales de Sinaloa"},"image":{"@id":"https:\/\/eticacomunica.com.mx\/#\/schema\/logo\/image\/"},"sameAs":["https:\/\/www.facebook.com\/eticacomunica"]},{"@type":"Person","@id":"https:\/\/eticacomunica.com.mx\/#\/schema\/person\/2cacc47bd17fe8ad92f08c0313d22fa6","name":"etica","image":{"@type":"ImageObject","inLanguage":"es","@id":"https:\/\/secure.gravatar.com\/avatar\/dfb45d32bc7097f8f06d6e4f6e6b387e7cb8fd5b3a2869265c40587ab62cab1e?s=96&d=mm&r=g","url":"https:\/\/secure.gravatar.com\/avatar\/dfb45d32bc7097f8f06d6e4f6e6b387e7cb8fd5b3a2869265c40587ab62cab1e?s=96&d=mm&r=g","contentUrl":"https:\/\/secure.gravatar.com\/avatar\/dfb45d32bc7097f8f06d6e4f6e6b387e7cb8fd5b3a2869265c40587ab62cab1e?s=96&d=mm&r=g","caption":"etica"},"sameAs":["https:\/\/eticacomunica.com.mx"],"url":"https:\/\/eticacomunica.com.mx\/?author=1"}]}},"jetpack_publicize_connections":[],"jetpack_featured_media_url":"https:\/\/eticacomunica.com.mx\/wp-content\/uploads\/2026\/01\/IMG-20260102-WA0003.jpg","jetpack_sharing_enabled":true,"_links":{"self":[{"href":"https:\/\/eticacomunica.com.mx\/index.php?rest_route=\/wp\/v2\/posts\/30887","targetHints":{"allow":["GET"]}}],"collection":[{"href":"https:\/\/eticacomunica.com.mx\/index.php?rest_route=\/wp\/v2\/posts"}],"about":[{"href":"https:\/\/eticacomunica.com.mx\/index.php?rest_route=\/wp\/v2\/types\/post"}],"author":[{"embeddable":true,"href":"https:\/\/eticacomunica.com.mx\/index.php?rest_route=\/wp\/v2\/users\/1"}],"replies":[{"embeddable":true,"href":"https:\/\/eticacomunica.com.mx\/index.php?rest_route=%2Fwp%2Fv2%2Fcomments&post=30887"}],"version-history":[{"count":1,"href":"https:\/\/eticacomunica.com.mx\/index.php?rest_route=\/wp\/v2\/posts\/30887\/revisions"}],"predecessor-version":[{"id":30888,"href":"https:\/\/eticacomunica.com.mx\/index.php?rest_route=\/wp\/v2\/posts\/30887\/revisions\/30888"}],"wp:featuredmedia":[{"embeddable":true,"href":"https:\/\/eticacomunica.com.mx\/index.php?rest_route=\/wp\/v2\/media\/30886"}],"wp:attachment":[{"href":"https:\/\/eticacomunica.com.mx\/index.php?rest_route=%2Fwp%2Fv2%2Fmedia&parent=30887"}],"wp:term":[{"taxonomy":"category","embeddable":true,"href":"https:\/\/eticacomunica.com.mx\/index.php?rest_route=%2Fwp%2Fv2%2Fcategories&post=30887"},{"taxonomy":"post_tag","embeddable":true,"href":"https:\/\/eticacomunica.com.mx\/index.php?rest_route=%2Fwp%2Fv2%2Ftags&post=30887"}],"curies":[{"name":"wp","href":"https:\/\/api.w.org\/{rel}","templated":true}]}}