{"id":30895,"date":"2026-01-03T12:04:28","date_gmt":"2026-01-03T19:04:28","guid":{"rendered":"https:\/\/eticacomunica.com.mx\/?p=30895"},"modified":"2026-01-03T12:05:34","modified_gmt":"2026-01-03T19:05:34","slug":"fomentan-pensamiento-critico-la-uas-convoca-al-1er-concurso-estatal-de-carteles-de-investigacion-social-para-estudiantes-de-bachillerato","status":"publish","type":"post","link":"https:\/\/eticacomunica.com.mx\/?p=30895","title":{"rendered":"Fomentan pensamiento cr\u00edtico; la UAS convoca al 1er Concurso Estatal de Carteles de Investigaci\u00f3n Social para estudiantes de bachillerato"},"content":{"rendered":"\n<p>La Academia de Ciencias Sociales de la Direcci\u00f3n General de Escuelas Preparatorias (DGEP) de la Universidad Aut\u00f3noma de Sinaloa (UAS) est\u00e1 convocando a todos los estudiantes del bachillerato a que participen en el 1er Concurso Estatal de Carteles de Investigaci\u00f3n Social, en el cual la participaci\u00f3n puede ser en equipos de 2 a 3 j\u00f3venes, por lo que la participaci\u00f3n se espera bastante enriquecedora, destac\u00f3 la doctora Evelyn Guerrero Amarillas.<br><br>\u201cEste concurso surge desde el \u00e1rea de Ciencias Sociales, a partir de la asignatura de Laboratorio de Investigaci\u00f3n Social, en la cual los coordinadores de academia el doctor Silvestre Flores Gambo, Lydia Rocha Cosio y su servidora Evelyn Guerrero Amarillas, estamos buscando fomentando a los estudiantes el pensamiento cr\u00edtico, la investigaci\u00f3n y la divulgaci\u00f3n de hallazgos de investigaci\u00f3n que ellos van a plantear a partir del trabajo desarrollado de la materia de Laboratorio de Investigaci\u00f3n Social\u201d, enfatiz\u00f3.<br><br>La acad\u00e9mica universitaria acompa\u00f1ada por la doctora Rocha Cosio inform\u00f3 que el registro de los trabajos ya est\u00e1 abierto, dado que la selecci\u00f3n de los mejores trabajos se ir\u00e1n desarrollando por unidades acad\u00e9micas, dado que el 18 de marzo a las 10:00 de la ma\u00f1ana, en la Preparatoria Central se estar\u00e1 desarrollando la etapa estatal, a\u00f1adiendo que este tipo de concursos es elemental para el desarrollo integral de los estudiantes por lo que se busca acercarlos al \u00e1rea investigativa y sepan que existen diferentes formas en que presenten sus trabajos.<br><br>Por su parte la doctora Lydia Rocha Cosio se\u00f1al\u00f3 que en este primer concurso se espera muy buena participaci\u00f3n, ya que se ve entre los estudiantes el inter\u00e9s de ser parte de la justa acad\u00e9mica toda vez que la tem\u00e1tica es muy diversa, puede ir desde temas escolares, problemas de la comunidad, panorama del contexto social, etc\u00e9tera.<br><br>\u201cEstoy consciente y segura que vamos a tener muy buen n\u00famero, no me atrever\u00eda a dar un n\u00famero exacto, porque los maestros ya est\u00e1n haciendo trabajo y de tal manera como anteriormente se hab\u00eda venido trabajando, no exclusivamente con las sociales, sino con lo que eran las investigaciones de metodolog\u00edas, entonces los mismos maestros est\u00e1n haciendo ahorita lo que es la investigaci\u00f3n, entonces pensamos que vamos a tener un excelente n\u00famero\u201d, afirm\u00f3.<\/p>\n","protected":false},"excerpt":{"rendered":"<p>La Academia de Ciencias Sociales de la Direcci\u00f3n General de Escuelas Preparatorias (DGEP) de la Universidad Aut\u00f3noma de Sinaloa (UAS) est\u00e1 convocando a todos los estudiantes del bachillerato a que&hellip;<\/p>\n","protected":false},"author":1,"featured_media":30894,"comment_status":"open","ping_status":"open","sticky":false,"template":"","format":"standard","meta":{"_jetpack_memberships_contains_paid_content":false,"footnotes":"","jetpack_publicize_message":"","jetpack_publicize_feature_enabled":true,"jetpack_social_post_already_shared":true,"jetpack_social_options":{"image_generator_settings":{"template":"highway","default_image_id":0,"font":"","enabled":false},"version":2}},"categories":[40],"tags":[41],"class_list":["post-30895","post","type-post","status-publish","format-standard","has-post-thumbnail","hentry","category-educacion","tag-uas"],"yoast_head":"<!-- This site is optimized with the Yoast SEO plugin v27.2 - https:\/\/yoast.com\/product\/yoast-seo-wordpress\/ -->\n<title>Fomentan pensamiento cr\u00edtico; la UAS convoca al 1er Concurso Estatal de Carteles de Investigaci\u00f3n Social para estudiantes de bachillerato - \u00c9tica Comunica<\/title>\n<meta name=\"robots\" content=\"index, follow, max-snippet:-1, max-image-preview:large, max-video-preview:-1\" \/>\n<link rel=\"canonical\" href=\"https:\/\/eticacomunica.com.mx\/?p=30895\" \/>\n<meta property=\"og:locale\" content=\"es_MX\" \/>\n<meta property=\"og:type\" content=\"article\" \/>\n<meta property=\"og:title\" content=\"Fomentan pensamiento cr\u00edtico; la UAS convoca al 1er Concurso Estatal de Carteles de Investigaci\u00f3n Social para estudiantes de bachillerato - \u00c9tica Comunica\" \/>\n<meta property=\"og:description\" content=\"La Academia de Ciencias Sociales de la Direcci\u00f3n General de Escuelas Preparatorias (DGEP) de la Universidad Aut\u00f3noma de Sinaloa (UAS) est\u00e1 convocando a todos los estudiantes del bachillerato a que&hellip;\" \/>\n<meta property=\"og:url\" content=\"https:\/\/eticacomunica.com.mx\/?p=30895\" \/>\n<meta property=\"og:site_name\" content=\"\u00c9tica Comunica\" \/>\n<meta property=\"article:publisher\" content=\"https:\/\/www.facebook.com\/eticacomunica\" \/>\n<meta property=\"article:published_time\" content=\"2026-01-03T19:04:28+00:00\" \/>\n<meta property=\"article:modified_time\" content=\"2026-01-03T19:05:34+00:00\" \/>\n<meta property=\"og:image\" content=\"https:\/\/eticacomunica.com.mx\/wp-content\/uploads\/2026\/01\/IMG-20260103-WA0012.jpg\" \/>\n\t<meta property=\"og:image:width\" content=\"1600\" \/>\n\t<meta property=\"og:image:height\" content=\"1065\" \/>\n\t<meta property=\"og:image:type\" content=\"image\/jpeg\" \/>\n<meta name=\"author\" content=\"etica\" \/>\n<meta name=\"twitter:card\" content=\"summary_large_image\" \/>\n<meta name=\"twitter:label1\" content=\"Escrito por\" \/>\n\t<meta name=\"twitter:data1\" content=\"etica\" \/>\n\t<meta name=\"twitter:label2\" content=\"Tiempo de lectura\" \/>\n\t<meta name=\"twitter:data2\" content=\"2 minutos\" \/>\n<script type=\"application\/ld+json\" class=\"yoast-schema-graph\">{\"@context\":\"https:\/\/schema.org\",\"@graph\":[{\"@type\":\"Article\",\"@id\":\"https:\/\/eticacomunica.com.mx\/?p=30895#article\",\"isPartOf\":{\"@id\":\"https:\/\/eticacomunica.com.mx\/?p=30895\"},\"author\":{\"name\":\"etica\",\"@id\":\"https:\/\/eticacomunica.com.mx\/#\/schema\/person\/2cacc47bd17fe8ad92f08c0313d22fa6\"},\"headline\":\"Fomentan pensamiento cr\u00edtico; la UAS convoca al 1er Concurso Estatal de Carteles de Investigaci\u00f3n Social para estudiantes de bachillerato\",\"datePublished\":\"2026-01-03T19:04:28+00:00\",\"dateModified\":\"2026-01-03T19:05:34+00:00\",\"mainEntityOfPage\":{\"@id\":\"https:\/\/eticacomunica.com.mx\/?p=30895\"},\"wordCount\":417,\"commentCount\":0,\"publisher\":{\"@id\":\"https:\/\/eticacomunica.com.mx\/#organization\"},\"image\":{\"@id\":\"https:\/\/eticacomunica.com.mx\/?p=30895#primaryimage\"},\"thumbnailUrl\":\"https:\/\/eticacomunica.com.mx\/wp-content\/uploads\/2026\/01\/IMG-20260103-WA0012.jpg\",\"keywords\":[\"UAS\"],\"articleSection\":[\"Educaci\u00f3n\"],\"inLanguage\":\"es\",\"potentialAction\":[{\"@type\":\"CommentAction\",\"name\":\"Comment\",\"target\":[\"https:\/\/eticacomunica.com.mx\/?p=30895#respond\"]}]},{\"@type\":\"WebPage\",\"@id\":\"https:\/\/eticacomunica.com.mx\/?p=30895\",\"url\":\"https:\/\/eticacomunica.com.mx\/?p=30895\",\"name\":\"Fomentan pensamiento cr\u00edtico; la UAS convoca al 1er Concurso Estatal de Carteles de Investigaci\u00f3n Social para estudiantes de bachillerato - \u00c9tica Comunica\",\"isPartOf\":{\"@id\":\"https:\/\/eticacomunica.com.mx\/#website\"},\"primaryImageOfPage\":{\"@id\":\"https:\/\/eticacomunica.com.mx\/?p=30895#primaryimage\"},\"image\":{\"@id\":\"https:\/\/eticacomunica.com.mx\/?p=30895#primaryimage\"},\"thumbnailUrl\":\"https:\/\/eticacomunica.com.mx\/wp-content\/uploads\/2026\/01\/IMG-20260103-WA0012.jpg\",\"datePublished\":\"2026-01-03T19:04:28+00:00\",\"dateModified\":\"2026-01-03T19:05:34+00:00\",\"breadcrumb\":{\"@id\":\"https:\/\/eticacomunica.com.mx\/?p=30895#breadcrumb\"},\"inLanguage\":\"es\",\"potentialAction\":[{\"@type\":\"ReadAction\",\"target\":[\"https:\/\/eticacomunica.com.mx\/?p=30895\"]}]},{\"@type\":\"ImageObject\",\"inLanguage\":\"es\",\"@id\":\"https:\/\/eticacomunica.com.mx\/?p=30895#primaryimage\",\"url\":\"https:\/\/eticacomunica.com.mx\/wp-content\/uploads\/2026\/01\/IMG-20260103-WA0012.jpg\",\"contentUrl\":\"https:\/\/eticacomunica.com.mx\/wp-content\/uploads\/2026\/01\/IMG-20260103-WA0012.jpg\",\"width\":1600,\"height\":1065},{\"@type\":\"BreadcrumbList\",\"@id\":\"https:\/\/eticacomunica.com.mx\/?p=30895#breadcrumb\",\"itemListElement\":[{\"@type\":\"ListItem\",\"position\":1,\"name\":\"Inicio\",\"item\":\"https:\/\/eticacomunica.com.mx\/\"},{\"@type\":\"ListItem\",\"position\":2,\"name\":\"Fomentan pensamiento cr\u00edtico; la UAS convoca al 1er Concurso Estatal de Carteles de Investigaci\u00f3n Social para estudiantes de bachillerato\"}]},{\"@type\":\"WebSite\",\"@id\":\"https:\/\/eticacomunica.com.mx\/#website\",\"url\":\"https:\/\/eticacomunica.com.mx\/\",\"name\":\"\u00c9tica Comunica\",\"description\":\"Diario Digital\",\"publisher\":{\"@id\":\"https:\/\/eticacomunica.com.mx\/#organization\"},\"potentialAction\":[{\"@type\":\"SearchAction\",\"target\":{\"@type\":\"EntryPoint\",\"urlTemplate\":\"https:\/\/eticacomunica.com.mx\/?s={search_term_string}\"},\"query-input\":{\"@type\":\"PropertyValueSpecification\",\"valueRequired\":true,\"valueName\":\"search_term_string\"}}],\"inLanguage\":\"es\"},{\"@type\":\"Organization\",\"@id\":\"https:\/\/eticacomunica.com.mx\/#organization\",\"name\":\"Diarios Digitales de Sinaloa\",\"url\":\"https:\/\/eticacomunica.com.mx\/\",\"logo\":{\"@type\":\"ImageObject\",\"inLanguage\":\"es\",\"@id\":\"https:\/\/eticacomunica.com.mx\/#\/schema\/logo\/image\/\",\"url\":\"https:\/\/eticacomunica.com.mx\/wp-content\/uploads\/2023\/10\/etica-logo.png\",\"contentUrl\":\"https:\/\/eticacomunica.com.mx\/wp-content\/uploads\/2023\/10\/etica-logo.png\",\"width\":1280,\"height\":432,\"caption\":\"Diarios Digitales de Sinaloa\"},\"image\":{\"@id\":\"https:\/\/eticacomunica.com.mx\/#\/schema\/logo\/image\/\"},\"sameAs\":[\"https:\/\/www.facebook.com\/eticacomunica\"]},{\"@type\":\"Person\",\"@id\":\"https:\/\/eticacomunica.com.mx\/#\/schema\/person\/2cacc47bd17fe8ad92f08c0313d22fa6\",\"name\":\"etica\",\"image\":{\"@type\":\"ImageObject\",\"inLanguage\":\"es\",\"@id\":\"https:\/\/secure.gravatar.com\/avatar\/dfb45d32bc7097f8f06d6e4f6e6b387e7cb8fd5b3a2869265c40587ab62cab1e?s=96&d=mm&r=g\",\"url\":\"https:\/\/secure.gravatar.com\/avatar\/dfb45d32bc7097f8f06d6e4f6e6b387e7cb8fd5b3a2869265c40587ab62cab1e?s=96&d=mm&r=g\",\"contentUrl\":\"https:\/\/secure.gravatar.com\/avatar\/dfb45d32bc7097f8f06d6e4f6e6b387e7cb8fd5b3a2869265c40587ab62cab1e?s=96&d=mm&r=g\",\"caption\":\"etica\"},\"sameAs\":[\"https:\/\/eticacomunica.com.mx\"],\"url\":\"https:\/\/eticacomunica.com.mx\/?author=1\"}]}<\/script>\n<!-- \/ Yoast SEO plugin. -->","yoast_head_json":{"title":"Fomentan pensamiento cr\u00edtico; la UAS convoca al 1er Concurso Estatal de Carteles de Investigaci\u00f3n Social para estudiantes de bachillerato - \u00c9tica Comunica","robots":{"index":"index","follow":"follow","max-snippet":"max-snippet:-1","max-image-preview":"max-image-preview:large","max-video-preview":"max-video-preview:-1"},"canonical":"https:\/\/eticacomunica.com.mx\/?p=30895","og_locale":"es_MX","og_type":"article","og_title":"Fomentan pensamiento cr\u00edtico; la UAS convoca al 1er Concurso Estatal de Carteles de Investigaci\u00f3n Social para estudiantes de bachillerato - \u00c9tica Comunica","og_description":"La Academia de Ciencias Sociales de la Direcci\u00f3n General de Escuelas Preparatorias (DGEP) de la Universidad Aut\u00f3noma de Sinaloa (UAS) est\u00e1 convocando a todos los estudiantes del bachillerato a que&hellip;","og_url":"https:\/\/eticacomunica.com.mx\/?p=30895","og_site_name":"\u00c9tica Comunica","article_publisher":"https:\/\/www.facebook.com\/eticacomunica","article_published_time":"2026-01-03T19:04:28+00:00","article_modified_time":"2026-01-03T19:05:34+00:00","og_image":[{"width":1600,"height":1065,"url":"https:\/\/eticacomunica.com.mx\/wp-content\/uploads\/2026\/01\/IMG-20260103-WA0012.jpg","type":"image\/jpeg"}],"author":"etica","twitter_card":"summary_large_image","twitter_misc":{"Escrito por":"etica","Tiempo de lectura":"2 minutos"},"schema":{"@context":"https:\/\/schema.org","@graph":[{"@type":"Article","@id":"https:\/\/eticacomunica.com.mx\/?p=30895#article","isPartOf":{"@id":"https:\/\/eticacomunica.com.mx\/?p=30895"},"author":{"name":"etica","@id":"https:\/\/eticacomunica.com.mx\/#\/schema\/person\/2cacc47bd17fe8ad92f08c0313d22fa6"},"headline":"Fomentan pensamiento cr\u00edtico; la UAS convoca al 1er Concurso Estatal de Carteles de Investigaci\u00f3n Social para estudiantes de bachillerato","datePublished":"2026-01-03T19:04:28+00:00","dateModified":"2026-01-03T19:05:34+00:00","mainEntityOfPage":{"@id":"https:\/\/eticacomunica.com.mx\/?p=30895"},"wordCount":417,"commentCount":0,"publisher":{"@id":"https:\/\/eticacomunica.com.mx\/#organization"},"image":{"@id":"https:\/\/eticacomunica.com.mx\/?p=30895#primaryimage"},"thumbnailUrl":"https:\/\/eticacomunica.com.mx\/wp-content\/uploads\/2026\/01\/IMG-20260103-WA0012.jpg","keywords":["UAS"],"articleSection":["Educaci\u00f3n"],"inLanguage":"es","potentialAction":[{"@type":"CommentAction","name":"Comment","target":["https:\/\/eticacomunica.com.mx\/?p=30895#respond"]}]},{"@type":"WebPage","@id":"https:\/\/eticacomunica.com.mx\/?p=30895","url":"https:\/\/eticacomunica.com.mx\/?p=30895","name":"Fomentan pensamiento cr\u00edtico; la UAS convoca al 1er Concurso Estatal de Carteles de Investigaci\u00f3n Social para estudiantes de bachillerato - \u00c9tica Comunica","isPartOf":{"@id":"https:\/\/eticacomunica.com.mx\/#website"},"primaryImageOfPage":{"@id":"https:\/\/eticacomunica.com.mx\/?p=30895#primaryimage"},"image":{"@id":"https:\/\/eticacomunica.com.mx\/?p=30895#primaryimage"},"thumbnailUrl":"https:\/\/eticacomunica.com.mx\/wp-content\/uploads\/2026\/01\/IMG-20260103-WA0012.jpg","datePublished":"2026-01-03T19:04:28+00:00","dateModified":"2026-01-03T19:05:34+00:00","breadcrumb":{"@id":"https:\/\/eticacomunica.com.mx\/?p=30895#breadcrumb"},"inLanguage":"es","potentialAction":[{"@type":"ReadAction","target":["https:\/\/eticacomunica.com.mx\/?p=30895"]}]},{"@type":"ImageObject","inLanguage":"es","@id":"https:\/\/eticacomunica.com.mx\/?p=30895#primaryimage","url":"https:\/\/eticacomunica.com.mx\/wp-content\/uploads\/2026\/01\/IMG-20260103-WA0012.jpg","contentUrl":"https:\/\/eticacomunica.com.mx\/wp-content\/uploads\/2026\/01\/IMG-20260103-WA0012.jpg","width":1600,"height":1065},{"@type":"BreadcrumbList","@id":"https:\/\/eticacomunica.com.mx\/?p=30895#breadcrumb","itemListElement":[{"@type":"ListItem","position":1,"name":"Inicio","item":"https:\/\/eticacomunica.com.mx\/"},{"@type":"ListItem","position":2,"name":"Fomentan pensamiento cr\u00edtico; la UAS convoca al 1er Concurso Estatal de Carteles de Investigaci\u00f3n Social para estudiantes de bachillerato"}]},{"@type":"WebSite","@id":"https:\/\/eticacomunica.com.mx\/#website","url":"https:\/\/eticacomunica.com.mx\/","name":"\u00c9tica Comunica","description":"Diario Digital","publisher":{"@id":"https:\/\/eticacomunica.com.mx\/#organization"},"potentialAction":[{"@type":"SearchAction","target":{"@type":"EntryPoint","urlTemplate":"https:\/\/eticacomunica.com.mx\/?s={search_term_string}"},"query-input":{"@type":"PropertyValueSpecification","valueRequired":true,"valueName":"search_term_string"}}],"inLanguage":"es"},{"@type":"Organization","@id":"https:\/\/eticacomunica.com.mx\/#organization","name":"Diarios Digitales de Sinaloa","url":"https:\/\/eticacomunica.com.mx\/","logo":{"@type":"ImageObject","inLanguage":"es","@id":"https:\/\/eticacomunica.com.mx\/#\/schema\/logo\/image\/","url":"https:\/\/eticacomunica.com.mx\/wp-content\/uploads\/2023\/10\/etica-logo.png","contentUrl":"https:\/\/eticacomunica.com.mx\/wp-content\/uploads\/2023\/10\/etica-logo.png","width":1280,"height":432,"caption":"Diarios Digitales de Sinaloa"},"image":{"@id":"https:\/\/eticacomunica.com.mx\/#\/schema\/logo\/image\/"},"sameAs":["https:\/\/www.facebook.com\/eticacomunica"]},{"@type":"Person","@id":"https:\/\/eticacomunica.com.mx\/#\/schema\/person\/2cacc47bd17fe8ad92f08c0313d22fa6","name":"etica","image":{"@type":"ImageObject","inLanguage":"es","@id":"https:\/\/secure.gravatar.com\/avatar\/dfb45d32bc7097f8f06d6e4f6e6b387e7cb8fd5b3a2869265c40587ab62cab1e?s=96&d=mm&r=g","url":"https:\/\/secure.gravatar.com\/avatar\/dfb45d32bc7097f8f06d6e4f6e6b387e7cb8fd5b3a2869265c40587ab62cab1e?s=96&d=mm&r=g","contentUrl":"https:\/\/secure.gravatar.com\/avatar\/dfb45d32bc7097f8f06d6e4f6e6b387e7cb8fd5b3a2869265c40587ab62cab1e?s=96&d=mm&r=g","caption":"etica"},"sameAs":["https:\/\/eticacomunica.com.mx"],"url":"https:\/\/eticacomunica.com.mx\/?author=1"}]}},"jetpack_publicize_connections":[],"jetpack_featured_media_url":"https:\/\/eticacomunica.com.mx\/wp-content\/uploads\/2026\/01\/IMG-20260103-WA0012.jpg","jetpack_sharing_enabled":true,"_links":{"self":[{"href":"https:\/\/eticacomunica.com.mx\/index.php?rest_route=\/wp\/v2\/posts\/30895","targetHints":{"allow":["GET"]}}],"collection":[{"href":"https:\/\/eticacomunica.com.mx\/index.php?rest_route=\/wp\/v2\/posts"}],"about":[{"href":"https:\/\/eticacomunica.com.mx\/index.php?rest_route=\/wp\/v2\/types\/post"}],"author":[{"embeddable":true,"href":"https:\/\/eticacomunica.com.mx\/index.php?rest_route=\/wp\/v2\/users\/1"}],"replies":[{"embeddable":true,"href":"https:\/\/eticacomunica.com.mx\/index.php?rest_route=%2Fwp%2Fv2%2Fcomments&post=30895"}],"version-history":[{"count":1,"href":"https:\/\/eticacomunica.com.mx\/index.php?rest_route=\/wp\/v2\/posts\/30895\/revisions"}],"predecessor-version":[{"id":30896,"href":"https:\/\/eticacomunica.com.mx\/index.php?rest_route=\/wp\/v2\/posts\/30895\/revisions\/30896"}],"wp:featuredmedia":[{"embeddable":true,"href":"https:\/\/eticacomunica.com.mx\/index.php?rest_route=\/wp\/v2\/media\/30894"}],"wp:attachment":[{"href":"https:\/\/eticacomunica.com.mx\/index.php?rest_route=%2Fwp%2Fv2%2Fmedia&parent=30895"}],"wp:term":[{"taxonomy":"category","embeddable":true,"href":"https:\/\/eticacomunica.com.mx\/index.php?rest_route=%2Fwp%2Fv2%2Fcategories&post=30895"},{"taxonomy":"post_tag","embeddable":true,"href":"https:\/\/eticacomunica.com.mx\/index.php?rest_route=%2Fwp%2Fv2%2Ftags&post=30895"}],"curies":[{"name":"wp","href":"https:\/\/api.w.org\/{rel}","templated":true}]}}