{"id":30900,"date":"2026-01-05T13:58:30","date_gmt":"2026-01-05T20:58:30","guid":{"rendered":"https:\/\/eticacomunica.com.mx\/?p=30900"},"modified":"2026-01-05T13:58:30","modified_gmt":"2026-01-05T20:58:30","slug":"gobernador-rocha-moya-realizara-nuevos-cambios-en-su-gabinete","status":"publish","type":"post","link":"https:\/\/eticacomunica.com.mx\/?p=30900","title":{"rendered":"Gobernador Rocha Moya realizar\u00e1 nuevos cambios en su gabinete"},"content":{"rendered":"\n<p>Se trata del cambio de titulares en la Secretar\u00eda de Transparencia y Rendici\u00f3n de Cuentas, y en la Tesorer\u00eda de la Secretar\u00eda de Administraci\u00f3n y Finanzas.<br><br>Los Mochis, Ahome, Sinaloa, a 05 de enero de 2026.- Durante su primera Conferencia Semanera del a\u00f1o, el gobernador Rub\u00e9n Rocha Moya dio a conocer que designar\u00e1 como nueva secretaria de Transparencia y Rendici\u00f3n de Cuentas, a Sandra Guadalupe Angulo C\u00e1zarez, y s\u00f3lo est\u00e1 en espera de que el Congreso del Estado ratifique dicho nombramiento que esta ma\u00f1ana hizo del conocimiento de los legisladores al enviar un oficio al Poder Legislativo, esto para efectos de tomarle la protesta a la nueva secretaria.<br><br>El mandatario estatal tambi\u00e9n inform\u00f3 sobre otro cambio en la estructura de la Secretar\u00eda de Administraci\u00f3n y Finanzas, al designar a Alfredo Gonz\u00e1lez en sustituci\u00f3n de Miguel L\u00f3pez, en la Tesorer\u00eda del estado.<br><br>El gobernador Rocha se\u00f1al\u00f3 que Mar\u00eda Guadalupe Ram\u00edrez Zepeda ya le present\u00f3 su renuncia como secretaria de Transparencia y Rendici\u00f3n de Cuentas, cargo que ostentaba desde el inicio del sexenio en 2021, y en cuanto a Sandra Angulo C\u00e1zarez, a quien designar\u00e1 como nueva secretaria, luego de la ratificaci\u00f3n del Congreso del Estado, inform\u00f3 que ya forma parte de su gobierno, donde se ha desempe\u00f1ado en diferentes \u00e1reas, primero en Tecnolog\u00edas, tambi\u00e9n como administradora en la Secretar\u00eda de Obras P\u00fablicas, y hasta este d\u00eda, en el \u00e1rea de la Secretar\u00eda de Administraci\u00f3n y Finanzas.<br><br>\u201cElla, en cuanto el Congreso vote yo le tomo la protesta, y vamos a tener nueva secretaria de Transparencia\u201d, precis\u00f3.<br><br>El gobernador Rocha a\u00f1adi\u00f3 que ya tuvo un primer acercamiento con Sandra Angulo C\u00e1zarez, a quien le dio como primera encomienda que no relaje el equipo de trabajo, pues actualmente Sinaloa se ubica dentro de los cinco estados m\u00e1s transparentes del pa\u00eds, al no tener ninguna observaci\u00f3n de la Auditor\u00eda Superior de la Federaci\u00f3n.<br><br>\u201cYa la llam\u00e9 y hasta ese momento cruc\u00e9 palabra con ella, \u00bfy qu\u00e9 le dije?, que quiero en Transparencia que no me relaje el equipo, estamos dentro de los cinco estados m\u00e1s transparentes del pa\u00eds, somos cinco estados que no tenemos observaci\u00f3n de la Auditor\u00eda, entonces no quiero que se relaje y se pierda eso\u201d, reiter\u00f3.<br><br>Por otra parte, inform\u00f3 que tambi\u00e9n le dio instrucciones al secretario de Administraci\u00f3n y Finanzas, Joaqu\u00edn Landeros Guicho para que este mismo d\u00eda se concrete el cambio de titular en la Tesorer\u00eda estatal, que era ocupada por Miguel L\u00f3pez, y que a partir de ahora encabezar\u00e1 Alfredo Gonz\u00e1lez.<br><br>\u201cSon ajustes que tengo que hacer este a\u00f1o fundamentalmente para sembrar todas las disposiciones de gobierno, porque ya luego vienen los impedimentos electorales para tomar decisiones\u201d, dijo.<\/p>\n","protected":false},"excerpt":{"rendered":"<p>Se trata del cambio de titulares en la Secretar\u00eda de Transparencia y Rendici\u00f3n de Cuentas, y en la Tesorer\u00eda de la Secretar\u00eda de Administraci\u00f3n y Finanzas. Los Mochis, Ahome, Sinaloa,&hellip;<\/p>\n","protected":false},"author":1,"featured_media":30899,"comment_status":"open","ping_status":"open","sticky":false,"template":"","format":"standard","meta":{"_jetpack_memberships_contains_paid_content":false,"footnotes":"","jetpack_publicize_message":"","jetpack_publicize_feature_enabled":true,"jetpack_social_post_already_shared":true,"jetpack_social_options":{"image_generator_settings":{"template":"highway","default_image_id":0,"font":"","enabled":false},"version":2}},"categories":[207,26],"tags":[34,109],"class_list":["post-30900","post","type-post","status-publish","format-standard","has-post-thumbnail","hentry","category-ges","category-portada","tag-gobierno-del-estado-de-sinaloa","tag-ruben-rocha-moya"],"yoast_head":"<!-- This site is optimized with the Yoast SEO plugin v27.2 - https:\/\/yoast.com\/product\/yoast-seo-wordpress\/ -->\n<title>Gobernador Rocha Moya realizar\u00e1 nuevos cambios en su gabinete - \u00c9tica Comunica<\/title>\n<meta name=\"robots\" content=\"index, follow, max-snippet:-1, max-image-preview:large, max-video-preview:-1\" \/>\n<link rel=\"canonical\" href=\"https:\/\/eticacomunica.com.mx\/?p=30900\" \/>\n<meta property=\"og:locale\" content=\"es_MX\" \/>\n<meta property=\"og:type\" content=\"article\" \/>\n<meta property=\"og:title\" content=\"Gobernador Rocha Moya realizar\u00e1 nuevos cambios en su gabinete - \u00c9tica Comunica\" \/>\n<meta property=\"og:description\" content=\"Se trata del cambio de titulares en la Secretar\u00eda de Transparencia y Rendici\u00f3n de Cuentas, y en la Tesorer\u00eda de la Secretar\u00eda de Administraci\u00f3n y Finanzas. Los Mochis, Ahome, Sinaloa,&hellip;\" \/>\n<meta property=\"og:url\" content=\"https:\/\/eticacomunica.com.mx\/?p=30900\" \/>\n<meta property=\"og:site_name\" content=\"\u00c9tica Comunica\" \/>\n<meta property=\"article:publisher\" content=\"https:\/\/www.facebook.com\/eticacomunica\" \/>\n<meta property=\"article:published_time\" content=\"2026-01-05T20:58:30+00:00\" \/>\n<meta property=\"og:image\" content=\"https:\/\/eticacomunica.com.mx\/wp-content\/uploads\/2026\/01\/IMG-20260105-WA0015.jpg\" \/>\n\t<meta property=\"og:image:width\" content=\"1280\" \/>\n\t<meta property=\"og:image:height\" content=\"853\" \/>\n\t<meta property=\"og:image:type\" content=\"image\/jpeg\" \/>\n<meta name=\"author\" content=\"etica\" \/>\n<meta name=\"twitter:card\" content=\"summary_large_image\" \/>\n<meta name=\"twitter:label1\" content=\"Escrito por\" \/>\n\t<meta name=\"twitter:data1\" content=\"etica\" \/>\n\t<meta name=\"twitter:label2\" content=\"Tiempo de lectura\" \/>\n\t<meta name=\"twitter:data2\" content=\"2 minutos\" \/>\n<script type=\"application\/ld+json\" class=\"yoast-schema-graph\">{\"@context\":\"https:\/\/schema.org\",\"@graph\":[{\"@type\":\"Article\",\"@id\":\"https:\/\/eticacomunica.com.mx\/?p=30900#article\",\"isPartOf\":{\"@id\":\"https:\/\/eticacomunica.com.mx\/?p=30900\"},\"author\":{\"name\":\"etica\",\"@id\":\"https:\/\/eticacomunica.com.mx\/#\/schema\/person\/2cacc47bd17fe8ad92f08c0313d22fa6\"},\"headline\":\"Gobernador Rocha Moya realizar\u00e1 nuevos cambios en su gabinete\",\"datePublished\":\"2026-01-05T20:58:30+00:00\",\"mainEntityOfPage\":{\"@id\":\"https:\/\/eticacomunica.com.mx\/?p=30900\"},\"wordCount\":498,\"commentCount\":0,\"publisher\":{\"@id\":\"https:\/\/eticacomunica.com.mx\/#organization\"},\"image\":{\"@id\":\"https:\/\/eticacomunica.com.mx\/?p=30900#primaryimage\"},\"thumbnailUrl\":\"https:\/\/eticacomunica.com.mx\/wp-content\/uploads\/2026\/01\/IMG-20260105-WA0015.jpg\",\"keywords\":[\"Gobierno del Estado de Sinaloa\",\"Rub\u00e9n Rocha Moya\"],\"articleSection\":[\"GES\",\"Portada\"],\"inLanguage\":\"es\",\"potentialAction\":[{\"@type\":\"CommentAction\",\"name\":\"Comment\",\"target\":[\"https:\/\/eticacomunica.com.mx\/?p=30900#respond\"]}]},{\"@type\":\"WebPage\",\"@id\":\"https:\/\/eticacomunica.com.mx\/?p=30900\",\"url\":\"https:\/\/eticacomunica.com.mx\/?p=30900\",\"name\":\"Gobernador Rocha Moya realizar\u00e1 nuevos cambios en su gabinete - \u00c9tica Comunica\",\"isPartOf\":{\"@id\":\"https:\/\/eticacomunica.com.mx\/#website\"},\"primaryImageOfPage\":{\"@id\":\"https:\/\/eticacomunica.com.mx\/?p=30900#primaryimage\"},\"image\":{\"@id\":\"https:\/\/eticacomunica.com.mx\/?p=30900#primaryimage\"},\"thumbnailUrl\":\"https:\/\/eticacomunica.com.mx\/wp-content\/uploads\/2026\/01\/IMG-20260105-WA0015.jpg\",\"datePublished\":\"2026-01-05T20:58:30+00:00\",\"breadcrumb\":{\"@id\":\"https:\/\/eticacomunica.com.mx\/?p=30900#breadcrumb\"},\"inLanguage\":\"es\",\"potentialAction\":[{\"@type\":\"ReadAction\",\"target\":[\"https:\/\/eticacomunica.com.mx\/?p=30900\"]}]},{\"@type\":\"ImageObject\",\"inLanguage\":\"es\",\"@id\":\"https:\/\/eticacomunica.com.mx\/?p=30900#primaryimage\",\"url\":\"https:\/\/eticacomunica.com.mx\/wp-content\/uploads\/2026\/01\/IMG-20260105-WA0015.jpg\",\"contentUrl\":\"https:\/\/eticacomunica.com.mx\/wp-content\/uploads\/2026\/01\/IMG-20260105-WA0015.jpg\",\"width\":1280,\"height\":853},{\"@type\":\"BreadcrumbList\",\"@id\":\"https:\/\/eticacomunica.com.mx\/?p=30900#breadcrumb\",\"itemListElement\":[{\"@type\":\"ListItem\",\"position\":1,\"name\":\"Inicio\",\"item\":\"https:\/\/eticacomunica.com.mx\/\"},{\"@type\":\"ListItem\",\"position\":2,\"name\":\"Gobernador Rocha Moya realizar\u00e1 nuevos cambios en su gabinete\"}]},{\"@type\":\"WebSite\",\"@id\":\"https:\/\/eticacomunica.com.mx\/#website\",\"url\":\"https:\/\/eticacomunica.com.mx\/\",\"name\":\"\u00c9tica Comunica\",\"description\":\"Diario Digital\",\"publisher\":{\"@id\":\"https:\/\/eticacomunica.com.mx\/#organization\"},\"potentialAction\":[{\"@type\":\"SearchAction\",\"target\":{\"@type\":\"EntryPoint\",\"urlTemplate\":\"https:\/\/eticacomunica.com.mx\/?s={search_term_string}\"},\"query-input\":{\"@type\":\"PropertyValueSpecification\",\"valueRequired\":true,\"valueName\":\"search_term_string\"}}],\"inLanguage\":\"es\"},{\"@type\":\"Organization\",\"@id\":\"https:\/\/eticacomunica.com.mx\/#organization\",\"name\":\"Diarios Digitales de Sinaloa\",\"url\":\"https:\/\/eticacomunica.com.mx\/\",\"logo\":{\"@type\":\"ImageObject\",\"inLanguage\":\"es\",\"@id\":\"https:\/\/eticacomunica.com.mx\/#\/schema\/logo\/image\/\",\"url\":\"https:\/\/eticacomunica.com.mx\/wp-content\/uploads\/2023\/10\/etica-logo.png\",\"contentUrl\":\"https:\/\/eticacomunica.com.mx\/wp-content\/uploads\/2023\/10\/etica-logo.png\",\"width\":1280,\"height\":432,\"caption\":\"Diarios Digitales de Sinaloa\"},\"image\":{\"@id\":\"https:\/\/eticacomunica.com.mx\/#\/schema\/logo\/image\/\"},\"sameAs\":[\"https:\/\/www.facebook.com\/eticacomunica\"]},{\"@type\":\"Person\",\"@id\":\"https:\/\/eticacomunica.com.mx\/#\/schema\/person\/2cacc47bd17fe8ad92f08c0313d22fa6\",\"name\":\"etica\",\"image\":{\"@type\":\"ImageObject\",\"inLanguage\":\"es\",\"@id\":\"https:\/\/secure.gravatar.com\/avatar\/dfb45d32bc7097f8f06d6e4f6e6b387e7cb8fd5b3a2869265c40587ab62cab1e?s=96&d=mm&r=g\",\"url\":\"https:\/\/secure.gravatar.com\/avatar\/dfb45d32bc7097f8f06d6e4f6e6b387e7cb8fd5b3a2869265c40587ab62cab1e?s=96&d=mm&r=g\",\"contentUrl\":\"https:\/\/secure.gravatar.com\/avatar\/dfb45d32bc7097f8f06d6e4f6e6b387e7cb8fd5b3a2869265c40587ab62cab1e?s=96&d=mm&r=g\",\"caption\":\"etica\"},\"sameAs\":[\"https:\/\/eticacomunica.com.mx\"],\"url\":\"https:\/\/eticacomunica.com.mx\/?author=1\"}]}<\/script>\n<!-- \/ Yoast SEO plugin. -->","yoast_head_json":{"title":"Gobernador Rocha Moya realizar\u00e1 nuevos cambios en su gabinete - \u00c9tica Comunica","robots":{"index":"index","follow":"follow","max-snippet":"max-snippet:-1","max-image-preview":"max-image-preview:large","max-video-preview":"max-video-preview:-1"},"canonical":"https:\/\/eticacomunica.com.mx\/?p=30900","og_locale":"es_MX","og_type":"article","og_title":"Gobernador Rocha Moya realizar\u00e1 nuevos cambios en su gabinete - \u00c9tica Comunica","og_description":"Se trata del cambio de titulares en la Secretar\u00eda de Transparencia y Rendici\u00f3n de Cuentas, y en la Tesorer\u00eda de la Secretar\u00eda de Administraci\u00f3n y Finanzas. Los Mochis, Ahome, Sinaloa,&hellip;","og_url":"https:\/\/eticacomunica.com.mx\/?p=30900","og_site_name":"\u00c9tica Comunica","article_publisher":"https:\/\/www.facebook.com\/eticacomunica","article_published_time":"2026-01-05T20:58:30+00:00","og_image":[{"width":1280,"height":853,"url":"https:\/\/eticacomunica.com.mx\/wp-content\/uploads\/2026\/01\/IMG-20260105-WA0015.jpg","type":"image\/jpeg"}],"author":"etica","twitter_card":"summary_large_image","twitter_misc":{"Escrito por":"etica","Tiempo de lectura":"2 minutos"},"schema":{"@context":"https:\/\/schema.org","@graph":[{"@type":"Article","@id":"https:\/\/eticacomunica.com.mx\/?p=30900#article","isPartOf":{"@id":"https:\/\/eticacomunica.com.mx\/?p=30900"},"author":{"name":"etica","@id":"https:\/\/eticacomunica.com.mx\/#\/schema\/person\/2cacc47bd17fe8ad92f08c0313d22fa6"},"headline":"Gobernador Rocha Moya realizar\u00e1 nuevos cambios en su gabinete","datePublished":"2026-01-05T20:58:30+00:00","mainEntityOfPage":{"@id":"https:\/\/eticacomunica.com.mx\/?p=30900"},"wordCount":498,"commentCount":0,"publisher":{"@id":"https:\/\/eticacomunica.com.mx\/#organization"},"image":{"@id":"https:\/\/eticacomunica.com.mx\/?p=30900#primaryimage"},"thumbnailUrl":"https:\/\/eticacomunica.com.mx\/wp-content\/uploads\/2026\/01\/IMG-20260105-WA0015.jpg","keywords":["Gobierno del Estado de Sinaloa","Rub\u00e9n Rocha Moya"],"articleSection":["GES","Portada"],"inLanguage":"es","potentialAction":[{"@type":"CommentAction","name":"Comment","target":["https:\/\/eticacomunica.com.mx\/?p=30900#respond"]}]},{"@type":"WebPage","@id":"https:\/\/eticacomunica.com.mx\/?p=30900","url":"https:\/\/eticacomunica.com.mx\/?p=30900","name":"Gobernador Rocha Moya realizar\u00e1 nuevos cambios en su gabinete - \u00c9tica Comunica","isPartOf":{"@id":"https:\/\/eticacomunica.com.mx\/#website"},"primaryImageOfPage":{"@id":"https:\/\/eticacomunica.com.mx\/?p=30900#primaryimage"},"image":{"@id":"https:\/\/eticacomunica.com.mx\/?p=30900#primaryimage"},"thumbnailUrl":"https:\/\/eticacomunica.com.mx\/wp-content\/uploads\/2026\/01\/IMG-20260105-WA0015.jpg","datePublished":"2026-01-05T20:58:30+00:00","breadcrumb":{"@id":"https:\/\/eticacomunica.com.mx\/?p=30900#breadcrumb"},"inLanguage":"es","potentialAction":[{"@type":"ReadAction","target":["https:\/\/eticacomunica.com.mx\/?p=30900"]}]},{"@type":"ImageObject","inLanguage":"es","@id":"https:\/\/eticacomunica.com.mx\/?p=30900#primaryimage","url":"https:\/\/eticacomunica.com.mx\/wp-content\/uploads\/2026\/01\/IMG-20260105-WA0015.jpg","contentUrl":"https:\/\/eticacomunica.com.mx\/wp-content\/uploads\/2026\/01\/IMG-20260105-WA0015.jpg","width":1280,"height":853},{"@type":"BreadcrumbList","@id":"https:\/\/eticacomunica.com.mx\/?p=30900#breadcrumb","itemListElement":[{"@type":"ListItem","position":1,"name":"Inicio","item":"https:\/\/eticacomunica.com.mx\/"},{"@type":"ListItem","position":2,"name":"Gobernador Rocha Moya realizar\u00e1 nuevos cambios en su gabinete"}]},{"@type":"WebSite","@id":"https:\/\/eticacomunica.com.mx\/#website","url":"https:\/\/eticacomunica.com.mx\/","name":"\u00c9tica Comunica","description":"Diario Digital","publisher":{"@id":"https:\/\/eticacomunica.com.mx\/#organization"},"potentialAction":[{"@type":"SearchAction","target":{"@type":"EntryPoint","urlTemplate":"https:\/\/eticacomunica.com.mx\/?s={search_term_string}"},"query-input":{"@type":"PropertyValueSpecification","valueRequired":true,"valueName":"search_term_string"}}],"inLanguage":"es"},{"@type":"Organization","@id":"https:\/\/eticacomunica.com.mx\/#organization","name":"Diarios Digitales de Sinaloa","url":"https:\/\/eticacomunica.com.mx\/","logo":{"@type":"ImageObject","inLanguage":"es","@id":"https:\/\/eticacomunica.com.mx\/#\/schema\/logo\/image\/","url":"https:\/\/eticacomunica.com.mx\/wp-content\/uploads\/2023\/10\/etica-logo.png","contentUrl":"https:\/\/eticacomunica.com.mx\/wp-content\/uploads\/2023\/10\/etica-logo.png","width":1280,"height":432,"caption":"Diarios Digitales de Sinaloa"},"image":{"@id":"https:\/\/eticacomunica.com.mx\/#\/schema\/logo\/image\/"},"sameAs":["https:\/\/www.facebook.com\/eticacomunica"]},{"@type":"Person","@id":"https:\/\/eticacomunica.com.mx\/#\/schema\/person\/2cacc47bd17fe8ad92f08c0313d22fa6","name":"etica","image":{"@type":"ImageObject","inLanguage":"es","@id":"https:\/\/secure.gravatar.com\/avatar\/dfb45d32bc7097f8f06d6e4f6e6b387e7cb8fd5b3a2869265c40587ab62cab1e?s=96&d=mm&r=g","url":"https:\/\/secure.gravatar.com\/avatar\/dfb45d32bc7097f8f06d6e4f6e6b387e7cb8fd5b3a2869265c40587ab62cab1e?s=96&d=mm&r=g","contentUrl":"https:\/\/secure.gravatar.com\/avatar\/dfb45d32bc7097f8f06d6e4f6e6b387e7cb8fd5b3a2869265c40587ab62cab1e?s=96&d=mm&r=g","caption":"etica"},"sameAs":["https:\/\/eticacomunica.com.mx"],"url":"https:\/\/eticacomunica.com.mx\/?author=1"}]}},"jetpack_publicize_connections":[],"jetpack_featured_media_url":"https:\/\/eticacomunica.com.mx\/wp-content\/uploads\/2026\/01\/IMG-20260105-WA0015.jpg","jetpack_sharing_enabled":true,"_links":{"self":[{"href":"https:\/\/eticacomunica.com.mx\/index.php?rest_route=\/wp\/v2\/posts\/30900","targetHints":{"allow":["GET"]}}],"collection":[{"href":"https:\/\/eticacomunica.com.mx\/index.php?rest_route=\/wp\/v2\/posts"}],"about":[{"href":"https:\/\/eticacomunica.com.mx\/index.php?rest_route=\/wp\/v2\/types\/post"}],"author":[{"embeddable":true,"href":"https:\/\/eticacomunica.com.mx\/index.php?rest_route=\/wp\/v2\/users\/1"}],"replies":[{"embeddable":true,"href":"https:\/\/eticacomunica.com.mx\/index.php?rest_route=%2Fwp%2Fv2%2Fcomments&post=30900"}],"version-history":[{"count":0,"href":"https:\/\/eticacomunica.com.mx\/index.php?rest_route=\/wp\/v2\/posts\/30900\/revisions"}],"wp:featuredmedia":[{"embeddable":true,"href":"https:\/\/eticacomunica.com.mx\/index.php?rest_route=\/wp\/v2\/media\/30899"}],"wp:attachment":[{"href":"https:\/\/eticacomunica.com.mx\/index.php?rest_route=%2Fwp%2Fv2%2Fmedia&parent=30900"}],"wp:term":[{"taxonomy":"category","embeddable":true,"href":"https:\/\/eticacomunica.com.mx\/index.php?rest_route=%2Fwp%2Fv2%2Fcategories&post=30900"},{"taxonomy":"post_tag","embeddable":true,"href":"https:\/\/eticacomunica.com.mx\/index.php?rest_route=%2Fwp%2Fv2%2Ftags&post=30900"}],"curies":[{"name":"wp","href":"https:\/\/api.w.org\/{rel}","templated":true}]}}