{"id":30911,"date":"2026-01-05T18:39:34","date_gmt":"2026-01-06T01:39:34","guid":{"rendered":"https:\/\/eticacomunica.com.mx\/?p=30911"},"modified":"2026-01-05T18:39:34","modified_gmt":"2026-01-06T01:39:34","slug":"gobernador-rocha-inicia-2026-inaugurando-y-supervisando-obras-en-salvador-alvarado","status":"publish","type":"post","link":"https:\/\/eticacomunica.com.mx\/?p=30911","title":{"rendered":"Gobernador Rocha inicia 2026 inaugurando y supervisando obras en Salvador Alvarado"},"content":{"rendered":"\n<p>El gobernador Rocha y la alcaldesa Lupita L\u00f3pez, inauguraron la calle Pedro Ju\u00e1rez, con una inversi\u00f3n superior a los 3.3 millones de pesos, obra muy esperada por los vecinos.<br><br>El malec\u00f3n de Guam\u00fachil dar\u00e1 plusval\u00eda al municipio, se\u00f1ala gobernador Rocha.<br><br>Tamazula II, Salvador Alvarado, Sinaloa 5 de enero de 2026.- Acercando el progreso y bienestar a todas las familias de las comunidades sinaloenses, el gobernador Rub\u00e9n Rocha Moya, arranc\u00f3 el 2026 inaugurando obras de pavimentaci\u00f3n que mejoran la circulaci\u00f3n vial y la calidad de vida de los vecinos del sector.<br><br>Al inaugurar la calle Pedro Ju\u00e1rez, en la sindicatura de Tamazula II, en Salvador Alvarado, el gobernador Rocha destac\u00f3 que, estas obras brindan justicia social, promueven la igualdad y levanta el \u00e1nimo de los pobladores.<br><br>&#8220;Poco a poco van ustedes ampliando la calidad de vida. Las pavimentaciones son eso, calidad de vida, le levantan el \u00e1nimo a uno, vamos a seguir atendi\u00e9ndolos, vamos a seguir viendo por Tamazula, ah\u00ed veremos en Guam\u00fachil que les hacemos tambi\u00e9n, tenemos planes importantes para ello\u201d, afirm\u00f3 el gobernador.<br><br>Asimismo, refrend\u00f3 su compromiso de seguir trabajando e invirtiendo en infraestructura que mejoren la imagen urbana y den dignidad a sus habitantes, por ello se comprometi\u00f3 a dar continuidad con dos cuadras de la calle Pedro Ju\u00e1rez, y otras dos cuadras en la misma sindicatura, donde ellos decidan. Adem\u00e1s, gir\u00f3 instrucciones para que revisen las necesidades de las dos escuelas de la localidad.<br><br>Por su parte, la alcaldesa Lupita L\u00f3pez, destac\u00f3 la pol\u00edtica humanista del Gobernador Rocha que pone en el centro a la poblaci\u00f3n que durante a\u00f1os vivi\u00f3 en el rezago social y agradeci\u00f3 el apoyo brindado para la conclusi\u00f3n de esta esperada y significativa vialidad que acerca a la poblaci\u00f3n a la cabecera municipal. <br><br>&#8220;Agradecidos por todas las atenciones para el municipio de Salvador Alvarado, le reconocemos a nuestro gobernador su trabajo, su compromiso y ese gran liderazgo que a \u00e9l le caracteriza, siempre trabajando, viendo y velando por el bienestar de las y los alvaderenses\u201d, expres\u00f3 la alcaldesa.<br><br>Cabe se\u00f1alar que, con una inversi\u00f3n superior a los 3.3 millones de pesos, se paviment\u00f3 con concreto hidr\u00e1ulico 218 metros lineales de la calle Pedro Ju\u00e1rez, agregando 642 metros de banqueta, 428 metros de guarniciones, pintura y se\u00f1al\u00e9tica, adem\u00e1s por parte del municipio se rehabilit\u00f3 de la red de alcantarillado sanitario y agua potable de la zona.<br><br>A nombre de los vecinos beneficiados, la se\u00f1ora Mayra Yolanda Boj\u00f3rquez, agradeci\u00f3 al mandatario estatal esta pavimentaci\u00f3n que da plusval\u00eda a sus viviendas, as\u00ed como m\u00e1s tranquilidad y seguridad en temporada de lluvias. <br><br>\u201cEsta calle pavimentada es una obra que le da m\u00e1s valor y m\u00e1s dignidad a Tamazula, que nos hace sentir tomados en cuenta. A nombre de todos los vecinos de este lugar les decimos muchas gracias por cumplir y gracias por el apoyo. Gracias por no olvidarse de nosotros\u201d, dijo.<br><br>Finalmente, el Ejecutivo comparti\u00f3 la tradicional Rosca de Reyes con los vecinos de Tamazula.<br><br>En su gira por Salvador Alvarado, el gobernador Rocha, aprovech\u00f3 para supervisar avances de la segunda etapa del Malec\u00f3n de Guam\u00fachil, una importante obra que detonar\u00e1 el desarrollo tur\u00edstico y econ\u00f3mico del municipio, adem\u00e1s de brindar un espacio de recreaci\u00f3n, destacando que, presenta un avance aproximado del 30% y quedar\u00e1 finalizada en mayo, pues se trabaja conforme a los tiempos establecidos. <br><br>\u201cLe va a dar plusval\u00eda al municipio y no tengo menor duda que va a haber desarrollo, va a impactar, va a detonar\u201d, se\u00f1al\u00f3 el gobernador.&nbsp; <br><br>Asimismo, detall\u00f3 que, empezaran a licitar las ciclov\u00edas y andadores para que quede completo el proyecto, e inform\u00f3 que solicit\u00f3 al secretario de Marina desazolvar el r\u00edo y ampliar el espejo de agua.<br><br>Cabe precisar que, la segunda etapa del Malec\u00f3n de Guam\u00fachil consiste en 600 metros lineales de concreto hidr\u00e1ulico a la par del r\u00edo \u00c9vora, descarga de aguas pluviales, drenaje sanitario, agua potable y alumbrado p\u00fablico, con una inversi\u00f3n superior a los 50.1 MDP. <br><br>Acompa\u00f1aron al gobernador en esta gira por Salvador Alvarado, Yeraldine Bonilla Valverde, secretaria General de Gobierno; Joaqu\u00edn Landeros Guicho, secretario de Administraci\u00f3n y Finanzas; Ra\u00fal Montero, secretario de Obras P\u00fablicas; el diputado Ambrosio Ch\u00e1vez Ch\u00e1vez, as\u00ed como, las y los secretarios de Turismo, Salud, Pesca, SEBIDES y funcionarios municipales.<\/p>\n","protected":false},"excerpt":{"rendered":"<p>El gobernador Rocha y la alcaldesa Lupita L\u00f3pez, inauguraron la calle Pedro Ju\u00e1rez, con una inversi\u00f3n superior a los 3.3 millones de pesos, obra muy esperada por los vecinos. El&hellip;<\/p>\n","protected":false},"author":1,"featured_media":30910,"comment_status":"open","ping_status":"open","sticky":false,"template":"","format":"standard","meta":{"_jetpack_memberships_contains_paid_content":false,"footnotes":"","jetpack_publicize_message":"","jetpack_publicize_feature_enabled":true,"jetpack_social_post_already_shared":true,"jetpack_social_options":{"image_generator_settings":{"template":"highway","default_image_id":0,"font":"","enabled":false},"version":2}},"categories":[207,26],"tags":[34,109],"class_list":["post-30911","post","type-post","status-publish","format-standard","has-post-thumbnail","hentry","category-ges","category-portada","tag-gobierno-del-estado-de-sinaloa","tag-ruben-rocha-moya"],"yoast_head":"<!-- This site is optimized with the Yoast SEO plugin v27.2 - https:\/\/yoast.com\/product\/yoast-seo-wordpress\/ -->\n<title>Gobernador Rocha inicia 2026 inaugurando y supervisando obras en Salvador Alvarado - \u00c9tica Comunica<\/title>\n<meta name=\"robots\" content=\"index, follow, max-snippet:-1, max-image-preview:large, max-video-preview:-1\" \/>\n<link rel=\"canonical\" href=\"https:\/\/eticacomunica.com.mx\/?p=30911\" \/>\n<meta property=\"og:locale\" content=\"es_MX\" \/>\n<meta property=\"og:type\" content=\"article\" \/>\n<meta property=\"og:title\" content=\"Gobernador Rocha inicia 2026 inaugurando y supervisando obras en Salvador Alvarado - \u00c9tica Comunica\" \/>\n<meta property=\"og:description\" content=\"El gobernador Rocha y la alcaldesa Lupita L\u00f3pez, inauguraron la calle Pedro Ju\u00e1rez, con una inversi\u00f3n superior a los 3.3 millones de pesos, obra muy esperada por los vecinos. El&hellip;\" \/>\n<meta property=\"og:url\" content=\"https:\/\/eticacomunica.com.mx\/?p=30911\" \/>\n<meta property=\"og:site_name\" content=\"\u00c9tica Comunica\" \/>\n<meta property=\"article:publisher\" content=\"https:\/\/www.facebook.com\/eticacomunica\" \/>\n<meta property=\"article:published_time\" content=\"2026-01-06T01:39:34+00:00\" \/>\n<meta property=\"og:image\" content=\"https:\/\/eticacomunica.com.mx\/wp-content\/uploads\/2026\/01\/IMG-20260105-WA0040.jpg\" \/>\n\t<meta property=\"og:image:width\" content=\"1600\" \/>\n\t<meta property=\"og:image:height\" content=\"1067\" \/>\n\t<meta property=\"og:image:type\" content=\"image\/jpeg\" \/>\n<meta name=\"author\" content=\"etica\" \/>\n<meta name=\"twitter:card\" content=\"summary_large_image\" \/>\n<meta name=\"twitter:label1\" content=\"Escrito por\" \/>\n\t<meta name=\"twitter:data1\" content=\"etica\" \/>\n\t<meta name=\"twitter:label2\" content=\"Tiempo de lectura\" \/>\n\t<meta name=\"twitter:data2\" content=\"4 minutos\" \/>\n<script type=\"application\/ld+json\" class=\"yoast-schema-graph\">{\"@context\":\"https:\/\/schema.org\",\"@graph\":[{\"@type\":\"Article\",\"@id\":\"https:\/\/eticacomunica.com.mx\/?p=30911#article\",\"isPartOf\":{\"@id\":\"https:\/\/eticacomunica.com.mx\/?p=30911\"},\"author\":{\"name\":\"etica\",\"@id\":\"https:\/\/eticacomunica.com.mx\/#\/schema\/person\/2cacc47bd17fe8ad92f08c0313d22fa6\"},\"headline\":\"Gobernador Rocha inicia 2026 inaugurando y supervisando obras en Salvador Alvarado\",\"datePublished\":\"2026-01-06T01:39:34+00:00\",\"mainEntityOfPage\":{\"@id\":\"https:\/\/eticacomunica.com.mx\/?p=30911\"},\"wordCount\":761,\"commentCount\":0,\"publisher\":{\"@id\":\"https:\/\/eticacomunica.com.mx\/#organization\"},\"image\":{\"@id\":\"https:\/\/eticacomunica.com.mx\/?p=30911#primaryimage\"},\"thumbnailUrl\":\"https:\/\/eticacomunica.com.mx\/wp-content\/uploads\/2026\/01\/IMG-20260105-WA0040.jpg\",\"keywords\":[\"Gobierno del Estado de Sinaloa\",\"Rub\u00e9n Rocha Moya\"],\"articleSection\":[\"GES\",\"Portada\"],\"inLanguage\":\"es\",\"potentialAction\":[{\"@type\":\"CommentAction\",\"name\":\"Comment\",\"target\":[\"https:\/\/eticacomunica.com.mx\/?p=30911#respond\"]}]},{\"@type\":\"WebPage\",\"@id\":\"https:\/\/eticacomunica.com.mx\/?p=30911\",\"url\":\"https:\/\/eticacomunica.com.mx\/?p=30911\",\"name\":\"Gobernador Rocha inicia 2026 inaugurando y supervisando obras en Salvador Alvarado - \u00c9tica Comunica\",\"isPartOf\":{\"@id\":\"https:\/\/eticacomunica.com.mx\/#website\"},\"primaryImageOfPage\":{\"@id\":\"https:\/\/eticacomunica.com.mx\/?p=30911#primaryimage\"},\"image\":{\"@id\":\"https:\/\/eticacomunica.com.mx\/?p=30911#primaryimage\"},\"thumbnailUrl\":\"https:\/\/eticacomunica.com.mx\/wp-content\/uploads\/2026\/01\/IMG-20260105-WA0040.jpg\",\"datePublished\":\"2026-01-06T01:39:34+00:00\",\"breadcrumb\":{\"@id\":\"https:\/\/eticacomunica.com.mx\/?p=30911#breadcrumb\"},\"inLanguage\":\"es\",\"potentialAction\":[{\"@type\":\"ReadAction\",\"target\":[\"https:\/\/eticacomunica.com.mx\/?p=30911\"]}]},{\"@type\":\"ImageObject\",\"inLanguage\":\"es\",\"@id\":\"https:\/\/eticacomunica.com.mx\/?p=30911#primaryimage\",\"url\":\"https:\/\/eticacomunica.com.mx\/wp-content\/uploads\/2026\/01\/IMG-20260105-WA0040.jpg\",\"contentUrl\":\"https:\/\/eticacomunica.com.mx\/wp-content\/uploads\/2026\/01\/IMG-20260105-WA0040.jpg\",\"width\":1600,\"height\":1067},{\"@type\":\"BreadcrumbList\",\"@id\":\"https:\/\/eticacomunica.com.mx\/?p=30911#breadcrumb\",\"itemListElement\":[{\"@type\":\"ListItem\",\"position\":1,\"name\":\"Inicio\",\"item\":\"https:\/\/eticacomunica.com.mx\/\"},{\"@type\":\"ListItem\",\"position\":2,\"name\":\"Gobernador Rocha inicia 2026 inaugurando y supervisando obras en Salvador Alvarado\"}]},{\"@type\":\"WebSite\",\"@id\":\"https:\/\/eticacomunica.com.mx\/#website\",\"url\":\"https:\/\/eticacomunica.com.mx\/\",\"name\":\"\u00c9tica Comunica\",\"description\":\"Diario Digital\",\"publisher\":{\"@id\":\"https:\/\/eticacomunica.com.mx\/#organization\"},\"potentialAction\":[{\"@type\":\"SearchAction\",\"target\":{\"@type\":\"EntryPoint\",\"urlTemplate\":\"https:\/\/eticacomunica.com.mx\/?s={search_term_string}\"},\"query-input\":{\"@type\":\"PropertyValueSpecification\",\"valueRequired\":true,\"valueName\":\"search_term_string\"}}],\"inLanguage\":\"es\"},{\"@type\":\"Organization\",\"@id\":\"https:\/\/eticacomunica.com.mx\/#organization\",\"name\":\"Diarios Digitales de Sinaloa\",\"url\":\"https:\/\/eticacomunica.com.mx\/\",\"logo\":{\"@type\":\"ImageObject\",\"inLanguage\":\"es\",\"@id\":\"https:\/\/eticacomunica.com.mx\/#\/schema\/logo\/image\/\",\"url\":\"https:\/\/eticacomunica.com.mx\/wp-content\/uploads\/2023\/10\/etica-logo.png\",\"contentUrl\":\"https:\/\/eticacomunica.com.mx\/wp-content\/uploads\/2023\/10\/etica-logo.png\",\"width\":1280,\"height\":432,\"caption\":\"Diarios Digitales de Sinaloa\"},\"image\":{\"@id\":\"https:\/\/eticacomunica.com.mx\/#\/schema\/logo\/image\/\"},\"sameAs\":[\"https:\/\/www.facebook.com\/eticacomunica\"]},{\"@type\":\"Person\",\"@id\":\"https:\/\/eticacomunica.com.mx\/#\/schema\/person\/2cacc47bd17fe8ad92f08c0313d22fa6\",\"name\":\"etica\",\"image\":{\"@type\":\"ImageObject\",\"inLanguage\":\"es\",\"@id\":\"https:\/\/secure.gravatar.com\/avatar\/dfb45d32bc7097f8f06d6e4f6e6b387e7cb8fd5b3a2869265c40587ab62cab1e?s=96&d=mm&r=g\",\"url\":\"https:\/\/secure.gravatar.com\/avatar\/dfb45d32bc7097f8f06d6e4f6e6b387e7cb8fd5b3a2869265c40587ab62cab1e?s=96&d=mm&r=g\",\"contentUrl\":\"https:\/\/secure.gravatar.com\/avatar\/dfb45d32bc7097f8f06d6e4f6e6b387e7cb8fd5b3a2869265c40587ab62cab1e?s=96&d=mm&r=g\",\"caption\":\"etica\"},\"sameAs\":[\"https:\/\/eticacomunica.com.mx\"],\"url\":\"https:\/\/eticacomunica.com.mx\/?author=1\"}]}<\/script>\n<!-- \/ Yoast SEO plugin. -->","yoast_head_json":{"title":"Gobernador Rocha inicia 2026 inaugurando y supervisando obras en Salvador Alvarado - \u00c9tica Comunica","robots":{"index":"index","follow":"follow","max-snippet":"max-snippet:-1","max-image-preview":"max-image-preview:large","max-video-preview":"max-video-preview:-1"},"canonical":"https:\/\/eticacomunica.com.mx\/?p=30911","og_locale":"es_MX","og_type":"article","og_title":"Gobernador Rocha inicia 2026 inaugurando y supervisando obras en Salvador Alvarado - \u00c9tica Comunica","og_description":"El gobernador Rocha y la alcaldesa Lupita L\u00f3pez, inauguraron la calle Pedro Ju\u00e1rez, con una inversi\u00f3n superior a los 3.3 millones de pesos, obra muy esperada por los vecinos. El&hellip;","og_url":"https:\/\/eticacomunica.com.mx\/?p=30911","og_site_name":"\u00c9tica Comunica","article_publisher":"https:\/\/www.facebook.com\/eticacomunica","article_published_time":"2026-01-06T01:39:34+00:00","og_image":[{"width":1600,"height":1067,"url":"https:\/\/eticacomunica.com.mx\/wp-content\/uploads\/2026\/01\/IMG-20260105-WA0040.jpg","type":"image\/jpeg"}],"author":"etica","twitter_card":"summary_large_image","twitter_misc":{"Escrito por":"etica","Tiempo de lectura":"4 minutos"},"schema":{"@context":"https:\/\/schema.org","@graph":[{"@type":"Article","@id":"https:\/\/eticacomunica.com.mx\/?p=30911#article","isPartOf":{"@id":"https:\/\/eticacomunica.com.mx\/?p=30911"},"author":{"name":"etica","@id":"https:\/\/eticacomunica.com.mx\/#\/schema\/person\/2cacc47bd17fe8ad92f08c0313d22fa6"},"headline":"Gobernador Rocha inicia 2026 inaugurando y supervisando obras en Salvador Alvarado","datePublished":"2026-01-06T01:39:34+00:00","mainEntityOfPage":{"@id":"https:\/\/eticacomunica.com.mx\/?p=30911"},"wordCount":761,"commentCount":0,"publisher":{"@id":"https:\/\/eticacomunica.com.mx\/#organization"},"image":{"@id":"https:\/\/eticacomunica.com.mx\/?p=30911#primaryimage"},"thumbnailUrl":"https:\/\/eticacomunica.com.mx\/wp-content\/uploads\/2026\/01\/IMG-20260105-WA0040.jpg","keywords":["Gobierno del Estado de Sinaloa","Rub\u00e9n Rocha Moya"],"articleSection":["GES","Portada"],"inLanguage":"es","potentialAction":[{"@type":"CommentAction","name":"Comment","target":["https:\/\/eticacomunica.com.mx\/?p=30911#respond"]}]},{"@type":"WebPage","@id":"https:\/\/eticacomunica.com.mx\/?p=30911","url":"https:\/\/eticacomunica.com.mx\/?p=30911","name":"Gobernador Rocha inicia 2026 inaugurando y supervisando obras en Salvador Alvarado - \u00c9tica Comunica","isPartOf":{"@id":"https:\/\/eticacomunica.com.mx\/#website"},"primaryImageOfPage":{"@id":"https:\/\/eticacomunica.com.mx\/?p=30911#primaryimage"},"image":{"@id":"https:\/\/eticacomunica.com.mx\/?p=30911#primaryimage"},"thumbnailUrl":"https:\/\/eticacomunica.com.mx\/wp-content\/uploads\/2026\/01\/IMG-20260105-WA0040.jpg","datePublished":"2026-01-06T01:39:34+00:00","breadcrumb":{"@id":"https:\/\/eticacomunica.com.mx\/?p=30911#breadcrumb"},"inLanguage":"es","potentialAction":[{"@type":"ReadAction","target":["https:\/\/eticacomunica.com.mx\/?p=30911"]}]},{"@type":"ImageObject","inLanguage":"es","@id":"https:\/\/eticacomunica.com.mx\/?p=30911#primaryimage","url":"https:\/\/eticacomunica.com.mx\/wp-content\/uploads\/2026\/01\/IMG-20260105-WA0040.jpg","contentUrl":"https:\/\/eticacomunica.com.mx\/wp-content\/uploads\/2026\/01\/IMG-20260105-WA0040.jpg","width":1600,"height":1067},{"@type":"BreadcrumbList","@id":"https:\/\/eticacomunica.com.mx\/?p=30911#breadcrumb","itemListElement":[{"@type":"ListItem","position":1,"name":"Inicio","item":"https:\/\/eticacomunica.com.mx\/"},{"@type":"ListItem","position":2,"name":"Gobernador Rocha inicia 2026 inaugurando y supervisando obras en Salvador Alvarado"}]},{"@type":"WebSite","@id":"https:\/\/eticacomunica.com.mx\/#website","url":"https:\/\/eticacomunica.com.mx\/","name":"\u00c9tica Comunica","description":"Diario Digital","publisher":{"@id":"https:\/\/eticacomunica.com.mx\/#organization"},"potentialAction":[{"@type":"SearchAction","target":{"@type":"EntryPoint","urlTemplate":"https:\/\/eticacomunica.com.mx\/?s={search_term_string}"},"query-input":{"@type":"PropertyValueSpecification","valueRequired":true,"valueName":"search_term_string"}}],"inLanguage":"es"},{"@type":"Organization","@id":"https:\/\/eticacomunica.com.mx\/#organization","name":"Diarios Digitales de Sinaloa","url":"https:\/\/eticacomunica.com.mx\/","logo":{"@type":"ImageObject","inLanguage":"es","@id":"https:\/\/eticacomunica.com.mx\/#\/schema\/logo\/image\/","url":"https:\/\/eticacomunica.com.mx\/wp-content\/uploads\/2023\/10\/etica-logo.png","contentUrl":"https:\/\/eticacomunica.com.mx\/wp-content\/uploads\/2023\/10\/etica-logo.png","width":1280,"height":432,"caption":"Diarios Digitales de Sinaloa"},"image":{"@id":"https:\/\/eticacomunica.com.mx\/#\/schema\/logo\/image\/"},"sameAs":["https:\/\/www.facebook.com\/eticacomunica"]},{"@type":"Person","@id":"https:\/\/eticacomunica.com.mx\/#\/schema\/person\/2cacc47bd17fe8ad92f08c0313d22fa6","name":"etica","image":{"@type":"ImageObject","inLanguage":"es","@id":"https:\/\/secure.gravatar.com\/avatar\/dfb45d32bc7097f8f06d6e4f6e6b387e7cb8fd5b3a2869265c40587ab62cab1e?s=96&d=mm&r=g","url":"https:\/\/secure.gravatar.com\/avatar\/dfb45d32bc7097f8f06d6e4f6e6b387e7cb8fd5b3a2869265c40587ab62cab1e?s=96&d=mm&r=g","contentUrl":"https:\/\/secure.gravatar.com\/avatar\/dfb45d32bc7097f8f06d6e4f6e6b387e7cb8fd5b3a2869265c40587ab62cab1e?s=96&d=mm&r=g","caption":"etica"},"sameAs":["https:\/\/eticacomunica.com.mx"],"url":"https:\/\/eticacomunica.com.mx\/?author=1"}]}},"jetpack_publicize_connections":[],"jetpack_featured_media_url":"https:\/\/eticacomunica.com.mx\/wp-content\/uploads\/2026\/01\/IMG-20260105-WA0040.jpg","jetpack_sharing_enabled":true,"_links":{"self":[{"href":"https:\/\/eticacomunica.com.mx\/index.php?rest_route=\/wp\/v2\/posts\/30911","targetHints":{"allow":["GET"]}}],"collection":[{"href":"https:\/\/eticacomunica.com.mx\/index.php?rest_route=\/wp\/v2\/posts"}],"about":[{"href":"https:\/\/eticacomunica.com.mx\/index.php?rest_route=\/wp\/v2\/types\/post"}],"author":[{"embeddable":true,"href":"https:\/\/eticacomunica.com.mx\/index.php?rest_route=\/wp\/v2\/users\/1"}],"replies":[{"embeddable":true,"href":"https:\/\/eticacomunica.com.mx\/index.php?rest_route=%2Fwp%2Fv2%2Fcomments&post=30911"}],"version-history":[{"count":0,"href":"https:\/\/eticacomunica.com.mx\/index.php?rest_route=\/wp\/v2\/posts\/30911\/revisions"}],"wp:featuredmedia":[{"embeddable":true,"href":"https:\/\/eticacomunica.com.mx\/index.php?rest_route=\/wp\/v2\/media\/30910"}],"wp:attachment":[{"href":"https:\/\/eticacomunica.com.mx\/index.php?rest_route=%2Fwp%2Fv2%2Fmedia&parent=30911"}],"wp:term":[{"taxonomy":"category","embeddable":true,"href":"https:\/\/eticacomunica.com.mx\/index.php?rest_route=%2Fwp%2Fv2%2Fcategories&post=30911"},{"taxonomy":"post_tag","embeddable":true,"href":"https:\/\/eticacomunica.com.mx\/index.php?rest_route=%2Fwp%2Fv2%2Ftags&post=30911"}],"curies":[{"name":"wp","href":"https:\/\/api.w.org\/{rel}","templated":true}]}}