{"id":30913,"date":"2026-01-05T20:29:15","date_gmt":"2026-01-06T03:29:15","guid":{"rendered":"https:\/\/eticacomunica.com.mx\/?p=30913"},"modified":"2026-01-05T20:29:15","modified_gmt":"2026-01-06T03:29:15","slug":"la-uas-y-el-ayuntamiento-de-mazatlan-fortalecen-infraestructura-en-ciudad-universitaria-mediante-convenio-de-colaboracion","status":"publish","type":"post","link":"https:\/\/eticacomunica.com.mx\/?p=30913","title":{"rendered":"La UAS y el&nbsp; Ayuntamiento de Mazatl\u00e1n fortalecen infraestructura en Ciudad Universitaria mediante convenio de colaboraci\u00f3n"},"content":{"rendered":"\n<p>Con el objetivo de optimizar la seguridad y movilidad en el campus, la Universidad Aut\u00f3noma de Sinaloa (UAS), a trav\u00e9s de la Direcci\u00f3n de Construcci\u00f3n y Mantenimiento (DCM), puso en marcha acciones de saneamiento y reencarpetado asf\u00e1ltico en Ciudad Universitaria de la Unidad Regional Sur. <br><br><br>Esta intervenci\u00f3n es resultado tangible del convenio de colaboraci\u00f3n gestionado por el Rector, Dr. Jes\u00fas Madue\u00f1a Molina, y la Presidenta Municipal de Mazatl\u00e1n, Licenciada Estrella Palacios Dom\u00ednguez. A trav\u00e9s de esta sinergia, la administraci\u00f3n universitaria extiende un agradecimiento a la alcaldesa por el apoyo t\u00e9cnico y operativo brindado, fundamental para la transformaci\u00f3n de los espacios comunes.<br><br>Sobre la relevancia de estos trabajos, Celso Fernando Ben\u00edtez de la Herr\u00e1n, Coordinador de Construcci\u00f3n y Mantenimiento de la Zona Sur, expres\u00f3: &#8220;Agradecerle rotundamente el apoyo (a la alcaldesa Municipal de Mazatl\u00e1n), ya que gracias a ella pues se se est\u00e1 logrando este mantenimiento debido a que nosotros en lo personal en la zona sur no, no contamos con el equipo para poderlo realizar directamente y gracias a esto con el apoyo de ella, pues vamos a poder darle mantenimiento a esta parte que ya ya necesitamos, es parte del Convenio de colaboraci\u00f3n, as\u00ed es, es parte de una de muchas actividades que se van a estar trabajando en conjunto, tanto Universidad Aut\u00f3noma de Sinaloa, como el H. Ayuntamiento de Mazatl\u00e1n&#8221;.<br><br>Uni\u00e9ndose al agradecimiento, el Vicerrector de la zona, Dr. Manuel Iv\u00e1n Tostado Ram\u00edrez, supervis\u00f3 personalmente estas labores de bacheo y se\u00f1alizaci\u00f3n que dignifican el entorno educativo. Este mantenimiento preventivo y correctivo soluciona el desgaste ocasionado por el clima y el tr\u00e1nsito constante, impactando positivamente en la calidad de vida de estudiantes, docentes y trabajadores; reafirmando que la colaboraci\u00f3n interinstitucional es la v\u00eda m\u00e1s eficiente para elevar los est\u00e1ndares de infraestructura y garantizar un desarrollo acad\u00e9mico en condiciones de excelencia.<\/p>\n","protected":false},"excerpt":{"rendered":"<p>Con el objetivo de optimizar la seguridad y movilidad en el campus, la Universidad Aut\u00f3noma de Sinaloa (UAS), a trav\u00e9s de la Direcci\u00f3n de Construcci\u00f3n y Mantenimiento (DCM), puso en&hellip;<\/p>\n","protected":false},"author":1,"featured_media":30912,"comment_status":"open","ping_status":"open","sticky":false,"template":"","format":"standard","meta":{"_jetpack_memberships_contains_paid_content":false,"footnotes":"","jetpack_publicize_message":"","jetpack_publicize_feature_enabled":true,"jetpack_social_post_already_shared":true,"jetpack_social_options":{"image_generator_settings":{"template":"highway","default_image_id":0,"font":"","enabled":false},"version":2}},"categories":[40],"tags":[41],"class_list":["post-30913","post","type-post","status-publish","format-standard","has-post-thumbnail","hentry","category-educacion","tag-uas"],"yoast_head":"<!-- This site is optimized with the Yoast SEO plugin v27.2 - https:\/\/yoast.com\/product\/yoast-seo-wordpress\/ -->\n<title>La UAS y el&nbsp; Ayuntamiento de Mazatl\u00e1n fortalecen infraestructura en Ciudad Universitaria mediante convenio de colaboraci\u00f3n - \u00c9tica Comunica<\/title>\n<meta name=\"robots\" content=\"index, follow, max-snippet:-1, max-image-preview:large, max-video-preview:-1\" \/>\n<link rel=\"canonical\" href=\"https:\/\/eticacomunica.com.mx\/?p=30913\" \/>\n<meta property=\"og:locale\" content=\"es_MX\" \/>\n<meta property=\"og:type\" content=\"article\" \/>\n<meta property=\"og:title\" content=\"La UAS y el&nbsp; Ayuntamiento de Mazatl\u00e1n fortalecen infraestructura en Ciudad Universitaria mediante convenio de colaboraci\u00f3n - \u00c9tica Comunica\" \/>\n<meta property=\"og:description\" content=\"Con el objetivo de optimizar la seguridad y movilidad en el campus, la Universidad Aut\u00f3noma de Sinaloa (UAS), a trav\u00e9s de la Direcci\u00f3n de Construcci\u00f3n y Mantenimiento (DCM), puso en&hellip;\" \/>\n<meta property=\"og:url\" content=\"https:\/\/eticacomunica.com.mx\/?p=30913\" \/>\n<meta property=\"og:site_name\" content=\"\u00c9tica Comunica\" \/>\n<meta property=\"article:publisher\" content=\"https:\/\/www.facebook.com\/eticacomunica\" \/>\n<meta property=\"article:published_time\" content=\"2026-01-06T03:29:15+00:00\" \/>\n<meta property=\"og:image\" content=\"https:\/\/eticacomunica.com.mx\/wp-content\/uploads\/2026\/01\/IMG-20260105-WA0052.jpg\" \/>\n\t<meta property=\"og:image:width\" content=\"1280\" \/>\n\t<meta property=\"og:image:height\" content=\"960\" \/>\n\t<meta property=\"og:image:type\" content=\"image\/jpeg\" \/>\n<meta name=\"author\" content=\"etica\" \/>\n<meta name=\"twitter:card\" content=\"summary_large_image\" \/>\n<meta name=\"twitter:label1\" content=\"Escrito por\" \/>\n\t<meta name=\"twitter:data1\" content=\"etica\" \/>\n\t<meta name=\"twitter:label2\" content=\"Tiempo de lectura\" \/>\n\t<meta name=\"twitter:data2\" content=\"2 minutos\" \/>\n<script type=\"application\/ld+json\" class=\"yoast-schema-graph\">{\"@context\":\"https:\/\/schema.org\",\"@graph\":[{\"@type\":\"Article\",\"@id\":\"https:\/\/eticacomunica.com.mx\/?p=30913#article\",\"isPartOf\":{\"@id\":\"https:\/\/eticacomunica.com.mx\/?p=30913\"},\"author\":{\"name\":\"etica\",\"@id\":\"https:\/\/eticacomunica.com.mx\/#\/schema\/person\/2cacc47bd17fe8ad92f08c0313d22fa6\"},\"headline\":\"La UAS y el&nbsp; Ayuntamiento de Mazatl\u00e1n fortalecen infraestructura en Ciudad Universitaria mediante convenio de colaboraci\u00f3n\",\"datePublished\":\"2026-01-06T03:29:15+00:00\",\"mainEntityOfPage\":{\"@id\":\"https:\/\/eticacomunica.com.mx\/?p=30913\"},\"wordCount\":353,\"commentCount\":0,\"publisher\":{\"@id\":\"https:\/\/eticacomunica.com.mx\/#organization\"},\"image\":{\"@id\":\"https:\/\/eticacomunica.com.mx\/?p=30913#primaryimage\"},\"thumbnailUrl\":\"https:\/\/eticacomunica.com.mx\/wp-content\/uploads\/2026\/01\/IMG-20260105-WA0052.jpg\",\"keywords\":[\"UAS\"],\"articleSection\":[\"Educaci\u00f3n\"],\"inLanguage\":\"es\",\"potentialAction\":[{\"@type\":\"CommentAction\",\"name\":\"Comment\",\"target\":[\"https:\/\/eticacomunica.com.mx\/?p=30913#respond\"]}]},{\"@type\":\"WebPage\",\"@id\":\"https:\/\/eticacomunica.com.mx\/?p=30913\",\"url\":\"https:\/\/eticacomunica.com.mx\/?p=30913\",\"name\":\"La UAS y el&nbsp; Ayuntamiento de Mazatl\u00e1n fortalecen infraestructura en Ciudad Universitaria mediante convenio de colaboraci\u00f3n - \u00c9tica Comunica\",\"isPartOf\":{\"@id\":\"https:\/\/eticacomunica.com.mx\/#website\"},\"primaryImageOfPage\":{\"@id\":\"https:\/\/eticacomunica.com.mx\/?p=30913#primaryimage\"},\"image\":{\"@id\":\"https:\/\/eticacomunica.com.mx\/?p=30913#primaryimage\"},\"thumbnailUrl\":\"https:\/\/eticacomunica.com.mx\/wp-content\/uploads\/2026\/01\/IMG-20260105-WA0052.jpg\",\"datePublished\":\"2026-01-06T03:29:15+00:00\",\"breadcrumb\":{\"@id\":\"https:\/\/eticacomunica.com.mx\/?p=30913#breadcrumb\"},\"inLanguage\":\"es\",\"potentialAction\":[{\"@type\":\"ReadAction\",\"target\":[\"https:\/\/eticacomunica.com.mx\/?p=30913\"]}]},{\"@type\":\"ImageObject\",\"inLanguage\":\"es\",\"@id\":\"https:\/\/eticacomunica.com.mx\/?p=30913#primaryimage\",\"url\":\"https:\/\/eticacomunica.com.mx\/wp-content\/uploads\/2026\/01\/IMG-20260105-WA0052.jpg\",\"contentUrl\":\"https:\/\/eticacomunica.com.mx\/wp-content\/uploads\/2026\/01\/IMG-20260105-WA0052.jpg\",\"width\":1280,\"height\":960},{\"@type\":\"BreadcrumbList\",\"@id\":\"https:\/\/eticacomunica.com.mx\/?p=30913#breadcrumb\",\"itemListElement\":[{\"@type\":\"ListItem\",\"position\":1,\"name\":\"Inicio\",\"item\":\"https:\/\/eticacomunica.com.mx\/\"},{\"@type\":\"ListItem\",\"position\":2,\"name\":\"La UAS y el&nbsp; Ayuntamiento de Mazatl\u00e1n fortalecen infraestructura en Ciudad Universitaria mediante convenio de colaboraci\u00f3n\"}]},{\"@type\":\"WebSite\",\"@id\":\"https:\/\/eticacomunica.com.mx\/#website\",\"url\":\"https:\/\/eticacomunica.com.mx\/\",\"name\":\"\u00c9tica Comunica\",\"description\":\"Diario Digital\",\"publisher\":{\"@id\":\"https:\/\/eticacomunica.com.mx\/#organization\"},\"potentialAction\":[{\"@type\":\"SearchAction\",\"target\":{\"@type\":\"EntryPoint\",\"urlTemplate\":\"https:\/\/eticacomunica.com.mx\/?s={search_term_string}\"},\"query-input\":{\"@type\":\"PropertyValueSpecification\",\"valueRequired\":true,\"valueName\":\"search_term_string\"}}],\"inLanguage\":\"es\"},{\"@type\":\"Organization\",\"@id\":\"https:\/\/eticacomunica.com.mx\/#organization\",\"name\":\"Diarios Digitales de Sinaloa\",\"url\":\"https:\/\/eticacomunica.com.mx\/\",\"logo\":{\"@type\":\"ImageObject\",\"inLanguage\":\"es\",\"@id\":\"https:\/\/eticacomunica.com.mx\/#\/schema\/logo\/image\/\",\"url\":\"https:\/\/eticacomunica.com.mx\/wp-content\/uploads\/2023\/10\/etica-logo.png\",\"contentUrl\":\"https:\/\/eticacomunica.com.mx\/wp-content\/uploads\/2023\/10\/etica-logo.png\",\"width\":1280,\"height\":432,\"caption\":\"Diarios Digitales de Sinaloa\"},\"image\":{\"@id\":\"https:\/\/eticacomunica.com.mx\/#\/schema\/logo\/image\/\"},\"sameAs\":[\"https:\/\/www.facebook.com\/eticacomunica\"]},{\"@type\":\"Person\",\"@id\":\"https:\/\/eticacomunica.com.mx\/#\/schema\/person\/2cacc47bd17fe8ad92f08c0313d22fa6\",\"name\":\"etica\",\"image\":{\"@type\":\"ImageObject\",\"inLanguage\":\"es\",\"@id\":\"https:\/\/secure.gravatar.com\/avatar\/dfb45d32bc7097f8f06d6e4f6e6b387e7cb8fd5b3a2869265c40587ab62cab1e?s=96&d=mm&r=g\",\"url\":\"https:\/\/secure.gravatar.com\/avatar\/dfb45d32bc7097f8f06d6e4f6e6b387e7cb8fd5b3a2869265c40587ab62cab1e?s=96&d=mm&r=g\",\"contentUrl\":\"https:\/\/secure.gravatar.com\/avatar\/dfb45d32bc7097f8f06d6e4f6e6b387e7cb8fd5b3a2869265c40587ab62cab1e?s=96&d=mm&r=g\",\"caption\":\"etica\"},\"sameAs\":[\"https:\/\/eticacomunica.com.mx\"],\"url\":\"https:\/\/eticacomunica.com.mx\/?author=1\"}]}<\/script>\n<!-- \/ Yoast SEO plugin. -->","yoast_head_json":{"title":"La UAS y el&nbsp; Ayuntamiento de Mazatl\u00e1n fortalecen infraestructura en Ciudad Universitaria mediante convenio de colaboraci\u00f3n - \u00c9tica Comunica","robots":{"index":"index","follow":"follow","max-snippet":"max-snippet:-1","max-image-preview":"max-image-preview:large","max-video-preview":"max-video-preview:-1"},"canonical":"https:\/\/eticacomunica.com.mx\/?p=30913","og_locale":"es_MX","og_type":"article","og_title":"La UAS y el&nbsp; Ayuntamiento de Mazatl\u00e1n fortalecen infraestructura en Ciudad Universitaria mediante convenio de colaboraci\u00f3n - \u00c9tica Comunica","og_description":"Con el objetivo de optimizar la seguridad y movilidad en el campus, la Universidad Aut\u00f3noma de Sinaloa (UAS), a trav\u00e9s de la Direcci\u00f3n de Construcci\u00f3n y Mantenimiento (DCM), puso en&hellip;","og_url":"https:\/\/eticacomunica.com.mx\/?p=30913","og_site_name":"\u00c9tica Comunica","article_publisher":"https:\/\/www.facebook.com\/eticacomunica","article_published_time":"2026-01-06T03:29:15+00:00","og_image":[{"width":1280,"height":960,"url":"https:\/\/eticacomunica.com.mx\/wp-content\/uploads\/2026\/01\/IMG-20260105-WA0052.jpg","type":"image\/jpeg"}],"author":"etica","twitter_card":"summary_large_image","twitter_misc":{"Escrito por":"etica","Tiempo de lectura":"2 minutos"},"schema":{"@context":"https:\/\/schema.org","@graph":[{"@type":"Article","@id":"https:\/\/eticacomunica.com.mx\/?p=30913#article","isPartOf":{"@id":"https:\/\/eticacomunica.com.mx\/?p=30913"},"author":{"name":"etica","@id":"https:\/\/eticacomunica.com.mx\/#\/schema\/person\/2cacc47bd17fe8ad92f08c0313d22fa6"},"headline":"La UAS y el&nbsp; Ayuntamiento de Mazatl\u00e1n fortalecen infraestructura en Ciudad Universitaria mediante convenio de colaboraci\u00f3n","datePublished":"2026-01-06T03:29:15+00:00","mainEntityOfPage":{"@id":"https:\/\/eticacomunica.com.mx\/?p=30913"},"wordCount":353,"commentCount":0,"publisher":{"@id":"https:\/\/eticacomunica.com.mx\/#organization"},"image":{"@id":"https:\/\/eticacomunica.com.mx\/?p=30913#primaryimage"},"thumbnailUrl":"https:\/\/eticacomunica.com.mx\/wp-content\/uploads\/2026\/01\/IMG-20260105-WA0052.jpg","keywords":["UAS"],"articleSection":["Educaci\u00f3n"],"inLanguage":"es","potentialAction":[{"@type":"CommentAction","name":"Comment","target":["https:\/\/eticacomunica.com.mx\/?p=30913#respond"]}]},{"@type":"WebPage","@id":"https:\/\/eticacomunica.com.mx\/?p=30913","url":"https:\/\/eticacomunica.com.mx\/?p=30913","name":"La UAS y el&nbsp; Ayuntamiento de Mazatl\u00e1n fortalecen infraestructura en Ciudad Universitaria mediante convenio de colaboraci\u00f3n - \u00c9tica Comunica","isPartOf":{"@id":"https:\/\/eticacomunica.com.mx\/#website"},"primaryImageOfPage":{"@id":"https:\/\/eticacomunica.com.mx\/?p=30913#primaryimage"},"image":{"@id":"https:\/\/eticacomunica.com.mx\/?p=30913#primaryimage"},"thumbnailUrl":"https:\/\/eticacomunica.com.mx\/wp-content\/uploads\/2026\/01\/IMG-20260105-WA0052.jpg","datePublished":"2026-01-06T03:29:15+00:00","breadcrumb":{"@id":"https:\/\/eticacomunica.com.mx\/?p=30913#breadcrumb"},"inLanguage":"es","potentialAction":[{"@type":"ReadAction","target":["https:\/\/eticacomunica.com.mx\/?p=30913"]}]},{"@type":"ImageObject","inLanguage":"es","@id":"https:\/\/eticacomunica.com.mx\/?p=30913#primaryimage","url":"https:\/\/eticacomunica.com.mx\/wp-content\/uploads\/2026\/01\/IMG-20260105-WA0052.jpg","contentUrl":"https:\/\/eticacomunica.com.mx\/wp-content\/uploads\/2026\/01\/IMG-20260105-WA0052.jpg","width":1280,"height":960},{"@type":"BreadcrumbList","@id":"https:\/\/eticacomunica.com.mx\/?p=30913#breadcrumb","itemListElement":[{"@type":"ListItem","position":1,"name":"Inicio","item":"https:\/\/eticacomunica.com.mx\/"},{"@type":"ListItem","position":2,"name":"La UAS y el&nbsp; Ayuntamiento de Mazatl\u00e1n fortalecen infraestructura en Ciudad Universitaria mediante convenio de colaboraci\u00f3n"}]},{"@type":"WebSite","@id":"https:\/\/eticacomunica.com.mx\/#website","url":"https:\/\/eticacomunica.com.mx\/","name":"\u00c9tica Comunica","description":"Diario Digital","publisher":{"@id":"https:\/\/eticacomunica.com.mx\/#organization"},"potentialAction":[{"@type":"SearchAction","target":{"@type":"EntryPoint","urlTemplate":"https:\/\/eticacomunica.com.mx\/?s={search_term_string}"},"query-input":{"@type":"PropertyValueSpecification","valueRequired":true,"valueName":"search_term_string"}}],"inLanguage":"es"},{"@type":"Organization","@id":"https:\/\/eticacomunica.com.mx\/#organization","name":"Diarios Digitales de Sinaloa","url":"https:\/\/eticacomunica.com.mx\/","logo":{"@type":"ImageObject","inLanguage":"es","@id":"https:\/\/eticacomunica.com.mx\/#\/schema\/logo\/image\/","url":"https:\/\/eticacomunica.com.mx\/wp-content\/uploads\/2023\/10\/etica-logo.png","contentUrl":"https:\/\/eticacomunica.com.mx\/wp-content\/uploads\/2023\/10\/etica-logo.png","width":1280,"height":432,"caption":"Diarios Digitales de Sinaloa"},"image":{"@id":"https:\/\/eticacomunica.com.mx\/#\/schema\/logo\/image\/"},"sameAs":["https:\/\/www.facebook.com\/eticacomunica"]},{"@type":"Person","@id":"https:\/\/eticacomunica.com.mx\/#\/schema\/person\/2cacc47bd17fe8ad92f08c0313d22fa6","name":"etica","image":{"@type":"ImageObject","inLanguage":"es","@id":"https:\/\/secure.gravatar.com\/avatar\/dfb45d32bc7097f8f06d6e4f6e6b387e7cb8fd5b3a2869265c40587ab62cab1e?s=96&d=mm&r=g","url":"https:\/\/secure.gravatar.com\/avatar\/dfb45d32bc7097f8f06d6e4f6e6b387e7cb8fd5b3a2869265c40587ab62cab1e?s=96&d=mm&r=g","contentUrl":"https:\/\/secure.gravatar.com\/avatar\/dfb45d32bc7097f8f06d6e4f6e6b387e7cb8fd5b3a2869265c40587ab62cab1e?s=96&d=mm&r=g","caption":"etica"},"sameAs":["https:\/\/eticacomunica.com.mx"],"url":"https:\/\/eticacomunica.com.mx\/?author=1"}]}},"jetpack_publicize_connections":[],"jetpack_featured_media_url":"https:\/\/eticacomunica.com.mx\/wp-content\/uploads\/2026\/01\/IMG-20260105-WA0052.jpg","jetpack_sharing_enabled":true,"_links":{"self":[{"href":"https:\/\/eticacomunica.com.mx\/index.php?rest_route=\/wp\/v2\/posts\/30913","targetHints":{"allow":["GET"]}}],"collection":[{"href":"https:\/\/eticacomunica.com.mx\/index.php?rest_route=\/wp\/v2\/posts"}],"about":[{"href":"https:\/\/eticacomunica.com.mx\/index.php?rest_route=\/wp\/v2\/types\/post"}],"author":[{"embeddable":true,"href":"https:\/\/eticacomunica.com.mx\/index.php?rest_route=\/wp\/v2\/users\/1"}],"replies":[{"embeddable":true,"href":"https:\/\/eticacomunica.com.mx\/index.php?rest_route=%2Fwp%2Fv2%2Fcomments&post=30913"}],"version-history":[{"count":0,"href":"https:\/\/eticacomunica.com.mx\/index.php?rest_route=\/wp\/v2\/posts\/30913\/revisions"}],"wp:featuredmedia":[{"embeddable":true,"href":"https:\/\/eticacomunica.com.mx\/index.php?rest_route=\/wp\/v2\/media\/30912"}],"wp:attachment":[{"href":"https:\/\/eticacomunica.com.mx\/index.php?rest_route=%2Fwp%2Fv2%2Fmedia&parent=30913"}],"wp:term":[{"taxonomy":"category","embeddable":true,"href":"https:\/\/eticacomunica.com.mx\/index.php?rest_route=%2Fwp%2Fv2%2Fcategories&post=30913"},{"taxonomy":"post_tag","embeddable":true,"href":"https:\/\/eticacomunica.com.mx\/index.php?rest_route=%2Fwp%2Fv2%2Ftags&post=30913"}],"curies":[{"name":"wp","href":"https:\/\/api.w.org\/{rel}","templated":true}]}}