{"id":30990,"date":"2026-01-14T16:17:10","date_gmt":"2026-01-14T23:17:10","guid":{"rendered":"https:\/\/eticacomunica.com.mx\/?p=30990"},"modified":"2026-01-14T16:17:10","modified_gmt":"2026-01-14T23:17:10","slug":"la-formacion-academica-y-la-investigacion-cientifica-son-fundamentales-para-la-prevencion-de-riesgos-sanitarios","status":"publish","type":"post","link":"https:\/\/eticacomunica.com.mx\/?p=30990","title":{"rendered":"La formaci\u00f3n acad\u00e9mica y la investigaci\u00f3n cient\u00edfica son fundamentales para la prevenci\u00f3n de riesgos sanitarios"},"content":{"rendered":"\n<p>COEPRISS y la Universidad Aut\u00f3noma de Sinaloa promueven entornos saludables y fortalecen la cultura de la prevenci\u00f3n.<br><br>Culiac\u00e1n, Sinaloa a 14 de enero del 2026\/\/. La prevenci\u00f3n y el bienestar integral son claves para mejorar la calidad de vida y reducir riesgos en la comunidad universitaria, es por ello que la Comisi\u00f3n Estatal para la Protecci\u00f3n contra Riesgos Sanitarios de Sinaloa (COEPRISS) y la Universidad Aut\u00f3noma de Sinaloa (UAS)&nbsp; a trav\u00e9s de la direcci\u00f3n de Bienestar \tUniversitario, sellan compromiso para realizar acciones coordinadas, educaci\u00f3n continua y la participaci\u00f3n activa de la sociedad, para que sea posible reducir riesgos, prevenir enfermedades y fomentar h\u00e1bitos de vida saludables.<br><br>A trav\u00e9s de actividades de orientaci\u00f3n, capacitaci\u00f3n y fomento sanitario, COEPRISS trabajar\u00e1 de manera coordinada con la instituci\u00f3n para generar espacios seguros que favorezcan el bienestar f\u00edsico, mental y social, as\u00ed como la identificaci\u00f3n y prevenci\u00f3n de riesgos sanitarios dentro del entorno universitario.<br><br>Acciones como: medidas de higiene, la importancia del agua clorada, inocuidad alimentaria, capacitaci\u00f3n a las Unidades de Consumo Escolar alineada a la Estrategia Nacional &#8220;Vive Saludable, Vive Feliz&#8221;, difusi\u00f3n de Espacios 100% Libres de Humo de Tabaco y Emisiones, requerimientos para la exportaci\u00f3n de productos alimenticios, especificaciones sanitarias en rastros, manejo de residuos, salud ambiental y regulaci\u00f3n sanitaria.<br><br>Destacando el desarrollar proyectos de investigaci\u00f3n conjunta en materia de riesgos sanitarios, salud ambiental, inocuidad, vigilancia epidemiol\u00f3gica y gesti\u00f3n de calidad, con base en evidencia cient\u00edfica, promoviendo la publicaci\u00f3n y difusi\u00f3n de resultados de inter\u00e9s com\u00fan.<br><br>\u201cLa universidad es una aliada estrat\u00e9gica para fortalecer la cultura de la prevenci\u00f3n. A trav\u00e9s de la formaci\u00f3n y la investigaci\u00f3n, se generan soluciones innovadoras que contribuyen a proteger la salud de la poblaci\u00f3n\u201d, destac\u00f3 Beatriz Aguiar Monroy, titular de COEPRISS.<br><br>Por su parte, Dra. Sof\u00eda Angulo de Madue\u00f1a, directora de Bienestar Universitario, sostuvo que: \u201cLa Universidad Aut\u00f3noma de Sinaloa refrenda su compromiso con la responsabilidad social y la formaci\u00f3n de profesionales conscientes de la importancia de la prevenci\u00f3n y el cuidado de la salud en sus entornos&#8221;.<br><br>En el marco de la celebraci\u00f3n de este convenio estuvieron presentes: Lic. Beatriz Aguiar Monroy, Comisionada estatal de COEPRISS, Doctora. Sof\u00eda Angulo de Madue\u00f1a, directora de Bienestar Universitario, en representaci\u00f3n del Doctor Jes\u00fas Madue\u00f1a Molina, Rector de la Universidad Aut\u00f3noma de Sinaloa, Doctor. Wenceslao Plata Rocha, vicerrector de la Unidad Regional Centro, Lic. Johaly de Jes\u00fas Esc\u00e1rcega Zepeda, secretaria t\u00e9cnica de COEPRISS, Doctor. Jes\u00fas Enrique S\u00e1nchez, director de Vinculaci\u00f3n y Relaciones Internacionales, Lic. Chris Oscar Valenzuela Leal, coordinador jur\u00eddico COEPRISS.<br><br>Esta colaboraci\u00f3n representa un paso decisivo para fortalecer la cultura de la prevenci\u00f3n en el estado, al unir la experiencia t\u00e9cnica de la autoridad sanitaria con la capacidad acad\u00e9mica y de investigaci\u00f3n de la UAS, generando acciones con impacto real y sostenible en la comunidad universitaria y en la sociedad sinaloense.<\/p>\n","protected":false},"excerpt":{"rendered":"<p>COEPRISS y la Universidad Aut\u00f3noma de Sinaloa promueven entornos saludables y fortalecen la cultura de la prevenci\u00f3n. Culiac\u00e1n, Sinaloa a 14 de enero del 2026\/\/. La prevenci\u00f3n y el bienestar&hellip;<\/p>\n","protected":false},"author":1,"featured_media":30989,"comment_status":"open","ping_status":"open","sticky":false,"template":"","format":"standard","meta":{"_jetpack_memberships_contains_paid_content":false,"footnotes":"","jetpack_publicize_message":"","jetpack_publicize_feature_enabled":true,"jetpack_social_post_already_shared":true,"jetpack_social_options":{"image_generator_settings":{"template":"highway","default_image_id":0,"font":"","enabled":false},"version":2}},"categories":[52],"tags":[34],"class_list":["post-30990","post","type-post","status-publish","format-standard","has-post-thumbnail","hentry","category-subportada","tag-gobierno-del-estado-de-sinaloa"],"yoast_head":"<!-- This site is optimized with the Yoast SEO plugin v27.2 - https:\/\/yoast.com\/product\/yoast-seo-wordpress\/ -->\n<title>La formaci\u00f3n acad\u00e9mica y la investigaci\u00f3n cient\u00edfica son fundamentales para la prevenci\u00f3n de riesgos sanitarios - \u00c9tica Comunica<\/title>\n<meta name=\"robots\" content=\"index, follow, max-snippet:-1, max-image-preview:large, max-video-preview:-1\" \/>\n<link rel=\"canonical\" href=\"https:\/\/eticacomunica.com.mx\/?p=30990\" \/>\n<meta property=\"og:locale\" content=\"es_MX\" \/>\n<meta property=\"og:type\" content=\"article\" \/>\n<meta property=\"og:title\" content=\"La formaci\u00f3n acad\u00e9mica y la investigaci\u00f3n cient\u00edfica son fundamentales para la prevenci\u00f3n de riesgos sanitarios - \u00c9tica Comunica\" \/>\n<meta property=\"og:description\" content=\"COEPRISS y la Universidad Aut\u00f3noma de Sinaloa promueven entornos saludables y fortalecen la cultura de la prevenci\u00f3n. Culiac\u00e1n, Sinaloa a 14 de enero del 2026\/\/. La prevenci\u00f3n y el bienestar&hellip;\" \/>\n<meta property=\"og:url\" content=\"https:\/\/eticacomunica.com.mx\/?p=30990\" \/>\n<meta property=\"og:site_name\" content=\"\u00c9tica Comunica\" \/>\n<meta property=\"article:publisher\" content=\"https:\/\/www.facebook.com\/eticacomunica\" \/>\n<meta property=\"article:published_time\" content=\"2026-01-14T23:17:10+00:00\" \/>\n<meta property=\"og:image\" content=\"https:\/\/eticacomunica.com.mx\/wp-content\/uploads\/2026\/01\/IMG-20260114-WA0049.jpg\" \/>\n\t<meta property=\"og:image:width\" content=\"1600\" \/>\n\t<meta property=\"og:image:height\" content=\"1068\" \/>\n\t<meta property=\"og:image:type\" content=\"image\/jpeg\" \/>\n<meta name=\"author\" content=\"etica\" \/>\n<meta name=\"twitter:card\" content=\"summary_large_image\" \/>\n<meta name=\"twitter:label1\" content=\"Escrito por\" \/>\n\t<meta name=\"twitter:data1\" content=\"etica\" \/>\n\t<meta name=\"twitter:label2\" content=\"Tiempo de lectura\" \/>\n\t<meta name=\"twitter:data2\" content=\"3 minutos\" \/>\n<script type=\"application\/ld+json\" class=\"yoast-schema-graph\">{\"@context\":\"https:\/\/schema.org\",\"@graph\":[{\"@type\":\"Article\",\"@id\":\"https:\/\/eticacomunica.com.mx\/?p=30990#article\",\"isPartOf\":{\"@id\":\"https:\/\/eticacomunica.com.mx\/?p=30990\"},\"author\":{\"name\":\"etica\",\"@id\":\"https:\/\/eticacomunica.com.mx\/#\/schema\/person\/2cacc47bd17fe8ad92f08c0313d22fa6\"},\"headline\":\"La formaci\u00f3n acad\u00e9mica y la investigaci\u00f3n cient\u00edfica son fundamentales para la prevenci\u00f3n de riesgos sanitarios\",\"datePublished\":\"2026-01-14T23:17:10+00:00\",\"mainEntityOfPage\":{\"@id\":\"https:\/\/eticacomunica.com.mx\/?p=30990\"},\"wordCount\":541,\"commentCount\":0,\"publisher\":{\"@id\":\"https:\/\/eticacomunica.com.mx\/#organization\"},\"image\":{\"@id\":\"https:\/\/eticacomunica.com.mx\/?p=30990#primaryimage\"},\"thumbnailUrl\":\"https:\/\/eticacomunica.com.mx\/wp-content\/uploads\/2026\/01\/IMG-20260114-WA0049.jpg\",\"keywords\":[\"Gobierno del Estado de Sinaloa\"],\"articleSection\":[\"Subportada\"],\"inLanguage\":\"es\",\"potentialAction\":[{\"@type\":\"CommentAction\",\"name\":\"Comment\",\"target\":[\"https:\/\/eticacomunica.com.mx\/?p=30990#respond\"]}]},{\"@type\":\"WebPage\",\"@id\":\"https:\/\/eticacomunica.com.mx\/?p=30990\",\"url\":\"https:\/\/eticacomunica.com.mx\/?p=30990\",\"name\":\"La formaci\u00f3n acad\u00e9mica y la investigaci\u00f3n cient\u00edfica son fundamentales para la prevenci\u00f3n de riesgos sanitarios - \u00c9tica Comunica\",\"isPartOf\":{\"@id\":\"https:\/\/eticacomunica.com.mx\/#website\"},\"primaryImageOfPage\":{\"@id\":\"https:\/\/eticacomunica.com.mx\/?p=30990#primaryimage\"},\"image\":{\"@id\":\"https:\/\/eticacomunica.com.mx\/?p=30990#primaryimage\"},\"thumbnailUrl\":\"https:\/\/eticacomunica.com.mx\/wp-content\/uploads\/2026\/01\/IMG-20260114-WA0049.jpg\",\"datePublished\":\"2026-01-14T23:17:10+00:00\",\"breadcrumb\":{\"@id\":\"https:\/\/eticacomunica.com.mx\/?p=30990#breadcrumb\"},\"inLanguage\":\"es\",\"potentialAction\":[{\"@type\":\"ReadAction\",\"target\":[\"https:\/\/eticacomunica.com.mx\/?p=30990\"]}]},{\"@type\":\"ImageObject\",\"inLanguage\":\"es\",\"@id\":\"https:\/\/eticacomunica.com.mx\/?p=30990#primaryimage\",\"url\":\"https:\/\/eticacomunica.com.mx\/wp-content\/uploads\/2026\/01\/IMG-20260114-WA0049.jpg\",\"contentUrl\":\"https:\/\/eticacomunica.com.mx\/wp-content\/uploads\/2026\/01\/IMG-20260114-WA0049.jpg\",\"width\":1600,\"height\":1068},{\"@type\":\"BreadcrumbList\",\"@id\":\"https:\/\/eticacomunica.com.mx\/?p=30990#breadcrumb\",\"itemListElement\":[{\"@type\":\"ListItem\",\"position\":1,\"name\":\"Inicio\",\"item\":\"https:\/\/eticacomunica.com.mx\/\"},{\"@type\":\"ListItem\",\"position\":2,\"name\":\"La formaci\u00f3n acad\u00e9mica y la investigaci\u00f3n cient\u00edfica son fundamentales para la prevenci\u00f3n de riesgos sanitarios\"}]},{\"@type\":\"WebSite\",\"@id\":\"https:\/\/eticacomunica.com.mx\/#website\",\"url\":\"https:\/\/eticacomunica.com.mx\/\",\"name\":\"\u00c9tica Comunica\",\"description\":\"Diario Digital\",\"publisher\":{\"@id\":\"https:\/\/eticacomunica.com.mx\/#organization\"},\"potentialAction\":[{\"@type\":\"SearchAction\",\"target\":{\"@type\":\"EntryPoint\",\"urlTemplate\":\"https:\/\/eticacomunica.com.mx\/?s={search_term_string}\"},\"query-input\":{\"@type\":\"PropertyValueSpecification\",\"valueRequired\":true,\"valueName\":\"search_term_string\"}}],\"inLanguage\":\"es\"},{\"@type\":\"Organization\",\"@id\":\"https:\/\/eticacomunica.com.mx\/#organization\",\"name\":\"Diarios Digitales de Sinaloa\",\"url\":\"https:\/\/eticacomunica.com.mx\/\",\"logo\":{\"@type\":\"ImageObject\",\"inLanguage\":\"es\",\"@id\":\"https:\/\/eticacomunica.com.mx\/#\/schema\/logo\/image\/\",\"url\":\"https:\/\/eticacomunica.com.mx\/wp-content\/uploads\/2023\/10\/etica-logo.png\",\"contentUrl\":\"https:\/\/eticacomunica.com.mx\/wp-content\/uploads\/2023\/10\/etica-logo.png\",\"width\":1280,\"height\":432,\"caption\":\"Diarios Digitales de Sinaloa\"},\"image\":{\"@id\":\"https:\/\/eticacomunica.com.mx\/#\/schema\/logo\/image\/\"},\"sameAs\":[\"https:\/\/www.facebook.com\/eticacomunica\"]},{\"@type\":\"Person\",\"@id\":\"https:\/\/eticacomunica.com.mx\/#\/schema\/person\/2cacc47bd17fe8ad92f08c0313d22fa6\",\"name\":\"etica\",\"image\":{\"@type\":\"ImageObject\",\"inLanguage\":\"es\",\"@id\":\"https:\/\/secure.gravatar.com\/avatar\/dfb45d32bc7097f8f06d6e4f6e6b387e7cb8fd5b3a2869265c40587ab62cab1e?s=96&d=mm&r=g\",\"url\":\"https:\/\/secure.gravatar.com\/avatar\/dfb45d32bc7097f8f06d6e4f6e6b387e7cb8fd5b3a2869265c40587ab62cab1e?s=96&d=mm&r=g\",\"contentUrl\":\"https:\/\/secure.gravatar.com\/avatar\/dfb45d32bc7097f8f06d6e4f6e6b387e7cb8fd5b3a2869265c40587ab62cab1e?s=96&d=mm&r=g\",\"caption\":\"etica\"},\"sameAs\":[\"https:\/\/eticacomunica.com.mx\"],\"url\":\"https:\/\/eticacomunica.com.mx\/?author=1\"}]}<\/script>\n<!-- \/ Yoast SEO plugin. -->","yoast_head_json":{"title":"La formaci\u00f3n acad\u00e9mica y la investigaci\u00f3n cient\u00edfica son fundamentales para la prevenci\u00f3n de riesgos sanitarios - \u00c9tica Comunica","robots":{"index":"index","follow":"follow","max-snippet":"max-snippet:-1","max-image-preview":"max-image-preview:large","max-video-preview":"max-video-preview:-1"},"canonical":"https:\/\/eticacomunica.com.mx\/?p=30990","og_locale":"es_MX","og_type":"article","og_title":"La formaci\u00f3n acad\u00e9mica y la investigaci\u00f3n cient\u00edfica son fundamentales para la prevenci\u00f3n de riesgos sanitarios - \u00c9tica Comunica","og_description":"COEPRISS y la Universidad Aut\u00f3noma de Sinaloa promueven entornos saludables y fortalecen la cultura de la prevenci\u00f3n. Culiac\u00e1n, Sinaloa a 14 de enero del 2026\/\/. La prevenci\u00f3n y el bienestar&hellip;","og_url":"https:\/\/eticacomunica.com.mx\/?p=30990","og_site_name":"\u00c9tica Comunica","article_publisher":"https:\/\/www.facebook.com\/eticacomunica","article_published_time":"2026-01-14T23:17:10+00:00","og_image":[{"width":1600,"height":1068,"url":"https:\/\/eticacomunica.com.mx\/wp-content\/uploads\/2026\/01\/IMG-20260114-WA0049.jpg","type":"image\/jpeg"}],"author":"etica","twitter_card":"summary_large_image","twitter_misc":{"Escrito por":"etica","Tiempo de lectura":"3 minutos"},"schema":{"@context":"https:\/\/schema.org","@graph":[{"@type":"Article","@id":"https:\/\/eticacomunica.com.mx\/?p=30990#article","isPartOf":{"@id":"https:\/\/eticacomunica.com.mx\/?p=30990"},"author":{"name":"etica","@id":"https:\/\/eticacomunica.com.mx\/#\/schema\/person\/2cacc47bd17fe8ad92f08c0313d22fa6"},"headline":"La formaci\u00f3n acad\u00e9mica y la investigaci\u00f3n cient\u00edfica son fundamentales para la prevenci\u00f3n de riesgos sanitarios","datePublished":"2026-01-14T23:17:10+00:00","mainEntityOfPage":{"@id":"https:\/\/eticacomunica.com.mx\/?p=30990"},"wordCount":541,"commentCount":0,"publisher":{"@id":"https:\/\/eticacomunica.com.mx\/#organization"},"image":{"@id":"https:\/\/eticacomunica.com.mx\/?p=30990#primaryimage"},"thumbnailUrl":"https:\/\/eticacomunica.com.mx\/wp-content\/uploads\/2026\/01\/IMG-20260114-WA0049.jpg","keywords":["Gobierno del Estado de Sinaloa"],"articleSection":["Subportada"],"inLanguage":"es","potentialAction":[{"@type":"CommentAction","name":"Comment","target":["https:\/\/eticacomunica.com.mx\/?p=30990#respond"]}]},{"@type":"WebPage","@id":"https:\/\/eticacomunica.com.mx\/?p=30990","url":"https:\/\/eticacomunica.com.mx\/?p=30990","name":"La formaci\u00f3n acad\u00e9mica y la investigaci\u00f3n cient\u00edfica son fundamentales para la prevenci\u00f3n de riesgos sanitarios - \u00c9tica Comunica","isPartOf":{"@id":"https:\/\/eticacomunica.com.mx\/#website"},"primaryImageOfPage":{"@id":"https:\/\/eticacomunica.com.mx\/?p=30990#primaryimage"},"image":{"@id":"https:\/\/eticacomunica.com.mx\/?p=30990#primaryimage"},"thumbnailUrl":"https:\/\/eticacomunica.com.mx\/wp-content\/uploads\/2026\/01\/IMG-20260114-WA0049.jpg","datePublished":"2026-01-14T23:17:10+00:00","breadcrumb":{"@id":"https:\/\/eticacomunica.com.mx\/?p=30990#breadcrumb"},"inLanguage":"es","potentialAction":[{"@type":"ReadAction","target":["https:\/\/eticacomunica.com.mx\/?p=30990"]}]},{"@type":"ImageObject","inLanguage":"es","@id":"https:\/\/eticacomunica.com.mx\/?p=30990#primaryimage","url":"https:\/\/eticacomunica.com.mx\/wp-content\/uploads\/2026\/01\/IMG-20260114-WA0049.jpg","contentUrl":"https:\/\/eticacomunica.com.mx\/wp-content\/uploads\/2026\/01\/IMG-20260114-WA0049.jpg","width":1600,"height":1068},{"@type":"BreadcrumbList","@id":"https:\/\/eticacomunica.com.mx\/?p=30990#breadcrumb","itemListElement":[{"@type":"ListItem","position":1,"name":"Inicio","item":"https:\/\/eticacomunica.com.mx\/"},{"@type":"ListItem","position":2,"name":"La formaci\u00f3n acad\u00e9mica y la investigaci\u00f3n cient\u00edfica son fundamentales para la prevenci\u00f3n de riesgos sanitarios"}]},{"@type":"WebSite","@id":"https:\/\/eticacomunica.com.mx\/#website","url":"https:\/\/eticacomunica.com.mx\/","name":"\u00c9tica Comunica","description":"Diario Digital","publisher":{"@id":"https:\/\/eticacomunica.com.mx\/#organization"},"potentialAction":[{"@type":"SearchAction","target":{"@type":"EntryPoint","urlTemplate":"https:\/\/eticacomunica.com.mx\/?s={search_term_string}"},"query-input":{"@type":"PropertyValueSpecification","valueRequired":true,"valueName":"search_term_string"}}],"inLanguage":"es"},{"@type":"Organization","@id":"https:\/\/eticacomunica.com.mx\/#organization","name":"Diarios Digitales de Sinaloa","url":"https:\/\/eticacomunica.com.mx\/","logo":{"@type":"ImageObject","inLanguage":"es","@id":"https:\/\/eticacomunica.com.mx\/#\/schema\/logo\/image\/","url":"https:\/\/eticacomunica.com.mx\/wp-content\/uploads\/2023\/10\/etica-logo.png","contentUrl":"https:\/\/eticacomunica.com.mx\/wp-content\/uploads\/2023\/10\/etica-logo.png","width":1280,"height":432,"caption":"Diarios Digitales de Sinaloa"},"image":{"@id":"https:\/\/eticacomunica.com.mx\/#\/schema\/logo\/image\/"},"sameAs":["https:\/\/www.facebook.com\/eticacomunica"]},{"@type":"Person","@id":"https:\/\/eticacomunica.com.mx\/#\/schema\/person\/2cacc47bd17fe8ad92f08c0313d22fa6","name":"etica","image":{"@type":"ImageObject","inLanguage":"es","@id":"https:\/\/secure.gravatar.com\/avatar\/dfb45d32bc7097f8f06d6e4f6e6b387e7cb8fd5b3a2869265c40587ab62cab1e?s=96&d=mm&r=g","url":"https:\/\/secure.gravatar.com\/avatar\/dfb45d32bc7097f8f06d6e4f6e6b387e7cb8fd5b3a2869265c40587ab62cab1e?s=96&d=mm&r=g","contentUrl":"https:\/\/secure.gravatar.com\/avatar\/dfb45d32bc7097f8f06d6e4f6e6b387e7cb8fd5b3a2869265c40587ab62cab1e?s=96&d=mm&r=g","caption":"etica"},"sameAs":["https:\/\/eticacomunica.com.mx"],"url":"https:\/\/eticacomunica.com.mx\/?author=1"}]}},"jetpack_publicize_connections":[],"jetpack_featured_media_url":"https:\/\/eticacomunica.com.mx\/wp-content\/uploads\/2026\/01\/IMG-20260114-WA0049.jpg","jetpack_sharing_enabled":true,"_links":{"self":[{"href":"https:\/\/eticacomunica.com.mx\/index.php?rest_route=\/wp\/v2\/posts\/30990","targetHints":{"allow":["GET"]}}],"collection":[{"href":"https:\/\/eticacomunica.com.mx\/index.php?rest_route=\/wp\/v2\/posts"}],"about":[{"href":"https:\/\/eticacomunica.com.mx\/index.php?rest_route=\/wp\/v2\/types\/post"}],"author":[{"embeddable":true,"href":"https:\/\/eticacomunica.com.mx\/index.php?rest_route=\/wp\/v2\/users\/1"}],"replies":[{"embeddable":true,"href":"https:\/\/eticacomunica.com.mx\/index.php?rest_route=%2Fwp%2Fv2%2Fcomments&post=30990"}],"version-history":[{"count":0,"href":"https:\/\/eticacomunica.com.mx\/index.php?rest_route=\/wp\/v2\/posts\/30990\/revisions"}],"wp:featuredmedia":[{"embeddable":true,"href":"https:\/\/eticacomunica.com.mx\/index.php?rest_route=\/wp\/v2\/media\/30989"}],"wp:attachment":[{"href":"https:\/\/eticacomunica.com.mx\/index.php?rest_route=%2Fwp%2Fv2%2Fmedia&parent=30990"}],"wp:term":[{"taxonomy":"category","embeddable":true,"href":"https:\/\/eticacomunica.com.mx\/index.php?rest_route=%2Fwp%2Fv2%2Fcategories&post=30990"},{"taxonomy":"post_tag","embeddable":true,"href":"https:\/\/eticacomunica.com.mx\/index.php?rest_route=%2Fwp%2Fv2%2Ftags&post=30990"}],"curies":[{"name":"wp","href":"https:\/\/api.w.org\/{rel}","templated":true}]}}