{"id":30992,"date":"2026-01-14T16:38:54","date_gmt":"2026-01-14T23:38:54","guid":{"rendered":"https:\/\/eticacomunica.com.mx\/?p=30992"},"modified":"2026-01-14T16:38:54","modified_gmt":"2026-01-14T23:38:54","slug":"en-sinaloa-se-trabaja-para-el-fortalecimiento-la-productividad-y-la-competitividad-del-campo-ismael-bello-esquivel","status":"publish","type":"post","link":"https:\/\/eticacomunica.com.mx\/?p=30992","title":{"rendered":"En Sinaloa se trabaja para el fortalecimiento, la productividad y la competitividad del campo: Ismael Bello Esquivel"},"content":{"rendered":"\n<p>En el marco del Cuarto Informe de Gobierno del Gobernador Rub\u00e9n Rocha Moya, acudi\u00f3 a la glosa del mismo ante diputados del Congreso del Estado.<br><br>Destac\u00f3 tambi\u00e9n la coordinaci\u00f3n que se tiene con el Gobierno Federal y el impacto de cada uno de los programas en el sector agropecuario.<br><br>Culiac\u00e1n, Sin., a 14 de Enero de 2026.- Al asegurar que en Sinaloa se trabaja sobre el fortalecimiento de la productividad y competitividad del campo, mediante programas de apoyo directo, promoviendo la justicia social y desarrollo rural, priorizando a peque\u00f1os y medianos productores, comunidades rurales y esquemas de inclusi\u00f3n que reduzcan brechas hist\u00f3ricas, el Secretario de Agricultura y Ganader\u00eda de Sinaloa, Ismael Bello Esquivel, present\u00f3 ante el Congreso del Estado la glosa del Cuarto Informe de Gobierno del&nbsp; Gobernador Rub\u00e9n Rocha Moya.<br><br>Ante la Presidenta de la Junta de Coordinaci\u00f3n Pol\u00edtica, diputada Mar\u00eda Teresa Guerra Ochoa; Rodolfo Valenzuela S\u00e1nchez, Presidente de&nbsp; la Mesa Directiva; Irma Moreno Ovalle, Presidenta de la Comisi\u00f3n de Agricultura del Congreso del Estado y diputados integrantes de la actual legislatura, el funcionario estatal resalt\u00f3 que \u201ccomparezco ante esta soberan\u00eda, con la finalidad de dar seguimiento y presentar una glosa de las acciones que en materia de gobernabilidad agropecuaria se realiz\u00f3 durante el pasado a\u00f1o 2025 en Sinaloa.<br><br>Ante la presencia tambi\u00e9n de representantes de organismos agr\u00edcolas, Bello Esquivel detall\u00f3 que durante el a\u00f1o pasado se enfrentaron retos complejos: condiciones clim\u00e1ticas adversas, escasez de agua, incremento en los costos de insumos, volatilidad en los mercados y una creciente exigencia de sostenibilidad ambiental. Sin embargo, estos desaf\u00edos tambi\u00e9n impulsaron a innovar, coordinar esfuerzos y fortalecer pol\u00edticas p\u00fablicas orientadas al bienestar de las y los productores.<br><br>El Secretario de Agricultura reconoci\u00f3 que \u201ccon una plena coordinaci\u00f3n con el Gobierno Federal y diferentes organismos de productores, seguimos impulsando acciones que deriven en una mayor rentabilidad y viabilidad del campo sinaloense\u201d.<br><br>Posteriormente, de manera expl\u00edcita, Bello Esquivel empez\u00f3 con una exposici\u00f3n en donde detall\u00f3 que en lo que consiste en el programa Apoyo Federal Extraordinario de Ma\u00edz de 750 pesos por tonelada, se logr\u00f3 el pago a m\u00e1s de 24 mil productores que representa un 99% de avance en el pago. Un programa que por ser un apoyo extraordinario cerr\u00f3 por parte de SEGALMEX el 31 de diciembre de 2024. <br><br>Lo anterior, gracias a las excelentes gestiones del Gobernador del Estado Dr. Rub\u00e9n Rocha Moya logrando reabrir a trav\u00e9s de SADER quedando pendientes de pago menos de 100 productores con expedientes positivos.<br><br>Asimismo en lo que corresponde al apoyo a la comercializaci\u00f3n de ma\u00edz blanco del ciclo oto\u00f1o-invierno 204-2025, se abri\u00f3 un programa con recursos federales para otorgar un apoyo de $500.00 pesos por tonelada, por un volumen de hasta 400,000 toneladas del ma\u00edz de productores de menos de 20 hect\u00e1reas y que no haya sido comercializado al momento del inicio del programa el 28 de julio 2025. Participaron 26 centros de acopio, beneficiando a 3,184 productores en el apoyo de 293,963 toneladas con una derrama de $146,981,500.00 pesos. <br><br>Bello Esquivel agreg\u00f3 que menci\u00f3n aparte merece el apoyo extraordinario a los productores de trigo panificable, ya que con recursos propios por el orden de los 80 millones de pesos del Estado, autorizados por el Gobernador Rocha Moya, el d\u00eda 28 de noviembre iniciaron los pagos, con 22 centros de acopio dados de alta como ventanilla para el registro de los 2,529 productores que est\u00e1n siendo beneficiados con un apoyo de $400.00 pesos por tonelada a la comercializaci\u00f3n, con un rendimiento m\u00e1ximo a apoyar por hect\u00e1rea de 6 toneladas, a fin de dar soporte al establecimiento de un precio justo. El volumen a cubrir es de hasta 190 mil toneladas de la cosecha oto\u00f1o-invierno 2024-2025.<br><br>En lo que corresponde a los productores temporaleros de frijol yurimuni, tambi\u00e9n con recursos del Gobierno del Estado, con una inversi\u00f3n de 2 millones 750 mil pesos se les otorg\u00f3 un apoyo de 2 mil 500 pesos por tonelada por hect\u00e1rea y un volumen a cubrir de 800 a mil toneladas del ciclo oto\u00f1o-invierno 2024-2025.<br><br>Tambi\u00e9n, con una inversi\u00f3n de $18,655,198.44 y un volumen almacenado de 21,467,432 toneladas de frijol grano comercial, se benefici\u00f3 a 535 productores, peque\u00f1os en su mayor\u00eda, de la cosecha oto\u00f1o-invierno 2024\/2025, para el almacenaje de la oleaginosa, hasta por 3 meses con un apoyo de 790 pesos por tonelada en peso neto analizado, en espera de un mejor precio en el mercado.<br><br>Bello Esquivel continu\u00f3 y precis\u00f3 que en el programa de estimulaci\u00f3n de lluvias 2025, se asignaron $10,899,976.19, mediante la realizaci\u00f3n de 120 vuelos para bombardear nubes que presentaban, en su momento, condiciones favorables a la inducci\u00f3n de precipitaci\u00f3n. Esto permiti\u00f3 beneficiar a productores agr\u00edcolas integrados en 49 m\u00f3dulos y 8 distritos de riego en una extensi\u00f3n de 814,491 hect\u00e1reas.<br><br>En lo que corresponde al Programa de Mejoramiento Gen\u00e9tico, Bello Esquivel indic\u00f3 que con una inversi\u00f3n de 8 millones de pesos, se distribuyeron mil 430 dosis de semen de alta calidad gen\u00e9tica para incrementar la eficiencia reproductiva, y elevar la competitividad al sector ganadero.<br><br>Asimismo, se apoy\u00f3 para la adquisici\u00f3n de 173 sementales ovino-caprino destinados al repoblamiento y mejora gen\u00e9tica de los hatos, cuyo apoyo en estas dos especies fue de $10,000.00 mil pesos por ejemplar. Adem\u00e1s de 267 sementales bovinos de registro para elevar la productividad y mantener la pureza. En estos el apoyo fue de $20,000.00 mil pesos, apoyando en total a 377 productores, 33 mujeres y 344 hombres, con un monto total de $7,785,000.00.<br><br>En prevenci\u00f3n de Gusano Barrenador del Ganado, se realizaron 1,244&nbsp; supervisiones en corrales, 1,907 visitas a unidades, 286,081 bovinos revisados en Puntos de Verificaci\u00f3n e Inspecci\u00f3n y 1,962 animales heridos atendidos; Se entregaron 5,308 materiales de difusi\u00f3n, 63 kits y se realizaron 1,230 capacitaciones. <br><br>A la fecha, Sinaloa se mantiene sin afectaci\u00f3n por influenza aviar y libre de casos de Gusano Barrenador del Ganado. Tambi\u00e9n se mantiene zona libre de mosca de la fruta en 12 municipios del centro-norte y baja prevalencia en el sur. La inversi\u00f3n autorizada para este programa es de $17,048,901.04 pesos en acciones de supervisi\u00f3n, vigilancia e inspecci\u00f3n que contribuyen a recuperar y mantener los status fitozoosanitarios de Sinaloa.<br><br>Durante la comparecencia ante los diputados del Congreso del Estado y en una amplia sesi\u00f3n de preguntas y cuestionamientos por parte de los legisladores locales, Bello Esquivel dio a conocer y explic\u00f3 los beneficios que cada uno de los programas que maneja la Secretar\u00eda de Agricultura y Ganader\u00eda impacta de manera positiva en los productores sinaloenses y las aportaciones que se realizan en temas de productividad, para que Sinaloa siga siendo uno de los principales estados del pa\u00eds en la generaci\u00f3n de alimentos.<br><br>Por su parte, en su mensaje de clausura la diputada Guerra Ochoa, reconoci\u00f3 que han sido meses y a\u00f1os complejos para la agricultura, no solo por el contexto nacional e internacional que afecta y golpea los precios sobre todo del ma\u00edz del cual Sinaloa destaca a nivel nacional, por la calidad de sus cosechas, y seguimos siendo el granero del pa\u00eds con un alto reconocimiento en producci\u00f3n de alimentos.<br><br>Sin embarg\u00f3, agreg\u00f3 es necesario el fortalecimiento de la tenencia de la tierra y la convocatoria a seguir haciendo esfuerzos para fortalecer la participaci\u00f3n de las mujeres en el sector rural.<\/p>\n","protected":false},"excerpt":{"rendered":"<p>En el marco del Cuarto Informe de Gobierno del Gobernador Rub\u00e9n Rocha Moya, acudi\u00f3 a la glosa del mismo ante diputados del Congreso del Estado. Destac\u00f3 tambi\u00e9n la coordinaci\u00f3n que&hellip;<\/p>\n","protected":false},"author":1,"featured_media":30991,"comment_status":"open","ping_status":"open","sticky":false,"template":"","format":"standard","meta":{"_jetpack_memberships_contains_paid_content":false,"footnotes":"","jetpack_publicize_message":"","jetpack_publicize_feature_enabled":true,"jetpack_social_post_already_shared":true,"jetpack_social_options":{"image_generator_settings":{"template":"highway","default_image_id":0,"font":"","enabled":false},"version":2}},"categories":[24],"tags":[34],"class_list":["post-30992","post","type-post","status-publish","format-standard","has-post-thumbnail","hentry","category-estados","tag-gobierno-del-estado-de-sinaloa"],"yoast_head":"<!-- This site is optimized with the Yoast SEO plugin v27.2 - https:\/\/yoast.com\/product\/yoast-seo-wordpress\/ -->\n<title>En Sinaloa se trabaja para el fortalecimiento, la productividad y la competitividad del campo: Ismael Bello Esquivel - \u00c9tica Comunica<\/title>\n<meta name=\"robots\" content=\"index, follow, max-snippet:-1, max-image-preview:large, max-video-preview:-1\" \/>\n<link rel=\"canonical\" href=\"https:\/\/eticacomunica.com.mx\/?p=30992\" \/>\n<meta property=\"og:locale\" content=\"es_MX\" \/>\n<meta property=\"og:type\" content=\"article\" \/>\n<meta property=\"og:title\" content=\"En Sinaloa se trabaja para el fortalecimiento, la productividad y la competitividad del campo: Ismael Bello Esquivel - \u00c9tica Comunica\" \/>\n<meta property=\"og:description\" content=\"En el marco del Cuarto Informe de Gobierno del Gobernador Rub\u00e9n Rocha Moya, acudi\u00f3 a la glosa del mismo ante diputados del Congreso del Estado. Destac\u00f3 tambi\u00e9n la coordinaci\u00f3n que&hellip;\" \/>\n<meta property=\"og:url\" content=\"https:\/\/eticacomunica.com.mx\/?p=30992\" \/>\n<meta property=\"og:site_name\" content=\"\u00c9tica Comunica\" \/>\n<meta property=\"article:publisher\" content=\"https:\/\/www.facebook.com\/eticacomunica\" \/>\n<meta property=\"article:published_time\" content=\"2026-01-14T23:38:54+00:00\" \/>\n<meta property=\"og:image\" content=\"https:\/\/eticacomunica.com.mx\/wp-content\/uploads\/2026\/01\/IMG-20260114-WA0055.jpg\" \/>\n\t<meta property=\"og:image:width\" content=\"1280\" \/>\n\t<meta property=\"og:image:height\" content=\"855\" \/>\n\t<meta property=\"og:image:type\" content=\"image\/jpeg\" \/>\n<meta name=\"author\" content=\"etica\" \/>\n<meta name=\"twitter:card\" content=\"summary_large_image\" \/>\n<meta name=\"twitter:label1\" content=\"Escrito por\" \/>\n\t<meta name=\"twitter:data1\" content=\"etica\" \/>\n\t<meta name=\"twitter:label2\" content=\"Tiempo de lectura\" \/>\n\t<meta name=\"twitter:data2\" content=\"6 minutos\" \/>\n<script type=\"application\/ld+json\" class=\"yoast-schema-graph\">{\"@context\":\"https:\/\/schema.org\",\"@graph\":[{\"@type\":\"Article\",\"@id\":\"https:\/\/eticacomunica.com.mx\/?p=30992#article\",\"isPartOf\":{\"@id\":\"https:\/\/eticacomunica.com.mx\/?p=30992\"},\"author\":{\"name\":\"etica\",\"@id\":\"https:\/\/eticacomunica.com.mx\/#\/schema\/person\/2cacc47bd17fe8ad92f08c0313d22fa6\"},\"headline\":\"En Sinaloa se trabaja para el fortalecimiento, la productividad y la competitividad del campo: Ismael Bello Esquivel\",\"datePublished\":\"2026-01-14T23:38:54+00:00\",\"mainEntityOfPage\":{\"@id\":\"https:\/\/eticacomunica.com.mx\/?p=30992\"},\"wordCount\":1246,\"commentCount\":0,\"publisher\":{\"@id\":\"https:\/\/eticacomunica.com.mx\/#organization\"},\"image\":{\"@id\":\"https:\/\/eticacomunica.com.mx\/?p=30992#primaryimage\"},\"thumbnailUrl\":\"https:\/\/eticacomunica.com.mx\/wp-content\/uploads\/2026\/01\/IMG-20260114-WA0055.jpg\",\"keywords\":[\"Gobierno del Estado de Sinaloa\"],\"articleSection\":[\"Estados\"],\"inLanguage\":\"es\",\"potentialAction\":[{\"@type\":\"CommentAction\",\"name\":\"Comment\",\"target\":[\"https:\/\/eticacomunica.com.mx\/?p=30992#respond\"]}]},{\"@type\":\"WebPage\",\"@id\":\"https:\/\/eticacomunica.com.mx\/?p=30992\",\"url\":\"https:\/\/eticacomunica.com.mx\/?p=30992\",\"name\":\"En Sinaloa se trabaja para el fortalecimiento, la productividad y la competitividad del campo: Ismael Bello Esquivel - \u00c9tica Comunica\",\"isPartOf\":{\"@id\":\"https:\/\/eticacomunica.com.mx\/#website\"},\"primaryImageOfPage\":{\"@id\":\"https:\/\/eticacomunica.com.mx\/?p=30992#primaryimage\"},\"image\":{\"@id\":\"https:\/\/eticacomunica.com.mx\/?p=30992#primaryimage\"},\"thumbnailUrl\":\"https:\/\/eticacomunica.com.mx\/wp-content\/uploads\/2026\/01\/IMG-20260114-WA0055.jpg\",\"datePublished\":\"2026-01-14T23:38:54+00:00\",\"breadcrumb\":{\"@id\":\"https:\/\/eticacomunica.com.mx\/?p=30992#breadcrumb\"},\"inLanguage\":\"es\",\"potentialAction\":[{\"@type\":\"ReadAction\",\"target\":[\"https:\/\/eticacomunica.com.mx\/?p=30992\"]}]},{\"@type\":\"ImageObject\",\"inLanguage\":\"es\",\"@id\":\"https:\/\/eticacomunica.com.mx\/?p=30992#primaryimage\",\"url\":\"https:\/\/eticacomunica.com.mx\/wp-content\/uploads\/2026\/01\/IMG-20260114-WA0055.jpg\",\"contentUrl\":\"https:\/\/eticacomunica.com.mx\/wp-content\/uploads\/2026\/01\/IMG-20260114-WA0055.jpg\",\"width\":1280,\"height\":855},{\"@type\":\"BreadcrumbList\",\"@id\":\"https:\/\/eticacomunica.com.mx\/?p=30992#breadcrumb\",\"itemListElement\":[{\"@type\":\"ListItem\",\"position\":1,\"name\":\"Inicio\",\"item\":\"https:\/\/eticacomunica.com.mx\/\"},{\"@type\":\"ListItem\",\"position\":2,\"name\":\"En Sinaloa se trabaja para el fortalecimiento, la productividad y la competitividad del campo: Ismael Bello Esquivel\"}]},{\"@type\":\"WebSite\",\"@id\":\"https:\/\/eticacomunica.com.mx\/#website\",\"url\":\"https:\/\/eticacomunica.com.mx\/\",\"name\":\"\u00c9tica Comunica\",\"description\":\"Diario Digital\",\"publisher\":{\"@id\":\"https:\/\/eticacomunica.com.mx\/#organization\"},\"potentialAction\":[{\"@type\":\"SearchAction\",\"target\":{\"@type\":\"EntryPoint\",\"urlTemplate\":\"https:\/\/eticacomunica.com.mx\/?s={search_term_string}\"},\"query-input\":{\"@type\":\"PropertyValueSpecification\",\"valueRequired\":true,\"valueName\":\"search_term_string\"}}],\"inLanguage\":\"es\"},{\"@type\":\"Organization\",\"@id\":\"https:\/\/eticacomunica.com.mx\/#organization\",\"name\":\"Diarios Digitales de Sinaloa\",\"url\":\"https:\/\/eticacomunica.com.mx\/\",\"logo\":{\"@type\":\"ImageObject\",\"inLanguage\":\"es\",\"@id\":\"https:\/\/eticacomunica.com.mx\/#\/schema\/logo\/image\/\",\"url\":\"https:\/\/eticacomunica.com.mx\/wp-content\/uploads\/2023\/10\/etica-logo.png\",\"contentUrl\":\"https:\/\/eticacomunica.com.mx\/wp-content\/uploads\/2023\/10\/etica-logo.png\",\"width\":1280,\"height\":432,\"caption\":\"Diarios Digitales de Sinaloa\"},\"image\":{\"@id\":\"https:\/\/eticacomunica.com.mx\/#\/schema\/logo\/image\/\"},\"sameAs\":[\"https:\/\/www.facebook.com\/eticacomunica\"]},{\"@type\":\"Person\",\"@id\":\"https:\/\/eticacomunica.com.mx\/#\/schema\/person\/2cacc47bd17fe8ad92f08c0313d22fa6\",\"name\":\"etica\",\"image\":{\"@type\":\"ImageObject\",\"inLanguage\":\"es\",\"@id\":\"https:\/\/secure.gravatar.com\/avatar\/dfb45d32bc7097f8f06d6e4f6e6b387e7cb8fd5b3a2869265c40587ab62cab1e?s=96&d=mm&r=g\",\"url\":\"https:\/\/secure.gravatar.com\/avatar\/dfb45d32bc7097f8f06d6e4f6e6b387e7cb8fd5b3a2869265c40587ab62cab1e?s=96&d=mm&r=g\",\"contentUrl\":\"https:\/\/secure.gravatar.com\/avatar\/dfb45d32bc7097f8f06d6e4f6e6b387e7cb8fd5b3a2869265c40587ab62cab1e?s=96&d=mm&r=g\",\"caption\":\"etica\"},\"sameAs\":[\"https:\/\/eticacomunica.com.mx\"],\"url\":\"https:\/\/eticacomunica.com.mx\/?author=1\"}]}<\/script>\n<!-- \/ Yoast SEO plugin. -->","yoast_head_json":{"title":"En Sinaloa se trabaja para el fortalecimiento, la productividad y la competitividad del campo: Ismael Bello Esquivel - \u00c9tica Comunica","robots":{"index":"index","follow":"follow","max-snippet":"max-snippet:-1","max-image-preview":"max-image-preview:large","max-video-preview":"max-video-preview:-1"},"canonical":"https:\/\/eticacomunica.com.mx\/?p=30992","og_locale":"es_MX","og_type":"article","og_title":"En Sinaloa se trabaja para el fortalecimiento, la productividad y la competitividad del campo: Ismael Bello Esquivel - \u00c9tica Comunica","og_description":"En el marco del Cuarto Informe de Gobierno del Gobernador Rub\u00e9n Rocha Moya, acudi\u00f3 a la glosa del mismo ante diputados del Congreso del Estado. Destac\u00f3 tambi\u00e9n la coordinaci\u00f3n que&hellip;","og_url":"https:\/\/eticacomunica.com.mx\/?p=30992","og_site_name":"\u00c9tica Comunica","article_publisher":"https:\/\/www.facebook.com\/eticacomunica","article_published_time":"2026-01-14T23:38:54+00:00","og_image":[{"width":1280,"height":855,"url":"https:\/\/eticacomunica.com.mx\/wp-content\/uploads\/2026\/01\/IMG-20260114-WA0055.jpg","type":"image\/jpeg"}],"author":"etica","twitter_card":"summary_large_image","twitter_misc":{"Escrito por":"etica","Tiempo de lectura":"6 minutos"},"schema":{"@context":"https:\/\/schema.org","@graph":[{"@type":"Article","@id":"https:\/\/eticacomunica.com.mx\/?p=30992#article","isPartOf":{"@id":"https:\/\/eticacomunica.com.mx\/?p=30992"},"author":{"name":"etica","@id":"https:\/\/eticacomunica.com.mx\/#\/schema\/person\/2cacc47bd17fe8ad92f08c0313d22fa6"},"headline":"En Sinaloa se trabaja para el fortalecimiento, la productividad y la competitividad del campo: Ismael Bello Esquivel","datePublished":"2026-01-14T23:38:54+00:00","mainEntityOfPage":{"@id":"https:\/\/eticacomunica.com.mx\/?p=30992"},"wordCount":1246,"commentCount":0,"publisher":{"@id":"https:\/\/eticacomunica.com.mx\/#organization"},"image":{"@id":"https:\/\/eticacomunica.com.mx\/?p=30992#primaryimage"},"thumbnailUrl":"https:\/\/eticacomunica.com.mx\/wp-content\/uploads\/2026\/01\/IMG-20260114-WA0055.jpg","keywords":["Gobierno del Estado de Sinaloa"],"articleSection":["Estados"],"inLanguage":"es","potentialAction":[{"@type":"CommentAction","name":"Comment","target":["https:\/\/eticacomunica.com.mx\/?p=30992#respond"]}]},{"@type":"WebPage","@id":"https:\/\/eticacomunica.com.mx\/?p=30992","url":"https:\/\/eticacomunica.com.mx\/?p=30992","name":"En Sinaloa se trabaja para el fortalecimiento, la productividad y la competitividad del campo: Ismael Bello Esquivel - \u00c9tica Comunica","isPartOf":{"@id":"https:\/\/eticacomunica.com.mx\/#website"},"primaryImageOfPage":{"@id":"https:\/\/eticacomunica.com.mx\/?p=30992#primaryimage"},"image":{"@id":"https:\/\/eticacomunica.com.mx\/?p=30992#primaryimage"},"thumbnailUrl":"https:\/\/eticacomunica.com.mx\/wp-content\/uploads\/2026\/01\/IMG-20260114-WA0055.jpg","datePublished":"2026-01-14T23:38:54+00:00","breadcrumb":{"@id":"https:\/\/eticacomunica.com.mx\/?p=30992#breadcrumb"},"inLanguage":"es","potentialAction":[{"@type":"ReadAction","target":["https:\/\/eticacomunica.com.mx\/?p=30992"]}]},{"@type":"ImageObject","inLanguage":"es","@id":"https:\/\/eticacomunica.com.mx\/?p=30992#primaryimage","url":"https:\/\/eticacomunica.com.mx\/wp-content\/uploads\/2026\/01\/IMG-20260114-WA0055.jpg","contentUrl":"https:\/\/eticacomunica.com.mx\/wp-content\/uploads\/2026\/01\/IMG-20260114-WA0055.jpg","width":1280,"height":855},{"@type":"BreadcrumbList","@id":"https:\/\/eticacomunica.com.mx\/?p=30992#breadcrumb","itemListElement":[{"@type":"ListItem","position":1,"name":"Inicio","item":"https:\/\/eticacomunica.com.mx\/"},{"@type":"ListItem","position":2,"name":"En Sinaloa se trabaja para el fortalecimiento, la productividad y la competitividad del campo: Ismael Bello Esquivel"}]},{"@type":"WebSite","@id":"https:\/\/eticacomunica.com.mx\/#website","url":"https:\/\/eticacomunica.com.mx\/","name":"\u00c9tica Comunica","description":"Diario Digital","publisher":{"@id":"https:\/\/eticacomunica.com.mx\/#organization"},"potentialAction":[{"@type":"SearchAction","target":{"@type":"EntryPoint","urlTemplate":"https:\/\/eticacomunica.com.mx\/?s={search_term_string}"},"query-input":{"@type":"PropertyValueSpecification","valueRequired":true,"valueName":"search_term_string"}}],"inLanguage":"es"},{"@type":"Organization","@id":"https:\/\/eticacomunica.com.mx\/#organization","name":"Diarios Digitales de Sinaloa","url":"https:\/\/eticacomunica.com.mx\/","logo":{"@type":"ImageObject","inLanguage":"es","@id":"https:\/\/eticacomunica.com.mx\/#\/schema\/logo\/image\/","url":"https:\/\/eticacomunica.com.mx\/wp-content\/uploads\/2023\/10\/etica-logo.png","contentUrl":"https:\/\/eticacomunica.com.mx\/wp-content\/uploads\/2023\/10\/etica-logo.png","width":1280,"height":432,"caption":"Diarios Digitales de Sinaloa"},"image":{"@id":"https:\/\/eticacomunica.com.mx\/#\/schema\/logo\/image\/"},"sameAs":["https:\/\/www.facebook.com\/eticacomunica"]},{"@type":"Person","@id":"https:\/\/eticacomunica.com.mx\/#\/schema\/person\/2cacc47bd17fe8ad92f08c0313d22fa6","name":"etica","image":{"@type":"ImageObject","inLanguage":"es","@id":"https:\/\/secure.gravatar.com\/avatar\/dfb45d32bc7097f8f06d6e4f6e6b387e7cb8fd5b3a2869265c40587ab62cab1e?s=96&d=mm&r=g","url":"https:\/\/secure.gravatar.com\/avatar\/dfb45d32bc7097f8f06d6e4f6e6b387e7cb8fd5b3a2869265c40587ab62cab1e?s=96&d=mm&r=g","contentUrl":"https:\/\/secure.gravatar.com\/avatar\/dfb45d32bc7097f8f06d6e4f6e6b387e7cb8fd5b3a2869265c40587ab62cab1e?s=96&d=mm&r=g","caption":"etica"},"sameAs":["https:\/\/eticacomunica.com.mx"],"url":"https:\/\/eticacomunica.com.mx\/?author=1"}]}},"jetpack_publicize_connections":[],"jetpack_featured_media_url":"https:\/\/eticacomunica.com.mx\/wp-content\/uploads\/2026\/01\/IMG-20260114-WA0055.jpg","jetpack_sharing_enabled":true,"_links":{"self":[{"href":"https:\/\/eticacomunica.com.mx\/index.php?rest_route=\/wp\/v2\/posts\/30992","targetHints":{"allow":["GET"]}}],"collection":[{"href":"https:\/\/eticacomunica.com.mx\/index.php?rest_route=\/wp\/v2\/posts"}],"about":[{"href":"https:\/\/eticacomunica.com.mx\/index.php?rest_route=\/wp\/v2\/types\/post"}],"author":[{"embeddable":true,"href":"https:\/\/eticacomunica.com.mx\/index.php?rest_route=\/wp\/v2\/users\/1"}],"replies":[{"embeddable":true,"href":"https:\/\/eticacomunica.com.mx\/index.php?rest_route=%2Fwp%2Fv2%2Fcomments&post=30992"}],"version-history":[{"count":0,"href":"https:\/\/eticacomunica.com.mx\/index.php?rest_route=\/wp\/v2\/posts\/30992\/revisions"}],"wp:featuredmedia":[{"embeddable":true,"href":"https:\/\/eticacomunica.com.mx\/index.php?rest_route=\/wp\/v2\/media\/30991"}],"wp:attachment":[{"href":"https:\/\/eticacomunica.com.mx\/index.php?rest_route=%2Fwp%2Fv2%2Fmedia&parent=30992"}],"wp:term":[{"taxonomy":"category","embeddable":true,"href":"https:\/\/eticacomunica.com.mx\/index.php?rest_route=%2Fwp%2Fv2%2Fcategories&post=30992"},{"taxonomy":"post_tag","embeddable":true,"href":"https:\/\/eticacomunica.com.mx\/index.php?rest_route=%2Fwp%2Fv2%2Ftags&post=30992"}],"curies":[{"name":"wp","href":"https:\/\/api.w.org\/{rel}","templated":true}]}}