{"id":30994,"date":"2026-01-14T17:50:00","date_gmt":"2026-01-15T00:50:00","guid":{"rendered":"https:\/\/eticacomunica.com.mx\/?p=30994"},"modified":"2026-01-14T17:50:00","modified_gmt":"2026-01-15T00:50:00","slug":"secretario-de-obras-y-alcalde-de-culiacan-supervisan-la-obra-de-enlace-del-bulevar-agricultores-y-costerita","status":"publish","type":"post","link":"https:\/\/eticacomunica.com.mx\/?p=30994","title":{"rendered":"Secretario de Obras y Alcalde de Culiac\u00e1n supervisan la obra de enlace del bulevar Agricultores y Costerita"},"content":{"rendered":"\n<p>La construcci\u00f3n del bulevar conectar\u00e1 la carretera federal libre M\u00e9xico 15, libramiento sur &#8220;Costerita&#8221;, con el bulevar Agricultores y la carretera Interestatal Culiac\u00e1n &#8211; Sanalona &#8211; Tamazula.<br><br>Culiac\u00e1n, Sinaloa; a 14 de enero de 2026.- En compa\u00f1\u00eda del alcalde de Culiac\u00e1n, Juan de Dios G\u00e1mez Mend\u00edvil, el secretario de Obras del Gobierno de Sinaloa, Ra\u00fal Montero supervis\u00f3 este mi\u00e9rcoles las obras de conexi\u00f3n del bulevar Agricultores al libramiento La Costerita y de los Senderos de Paz en el mismo bulevar donde se construy\u00f3 una chancha de pasto sint\u00e9tico.<br><br>Con una longitud de 3.6 kil\u00f3metros, la ampliaci\u00f3n del bulevar Agricultores -Costerita, la obra f\u00edsica lleva un avance del 60 por ciento que, adem\u00e1s incluye tres carriles viales en concretos hidr\u00e1ulicos en ambos sentidos y dos carriles destinados para ciclov\u00edas. <br><br>El secretario de Obras, Ra\u00fal Montero, inform\u00f3 que el tramo de tres kil\u00f3metros de longitud, lleva dos kil\u00f3metros de concreto tirado y un 60 por ciento de avance, obra que implicar\u00e1 una inversi\u00f3n total de 257 millones de pesos. <br><br>Al respecto, el alcalde Juan de Dios G\u00e1mez destac\u00f3 que &#8220;estamos haciendo la supervisi\u00f3n de varias obras importantes que se est\u00e1n haciendo de manera coordinada en toda esta zona del oriente de Culiac\u00e1n&#8221; y agradeci\u00f3 la inversi\u00f3n que con sentido social realiza la administraci\u00f3n del gobernador Rub\u00e9n Rocha Moya.<br><br>En este sentido, G\u00e1mez Mend\u00edvil refrend\u00f3 la relevancia del impacto de esta obra vial que conectar\u00e1 y comunicar\u00e1 con un trazo nuevo hac\u00eda la salida de la Costerita, misma que impactar\u00e1 de manera directa en colonias de la zona oriente, como la Renato Vega Alvarado, Las Coloradas, 21 de marzo, entre otras. <br><br>Otro de los espacios supervisados, fue la construcci\u00f3n de la cancha de f\u00fatbol con pasto sint\u00e9tico, y de voleibol en el Sendero de Paz ubicado el bulevar Agricultores, que ya registra la instalaci\u00f3n de alumbrado p\u00fablico y andadores seguros con impacto positivo en la ciudadan\u00eda.<br><br>Respecto a esta obra el secretario de Obras expuso que ya se encuentra terminada y solo requiere la instalaci\u00f3n de redes en las porter\u00edas y banderines de tiro de esquina.<br><br>Finalmente, precis\u00f3 que las canchas de voleibol y usos m\u00faltiples registran un avance del 80 por ciento.<\/p>\n","protected":false},"excerpt":{"rendered":"<p>La construcci\u00f3n del bulevar conectar\u00e1 la carretera federal libre M\u00e9xico 15, libramiento sur &#8220;Costerita&#8221;, con el bulevar Agricultores y la carretera Interestatal Culiac\u00e1n &#8211; Sanalona &#8211; Tamazula. Culiac\u00e1n, Sinaloa; a&hellip;<\/p>\n","protected":false},"author":1,"featured_media":30993,"comment_status":"open","ping_status":"open","sticky":false,"template":"","format":"standard","meta":{"_jetpack_memberships_contains_paid_content":false,"footnotes":"","jetpack_publicize_message":"","jetpack_publicize_feature_enabled":true,"jetpack_social_post_already_shared":true,"jetpack_social_options":{"image_generator_settings":{"template":"highway","default_image_id":0,"font":"","enabled":false},"version":2}},"categories":[52],"tags":[34],"class_list":["post-30994","post","type-post","status-publish","format-standard","has-post-thumbnail","hentry","category-subportada","tag-gobierno-del-estado-de-sinaloa"],"yoast_head":"<!-- This site is optimized with the Yoast SEO plugin v27.2 - https:\/\/yoast.com\/product\/yoast-seo-wordpress\/ -->\n<title>Secretario de Obras y Alcalde de Culiac\u00e1n supervisan la obra de enlace del bulevar Agricultores y Costerita - \u00c9tica Comunica<\/title>\n<meta name=\"robots\" content=\"index, follow, max-snippet:-1, max-image-preview:large, max-video-preview:-1\" \/>\n<link rel=\"canonical\" href=\"https:\/\/eticacomunica.com.mx\/?p=30994\" \/>\n<meta property=\"og:locale\" content=\"es_MX\" \/>\n<meta property=\"og:type\" content=\"article\" \/>\n<meta property=\"og:title\" content=\"Secretario de Obras y Alcalde de Culiac\u00e1n supervisan la obra de enlace del bulevar Agricultores y Costerita - \u00c9tica Comunica\" \/>\n<meta property=\"og:description\" content=\"La construcci\u00f3n del bulevar conectar\u00e1 la carretera federal libre M\u00e9xico 15, libramiento sur &#8220;Costerita&#8221;, con el bulevar Agricultores y la carretera Interestatal Culiac\u00e1n &#8211; Sanalona &#8211; Tamazula. Culiac\u00e1n, Sinaloa; a&hellip;\" \/>\n<meta property=\"og:url\" content=\"https:\/\/eticacomunica.com.mx\/?p=30994\" \/>\n<meta property=\"og:site_name\" content=\"\u00c9tica Comunica\" \/>\n<meta property=\"article:publisher\" content=\"https:\/\/www.facebook.com\/eticacomunica\" \/>\n<meta property=\"article:published_time\" content=\"2026-01-15T00:50:00+00:00\" \/>\n<meta property=\"og:image\" content=\"https:\/\/eticacomunica.com.mx\/wp-content\/uploads\/2026\/01\/IMG-20260114-WA0085.jpg\" \/>\n\t<meta property=\"og:image:width\" content=\"1600\" \/>\n\t<meta property=\"og:image:height\" content=\"1067\" \/>\n\t<meta property=\"og:image:type\" content=\"image\/jpeg\" \/>\n<meta name=\"author\" content=\"etica\" \/>\n<meta name=\"twitter:card\" content=\"summary_large_image\" \/>\n<meta name=\"twitter:label1\" content=\"Escrito por\" \/>\n\t<meta name=\"twitter:data1\" content=\"etica\" \/>\n\t<meta name=\"twitter:label2\" content=\"Tiempo de lectura\" \/>\n\t<meta name=\"twitter:data2\" content=\"2 minutos\" \/>\n<script type=\"application\/ld+json\" class=\"yoast-schema-graph\">{\"@context\":\"https:\/\/schema.org\",\"@graph\":[{\"@type\":\"Article\",\"@id\":\"https:\/\/eticacomunica.com.mx\/?p=30994#article\",\"isPartOf\":{\"@id\":\"https:\/\/eticacomunica.com.mx\/?p=30994\"},\"author\":{\"name\":\"etica\",\"@id\":\"https:\/\/eticacomunica.com.mx\/#\/schema\/person\/2cacc47bd17fe8ad92f08c0313d22fa6\"},\"headline\":\"Secretario de Obras y Alcalde de Culiac\u00e1n supervisan la obra de enlace del bulevar Agricultores y Costerita\",\"datePublished\":\"2026-01-15T00:50:00+00:00\",\"mainEntityOfPage\":{\"@id\":\"https:\/\/eticacomunica.com.mx\/?p=30994\"},\"wordCount\":411,\"commentCount\":0,\"publisher\":{\"@id\":\"https:\/\/eticacomunica.com.mx\/#organization\"},\"image\":{\"@id\":\"https:\/\/eticacomunica.com.mx\/?p=30994#primaryimage\"},\"thumbnailUrl\":\"https:\/\/eticacomunica.com.mx\/wp-content\/uploads\/2026\/01\/IMG-20260114-WA0085.jpg\",\"keywords\":[\"Gobierno del Estado de Sinaloa\"],\"articleSection\":[\"Subportada\"],\"inLanguage\":\"es\",\"potentialAction\":[{\"@type\":\"CommentAction\",\"name\":\"Comment\",\"target\":[\"https:\/\/eticacomunica.com.mx\/?p=30994#respond\"]}]},{\"@type\":\"WebPage\",\"@id\":\"https:\/\/eticacomunica.com.mx\/?p=30994\",\"url\":\"https:\/\/eticacomunica.com.mx\/?p=30994\",\"name\":\"Secretario de Obras y Alcalde de Culiac\u00e1n supervisan la obra de enlace del bulevar Agricultores y Costerita - \u00c9tica Comunica\",\"isPartOf\":{\"@id\":\"https:\/\/eticacomunica.com.mx\/#website\"},\"primaryImageOfPage\":{\"@id\":\"https:\/\/eticacomunica.com.mx\/?p=30994#primaryimage\"},\"image\":{\"@id\":\"https:\/\/eticacomunica.com.mx\/?p=30994#primaryimage\"},\"thumbnailUrl\":\"https:\/\/eticacomunica.com.mx\/wp-content\/uploads\/2026\/01\/IMG-20260114-WA0085.jpg\",\"datePublished\":\"2026-01-15T00:50:00+00:00\",\"breadcrumb\":{\"@id\":\"https:\/\/eticacomunica.com.mx\/?p=30994#breadcrumb\"},\"inLanguage\":\"es\",\"potentialAction\":[{\"@type\":\"ReadAction\",\"target\":[\"https:\/\/eticacomunica.com.mx\/?p=30994\"]}]},{\"@type\":\"ImageObject\",\"inLanguage\":\"es\",\"@id\":\"https:\/\/eticacomunica.com.mx\/?p=30994#primaryimage\",\"url\":\"https:\/\/eticacomunica.com.mx\/wp-content\/uploads\/2026\/01\/IMG-20260114-WA0085.jpg\",\"contentUrl\":\"https:\/\/eticacomunica.com.mx\/wp-content\/uploads\/2026\/01\/IMG-20260114-WA0085.jpg\",\"width\":1600,\"height\":1067},{\"@type\":\"BreadcrumbList\",\"@id\":\"https:\/\/eticacomunica.com.mx\/?p=30994#breadcrumb\",\"itemListElement\":[{\"@type\":\"ListItem\",\"position\":1,\"name\":\"Inicio\",\"item\":\"https:\/\/eticacomunica.com.mx\/\"},{\"@type\":\"ListItem\",\"position\":2,\"name\":\"Secretario de Obras y Alcalde de Culiac\u00e1n supervisan la obra de enlace del bulevar Agricultores y Costerita\"}]},{\"@type\":\"WebSite\",\"@id\":\"https:\/\/eticacomunica.com.mx\/#website\",\"url\":\"https:\/\/eticacomunica.com.mx\/\",\"name\":\"\u00c9tica Comunica\",\"description\":\"Diario Digital\",\"publisher\":{\"@id\":\"https:\/\/eticacomunica.com.mx\/#organization\"},\"potentialAction\":[{\"@type\":\"SearchAction\",\"target\":{\"@type\":\"EntryPoint\",\"urlTemplate\":\"https:\/\/eticacomunica.com.mx\/?s={search_term_string}\"},\"query-input\":{\"@type\":\"PropertyValueSpecification\",\"valueRequired\":true,\"valueName\":\"search_term_string\"}}],\"inLanguage\":\"es\"},{\"@type\":\"Organization\",\"@id\":\"https:\/\/eticacomunica.com.mx\/#organization\",\"name\":\"Diarios Digitales de Sinaloa\",\"url\":\"https:\/\/eticacomunica.com.mx\/\",\"logo\":{\"@type\":\"ImageObject\",\"inLanguage\":\"es\",\"@id\":\"https:\/\/eticacomunica.com.mx\/#\/schema\/logo\/image\/\",\"url\":\"https:\/\/eticacomunica.com.mx\/wp-content\/uploads\/2023\/10\/etica-logo.png\",\"contentUrl\":\"https:\/\/eticacomunica.com.mx\/wp-content\/uploads\/2023\/10\/etica-logo.png\",\"width\":1280,\"height\":432,\"caption\":\"Diarios Digitales de Sinaloa\"},\"image\":{\"@id\":\"https:\/\/eticacomunica.com.mx\/#\/schema\/logo\/image\/\"},\"sameAs\":[\"https:\/\/www.facebook.com\/eticacomunica\"]},{\"@type\":\"Person\",\"@id\":\"https:\/\/eticacomunica.com.mx\/#\/schema\/person\/2cacc47bd17fe8ad92f08c0313d22fa6\",\"name\":\"etica\",\"image\":{\"@type\":\"ImageObject\",\"inLanguage\":\"es\",\"@id\":\"https:\/\/secure.gravatar.com\/avatar\/dfb45d32bc7097f8f06d6e4f6e6b387e7cb8fd5b3a2869265c40587ab62cab1e?s=96&d=mm&r=g\",\"url\":\"https:\/\/secure.gravatar.com\/avatar\/dfb45d32bc7097f8f06d6e4f6e6b387e7cb8fd5b3a2869265c40587ab62cab1e?s=96&d=mm&r=g\",\"contentUrl\":\"https:\/\/secure.gravatar.com\/avatar\/dfb45d32bc7097f8f06d6e4f6e6b387e7cb8fd5b3a2869265c40587ab62cab1e?s=96&d=mm&r=g\",\"caption\":\"etica\"},\"sameAs\":[\"https:\/\/eticacomunica.com.mx\"],\"url\":\"https:\/\/eticacomunica.com.mx\/?author=1\"}]}<\/script>\n<!-- \/ Yoast SEO plugin. -->","yoast_head_json":{"title":"Secretario de Obras y Alcalde de Culiac\u00e1n supervisan la obra de enlace del bulevar Agricultores y Costerita - \u00c9tica Comunica","robots":{"index":"index","follow":"follow","max-snippet":"max-snippet:-1","max-image-preview":"max-image-preview:large","max-video-preview":"max-video-preview:-1"},"canonical":"https:\/\/eticacomunica.com.mx\/?p=30994","og_locale":"es_MX","og_type":"article","og_title":"Secretario de Obras y Alcalde de Culiac\u00e1n supervisan la obra de enlace del bulevar Agricultores y Costerita - \u00c9tica Comunica","og_description":"La construcci\u00f3n del bulevar conectar\u00e1 la carretera federal libre M\u00e9xico 15, libramiento sur &#8220;Costerita&#8221;, con el bulevar Agricultores y la carretera Interestatal Culiac\u00e1n &#8211; Sanalona &#8211; Tamazula. Culiac\u00e1n, Sinaloa; a&hellip;","og_url":"https:\/\/eticacomunica.com.mx\/?p=30994","og_site_name":"\u00c9tica Comunica","article_publisher":"https:\/\/www.facebook.com\/eticacomunica","article_published_time":"2026-01-15T00:50:00+00:00","og_image":[{"width":1600,"height":1067,"url":"https:\/\/eticacomunica.com.mx\/wp-content\/uploads\/2026\/01\/IMG-20260114-WA0085.jpg","type":"image\/jpeg"}],"author":"etica","twitter_card":"summary_large_image","twitter_misc":{"Escrito por":"etica","Tiempo de lectura":"2 minutos"},"schema":{"@context":"https:\/\/schema.org","@graph":[{"@type":"Article","@id":"https:\/\/eticacomunica.com.mx\/?p=30994#article","isPartOf":{"@id":"https:\/\/eticacomunica.com.mx\/?p=30994"},"author":{"name":"etica","@id":"https:\/\/eticacomunica.com.mx\/#\/schema\/person\/2cacc47bd17fe8ad92f08c0313d22fa6"},"headline":"Secretario de Obras y Alcalde de Culiac\u00e1n supervisan la obra de enlace del bulevar Agricultores y Costerita","datePublished":"2026-01-15T00:50:00+00:00","mainEntityOfPage":{"@id":"https:\/\/eticacomunica.com.mx\/?p=30994"},"wordCount":411,"commentCount":0,"publisher":{"@id":"https:\/\/eticacomunica.com.mx\/#organization"},"image":{"@id":"https:\/\/eticacomunica.com.mx\/?p=30994#primaryimage"},"thumbnailUrl":"https:\/\/eticacomunica.com.mx\/wp-content\/uploads\/2026\/01\/IMG-20260114-WA0085.jpg","keywords":["Gobierno del Estado de Sinaloa"],"articleSection":["Subportada"],"inLanguage":"es","potentialAction":[{"@type":"CommentAction","name":"Comment","target":["https:\/\/eticacomunica.com.mx\/?p=30994#respond"]}]},{"@type":"WebPage","@id":"https:\/\/eticacomunica.com.mx\/?p=30994","url":"https:\/\/eticacomunica.com.mx\/?p=30994","name":"Secretario de Obras y Alcalde de Culiac\u00e1n supervisan la obra de enlace del bulevar Agricultores y Costerita - \u00c9tica Comunica","isPartOf":{"@id":"https:\/\/eticacomunica.com.mx\/#website"},"primaryImageOfPage":{"@id":"https:\/\/eticacomunica.com.mx\/?p=30994#primaryimage"},"image":{"@id":"https:\/\/eticacomunica.com.mx\/?p=30994#primaryimage"},"thumbnailUrl":"https:\/\/eticacomunica.com.mx\/wp-content\/uploads\/2026\/01\/IMG-20260114-WA0085.jpg","datePublished":"2026-01-15T00:50:00+00:00","breadcrumb":{"@id":"https:\/\/eticacomunica.com.mx\/?p=30994#breadcrumb"},"inLanguage":"es","potentialAction":[{"@type":"ReadAction","target":["https:\/\/eticacomunica.com.mx\/?p=30994"]}]},{"@type":"ImageObject","inLanguage":"es","@id":"https:\/\/eticacomunica.com.mx\/?p=30994#primaryimage","url":"https:\/\/eticacomunica.com.mx\/wp-content\/uploads\/2026\/01\/IMG-20260114-WA0085.jpg","contentUrl":"https:\/\/eticacomunica.com.mx\/wp-content\/uploads\/2026\/01\/IMG-20260114-WA0085.jpg","width":1600,"height":1067},{"@type":"BreadcrumbList","@id":"https:\/\/eticacomunica.com.mx\/?p=30994#breadcrumb","itemListElement":[{"@type":"ListItem","position":1,"name":"Inicio","item":"https:\/\/eticacomunica.com.mx\/"},{"@type":"ListItem","position":2,"name":"Secretario de Obras y Alcalde de Culiac\u00e1n supervisan la obra de enlace del bulevar Agricultores y Costerita"}]},{"@type":"WebSite","@id":"https:\/\/eticacomunica.com.mx\/#website","url":"https:\/\/eticacomunica.com.mx\/","name":"\u00c9tica Comunica","description":"Diario Digital","publisher":{"@id":"https:\/\/eticacomunica.com.mx\/#organization"},"potentialAction":[{"@type":"SearchAction","target":{"@type":"EntryPoint","urlTemplate":"https:\/\/eticacomunica.com.mx\/?s={search_term_string}"},"query-input":{"@type":"PropertyValueSpecification","valueRequired":true,"valueName":"search_term_string"}}],"inLanguage":"es"},{"@type":"Organization","@id":"https:\/\/eticacomunica.com.mx\/#organization","name":"Diarios Digitales de Sinaloa","url":"https:\/\/eticacomunica.com.mx\/","logo":{"@type":"ImageObject","inLanguage":"es","@id":"https:\/\/eticacomunica.com.mx\/#\/schema\/logo\/image\/","url":"https:\/\/eticacomunica.com.mx\/wp-content\/uploads\/2023\/10\/etica-logo.png","contentUrl":"https:\/\/eticacomunica.com.mx\/wp-content\/uploads\/2023\/10\/etica-logo.png","width":1280,"height":432,"caption":"Diarios Digitales de Sinaloa"},"image":{"@id":"https:\/\/eticacomunica.com.mx\/#\/schema\/logo\/image\/"},"sameAs":["https:\/\/www.facebook.com\/eticacomunica"]},{"@type":"Person","@id":"https:\/\/eticacomunica.com.mx\/#\/schema\/person\/2cacc47bd17fe8ad92f08c0313d22fa6","name":"etica","image":{"@type":"ImageObject","inLanguage":"es","@id":"https:\/\/secure.gravatar.com\/avatar\/dfb45d32bc7097f8f06d6e4f6e6b387e7cb8fd5b3a2869265c40587ab62cab1e?s=96&d=mm&r=g","url":"https:\/\/secure.gravatar.com\/avatar\/dfb45d32bc7097f8f06d6e4f6e6b387e7cb8fd5b3a2869265c40587ab62cab1e?s=96&d=mm&r=g","contentUrl":"https:\/\/secure.gravatar.com\/avatar\/dfb45d32bc7097f8f06d6e4f6e6b387e7cb8fd5b3a2869265c40587ab62cab1e?s=96&d=mm&r=g","caption":"etica"},"sameAs":["https:\/\/eticacomunica.com.mx"],"url":"https:\/\/eticacomunica.com.mx\/?author=1"}]}},"jetpack_publicize_connections":[],"jetpack_featured_media_url":"https:\/\/eticacomunica.com.mx\/wp-content\/uploads\/2026\/01\/IMG-20260114-WA0085.jpg","jetpack_sharing_enabled":true,"_links":{"self":[{"href":"https:\/\/eticacomunica.com.mx\/index.php?rest_route=\/wp\/v2\/posts\/30994","targetHints":{"allow":["GET"]}}],"collection":[{"href":"https:\/\/eticacomunica.com.mx\/index.php?rest_route=\/wp\/v2\/posts"}],"about":[{"href":"https:\/\/eticacomunica.com.mx\/index.php?rest_route=\/wp\/v2\/types\/post"}],"author":[{"embeddable":true,"href":"https:\/\/eticacomunica.com.mx\/index.php?rest_route=\/wp\/v2\/users\/1"}],"replies":[{"embeddable":true,"href":"https:\/\/eticacomunica.com.mx\/index.php?rest_route=%2Fwp%2Fv2%2Fcomments&post=30994"}],"version-history":[{"count":0,"href":"https:\/\/eticacomunica.com.mx\/index.php?rest_route=\/wp\/v2\/posts\/30994\/revisions"}],"wp:featuredmedia":[{"embeddable":true,"href":"https:\/\/eticacomunica.com.mx\/index.php?rest_route=\/wp\/v2\/media\/30993"}],"wp:attachment":[{"href":"https:\/\/eticacomunica.com.mx\/index.php?rest_route=%2Fwp%2Fv2%2Fmedia&parent=30994"}],"wp:term":[{"taxonomy":"category","embeddable":true,"href":"https:\/\/eticacomunica.com.mx\/index.php?rest_route=%2Fwp%2Fv2%2Fcategories&post=30994"},{"taxonomy":"post_tag","embeddable":true,"href":"https:\/\/eticacomunica.com.mx\/index.php?rest_route=%2Fwp%2Fv2%2Ftags&post=30994"}],"curies":[{"name":"wp","href":"https:\/\/api.w.org\/{rel}","templated":true}]}}