{"id":30996,"date":"2026-01-14T18:25:10","date_gmt":"2026-01-15T01:25:10","guid":{"rendered":"https:\/\/eticacomunica.com.mx\/?p=30996"},"modified":"2026-01-14T18:25:10","modified_gmt":"2026-01-15T01:25:10","slug":"atencion-bachilleres-la-uas-se-alista-para-orientar-su-futuro-en-la-muestra-profesiografica-2026-presentan-autoridades-rosalinas-calendario-y-logistica","status":"publish","type":"post","link":"https:\/\/eticacomunica.com.mx\/?p=30996","title":{"rendered":"\u00a1Atenci\u00f3n bachilleres! La UAS se alista para orientar su futuro en la Muestra Profesiogr\u00e1fica 2026; presentan autoridades rosalinas calendario y log\u00edstica"},"content":{"rendered":"\n<p>La Universidad Aut\u00f3noma de Sinaloa (UAS) se alista para llevar la esperada edici\u00f3n XX de la Muestra Profesiogr\u00e1fica 2026, del 9 al 13 de febrero, cuyo objetivo principal es que los estudiantes de nivel medio superior de la casa de estudios y de otros subsistemas del estado de Sinaloa tengan acceso a su oferta educativa, la cual abarca 200 programas de gran calidad y excelencia en todo el territorio sinaloense.<br><br>El doctor Wenseslao Plata Rocha, vicerrector de la Unidad Regional Centro, en reuni\u00f3n de trabajo informativa, acompa\u00f1ado de funcionarios de las distintas dependencias que competen a esta jornada con directores de todas las unidades acad\u00e9micas de los niveles medio superior y superior, dio a conocer las directrices y la huella que busca tener en la elecci\u00f3n del estudiante una decisi\u00f3n que impactar\u00e1 a lo largo de su vida. <br><br>\u201cEs muy importante la implementaci\u00f3n de esta Muestra, puesto que es un acercamiento de joven a joven, donde estudiantes de nivel superior platican y a su vez ofertan las licenciaturas que se tienen a los j\u00f3venes de Bachillerato; adem\u00e1s los acercan a las funciones sustantivas\u201d, se\u00f1al\u00f3&nbsp; <br><br>Detall\u00f3 que, desde el aspecto acad\u00e9mico, el deporte, la vinculaci\u00f3n y el bienestar, se procura llegar a las cuatro unidades regionales que conforman a la centenaria instituci\u00f3n sinaloense, impactando directamente en que el estudiante tenga conocimiento preciso y objetivo para tomar una decisi\u00f3n asertiva en cuanto a su programa educativo de elecci\u00f3n, adem\u00e1s de involucrar al padre de familia a trav\u00e9s de pl\u00e1ticas; un acompa\u00f1amiento para la toma de decisi\u00f3n de sus hijos.<br><br>En esta reuni\u00f3n de organizaci\u00f3n y log\u00edstica de la Muestra Profesiogr\u00e1fica, el doctor Jos\u00e9 Carlos Aceves Tamayo, director general de Comunicaci\u00f3n Social de la casa de estudios, desarroll\u00f3 puntos claves para lograr esa comunicaci\u00f3n asertiva y digerible para los estudiantes, no solo de las 43 preparatorias rosalinas y sus 60 extensiones, sino de otros subsistemas.<br><br>En ese sentido, la dependencia a su cargo estar\u00e1 trabajando estrechamente con las unidades acad\u00e9micas en un plan estrat\u00e9gico que cubrir\u00e1 los diversos medios digitales, masivos y personales, con la informaci\u00f3n actualizada, clara y precisa. <br><br>En relaci\u00f3n las fechas marcadas y sitios donde se llevar\u00e1 a cabo la Muestra Profesiogr\u00e1fica, dijo que se contempla iniciar en la Torre Acad\u00e9mica Culiac\u00e1n el lunes 09 de febrero, el martes 10 de febrero en Mazatl\u00e1n, el mi\u00e9rcoles 11 en Guam\u00fachil, el jueves 12 en Guasave y el viernes 13 en Los Mochis y Navolato. <br><br>Cabe mencionar que en esta reuni\u00f3n acudieron autoridades a cargo de las diferentes \u00e1reas, encabezando la Secretaria General, doctora Nidia Yuniba Brun Corona; el Secretario Acad\u00e9mico Universitario, maestro Sergio Mario Arredondo Salas; el Director de Servicios Escolares, doctor Alfonso Mercado G\u00f3mez; la Directora de Bienestar Universitario, doctora Sof\u00eda Angulo de Madue\u00f1a;&nbsp; la Directora General de Escuelas Preparatorias, doctora Marisol Mendoza Flores y el Coordinador General de Extensi\u00f3n de la Cultura, doctor Homar Medina Barreda, entre otros.<br><br>Cabe mencionar que, al hacer uso de la voz, cada uno inform\u00f3 de los puntos importantes relacionados a su dependencia, contenido que el alumno debe conocer para este importante proceso que culminar\u00e1 con las inscripciones que est\u00e1n pr\u00f3ximas.<\/p>\n","protected":false},"excerpt":{"rendered":"<p>La Universidad Aut\u00f3noma de Sinaloa (UAS) se alista para llevar la esperada edici\u00f3n XX de la Muestra Profesiogr\u00e1fica 2026, del 9 al 13 de febrero, cuyo objetivo principal es que&hellip;<\/p>\n","protected":false},"author":1,"featured_media":30995,"comment_status":"open","ping_status":"open","sticky":false,"template":"","format":"standard","meta":{"_jetpack_memberships_contains_paid_content":false,"footnotes":"","jetpack_publicize_message":"","jetpack_publicize_feature_enabled":true,"jetpack_social_post_already_shared":true,"jetpack_social_options":{"image_generator_settings":{"template":"highway","default_image_id":0,"font":"","enabled":false},"version":2}},"categories":[40],"tags":[41],"class_list":["post-30996","post","type-post","status-publish","format-standard","has-post-thumbnail","hentry","category-educacion","tag-uas"],"yoast_head":"<!-- This site is optimized with the Yoast SEO plugin v27.2 - https:\/\/yoast.com\/product\/yoast-seo-wordpress\/ -->\n<title>\u00a1Atenci\u00f3n bachilleres! La UAS se alista para orientar su futuro en la Muestra Profesiogr\u00e1fica 2026; presentan autoridades rosalinas calendario y log\u00edstica - \u00c9tica Comunica<\/title>\n<meta name=\"robots\" content=\"index, follow, max-snippet:-1, max-image-preview:large, max-video-preview:-1\" \/>\n<link rel=\"canonical\" href=\"https:\/\/eticacomunica.com.mx\/?p=30996\" \/>\n<meta property=\"og:locale\" content=\"es_MX\" \/>\n<meta property=\"og:type\" content=\"article\" \/>\n<meta property=\"og:title\" content=\"\u00a1Atenci\u00f3n bachilleres! La UAS se alista para orientar su futuro en la Muestra Profesiogr\u00e1fica 2026; presentan autoridades rosalinas calendario y log\u00edstica - \u00c9tica Comunica\" \/>\n<meta property=\"og:description\" content=\"La Universidad Aut\u00f3noma de Sinaloa (UAS) se alista para llevar la esperada edici\u00f3n XX de la Muestra Profesiogr\u00e1fica 2026, del 9 al 13 de febrero, cuyo objetivo principal es que&hellip;\" \/>\n<meta property=\"og:url\" content=\"https:\/\/eticacomunica.com.mx\/?p=30996\" \/>\n<meta property=\"og:site_name\" content=\"\u00c9tica Comunica\" \/>\n<meta property=\"article:publisher\" content=\"https:\/\/www.facebook.com\/eticacomunica\" \/>\n<meta property=\"article:published_time\" content=\"2026-01-15T01:25:10+00:00\" \/>\n<meta property=\"og:image\" content=\"https:\/\/eticacomunica.com.mx\/wp-content\/uploads\/2026\/01\/IMG-20260114-WA0104.jpg\" \/>\n\t<meta property=\"og:image:width\" content=\"1600\" \/>\n\t<meta property=\"og:image:height\" content=\"1066\" \/>\n\t<meta property=\"og:image:type\" content=\"image\/jpeg\" \/>\n<meta name=\"author\" content=\"etica\" \/>\n<meta name=\"twitter:card\" content=\"summary_large_image\" \/>\n<meta name=\"twitter:label1\" content=\"Escrito por\" \/>\n\t<meta name=\"twitter:data1\" content=\"etica\" \/>\n\t<meta name=\"twitter:label2\" content=\"Tiempo de lectura\" \/>\n\t<meta name=\"twitter:data2\" content=\"3 minutos\" \/>\n<script type=\"application\/ld+json\" class=\"yoast-schema-graph\">{\"@context\":\"https:\/\/schema.org\",\"@graph\":[{\"@type\":\"Article\",\"@id\":\"https:\/\/eticacomunica.com.mx\/?p=30996#article\",\"isPartOf\":{\"@id\":\"https:\/\/eticacomunica.com.mx\/?p=30996\"},\"author\":{\"name\":\"etica\",\"@id\":\"https:\/\/eticacomunica.com.mx\/#\/schema\/person\/2cacc47bd17fe8ad92f08c0313d22fa6\"},\"headline\":\"\u00a1Atenci\u00f3n bachilleres! La UAS se alista para orientar su futuro en la Muestra Profesiogr\u00e1fica 2026; presentan autoridades rosalinas calendario y log\u00edstica\",\"datePublished\":\"2026-01-15T01:25:10+00:00\",\"mainEntityOfPage\":{\"@id\":\"https:\/\/eticacomunica.com.mx\/?p=30996\"},\"wordCount\":577,\"commentCount\":0,\"publisher\":{\"@id\":\"https:\/\/eticacomunica.com.mx\/#organization\"},\"image\":{\"@id\":\"https:\/\/eticacomunica.com.mx\/?p=30996#primaryimage\"},\"thumbnailUrl\":\"https:\/\/eticacomunica.com.mx\/wp-content\/uploads\/2026\/01\/IMG-20260114-WA0104.jpg\",\"keywords\":[\"UAS\"],\"articleSection\":[\"Educaci\u00f3n\"],\"inLanguage\":\"es\",\"potentialAction\":[{\"@type\":\"CommentAction\",\"name\":\"Comment\",\"target\":[\"https:\/\/eticacomunica.com.mx\/?p=30996#respond\"]}]},{\"@type\":\"WebPage\",\"@id\":\"https:\/\/eticacomunica.com.mx\/?p=30996\",\"url\":\"https:\/\/eticacomunica.com.mx\/?p=30996\",\"name\":\"\u00a1Atenci\u00f3n bachilleres! La UAS se alista para orientar su futuro en la Muestra Profesiogr\u00e1fica 2026; presentan autoridades rosalinas calendario y log\u00edstica - \u00c9tica Comunica\",\"isPartOf\":{\"@id\":\"https:\/\/eticacomunica.com.mx\/#website\"},\"primaryImageOfPage\":{\"@id\":\"https:\/\/eticacomunica.com.mx\/?p=30996#primaryimage\"},\"image\":{\"@id\":\"https:\/\/eticacomunica.com.mx\/?p=30996#primaryimage\"},\"thumbnailUrl\":\"https:\/\/eticacomunica.com.mx\/wp-content\/uploads\/2026\/01\/IMG-20260114-WA0104.jpg\",\"datePublished\":\"2026-01-15T01:25:10+00:00\",\"breadcrumb\":{\"@id\":\"https:\/\/eticacomunica.com.mx\/?p=30996#breadcrumb\"},\"inLanguage\":\"es\",\"potentialAction\":[{\"@type\":\"ReadAction\",\"target\":[\"https:\/\/eticacomunica.com.mx\/?p=30996\"]}]},{\"@type\":\"ImageObject\",\"inLanguage\":\"es\",\"@id\":\"https:\/\/eticacomunica.com.mx\/?p=30996#primaryimage\",\"url\":\"https:\/\/eticacomunica.com.mx\/wp-content\/uploads\/2026\/01\/IMG-20260114-WA0104.jpg\",\"contentUrl\":\"https:\/\/eticacomunica.com.mx\/wp-content\/uploads\/2026\/01\/IMG-20260114-WA0104.jpg\",\"width\":1600,\"height\":1066},{\"@type\":\"BreadcrumbList\",\"@id\":\"https:\/\/eticacomunica.com.mx\/?p=30996#breadcrumb\",\"itemListElement\":[{\"@type\":\"ListItem\",\"position\":1,\"name\":\"Inicio\",\"item\":\"https:\/\/eticacomunica.com.mx\/\"},{\"@type\":\"ListItem\",\"position\":2,\"name\":\"\u00a1Atenci\u00f3n bachilleres! La UAS se alista para orientar su futuro en la Muestra Profesiogr\u00e1fica 2026; presentan autoridades rosalinas calendario y log\u00edstica\"}]},{\"@type\":\"WebSite\",\"@id\":\"https:\/\/eticacomunica.com.mx\/#website\",\"url\":\"https:\/\/eticacomunica.com.mx\/\",\"name\":\"\u00c9tica Comunica\",\"description\":\"Diario Digital\",\"publisher\":{\"@id\":\"https:\/\/eticacomunica.com.mx\/#organization\"},\"potentialAction\":[{\"@type\":\"SearchAction\",\"target\":{\"@type\":\"EntryPoint\",\"urlTemplate\":\"https:\/\/eticacomunica.com.mx\/?s={search_term_string}\"},\"query-input\":{\"@type\":\"PropertyValueSpecification\",\"valueRequired\":true,\"valueName\":\"search_term_string\"}}],\"inLanguage\":\"es\"},{\"@type\":\"Organization\",\"@id\":\"https:\/\/eticacomunica.com.mx\/#organization\",\"name\":\"Diarios Digitales de Sinaloa\",\"url\":\"https:\/\/eticacomunica.com.mx\/\",\"logo\":{\"@type\":\"ImageObject\",\"inLanguage\":\"es\",\"@id\":\"https:\/\/eticacomunica.com.mx\/#\/schema\/logo\/image\/\",\"url\":\"https:\/\/eticacomunica.com.mx\/wp-content\/uploads\/2023\/10\/etica-logo.png\",\"contentUrl\":\"https:\/\/eticacomunica.com.mx\/wp-content\/uploads\/2023\/10\/etica-logo.png\",\"width\":1280,\"height\":432,\"caption\":\"Diarios Digitales de Sinaloa\"},\"image\":{\"@id\":\"https:\/\/eticacomunica.com.mx\/#\/schema\/logo\/image\/\"},\"sameAs\":[\"https:\/\/www.facebook.com\/eticacomunica\"]},{\"@type\":\"Person\",\"@id\":\"https:\/\/eticacomunica.com.mx\/#\/schema\/person\/2cacc47bd17fe8ad92f08c0313d22fa6\",\"name\":\"etica\",\"image\":{\"@type\":\"ImageObject\",\"inLanguage\":\"es\",\"@id\":\"https:\/\/secure.gravatar.com\/avatar\/dfb45d32bc7097f8f06d6e4f6e6b387e7cb8fd5b3a2869265c40587ab62cab1e?s=96&d=mm&r=g\",\"url\":\"https:\/\/secure.gravatar.com\/avatar\/dfb45d32bc7097f8f06d6e4f6e6b387e7cb8fd5b3a2869265c40587ab62cab1e?s=96&d=mm&r=g\",\"contentUrl\":\"https:\/\/secure.gravatar.com\/avatar\/dfb45d32bc7097f8f06d6e4f6e6b387e7cb8fd5b3a2869265c40587ab62cab1e?s=96&d=mm&r=g\",\"caption\":\"etica\"},\"sameAs\":[\"https:\/\/eticacomunica.com.mx\"],\"url\":\"https:\/\/eticacomunica.com.mx\/?author=1\"}]}<\/script>\n<!-- \/ Yoast SEO plugin. -->","yoast_head_json":{"title":"\u00a1Atenci\u00f3n bachilleres! La UAS se alista para orientar su futuro en la Muestra Profesiogr\u00e1fica 2026; presentan autoridades rosalinas calendario y log\u00edstica - \u00c9tica Comunica","robots":{"index":"index","follow":"follow","max-snippet":"max-snippet:-1","max-image-preview":"max-image-preview:large","max-video-preview":"max-video-preview:-1"},"canonical":"https:\/\/eticacomunica.com.mx\/?p=30996","og_locale":"es_MX","og_type":"article","og_title":"\u00a1Atenci\u00f3n bachilleres! La UAS se alista para orientar su futuro en la Muestra Profesiogr\u00e1fica 2026; presentan autoridades rosalinas calendario y log\u00edstica - \u00c9tica Comunica","og_description":"La Universidad Aut\u00f3noma de Sinaloa (UAS) se alista para llevar la esperada edici\u00f3n XX de la Muestra Profesiogr\u00e1fica 2026, del 9 al 13 de febrero, cuyo objetivo principal es que&hellip;","og_url":"https:\/\/eticacomunica.com.mx\/?p=30996","og_site_name":"\u00c9tica Comunica","article_publisher":"https:\/\/www.facebook.com\/eticacomunica","article_published_time":"2026-01-15T01:25:10+00:00","og_image":[{"width":1600,"height":1066,"url":"https:\/\/eticacomunica.com.mx\/wp-content\/uploads\/2026\/01\/IMG-20260114-WA0104.jpg","type":"image\/jpeg"}],"author":"etica","twitter_card":"summary_large_image","twitter_misc":{"Escrito por":"etica","Tiempo de lectura":"3 minutos"},"schema":{"@context":"https:\/\/schema.org","@graph":[{"@type":"Article","@id":"https:\/\/eticacomunica.com.mx\/?p=30996#article","isPartOf":{"@id":"https:\/\/eticacomunica.com.mx\/?p=30996"},"author":{"name":"etica","@id":"https:\/\/eticacomunica.com.mx\/#\/schema\/person\/2cacc47bd17fe8ad92f08c0313d22fa6"},"headline":"\u00a1Atenci\u00f3n bachilleres! La UAS se alista para orientar su futuro en la Muestra Profesiogr\u00e1fica 2026; presentan autoridades rosalinas calendario y log\u00edstica","datePublished":"2026-01-15T01:25:10+00:00","mainEntityOfPage":{"@id":"https:\/\/eticacomunica.com.mx\/?p=30996"},"wordCount":577,"commentCount":0,"publisher":{"@id":"https:\/\/eticacomunica.com.mx\/#organization"},"image":{"@id":"https:\/\/eticacomunica.com.mx\/?p=30996#primaryimage"},"thumbnailUrl":"https:\/\/eticacomunica.com.mx\/wp-content\/uploads\/2026\/01\/IMG-20260114-WA0104.jpg","keywords":["UAS"],"articleSection":["Educaci\u00f3n"],"inLanguage":"es","potentialAction":[{"@type":"CommentAction","name":"Comment","target":["https:\/\/eticacomunica.com.mx\/?p=30996#respond"]}]},{"@type":"WebPage","@id":"https:\/\/eticacomunica.com.mx\/?p=30996","url":"https:\/\/eticacomunica.com.mx\/?p=30996","name":"\u00a1Atenci\u00f3n bachilleres! La UAS se alista para orientar su futuro en la Muestra Profesiogr\u00e1fica 2026; presentan autoridades rosalinas calendario y log\u00edstica - \u00c9tica Comunica","isPartOf":{"@id":"https:\/\/eticacomunica.com.mx\/#website"},"primaryImageOfPage":{"@id":"https:\/\/eticacomunica.com.mx\/?p=30996#primaryimage"},"image":{"@id":"https:\/\/eticacomunica.com.mx\/?p=30996#primaryimage"},"thumbnailUrl":"https:\/\/eticacomunica.com.mx\/wp-content\/uploads\/2026\/01\/IMG-20260114-WA0104.jpg","datePublished":"2026-01-15T01:25:10+00:00","breadcrumb":{"@id":"https:\/\/eticacomunica.com.mx\/?p=30996#breadcrumb"},"inLanguage":"es","potentialAction":[{"@type":"ReadAction","target":["https:\/\/eticacomunica.com.mx\/?p=30996"]}]},{"@type":"ImageObject","inLanguage":"es","@id":"https:\/\/eticacomunica.com.mx\/?p=30996#primaryimage","url":"https:\/\/eticacomunica.com.mx\/wp-content\/uploads\/2026\/01\/IMG-20260114-WA0104.jpg","contentUrl":"https:\/\/eticacomunica.com.mx\/wp-content\/uploads\/2026\/01\/IMG-20260114-WA0104.jpg","width":1600,"height":1066},{"@type":"BreadcrumbList","@id":"https:\/\/eticacomunica.com.mx\/?p=30996#breadcrumb","itemListElement":[{"@type":"ListItem","position":1,"name":"Inicio","item":"https:\/\/eticacomunica.com.mx\/"},{"@type":"ListItem","position":2,"name":"\u00a1Atenci\u00f3n bachilleres! La UAS se alista para orientar su futuro en la Muestra Profesiogr\u00e1fica 2026; presentan autoridades rosalinas calendario y log\u00edstica"}]},{"@type":"WebSite","@id":"https:\/\/eticacomunica.com.mx\/#website","url":"https:\/\/eticacomunica.com.mx\/","name":"\u00c9tica Comunica","description":"Diario Digital","publisher":{"@id":"https:\/\/eticacomunica.com.mx\/#organization"},"potentialAction":[{"@type":"SearchAction","target":{"@type":"EntryPoint","urlTemplate":"https:\/\/eticacomunica.com.mx\/?s={search_term_string}"},"query-input":{"@type":"PropertyValueSpecification","valueRequired":true,"valueName":"search_term_string"}}],"inLanguage":"es"},{"@type":"Organization","@id":"https:\/\/eticacomunica.com.mx\/#organization","name":"Diarios Digitales de Sinaloa","url":"https:\/\/eticacomunica.com.mx\/","logo":{"@type":"ImageObject","inLanguage":"es","@id":"https:\/\/eticacomunica.com.mx\/#\/schema\/logo\/image\/","url":"https:\/\/eticacomunica.com.mx\/wp-content\/uploads\/2023\/10\/etica-logo.png","contentUrl":"https:\/\/eticacomunica.com.mx\/wp-content\/uploads\/2023\/10\/etica-logo.png","width":1280,"height":432,"caption":"Diarios Digitales de Sinaloa"},"image":{"@id":"https:\/\/eticacomunica.com.mx\/#\/schema\/logo\/image\/"},"sameAs":["https:\/\/www.facebook.com\/eticacomunica"]},{"@type":"Person","@id":"https:\/\/eticacomunica.com.mx\/#\/schema\/person\/2cacc47bd17fe8ad92f08c0313d22fa6","name":"etica","image":{"@type":"ImageObject","inLanguage":"es","@id":"https:\/\/secure.gravatar.com\/avatar\/dfb45d32bc7097f8f06d6e4f6e6b387e7cb8fd5b3a2869265c40587ab62cab1e?s=96&d=mm&r=g","url":"https:\/\/secure.gravatar.com\/avatar\/dfb45d32bc7097f8f06d6e4f6e6b387e7cb8fd5b3a2869265c40587ab62cab1e?s=96&d=mm&r=g","contentUrl":"https:\/\/secure.gravatar.com\/avatar\/dfb45d32bc7097f8f06d6e4f6e6b387e7cb8fd5b3a2869265c40587ab62cab1e?s=96&d=mm&r=g","caption":"etica"},"sameAs":["https:\/\/eticacomunica.com.mx"],"url":"https:\/\/eticacomunica.com.mx\/?author=1"}]}},"jetpack_publicize_connections":[],"jetpack_featured_media_url":"https:\/\/eticacomunica.com.mx\/wp-content\/uploads\/2026\/01\/IMG-20260114-WA0104.jpg","jetpack_sharing_enabled":true,"_links":{"self":[{"href":"https:\/\/eticacomunica.com.mx\/index.php?rest_route=\/wp\/v2\/posts\/30996","targetHints":{"allow":["GET"]}}],"collection":[{"href":"https:\/\/eticacomunica.com.mx\/index.php?rest_route=\/wp\/v2\/posts"}],"about":[{"href":"https:\/\/eticacomunica.com.mx\/index.php?rest_route=\/wp\/v2\/types\/post"}],"author":[{"embeddable":true,"href":"https:\/\/eticacomunica.com.mx\/index.php?rest_route=\/wp\/v2\/users\/1"}],"replies":[{"embeddable":true,"href":"https:\/\/eticacomunica.com.mx\/index.php?rest_route=%2Fwp%2Fv2%2Fcomments&post=30996"}],"version-history":[{"count":0,"href":"https:\/\/eticacomunica.com.mx\/index.php?rest_route=\/wp\/v2\/posts\/30996\/revisions"}],"wp:featuredmedia":[{"embeddable":true,"href":"https:\/\/eticacomunica.com.mx\/index.php?rest_route=\/wp\/v2\/media\/30995"}],"wp:attachment":[{"href":"https:\/\/eticacomunica.com.mx\/index.php?rest_route=%2Fwp%2Fv2%2Fmedia&parent=30996"}],"wp:term":[{"taxonomy":"category","embeddable":true,"href":"https:\/\/eticacomunica.com.mx\/index.php?rest_route=%2Fwp%2Fv2%2Fcategories&post=30996"},{"taxonomy":"post_tag","embeddable":true,"href":"https:\/\/eticacomunica.com.mx\/index.php?rest_route=%2Fwp%2Fv2%2Ftags&post=30996"}],"curies":[{"name":"wp","href":"https:\/\/api.w.org\/{rel}","templated":true}]}}