{"id":31000,"date":"2026-01-14T19:07:19","date_gmt":"2026-01-15T02:07:19","guid":{"rendered":"https:\/\/eticacomunica.com.mx\/?p=31000"},"modified":"2026-01-14T19:07:19","modified_gmt":"2026-01-15T02:07:19","slug":"los-homenajes-tienen-que-ser-en-vida-afirma-carlos-sarabia-quien-cantara-en-el-homenaje-a-don-german-lizarraga","status":"publish","type":"post","link":"https:\/\/eticacomunica.com.mx\/?p=31000","title":{"rendered":"\u201cLos homenajes tienen que ser en vida\u201d, afirma Carlos Sarabia, quien cantar\u00e1 en el homenaje a Don Germ\u00e1n Liz\u00e1rraga"},"content":{"rendered":"\n<p>Mazatl\u00e1n, Sinaloa, 14 de enero de 2026.- Ante la proximidad de la m\u00e1xima fiesta porte\u00f1a el cantante Carlos Sarabia afirm\u00f3 estar listo para formar parte del magno homenaje a Don Germ\u00e1n Liz\u00e1rraga durante la coronaci\u00f3n de la Reina de los Juegos Florales, el viernes 13 de febrero, a partir de las 20:30 horas en el Estadio Teodoro Mariscal.<br><br>El int\u00e9rprete mazatleco reconoci\u00f3 la labor del Gobierno de Mazatl\u00e1n y del Instituto Municipal de Cultura al organizar el concierto \u201cYo se que te acordar\u00e1s\u201d, y destac\u00f3 la importancia de honrar la trayectoria de Don Germ\u00e1n Liz\u00e1rraga, a quien consider\u00f3 una \u201cleyenda viviente\u201d en la historia de la m\u00fasica sinaloense y&nbsp; pilar fundamental en su formaci\u00f3n musical. <br><br>\u201cSiempre decimos que los homenajes tienen que ser en vida, y me llena de satisfacci\u00f3n saber que a un gran amigo, una gran persona, un gran maestro, se le brinda este merecido homenaje, sobre todo en una fiesta tan importante para los mazatlecos, y para toda la gente del mundo\u201d, dijo emocionado.<br><br>Carlos Sarabia record\u00f3 algunas de las experiencias que vivi\u00f3 al lado de Don Germ\u00e1n,&nbsp; como el d\u00eda en que despu\u00e9s de&nbsp; una audici\u00f3n,&nbsp; lo invit\u00f3 a formar parte de Banda El Recodo.<br><br>En el&nbsp; homenaje a Don Germ\u00e1n Liz\u00e1rraga, participar\u00e1n los integrantes de la Orquesta Sinf\u00f3nica Sinaloa de las Artes (OSSLA, que celebra 25 a\u00f1os de trayectoria), Banda Estrellas de Sinaloa, y vocalistas de la talla de Julio Preciado, Germ\u00e1n Montero, Sa\u00fal El Jaguar, Carlos Sarabia, entre otros.<br><br>\u201cSabemos a d\u00f3nde hemos llegado con la m\u00fasica de banda, pero el tema cultural es todav\u00eda m\u00e1s potente, darte cuenta de que Mazatl\u00e1n, Sinaloa es una cultura que te puede representar en cualquier pa\u00eds y que la gente en Asia, en \u00c1frica, en donde quiera,&nbsp; puede bailar y disfrutar la m\u00fasica sinaloense, es algo maravilloso, y compartir el escenario con esta orquesta que nos ha representado a los sinaloenses,&nbsp;&nbsp; va a ser una magia muy especial\u201d, expres\u00f3.<br><br>Boletos a la venta en https:\/\/www.ticketstar.com.mx\/&nbsp; los precios van desde los $300,00&nbsp; hasta los $2, 200.00.<\/p>\n","protected":false},"excerpt":{"rendered":"<p>Mazatl\u00e1n, Sinaloa, 14 de enero de 2026.- Ante la proximidad de la m\u00e1xima fiesta porte\u00f1a el cantante Carlos Sarabia afirm\u00f3 estar listo para formar parte del magno homenaje a Don&hellip;<\/p>\n","protected":false},"author":1,"featured_media":30999,"comment_status":"open","ping_status":"open","sticky":false,"template":"","format":"standard","meta":{"_jetpack_memberships_contains_paid_content":false,"footnotes":"","jetpack_publicize_message":"","jetpack_publicize_feature_enabled":true,"jetpack_social_post_already_shared":true,"jetpack_social_options":{"image_generator_settings":{"template":"highway","default_image_id":0,"font":"","enabled":false},"version":2}},"categories":[22],"tags":[38],"class_list":["post-31000","post","type-post","status-publish","format-standard","has-post-thumbnail","hentry","category-cultura","tag-cultura"],"yoast_head":"<!-- This site is optimized with the Yoast SEO plugin v27.2 - https:\/\/yoast.com\/product\/yoast-seo-wordpress\/ -->\n<title>\u201cLos homenajes tienen que ser en vida\u201d, afirma Carlos Sarabia, quien cantar\u00e1 en el homenaje a Don Germ\u00e1n Liz\u00e1rraga - \u00c9tica Comunica<\/title>\n<meta name=\"robots\" content=\"index, follow, max-snippet:-1, max-image-preview:large, max-video-preview:-1\" \/>\n<link rel=\"canonical\" href=\"https:\/\/eticacomunica.com.mx\/?p=31000\" \/>\n<meta property=\"og:locale\" content=\"es_MX\" \/>\n<meta property=\"og:type\" content=\"article\" \/>\n<meta property=\"og:title\" content=\"\u201cLos homenajes tienen que ser en vida\u201d, afirma Carlos Sarabia, quien cantar\u00e1 en el homenaje a Don Germ\u00e1n Liz\u00e1rraga - \u00c9tica Comunica\" \/>\n<meta property=\"og:description\" content=\"Mazatl\u00e1n, Sinaloa, 14 de enero de 2026.- Ante la proximidad de la m\u00e1xima fiesta porte\u00f1a el cantante Carlos Sarabia afirm\u00f3 estar listo para formar parte del magno homenaje a Don&hellip;\" \/>\n<meta property=\"og:url\" content=\"https:\/\/eticacomunica.com.mx\/?p=31000\" \/>\n<meta property=\"og:site_name\" content=\"\u00c9tica Comunica\" \/>\n<meta property=\"article:publisher\" content=\"https:\/\/www.facebook.com\/eticacomunica\" \/>\n<meta property=\"article:published_time\" content=\"2026-01-15T02:07:19+00:00\" \/>\n<meta property=\"og:image\" content=\"https:\/\/eticacomunica.com.mx\/wp-content\/uploads\/2026\/01\/IMG-20260114-WA0081.jpg\" \/>\n\t<meta property=\"og:image:width\" content=\"1599\" \/>\n\t<meta property=\"og:image:height\" content=\"1066\" \/>\n\t<meta property=\"og:image:type\" content=\"image\/jpeg\" \/>\n<meta name=\"author\" content=\"etica\" \/>\n<meta name=\"twitter:card\" content=\"summary_large_image\" \/>\n<meta name=\"twitter:label1\" content=\"Escrito por\" \/>\n\t<meta name=\"twitter:data1\" content=\"etica\" \/>\n\t<meta name=\"twitter:label2\" content=\"Tiempo de lectura\" \/>\n\t<meta name=\"twitter:data2\" content=\"2 minutos\" \/>\n<script type=\"application\/ld+json\" class=\"yoast-schema-graph\">{\"@context\":\"https:\/\/schema.org\",\"@graph\":[{\"@type\":\"Article\",\"@id\":\"https:\/\/eticacomunica.com.mx\/?p=31000#article\",\"isPartOf\":{\"@id\":\"https:\/\/eticacomunica.com.mx\/?p=31000\"},\"author\":{\"name\":\"etica\",\"@id\":\"https:\/\/eticacomunica.com.mx\/#\/schema\/person\/2cacc47bd17fe8ad92f08c0313d22fa6\"},\"headline\":\"\u201cLos homenajes tienen que ser en vida\u201d, afirma Carlos Sarabia, quien cantar\u00e1 en el homenaje a Don Germ\u00e1n Liz\u00e1rraga\",\"datePublished\":\"2026-01-15T02:07:19+00:00\",\"mainEntityOfPage\":{\"@id\":\"https:\/\/eticacomunica.com.mx\/?p=31000\"},\"wordCount\":398,\"commentCount\":0,\"publisher\":{\"@id\":\"https:\/\/eticacomunica.com.mx\/#organization\"},\"image\":{\"@id\":\"https:\/\/eticacomunica.com.mx\/?p=31000#primaryimage\"},\"thumbnailUrl\":\"https:\/\/eticacomunica.com.mx\/wp-content\/uploads\/2026\/01\/IMG-20260114-WA0081.jpg\",\"keywords\":[\"Cultura\"],\"articleSection\":[\"Cultura\"],\"inLanguage\":\"es\",\"potentialAction\":[{\"@type\":\"CommentAction\",\"name\":\"Comment\",\"target\":[\"https:\/\/eticacomunica.com.mx\/?p=31000#respond\"]}]},{\"@type\":\"WebPage\",\"@id\":\"https:\/\/eticacomunica.com.mx\/?p=31000\",\"url\":\"https:\/\/eticacomunica.com.mx\/?p=31000\",\"name\":\"\u201cLos homenajes tienen que ser en vida\u201d, afirma Carlos Sarabia, quien cantar\u00e1 en el homenaje a Don Germ\u00e1n Liz\u00e1rraga - \u00c9tica Comunica\",\"isPartOf\":{\"@id\":\"https:\/\/eticacomunica.com.mx\/#website\"},\"primaryImageOfPage\":{\"@id\":\"https:\/\/eticacomunica.com.mx\/?p=31000#primaryimage\"},\"image\":{\"@id\":\"https:\/\/eticacomunica.com.mx\/?p=31000#primaryimage\"},\"thumbnailUrl\":\"https:\/\/eticacomunica.com.mx\/wp-content\/uploads\/2026\/01\/IMG-20260114-WA0081.jpg\",\"datePublished\":\"2026-01-15T02:07:19+00:00\",\"breadcrumb\":{\"@id\":\"https:\/\/eticacomunica.com.mx\/?p=31000#breadcrumb\"},\"inLanguage\":\"es\",\"potentialAction\":[{\"@type\":\"ReadAction\",\"target\":[\"https:\/\/eticacomunica.com.mx\/?p=31000\"]}]},{\"@type\":\"ImageObject\",\"inLanguage\":\"es\",\"@id\":\"https:\/\/eticacomunica.com.mx\/?p=31000#primaryimage\",\"url\":\"https:\/\/eticacomunica.com.mx\/wp-content\/uploads\/2026\/01\/IMG-20260114-WA0081.jpg\",\"contentUrl\":\"https:\/\/eticacomunica.com.mx\/wp-content\/uploads\/2026\/01\/IMG-20260114-WA0081.jpg\",\"width\":1599,\"height\":1066},{\"@type\":\"BreadcrumbList\",\"@id\":\"https:\/\/eticacomunica.com.mx\/?p=31000#breadcrumb\",\"itemListElement\":[{\"@type\":\"ListItem\",\"position\":1,\"name\":\"Inicio\",\"item\":\"https:\/\/eticacomunica.com.mx\/\"},{\"@type\":\"ListItem\",\"position\":2,\"name\":\"\u201cLos homenajes tienen que ser en vida\u201d, afirma Carlos Sarabia, quien cantar\u00e1 en el homenaje a Don Germ\u00e1n Liz\u00e1rraga\"}]},{\"@type\":\"WebSite\",\"@id\":\"https:\/\/eticacomunica.com.mx\/#website\",\"url\":\"https:\/\/eticacomunica.com.mx\/\",\"name\":\"\u00c9tica Comunica\",\"description\":\"Diario Digital\",\"publisher\":{\"@id\":\"https:\/\/eticacomunica.com.mx\/#organization\"},\"potentialAction\":[{\"@type\":\"SearchAction\",\"target\":{\"@type\":\"EntryPoint\",\"urlTemplate\":\"https:\/\/eticacomunica.com.mx\/?s={search_term_string}\"},\"query-input\":{\"@type\":\"PropertyValueSpecification\",\"valueRequired\":true,\"valueName\":\"search_term_string\"}}],\"inLanguage\":\"es\"},{\"@type\":\"Organization\",\"@id\":\"https:\/\/eticacomunica.com.mx\/#organization\",\"name\":\"Diarios Digitales de Sinaloa\",\"url\":\"https:\/\/eticacomunica.com.mx\/\",\"logo\":{\"@type\":\"ImageObject\",\"inLanguage\":\"es\",\"@id\":\"https:\/\/eticacomunica.com.mx\/#\/schema\/logo\/image\/\",\"url\":\"https:\/\/eticacomunica.com.mx\/wp-content\/uploads\/2023\/10\/etica-logo.png\",\"contentUrl\":\"https:\/\/eticacomunica.com.mx\/wp-content\/uploads\/2023\/10\/etica-logo.png\",\"width\":1280,\"height\":432,\"caption\":\"Diarios Digitales de Sinaloa\"},\"image\":{\"@id\":\"https:\/\/eticacomunica.com.mx\/#\/schema\/logo\/image\/\"},\"sameAs\":[\"https:\/\/www.facebook.com\/eticacomunica\"]},{\"@type\":\"Person\",\"@id\":\"https:\/\/eticacomunica.com.mx\/#\/schema\/person\/2cacc47bd17fe8ad92f08c0313d22fa6\",\"name\":\"etica\",\"image\":{\"@type\":\"ImageObject\",\"inLanguage\":\"es\",\"@id\":\"https:\/\/secure.gravatar.com\/avatar\/dfb45d32bc7097f8f06d6e4f6e6b387e7cb8fd5b3a2869265c40587ab62cab1e?s=96&d=mm&r=g\",\"url\":\"https:\/\/secure.gravatar.com\/avatar\/dfb45d32bc7097f8f06d6e4f6e6b387e7cb8fd5b3a2869265c40587ab62cab1e?s=96&d=mm&r=g\",\"contentUrl\":\"https:\/\/secure.gravatar.com\/avatar\/dfb45d32bc7097f8f06d6e4f6e6b387e7cb8fd5b3a2869265c40587ab62cab1e?s=96&d=mm&r=g\",\"caption\":\"etica\"},\"sameAs\":[\"https:\/\/eticacomunica.com.mx\"],\"url\":\"https:\/\/eticacomunica.com.mx\/?author=1\"}]}<\/script>\n<!-- \/ Yoast SEO plugin. -->","yoast_head_json":{"title":"\u201cLos homenajes tienen que ser en vida\u201d, afirma Carlos Sarabia, quien cantar\u00e1 en el homenaje a Don Germ\u00e1n Liz\u00e1rraga - \u00c9tica Comunica","robots":{"index":"index","follow":"follow","max-snippet":"max-snippet:-1","max-image-preview":"max-image-preview:large","max-video-preview":"max-video-preview:-1"},"canonical":"https:\/\/eticacomunica.com.mx\/?p=31000","og_locale":"es_MX","og_type":"article","og_title":"\u201cLos homenajes tienen que ser en vida\u201d, afirma Carlos Sarabia, quien cantar\u00e1 en el homenaje a Don Germ\u00e1n Liz\u00e1rraga - \u00c9tica Comunica","og_description":"Mazatl\u00e1n, Sinaloa, 14 de enero de 2026.- Ante la proximidad de la m\u00e1xima fiesta porte\u00f1a el cantante Carlos Sarabia afirm\u00f3 estar listo para formar parte del magno homenaje a Don&hellip;","og_url":"https:\/\/eticacomunica.com.mx\/?p=31000","og_site_name":"\u00c9tica Comunica","article_publisher":"https:\/\/www.facebook.com\/eticacomunica","article_published_time":"2026-01-15T02:07:19+00:00","og_image":[{"width":1599,"height":1066,"url":"https:\/\/eticacomunica.com.mx\/wp-content\/uploads\/2026\/01\/IMG-20260114-WA0081.jpg","type":"image\/jpeg"}],"author":"etica","twitter_card":"summary_large_image","twitter_misc":{"Escrito por":"etica","Tiempo de lectura":"2 minutos"},"schema":{"@context":"https:\/\/schema.org","@graph":[{"@type":"Article","@id":"https:\/\/eticacomunica.com.mx\/?p=31000#article","isPartOf":{"@id":"https:\/\/eticacomunica.com.mx\/?p=31000"},"author":{"name":"etica","@id":"https:\/\/eticacomunica.com.mx\/#\/schema\/person\/2cacc47bd17fe8ad92f08c0313d22fa6"},"headline":"\u201cLos homenajes tienen que ser en vida\u201d, afirma Carlos Sarabia, quien cantar\u00e1 en el homenaje a Don Germ\u00e1n Liz\u00e1rraga","datePublished":"2026-01-15T02:07:19+00:00","mainEntityOfPage":{"@id":"https:\/\/eticacomunica.com.mx\/?p=31000"},"wordCount":398,"commentCount":0,"publisher":{"@id":"https:\/\/eticacomunica.com.mx\/#organization"},"image":{"@id":"https:\/\/eticacomunica.com.mx\/?p=31000#primaryimage"},"thumbnailUrl":"https:\/\/eticacomunica.com.mx\/wp-content\/uploads\/2026\/01\/IMG-20260114-WA0081.jpg","keywords":["Cultura"],"articleSection":["Cultura"],"inLanguage":"es","potentialAction":[{"@type":"CommentAction","name":"Comment","target":["https:\/\/eticacomunica.com.mx\/?p=31000#respond"]}]},{"@type":"WebPage","@id":"https:\/\/eticacomunica.com.mx\/?p=31000","url":"https:\/\/eticacomunica.com.mx\/?p=31000","name":"\u201cLos homenajes tienen que ser en vida\u201d, afirma Carlos Sarabia, quien cantar\u00e1 en el homenaje a Don Germ\u00e1n Liz\u00e1rraga - \u00c9tica Comunica","isPartOf":{"@id":"https:\/\/eticacomunica.com.mx\/#website"},"primaryImageOfPage":{"@id":"https:\/\/eticacomunica.com.mx\/?p=31000#primaryimage"},"image":{"@id":"https:\/\/eticacomunica.com.mx\/?p=31000#primaryimage"},"thumbnailUrl":"https:\/\/eticacomunica.com.mx\/wp-content\/uploads\/2026\/01\/IMG-20260114-WA0081.jpg","datePublished":"2026-01-15T02:07:19+00:00","breadcrumb":{"@id":"https:\/\/eticacomunica.com.mx\/?p=31000#breadcrumb"},"inLanguage":"es","potentialAction":[{"@type":"ReadAction","target":["https:\/\/eticacomunica.com.mx\/?p=31000"]}]},{"@type":"ImageObject","inLanguage":"es","@id":"https:\/\/eticacomunica.com.mx\/?p=31000#primaryimage","url":"https:\/\/eticacomunica.com.mx\/wp-content\/uploads\/2026\/01\/IMG-20260114-WA0081.jpg","contentUrl":"https:\/\/eticacomunica.com.mx\/wp-content\/uploads\/2026\/01\/IMG-20260114-WA0081.jpg","width":1599,"height":1066},{"@type":"BreadcrumbList","@id":"https:\/\/eticacomunica.com.mx\/?p=31000#breadcrumb","itemListElement":[{"@type":"ListItem","position":1,"name":"Inicio","item":"https:\/\/eticacomunica.com.mx\/"},{"@type":"ListItem","position":2,"name":"\u201cLos homenajes tienen que ser en vida\u201d, afirma Carlos Sarabia, quien cantar\u00e1 en el homenaje a Don Germ\u00e1n Liz\u00e1rraga"}]},{"@type":"WebSite","@id":"https:\/\/eticacomunica.com.mx\/#website","url":"https:\/\/eticacomunica.com.mx\/","name":"\u00c9tica Comunica","description":"Diario Digital","publisher":{"@id":"https:\/\/eticacomunica.com.mx\/#organization"},"potentialAction":[{"@type":"SearchAction","target":{"@type":"EntryPoint","urlTemplate":"https:\/\/eticacomunica.com.mx\/?s={search_term_string}"},"query-input":{"@type":"PropertyValueSpecification","valueRequired":true,"valueName":"search_term_string"}}],"inLanguage":"es"},{"@type":"Organization","@id":"https:\/\/eticacomunica.com.mx\/#organization","name":"Diarios Digitales de Sinaloa","url":"https:\/\/eticacomunica.com.mx\/","logo":{"@type":"ImageObject","inLanguage":"es","@id":"https:\/\/eticacomunica.com.mx\/#\/schema\/logo\/image\/","url":"https:\/\/eticacomunica.com.mx\/wp-content\/uploads\/2023\/10\/etica-logo.png","contentUrl":"https:\/\/eticacomunica.com.mx\/wp-content\/uploads\/2023\/10\/etica-logo.png","width":1280,"height":432,"caption":"Diarios Digitales de Sinaloa"},"image":{"@id":"https:\/\/eticacomunica.com.mx\/#\/schema\/logo\/image\/"},"sameAs":["https:\/\/www.facebook.com\/eticacomunica"]},{"@type":"Person","@id":"https:\/\/eticacomunica.com.mx\/#\/schema\/person\/2cacc47bd17fe8ad92f08c0313d22fa6","name":"etica","image":{"@type":"ImageObject","inLanguage":"es","@id":"https:\/\/secure.gravatar.com\/avatar\/dfb45d32bc7097f8f06d6e4f6e6b387e7cb8fd5b3a2869265c40587ab62cab1e?s=96&d=mm&r=g","url":"https:\/\/secure.gravatar.com\/avatar\/dfb45d32bc7097f8f06d6e4f6e6b387e7cb8fd5b3a2869265c40587ab62cab1e?s=96&d=mm&r=g","contentUrl":"https:\/\/secure.gravatar.com\/avatar\/dfb45d32bc7097f8f06d6e4f6e6b387e7cb8fd5b3a2869265c40587ab62cab1e?s=96&d=mm&r=g","caption":"etica"},"sameAs":["https:\/\/eticacomunica.com.mx"],"url":"https:\/\/eticacomunica.com.mx\/?author=1"}]}},"jetpack_publicize_connections":[],"jetpack_featured_media_url":"https:\/\/eticacomunica.com.mx\/wp-content\/uploads\/2026\/01\/IMG-20260114-WA0081.jpg","jetpack_sharing_enabled":true,"_links":{"self":[{"href":"https:\/\/eticacomunica.com.mx\/index.php?rest_route=\/wp\/v2\/posts\/31000","targetHints":{"allow":["GET"]}}],"collection":[{"href":"https:\/\/eticacomunica.com.mx\/index.php?rest_route=\/wp\/v2\/posts"}],"about":[{"href":"https:\/\/eticacomunica.com.mx\/index.php?rest_route=\/wp\/v2\/types\/post"}],"author":[{"embeddable":true,"href":"https:\/\/eticacomunica.com.mx\/index.php?rest_route=\/wp\/v2\/users\/1"}],"replies":[{"embeddable":true,"href":"https:\/\/eticacomunica.com.mx\/index.php?rest_route=%2Fwp%2Fv2%2Fcomments&post=31000"}],"version-history":[{"count":0,"href":"https:\/\/eticacomunica.com.mx\/index.php?rest_route=\/wp\/v2\/posts\/31000\/revisions"}],"wp:featuredmedia":[{"embeddable":true,"href":"https:\/\/eticacomunica.com.mx\/index.php?rest_route=\/wp\/v2\/media\/30999"}],"wp:attachment":[{"href":"https:\/\/eticacomunica.com.mx\/index.php?rest_route=%2Fwp%2Fv2%2Fmedia&parent=31000"}],"wp:term":[{"taxonomy":"category","embeddable":true,"href":"https:\/\/eticacomunica.com.mx\/index.php?rest_route=%2Fwp%2Fv2%2Fcategories&post=31000"},{"taxonomy":"post_tag","embeddable":true,"href":"https:\/\/eticacomunica.com.mx\/index.php?rest_route=%2Fwp%2Fv2%2Ftags&post=31000"}],"curies":[{"name":"wp","href":"https:\/\/api.w.org\/{rel}","templated":true}]}}