{"id":31007,"date":"2026-01-15T08:47:02","date_gmt":"2026-01-15T15:47:02","guid":{"rendered":"https:\/\/eticacomunica.com.mx\/?p=31007"},"modified":"2026-01-15T08:47:02","modified_gmt":"2026-01-15T15:47:02","slug":"la-uas-iniciara-la-jornada-de-formacion-docente-para-fortalecer-el-bachillerato-capacitara-a-mas-de-2-mil-400-docentes-previo-al-nuevo-semestre","status":"publish","type":"post","link":"https:\/\/eticacomunica.com.mx\/?p=31007","title":{"rendered":"La UAS iniciar\u00e1 la Jornada de Formaci\u00f3n Docente para fortalecer el Bachillerato; capacitar\u00e1 a m\u00e1s de 2 mil 400 docentes previo al nuevo semestre"},"content":{"rendered":"\n<p>En la idea de que el segundo semestre del ciclo escolar 2025-2026 el pr\u00f3ximo lunes 26 de enero inicie con buen \u00e1nimo, disposici\u00f3n y responsabilidad del personal acad\u00e9mico y con ello la formaci\u00f3n de los miles de estudiantes sea la mejor, del 19 al 23 del presente mes se llevar\u00e1 a cabo, de forma virtual y\/o presencial, la Jornada de Formaci\u00f3n Docente del Bachillerato de la Universidad Aut\u00f3noma de Sinaloa (UAS), inform\u00f3 Yeimy L\u00f3pez Camacho.<br><br>\u201cSe espera una asistencia de 2 mil 400 docentes de los 43 planteles y sus 60 extensiones, algunos de ellos, dentro de sus posibilidades asistir\u00e1n a m\u00e1s de una sesi\u00f3n ya que muchos de nuestros docentes imparten m\u00e1s de una asignatura dentro del semestre\u201d, apunt\u00f3.<br><br>La responsable del \u00e1rea de Formaci\u00f3n Docente de la Direcci\u00f3n General de Escuelas Preparatorias (DGEP) de la UAS se\u00f1al\u00f3 que las sesiones virtuales sincr\u00f3nicas de los 22 talleres en l\u00edneas ser\u00e1n en relaci\u00f3n con la Orientaciones did\u00e1cticas para la implementaci\u00f3n del Plan de Programas de estudio 2024, capacitaci\u00f3n que estar\u00e1 a cargo del personal de la DGEP y docentes invitados.<br><br>\u201cDentro de estas sesiones se estar\u00e1n tocando los puntos de aspectos relevantes sobre la Reforma Curricular 2024, as\u00ed como los aspectos relevantes de los nuevos Programas de estudio 2024, adem\u00e1s se tratar\u00e1 de abordar tambi\u00e9n puntos importantes referente a las asignaturas del semestre anterior, as\u00ed como se abarcar\u00e1 lo que son las dudas y tambi\u00e9n aportaciones a los nuevos programas, tambi\u00e9n tratando de incorporar el Plan 2018 que tambi\u00e9n se tiene vigente en tercer a\u00f1o\u201d, manifest\u00f3.<br><br>As\u00ed mismo enfatiz\u00f3 que la importancia de la formaci\u00f3n docente radica en la posibilidad de compartir experiencias y recursos dentro de este gremio, conocer lo que otros hacen, ya que todo esto permite ampliar el repertorio de estrategias para un mejor desempe\u00f1o y formaci\u00f3n acad\u00e9mica que se les brinda a los miles de bachilleres que se forman en las aulas universitarias.<br><br>Mencion\u00f3 que la capacitaci\u00f3n que se da a los docentes no solo se suscribe a esta semana, sino que es permanente, por lo que en los pr\u00f3ximos meses se estar\u00e1n llevando a cabo Diplomados, talleres, seminarios, conferencias y coloquios.<\/p>\n","protected":false},"excerpt":{"rendered":"<p>En la idea de que el segundo semestre del ciclo escolar 2025-2026 el pr\u00f3ximo lunes 26 de enero inicie con buen \u00e1nimo, disposici\u00f3n y responsabilidad del personal acad\u00e9mico y con&hellip;<\/p>\n","protected":false},"author":1,"featured_media":31006,"comment_status":"open","ping_status":"open","sticky":false,"template":"","format":"standard","meta":{"_jetpack_memberships_contains_paid_content":false,"footnotes":"","jetpack_publicize_message":"","jetpack_publicize_feature_enabled":true,"jetpack_social_post_already_shared":true,"jetpack_social_options":{"image_generator_settings":{"template":"highway","default_image_id":0,"font":"","enabled":false},"version":2}},"categories":[40],"tags":[41],"class_list":["post-31007","post","type-post","status-publish","format-standard","has-post-thumbnail","hentry","category-educacion","tag-uas"],"yoast_head":"<!-- This site is optimized with the Yoast SEO plugin v27.2 - https:\/\/yoast.com\/product\/yoast-seo-wordpress\/ -->\n<title>La UAS iniciar\u00e1 la Jornada de Formaci\u00f3n Docente para fortalecer el Bachillerato; capacitar\u00e1 a m\u00e1s de 2 mil 400 docentes previo al nuevo semestre - \u00c9tica Comunica<\/title>\n<meta name=\"robots\" content=\"index, follow, max-snippet:-1, max-image-preview:large, max-video-preview:-1\" \/>\n<link rel=\"canonical\" href=\"https:\/\/eticacomunica.com.mx\/?p=31007\" \/>\n<meta property=\"og:locale\" content=\"es_MX\" \/>\n<meta property=\"og:type\" content=\"article\" \/>\n<meta property=\"og:title\" content=\"La UAS iniciar\u00e1 la Jornada de Formaci\u00f3n Docente para fortalecer el Bachillerato; capacitar\u00e1 a m\u00e1s de 2 mil 400 docentes previo al nuevo semestre - \u00c9tica Comunica\" \/>\n<meta property=\"og:description\" content=\"En la idea de que el segundo semestre del ciclo escolar 2025-2026 el pr\u00f3ximo lunes 26 de enero inicie con buen \u00e1nimo, disposici\u00f3n y responsabilidad del personal acad\u00e9mico y con&hellip;\" \/>\n<meta property=\"og:url\" content=\"https:\/\/eticacomunica.com.mx\/?p=31007\" \/>\n<meta property=\"og:site_name\" content=\"\u00c9tica Comunica\" \/>\n<meta property=\"article:publisher\" content=\"https:\/\/www.facebook.com\/eticacomunica\" \/>\n<meta property=\"article:published_time\" content=\"2026-01-15T15:47:02+00:00\" \/>\n<meta property=\"og:image\" content=\"https:\/\/eticacomunica.com.mx\/wp-content\/uploads\/2026\/01\/IMG-20260115-WA0010.jpg\" \/>\n\t<meta property=\"og:image:width\" content=\"1280\" \/>\n\t<meta property=\"og:image:height\" content=\"852\" \/>\n\t<meta property=\"og:image:type\" content=\"image\/jpeg\" \/>\n<meta name=\"author\" content=\"etica\" \/>\n<meta name=\"twitter:card\" content=\"summary_large_image\" \/>\n<meta name=\"twitter:label1\" content=\"Escrito por\" \/>\n\t<meta name=\"twitter:data1\" content=\"etica\" \/>\n\t<meta name=\"twitter:label2\" content=\"Tiempo de lectura\" \/>\n\t<meta name=\"twitter:data2\" content=\"2 minutos\" \/>\n<script type=\"application\/ld+json\" class=\"yoast-schema-graph\">{\"@context\":\"https:\/\/schema.org\",\"@graph\":[{\"@type\":\"Article\",\"@id\":\"https:\/\/eticacomunica.com.mx\/?p=31007#article\",\"isPartOf\":{\"@id\":\"https:\/\/eticacomunica.com.mx\/?p=31007\"},\"author\":{\"name\":\"etica\",\"@id\":\"https:\/\/eticacomunica.com.mx\/#\/schema\/person\/2cacc47bd17fe8ad92f08c0313d22fa6\"},\"headline\":\"La UAS iniciar\u00e1 la Jornada de Formaci\u00f3n Docente para fortalecer el Bachillerato; capacitar\u00e1 a m\u00e1s de 2 mil 400 docentes previo al nuevo semestre\",\"datePublished\":\"2026-01-15T15:47:02+00:00\",\"mainEntityOfPage\":{\"@id\":\"https:\/\/eticacomunica.com.mx\/?p=31007\"},\"wordCount\":404,\"commentCount\":0,\"publisher\":{\"@id\":\"https:\/\/eticacomunica.com.mx\/#organization\"},\"image\":{\"@id\":\"https:\/\/eticacomunica.com.mx\/?p=31007#primaryimage\"},\"thumbnailUrl\":\"https:\/\/eticacomunica.com.mx\/wp-content\/uploads\/2026\/01\/IMG-20260115-WA0010.jpg\",\"keywords\":[\"UAS\"],\"articleSection\":[\"Educaci\u00f3n\"],\"inLanguage\":\"es\",\"potentialAction\":[{\"@type\":\"CommentAction\",\"name\":\"Comment\",\"target\":[\"https:\/\/eticacomunica.com.mx\/?p=31007#respond\"]}]},{\"@type\":\"WebPage\",\"@id\":\"https:\/\/eticacomunica.com.mx\/?p=31007\",\"url\":\"https:\/\/eticacomunica.com.mx\/?p=31007\",\"name\":\"La UAS iniciar\u00e1 la Jornada de Formaci\u00f3n Docente para fortalecer el Bachillerato; capacitar\u00e1 a m\u00e1s de 2 mil 400 docentes previo al nuevo semestre - \u00c9tica Comunica\",\"isPartOf\":{\"@id\":\"https:\/\/eticacomunica.com.mx\/#website\"},\"primaryImageOfPage\":{\"@id\":\"https:\/\/eticacomunica.com.mx\/?p=31007#primaryimage\"},\"image\":{\"@id\":\"https:\/\/eticacomunica.com.mx\/?p=31007#primaryimage\"},\"thumbnailUrl\":\"https:\/\/eticacomunica.com.mx\/wp-content\/uploads\/2026\/01\/IMG-20260115-WA0010.jpg\",\"datePublished\":\"2026-01-15T15:47:02+00:00\",\"breadcrumb\":{\"@id\":\"https:\/\/eticacomunica.com.mx\/?p=31007#breadcrumb\"},\"inLanguage\":\"es\",\"potentialAction\":[{\"@type\":\"ReadAction\",\"target\":[\"https:\/\/eticacomunica.com.mx\/?p=31007\"]}]},{\"@type\":\"ImageObject\",\"inLanguage\":\"es\",\"@id\":\"https:\/\/eticacomunica.com.mx\/?p=31007#primaryimage\",\"url\":\"https:\/\/eticacomunica.com.mx\/wp-content\/uploads\/2026\/01\/IMG-20260115-WA0010.jpg\",\"contentUrl\":\"https:\/\/eticacomunica.com.mx\/wp-content\/uploads\/2026\/01\/IMG-20260115-WA0010.jpg\",\"width\":1280,\"height\":852},{\"@type\":\"BreadcrumbList\",\"@id\":\"https:\/\/eticacomunica.com.mx\/?p=31007#breadcrumb\",\"itemListElement\":[{\"@type\":\"ListItem\",\"position\":1,\"name\":\"Inicio\",\"item\":\"https:\/\/eticacomunica.com.mx\/\"},{\"@type\":\"ListItem\",\"position\":2,\"name\":\"La UAS iniciar\u00e1 la Jornada de Formaci\u00f3n Docente para fortalecer el Bachillerato; capacitar\u00e1 a m\u00e1s de 2 mil 400 docentes previo al nuevo semestre\"}]},{\"@type\":\"WebSite\",\"@id\":\"https:\/\/eticacomunica.com.mx\/#website\",\"url\":\"https:\/\/eticacomunica.com.mx\/\",\"name\":\"\u00c9tica Comunica\",\"description\":\"Diario Digital\",\"publisher\":{\"@id\":\"https:\/\/eticacomunica.com.mx\/#organization\"},\"potentialAction\":[{\"@type\":\"SearchAction\",\"target\":{\"@type\":\"EntryPoint\",\"urlTemplate\":\"https:\/\/eticacomunica.com.mx\/?s={search_term_string}\"},\"query-input\":{\"@type\":\"PropertyValueSpecification\",\"valueRequired\":true,\"valueName\":\"search_term_string\"}}],\"inLanguage\":\"es\"},{\"@type\":\"Organization\",\"@id\":\"https:\/\/eticacomunica.com.mx\/#organization\",\"name\":\"Diarios Digitales de Sinaloa\",\"url\":\"https:\/\/eticacomunica.com.mx\/\",\"logo\":{\"@type\":\"ImageObject\",\"inLanguage\":\"es\",\"@id\":\"https:\/\/eticacomunica.com.mx\/#\/schema\/logo\/image\/\",\"url\":\"https:\/\/eticacomunica.com.mx\/wp-content\/uploads\/2023\/10\/etica-logo.png\",\"contentUrl\":\"https:\/\/eticacomunica.com.mx\/wp-content\/uploads\/2023\/10\/etica-logo.png\",\"width\":1280,\"height\":432,\"caption\":\"Diarios Digitales de Sinaloa\"},\"image\":{\"@id\":\"https:\/\/eticacomunica.com.mx\/#\/schema\/logo\/image\/\"},\"sameAs\":[\"https:\/\/www.facebook.com\/eticacomunica\"]},{\"@type\":\"Person\",\"@id\":\"https:\/\/eticacomunica.com.mx\/#\/schema\/person\/2cacc47bd17fe8ad92f08c0313d22fa6\",\"name\":\"etica\",\"image\":{\"@type\":\"ImageObject\",\"inLanguage\":\"es\",\"@id\":\"https:\/\/secure.gravatar.com\/avatar\/dfb45d32bc7097f8f06d6e4f6e6b387e7cb8fd5b3a2869265c40587ab62cab1e?s=96&d=mm&r=g\",\"url\":\"https:\/\/secure.gravatar.com\/avatar\/dfb45d32bc7097f8f06d6e4f6e6b387e7cb8fd5b3a2869265c40587ab62cab1e?s=96&d=mm&r=g\",\"contentUrl\":\"https:\/\/secure.gravatar.com\/avatar\/dfb45d32bc7097f8f06d6e4f6e6b387e7cb8fd5b3a2869265c40587ab62cab1e?s=96&d=mm&r=g\",\"caption\":\"etica\"},\"sameAs\":[\"https:\/\/eticacomunica.com.mx\"],\"url\":\"https:\/\/eticacomunica.com.mx\/?author=1\"}]}<\/script>\n<!-- \/ Yoast SEO plugin. -->","yoast_head_json":{"title":"La UAS iniciar\u00e1 la Jornada de Formaci\u00f3n Docente para fortalecer el Bachillerato; capacitar\u00e1 a m\u00e1s de 2 mil 400 docentes previo al nuevo semestre - \u00c9tica Comunica","robots":{"index":"index","follow":"follow","max-snippet":"max-snippet:-1","max-image-preview":"max-image-preview:large","max-video-preview":"max-video-preview:-1"},"canonical":"https:\/\/eticacomunica.com.mx\/?p=31007","og_locale":"es_MX","og_type":"article","og_title":"La UAS iniciar\u00e1 la Jornada de Formaci\u00f3n Docente para fortalecer el Bachillerato; capacitar\u00e1 a m\u00e1s de 2 mil 400 docentes previo al nuevo semestre - \u00c9tica Comunica","og_description":"En la idea de que el segundo semestre del ciclo escolar 2025-2026 el pr\u00f3ximo lunes 26 de enero inicie con buen \u00e1nimo, disposici\u00f3n y responsabilidad del personal acad\u00e9mico y con&hellip;","og_url":"https:\/\/eticacomunica.com.mx\/?p=31007","og_site_name":"\u00c9tica Comunica","article_publisher":"https:\/\/www.facebook.com\/eticacomunica","article_published_time":"2026-01-15T15:47:02+00:00","og_image":[{"width":1280,"height":852,"url":"https:\/\/eticacomunica.com.mx\/wp-content\/uploads\/2026\/01\/IMG-20260115-WA0010.jpg","type":"image\/jpeg"}],"author":"etica","twitter_card":"summary_large_image","twitter_misc":{"Escrito por":"etica","Tiempo de lectura":"2 minutos"},"schema":{"@context":"https:\/\/schema.org","@graph":[{"@type":"Article","@id":"https:\/\/eticacomunica.com.mx\/?p=31007#article","isPartOf":{"@id":"https:\/\/eticacomunica.com.mx\/?p=31007"},"author":{"name":"etica","@id":"https:\/\/eticacomunica.com.mx\/#\/schema\/person\/2cacc47bd17fe8ad92f08c0313d22fa6"},"headline":"La UAS iniciar\u00e1 la Jornada de Formaci\u00f3n Docente para fortalecer el Bachillerato; capacitar\u00e1 a m\u00e1s de 2 mil 400 docentes previo al nuevo semestre","datePublished":"2026-01-15T15:47:02+00:00","mainEntityOfPage":{"@id":"https:\/\/eticacomunica.com.mx\/?p=31007"},"wordCount":404,"commentCount":0,"publisher":{"@id":"https:\/\/eticacomunica.com.mx\/#organization"},"image":{"@id":"https:\/\/eticacomunica.com.mx\/?p=31007#primaryimage"},"thumbnailUrl":"https:\/\/eticacomunica.com.mx\/wp-content\/uploads\/2026\/01\/IMG-20260115-WA0010.jpg","keywords":["UAS"],"articleSection":["Educaci\u00f3n"],"inLanguage":"es","potentialAction":[{"@type":"CommentAction","name":"Comment","target":["https:\/\/eticacomunica.com.mx\/?p=31007#respond"]}]},{"@type":"WebPage","@id":"https:\/\/eticacomunica.com.mx\/?p=31007","url":"https:\/\/eticacomunica.com.mx\/?p=31007","name":"La UAS iniciar\u00e1 la Jornada de Formaci\u00f3n Docente para fortalecer el Bachillerato; capacitar\u00e1 a m\u00e1s de 2 mil 400 docentes previo al nuevo semestre - \u00c9tica Comunica","isPartOf":{"@id":"https:\/\/eticacomunica.com.mx\/#website"},"primaryImageOfPage":{"@id":"https:\/\/eticacomunica.com.mx\/?p=31007#primaryimage"},"image":{"@id":"https:\/\/eticacomunica.com.mx\/?p=31007#primaryimage"},"thumbnailUrl":"https:\/\/eticacomunica.com.mx\/wp-content\/uploads\/2026\/01\/IMG-20260115-WA0010.jpg","datePublished":"2026-01-15T15:47:02+00:00","breadcrumb":{"@id":"https:\/\/eticacomunica.com.mx\/?p=31007#breadcrumb"},"inLanguage":"es","potentialAction":[{"@type":"ReadAction","target":["https:\/\/eticacomunica.com.mx\/?p=31007"]}]},{"@type":"ImageObject","inLanguage":"es","@id":"https:\/\/eticacomunica.com.mx\/?p=31007#primaryimage","url":"https:\/\/eticacomunica.com.mx\/wp-content\/uploads\/2026\/01\/IMG-20260115-WA0010.jpg","contentUrl":"https:\/\/eticacomunica.com.mx\/wp-content\/uploads\/2026\/01\/IMG-20260115-WA0010.jpg","width":1280,"height":852},{"@type":"BreadcrumbList","@id":"https:\/\/eticacomunica.com.mx\/?p=31007#breadcrumb","itemListElement":[{"@type":"ListItem","position":1,"name":"Inicio","item":"https:\/\/eticacomunica.com.mx\/"},{"@type":"ListItem","position":2,"name":"La UAS iniciar\u00e1 la Jornada de Formaci\u00f3n Docente para fortalecer el Bachillerato; capacitar\u00e1 a m\u00e1s de 2 mil 400 docentes previo al nuevo semestre"}]},{"@type":"WebSite","@id":"https:\/\/eticacomunica.com.mx\/#website","url":"https:\/\/eticacomunica.com.mx\/","name":"\u00c9tica Comunica","description":"Diario Digital","publisher":{"@id":"https:\/\/eticacomunica.com.mx\/#organization"},"potentialAction":[{"@type":"SearchAction","target":{"@type":"EntryPoint","urlTemplate":"https:\/\/eticacomunica.com.mx\/?s={search_term_string}"},"query-input":{"@type":"PropertyValueSpecification","valueRequired":true,"valueName":"search_term_string"}}],"inLanguage":"es"},{"@type":"Organization","@id":"https:\/\/eticacomunica.com.mx\/#organization","name":"Diarios Digitales de Sinaloa","url":"https:\/\/eticacomunica.com.mx\/","logo":{"@type":"ImageObject","inLanguage":"es","@id":"https:\/\/eticacomunica.com.mx\/#\/schema\/logo\/image\/","url":"https:\/\/eticacomunica.com.mx\/wp-content\/uploads\/2023\/10\/etica-logo.png","contentUrl":"https:\/\/eticacomunica.com.mx\/wp-content\/uploads\/2023\/10\/etica-logo.png","width":1280,"height":432,"caption":"Diarios Digitales de Sinaloa"},"image":{"@id":"https:\/\/eticacomunica.com.mx\/#\/schema\/logo\/image\/"},"sameAs":["https:\/\/www.facebook.com\/eticacomunica"]},{"@type":"Person","@id":"https:\/\/eticacomunica.com.mx\/#\/schema\/person\/2cacc47bd17fe8ad92f08c0313d22fa6","name":"etica","image":{"@type":"ImageObject","inLanguage":"es","@id":"https:\/\/secure.gravatar.com\/avatar\/dfb45d32bc7097f8f06d6e4f6e6b387e7cb8fd5b3a2869265c40587ab62cab1e?s=96&d=mm&r=g","url":"https:\/\/secure.gravatar.com\/avatar\/dfb45d32bc7097f8f06d6e4f6e6b387e7cb8fd5b3a2869265c40587ab62cab1e?s=96&d=mm&r=g","contentUrl":"https:\/\/secure.gravatar.com\/avatar\/dfb45d32bc7097f8f06d6e4f6e6b387e7cb8fd5b3a2869265c40587ab62cab1e?s=96&d=mm&r=g","caption":"etica"},"sameAs":["https:\/\/eticacomunica.com.mx"],"url":"https:\/\/eticacomunica.com.mx\/?author=1"}]}},"jetpack_publicize_connections":[],"jetpack_featured_media_url":"https:\/\/eticacomunica.com.mx\/wp-content\/uploads\/2026\/01\/IMG-20260115-WA0010.jpg","jetpack_sharing_enabled":true,"_links":{"self":[{"href":"https:\/\/eticacomunica.com.mx\/index.php?rest_route=\/wp\/v2\/posts\/31007","targetHints":{"allow":["GET"]}}],"collection":[{"href":"https:\/\/eticacomunica.com.mx\/index.php?rest_route=\/wp\/v2\/posts"}],"about":[{"href":"https:\/\/eticacomunica.com.mx\/index.php?rest_route=\/wp\/v2\/types\/post"}],"author":[{"embeddable":true,"href":"https:\/\/eticacomunica.com.mx\/index.php?rest_route=\/wp\/v2\/users\/1"}],"replies":[{"embeddable":true,"href":"https:\/\/eticacomunica.com.mx\/index.php?rest_route=%2Fwp%2Fv2%2Fcomments&post=31007"}],"version-history":[{"count":0,"href":"https:\/\/eticacomunica.com.mx\/index.php?rest_route=\/wp\/v2\/posts\/31007\/revisions"}],"wp:featuredmedia":[{"embeddable":true,"href":"https:\/\/eticacomunica.com.mx\/index.php?rest_route=\/wp\/v2\/media\/31006"}],"wp:attachment":[{"href":"https:\/\/eticacomunica.com.mx\/index.php?rest_route=%2Fwp%2Fv2%2Fmedia&parent=31007"}],"wp:term":[{"taxonomy":"category","embeddable":true,"href":"https:\/\/eticacomunica.com.mx\/index.php?rest_route=%2Fwp%2Fv2%2Fcategories&post=31007"},{"taxonomy":"post_tag","embeddable":true,"href":"https:\/\/eticacomunica.com.mx\/index.php?rest_route=%2Fwp%2Fv2%2Ftags&post=31007"}],"curies":[{"name":"wp","href":"https:\/\/api.w.org\/{rel}","templated":true}]}}