{"id":31011,"date":"2026-01-15T16:03:05","date_gmt":"2026-01-15T23:03:05","guid":{"rendered":"https:\/\/eticacomunica.com.mx\/?p=31011"},"modified":"2026-01-15T16:03:05","modified_gmt":"2026-01-15T23:03:05","slug":"la-universidad-autonoma-de-sinaloa-presente-en-la-semana-cultural-san-sebastian-de-las-artes","status":"publish","type":"post","link":"https:\/\/eticacomunica.com.mx\/?p=31011","title":{"rendered":"La Universidad Aut\u00f3noma de Sinaloa presente en la Semana Cultural \u201cSan Sebasti\u00e1n de las Artes\u201d"},"content":{"rendered":"\n<p>La Universidad Aut\u00f3noma de Sinaloa, como parte del compromiso del Rector, Dr Jes\u00fas Madue\u00f1a Molina; de difundir la cultura en la sociedad Sinaloense; a trav\u00e9s de la coordinaci\u00f3n de extensi\u00f3n de la cultura&nbsp; en la Zona sur a cargo&nbsp; de Ada Conchita Flores; particip\u00f3 en la Semana de la cultura \u201cSan Sebasti\u00e1n de las Artes\u201d, donde se celebra el 461 Aniversario de la fundaci\u00f3n de Concordia, con el programa folcl\u00f3rico \u201cM\u00e9xico, Costumbre y Tradici\u00f3n\u201d y un espectacular<br>\u201cHomenaje a Juan Gabriel\u201d.<br><br>A trav\u00e9s de los grupos de artistas, del grupo vers\u00e1til, folcl\u00f3ricos y la banda sinaloense universitaria; se ofreci\u00f3 un espect\u00e1culo musical de alto nivel.<br><br>El Alcalde Concordia, Oscar Zamudio, mostr\u00f3 su agradecimiento a la UAS; y a las Autoridades Universitarias; por llevar a los concordenses alegr\u00eda y cultura.<br><br>En la 44\u00aa edici\u00f3n de la Semana Cultural; se realiz\u00f3 el homenaje a la trayectoria art\u00edstica de Andr\u00e9s Valdez, m\u00fasico Concordense que dio origen a la Banda la Adictiva; por sus 35 a\u00f1os de trayectoria y quien tambi\u00e9n fue estudiante de la UAS.<br><br>Con la vinculaci\u00f3n entre la UAS y el municipio de Concordia, se fortalece&nbsp; la identidad universitaria en Sinaloa.<\/p>\n","protected":false},"excerpt":{"rendered":"<p>La Universidad Aut\u00f3noma de Sinaloa, como parte del compromiso del Rector, Dr Jes\u00fas Madue\u00f1a Molina; de difundir la cultura en la sociedad Sinaloense; a trav\u00e9s de la coordinaci\u00f3n de extensi\u00f3n&hellip;<\/p>\n","protected":false},"author":1,"featured_media":31010,"comment_status":"open","ping_status":"open","sticky":false,"template":"","format":"standard","meta":{"_jetpack_memberships_contains_paid_content":false,"footnotes":"","jetpack_publicize_message":"","jetpack_publicize_feature_enabled":true,"jetpack_social_post_already_shared":true,"jetpack_social_options":{"image_generator_settings":{"template":"highway","default_image_id":0,"font":"","enabled":false},"version":2}},"categories":[40],"tags":[41],"class_list":["post-31011","post","type-post","status-publish","format-standard","has-post-thumbnail","hentry","category-educacion","tag-uas"],"yoast_head":"<!-- This site is optimized with the Yoast SEO plugin v27.2 - https:\/\/yoast.com\/product\/yoast-seo-wordpress\/ -->\n<title>La Universidad Aut\u00f3noma de Sinaloa presente en la Semana Cultural \u201cSan Sebasti\u00e1n de las Artes\u201d - \u00c9tica Comunica<\/title>\n<meta name=\"robots\" content=\"index, follow, max-snippet:-1, max-image-preview:large, max-video-preview:-1\" \/>\n<link rel=\"canonical\" href=\"https:\/\/eticacomunica.com.mx\/?p=31011\" \/>\n<meta property=\"og:locale\" content=\"es_MX\" \/>\n<meta property=\"og:type\" content=\"article\" \/>\n<meta property=\"og:title\" content=\"La Universidad Aut\u00f3noma de Sinaloa presente en la Semana Cultural \u201cSan Sebasti\u00e1n de las Artes\u201d - \u00c9tica Comunica\" \/>\n<meta property=\"og:description\" content=\"La Universidad Aut\u00f3noma de Sinaloa, como parte del compromiso del Rector, Dr Jes\u00fas Madue\u00f1a Molina; de difundir la cultura en la sociedad Sinaloense; a trav\u00e9s de la coordinaci\u00f3n de extensi\u00f3n&hellip;\" \/>\n<meta property=\"og:url\" content=\"https:\/\/eticacomunica.com.mx\/?p=31011\" \/>\n<meta property=\"og:site_name\" content=\"\u00c9tica Comunica\" \/>\n<meta property=\"article:publisher\" content=\"https:\/\/www.facebook.com\/eticacomunica\" \/>\n<meta property=\"article:published_time\" content=\"2026-01-15T23:03:05+00:00\" \/>\n<meta property=\"og:image\" content=\"https:\/\/eticacomunica.com.mx\/wp-content\/uploads\/2026\/01\/IMG-20260115-WA0053.jpg\" \/>\n\t<meta property=\"og:image:width\" content=\"1600\" \/>\n\t<meta property=\"og:image:height\" content=\"1200\" \/>\n\t<meta property=\"og:image:type\" content=\"image\/jpeg\" \/>\n<meta name=\"author\" content=\"etica\" \/>\n<meta name=\"twitter:card\" content=\"summary_large_image\" \/>\n<meta name=\"twitter:label1\" content=\"Escrito por\" \/>\n\t<meta name=\"twitter:data1\" content=\"etica\" \/>\n\t<meta name=\"twitter:label2\" content=\"Tiempo de lectura\" \/>\n\t<meta name=\"twitter:data2\" content=\"1 minuto\" \/>\n<script type=\"application\/ld+json\" class=\"yoast-schema-graph\">{\"@context\":\"https:\/\/schema.org\",\"@graph\":[{\"@type\":\"Article\",\"@id\":\"https:\/\/eticacomunica.com.mx\/?p=31011#article\",\"isPartOf\":{\"@id\":\"https:\/\/eticacomunica.com.mx\/?p=31011\"},\"author\":{\"name\":\"etica\",\"@id\":\"https:\/\/eticacomunica.com.mx\/#\/schema\/person\/2cacc47bd17fe8ad92f08c0313d22fa6\"},\"headline\":\"La Universidad Aut\u00f3noma de Sinaloa presente en la Semana Cultural \u201cSan Sebasti\u00e1n de las Artes\u201d\",\"datePublished\":\"2026-01-15T23:03:05+00:00\",\"mainEntityOfPage\":{\"@id\":\"https:\/\/eticacomunica.com.mx\/?p=31011\"},\"wordCount\":230,\"commentCount\":0,\"publisher\":{\"@id\":\"https:\/\/eticacomunica.com.mx\/#organization\"},\"image\":{\"@id\":\"https:\/\/eticacomunica.com.mx\/?p=31011#primaryimage\"},\"thumbnailUrl\":\"https:\/\/eticacomunica.com.mx\/wp-content\/uploads\/2026\/01\/IMG-20260115-WA0053.jpg\",\"keywords\":[\"UAS\"],\"articleSection\":[\"Educaci\u00f3n\"],\"inLanguage\":\"es\",\"potentialAction\":[{\"@type\":\"CommentAction\",\"name\":\"Comment\",\"target\":[\"https:\/\/eticacomunica.com.mx\/?p=31011#respond\"]}]},{\"@type\":\"WebPage\",\"@id\":\"https:\/\/eticacomunica.com.mx\/?p=31011\",\"url\":\"https:\/\/eticacomunica.com.mx\/?p=31011\",\"name\":\"La Universidad Aut\u00f3noma de Sinaloa presente en la Semana Cultural \u201cSan Sebasti\u00e1n de las Artes\u201d - \u00c9tica Comunica\",\"isPartOf\":{\"@id\":\"https:\/\/eticacomunica.com.mx\/#website\"},\"primaryImageOfPage\":{\"@id\":\"https:\/\/eticacomunica.com.mx\/?p=31011#primaryimage\"},\"image\":{\"@id\":\"https:\/\/eticacomunica.com.mx\/?p=31011#primaryimage\"},\"thumbnailUrl\":\"https:\/\/eticacomunica.com.mx\/wp-content\/uploads\/2026\/01\/IMG-20260115-WA0053.jpg\",\"datePublished\":\"2026-01-15T23:03:05+00:00\",\"breadcrumb\":{\"@id\":\"https:\/\/eticacomunica.com.mx\/?p=31011#breadcrumb\"},\"inLanguage\":\"es\",\"potentialAction\":[{\"@type\":\"ReadAction\",\"target\":[\"https:\/\/eticacomunica.com.mx\/?p=31011\"]}]},{\"@type\":\"ImageObject\",\"inLanguage\":\"es\",\"@id\":\"https:\/\/eticacomunica.com.mx\/?p=31011#primaryimage\",\"url\":\"https:\/\/eticacomunica.com.mx\/wp-content\/uploads\/2026\/01\/IMG-20260115-WA0053.jpg\",\"contentUrl\":\"https:\/\/eticacomunica.com.mx\/wp-content\/uploads\/2026\/01\/IMG-20260115-WA0053.jpg\",\"width\":1600,\"height\":1200},{\"@type\":\"BreadcrumbList\",\"@id\":\"https:\/\/eticacomunica.com.mx\/?p=31011#breadcrumb\",\"itemListElement\":[{\"@type\":\"ListItem\",\"position\":1,\"name\":\"Inicio\",\"item\":\"https:\/\/eticacomunica.com.mx\/\"},{\"@type\":\"ListItem\",\"position\":2,\"name\":\"La Universidad Aut\u00f3noma de Sinaloa presente en la Semana Cultural \u201cSan Sebasti\u00e1n de las Artes\u201d\"}]},{\"@type\":\"WebSite\",\"@id\":\"https:\/\/eticacomunica.com.mx\/#website\",\"url\":\"https:\/\/eticacomunica.com.mx\/\",\"name\":\"\u00c9tica Comunica\",\"description\":\"Diario Digital\",\"publisher\":{\"@id\":\"https:\/\/eticacomunica.com.mx\/#organization\"},\"potentialAction\":[{\"@type\":\"SearchAction\",\"target\":{\"@type\":\"EntryPoint\",\"urlTemplate\":\"https:\/\/eticacomunica.com.mx\/?s={search_term_string}\"},\"query-input\":{\"@type\":\"PropertyValueSpecification\",\"valueRequired\":true,\"valueName\":\"search_term_string\"}}],\"inLanguage\":\"es\"},{\"@type\":\"Organization\",\"@id\":\"https:\/\/eticacomunica.com.mx\/#organization\",\"name\":\"Diarios Digitales de Sinaloa\",\"url\":\"https:\/\/eticacomunica.com.mx\/\",\"logo\":{\"@type\":\"ImageObject\",\"inLanguage\":\"es\",\"@id\":\"https:\/\/eticacomunica.com.mx\/#\/schema\/logo\/image\/\",\"url\":\"https:\/\/eticacomunica.com.mx\/wp-content\/uploads\/2023\/10\/etica-logo.png\",\"contentUrl\":\"https:\/\/eticacomunica.com.mx\/wp-content\/uploads\/2023\/10\/etica-logo.png\",\"width\":1280,\"height\":432,\"caption\":\"Diarios Digitales de Sinaloa\"},\"image\":{\"@id\":\"https:\/\/eticacomunica.com.mx\/#\/schema\/logo\/image\/\"},\"sameAs\":[\"https:\/\/www.facebook.com\/eticacomunica\"]},{\"@type\":\"Person\",\"@id\":\"https:\/\/eticacomunica.com.mx\/#\/schema\/person\/2cacc47bd17fe8ad92f08c0313d22fa6\",\"name\":\"etica\",\"image\":{\"@type\":\"ImageObject\",\"inLanguage\":\"es\",\"@id\":\"https:\/\/secure.gravatar.com\/avatar\/dfb45d32bc7097f8f06d6e4f6e6b387e7cb8fd5b3a2869265c40587ab62cab1e?s=96&d=mm&r=g\",\"url\":\"https:\/\/secure.gravatar.com\/avatar\/dfb45d32bc7097f8f06d6e4f6e6b387e7cb8fd5b3a2869265c40587ab62cab1e?s=96&d=mm&r=g\",\"contentUrl\":\"https:\/\/secure.gravatar.com\/avatar\/dfb45d32bc7097f8f06d6e4f6e6b387e7cb8fd5b3a2869265c40587ab62cab1e?s=96&d=mm&r=g\",\"caption\":\"etica\"},\"sameAs\":[\"https:\/\/eticacomunica.com.mx\"],\"url\":\"https:\/\/eticacomunica.com.mx\/?author=1\"}]}<\/script>\n<!-- \/ Yoast SEO plugin. -->","yoast_head_json":{"title":"La Universidad Aut\u00f3noma de Sinaloa presente en la Semana Cultural \u201cSan Sebasti\u00e1n de las Artes\u201d - \u00c9tica Comunica","robots":{"index":"index","follow":"follow","max-snippet":"max-snippet:-1","max-image-preview":"max-image-preview:large","max-video-preview":"max-video-preview:-1"},"canonical":"https:\/\/eticacomunica.com.mx\/?p=31011","og_locale":"es_MX","og_type":"article","og_title":"La Universidad Aut\u00f3noma de Sinaloa presente en la Semana Cultural \u201cSan Sebasti\u00e1n de las Artes\u201d - \u00c9tica Comunica","og_description":"La Universidad Aut\u00f3noma de Sinaloa, como parte del compromiso del Rector, Dr Jes\u00fas Madue\u00f1a Molina; de difundir la cultura en la sociedad Sinaloense; a trav\u00e9s de la coordinaci\u00f3n de extensi\u00f3n&hellip;","og_url":"https:\/\/eticacomunica.com.mx\/?p=31011","og_site_name":"\u00c9tica Comunica","article_publisher":"https:\/\/www.facebook.com\/eticacomunica","article_published_time":"2026-01-15T23:03:05+00:00","og_image":[{"width":1600,"height":1200,"url":"https:\/\/eticacomunica.com.mx\/wp-content\/uploads\/2026\/01\/IMG-20260115-WA0053.jpg","type":"image\/jpeg"}],"author":"etica","twitter_card":"summary_large_image","twitter_misc":{"Escrito por":"etica","Tiempo de lectura":"1 minuto"},"schema":{"@context":"https:\/\/schema.org","@graph":[{"@type":"Article","@id":"https:\/\/eticacomunica.com.mx\/?p=31011#article","isPartOf":{"@id":"https:\/\/eticacomunica.com.mx\/?p=31011"},"author":{"name":"etica","@id":"https:\/\/eticacomunica.com.mx\/#\/schema\/person\/2cacc47bd17fe8ad92f08c0313d22fa6"},"headline":"La Universidad Aut\u00f3noma de Sinaloa presente en la Semana Cultural \u201cSan Sebasti\u00e1n de las Artes\u201d","datePublished":"2026-01-15T23:03:05+00:00","mainEntityOfPage":{"@id":"https:\/\/eticacomunica.com.mx\/?p=31011"},"wordCount":230,"commentCount":0,"publisher":{"@id":"https:\/\/eticacomunica.com.mx\/#organization"},"image":{"@id":"https:\/\/eticacomunica.com.mx\/?p=31011#primaryimage"},"thumbnailUrl":"https:\/\/eticacomunica.com.mx\/wp-content\/uploads\/2026\/01\/IMG-20260115-WA0053.jpg","keywords":["UAS"],"articleSection":["Educaci\u00f3n"],"inLanguage":"es","potentialAction":[{"@type":"CommentAction","name":"Comment","target":["https:\/\/eticacomunica.com.mx\/?p=31011#respond"]}]},{"@type":"WebPage","@id":"https:\/\/eticacomunica.com.mx\/?p=31011","url":"https:\/\/eticacomunica.com.mx\/?p=31011","name":"La Universidad Aut\u00f3noma de Sinaloa presente en la Semana Cultural \u201cSan Sebasti\u00e1n de las Artes\u201d - \u00c9tica Comunica","isPartOf":{"@id":"https:\/\/eticacomunica.com.mx\/#website"},"primaryImageOfPage":{"@id":"https:\/\/eticacomunica.com.mx\/?p=31011#primaryimage"},"image":{"@id":"https:\/\/eticacomunica.com.mx\/?p=31011#primaryimage"},"thumbnailUrl":"https:\/\/eticacomunica.com.mx\/wp-content\/uploads\/2026\/01\/IMG-20260115-WA0053.jpg","datePublished":"2026-01-15T23:03:05+00:00","breadcrumb":{"@id":"https:\/\/eticacomunica.com.mx\/?p=31011#breadcrumb"},"inLanguage":"es","potentialAction":[{"@type":"ReadAction","target":["https:\/\/eticacomunica.com.mx\/?p=31011"]}]},{"@type":"ImageObject","inLanguage":"es","@id":"https:\/\/eticacomunica.com.mx\/?p=31011#primaryimage","url":"https:\/\/eticacomunica.com.mx\/wp-content\/uploads\/2026\/01\/IMG-20260115-WA0053.jpg","contentUrl":"https:\/\/eticacomunica.com.mx\/wp-content\/uploads\/2026\/01\/IMG-20260115-WA0053.jpg","width":1600,"height":1200},{"@type":"BreadcrumbList","@id":"https:\/\/eticacomunica.com.mx\/?p=31011#breadcrumb","itemListElement":[{"@type":"ListItem","position":1,"name":"Inicio","item":"https:\/\/eticacomunica.com.mx\/"},{"@type":"ListItem","position":2,"name":"La Universidad Aut\u00f3noma de Sinaloa presente en la Semana Cultural \u201cSan Sebasti\u00e1n de las Artes\u201d"}]},{"@type":"WebSite","@id":"https:\/\/eticacomunica.com.mx\/#website","url":"https:\/\/eticacomunica.com.mx\/","name":"\u00c9tica Comunica","description":"Diario Digital","publisher":{"@id":"https:\/\/eticacomunica.com.mx\/#organization"},"potentialAction":[{"@type":"SearchAction","target":{"@type":"EntryPoint","urlTemplate":"https:\/\/eticacomunica.com.mx\/?s={search_term_string}"},"query-input":{"@type":"PropertyValueSpecification","valueRequired":true,"valueName":"search_term_string"}}],"inLanguage":"es"},{"@type":"Organization","@id":"https:\/\/eticacomunica.com.mx\/#organization","name":"Diarios Digitales de Sinaloa","url":"https:\/\/eticacomunica.com.mx\/","logo":{"@type":"ImageObject","inLanguage":"es","@id":"https:\/\/eticacomunica.com.mx\/#\/schema\/logo\/image\/","url":"https:\/\/eticacomunica.com.mx\/wp-content\/uploads\/2023\/10\/etica-logo.png","contentUrl":"https:\/\/eticacomunica.com.mx\/wp-content\/uploads\/2023\/10\/etica-logo.png","width":1280,"height":432,"caption":"Diarios Digitales de Sinaloa"},"image":{"@id":"https:\/\/eticacomunica.com.mx\/#\/schema\/logo\/image\/"},"sameAs":["https:\/\/www.facebook.com\/eticacomunica"]},{"@type":"Person","@id":"https:\/\/eticacomunica.com.mx\/#\/schema\/person\/2cacc47bd17fe8ad92f08c0313d22fa6","name":"etica","image":{"@type":"ImageObject","inLanguage":"es","@id":"https:\/\/secure.gravatar.com\/avatar\/dfb45d32bc7097f8f06d6e4f6e6b387e7cb8fd5b3a2869265c40587ab62cab1e?s=96&d=mm&r=g","url":"https:\/\/secure.gravatar.com\/avatar\/dfb45d32bc7097f8f06d6e4f6e6b387e7cb8fd5b3a2869265c40587ab62cab1e?s=96&d=mm&r=g","contentUrl":"https:\/\/secure.gravatar.com\/avatar\/dfb45d32bc7097f8f06d6e4f6e6b387e7cb8fd5b3a2869265c40587ab62cab1e?s=96&d=mm&r=g","caption":"etica"},"sameAs":["https:\/\/eticacomunica.com.mx"],"url":"https:\/\/eticacomunica.com.mx\/?author=1"}]}},"jetpack_publicize_connections":[],"jetpack_featured_media_url":"https:\/\/eticacomunica.com.mx\/wp-content\/uploads\/2026\/01\/IMG-20260115-WA0053.jpg","jetpack_sharing_enabled":true,"_links":{"self":[{"href":"https:\/\/eticacomunica.com.mx\/index.php?rest_route=\/wp\/v2\/posts\/31011","targetHints":{"allow":["GET"]}}],"collection":[{"href":"https:\/\/eticacomunica.com.mx\/index.php?rest_route=\/wp\/v2\/posts"}],"about":[{"href":"https:\/\/eticacomunica.com.mx\/index.php?rest_route=\/wp\/v2\/types\/post"}],"author":[{"embeddable":true,"href":"https:\/\/eticacomunica.com.mx\/index.php?rest_route=\/wp\/v2\/users\/1"}],"replies":[{"embeddable":true,"href":"https:\/\/eticacomunica.com.mx\/index.php?rest_route=%2Fwp%2Fv2%2Fcomments&post=31011"}],"version-history":[{"count":0,"href":"https:\/\/eticacomunica.com.mx\/index.php?rest_route=\/wp\/v2\/posts\/31011\/revisions"}],"wp:featuredmedia":[{"embeddable":true,"href":"https:\/\/eticacomunica.com.mx\/index.php?rest_route=\/wp\/v2\/media\/31010"}],"wp:attachment":[{"href":"https:\/\/eticacomunica.com.mx\/index.php?rest_route=%2Fwp%2Fv2%2Fmedia&parent=31011"}],"wp:term":[{"taxonomy":"category","embeddable":true,"href":"https:\/\/eticacomunica.com.mx\/index.php?rest_route=%2Fwp%2Fv2%2Fcategories&post=31011"},{"taxonomy":"post_tag","embeddable":true,"href":"https:\/\/eticacomunica.com.mx\/index.php?rest_route=%2Fwp%2Fv2%2Ftags&post=31011"}],"curies":[{"name":"wp","href":"https:\/\/api.w.org\/{rel}","templated":true}]}}