{"id":31016,"date":"2026-01-15T17:54:55","date_gmt":"2026-01-16T00:54:55","guid":{"rendered":"https:\/\/eticacomunica.com.mx\/?p=31016"},"modified":"2026-01-15T17:54:55","modified_gmt":"2026-01-16T00:54:55","slug":"encabeza-eneyda-rocha-ruiz-ceremonia-de-agradecimiento-a-quienes-participaron-en-el-boteo-teleton-2025-en-sinaloa","status":"publish","type":"post","link":"https:\/\/eticacomunica.com.mx\/?p=31016","title":{"rendered":"Encabeza Eneyda Rocha Ruiz ceremonia de agradecimiento a quienes participaron en el Boteo Telet\u00f3n 2025 en Sinaloa"},"content":{"rendered":"\n<p>Sinaloa recaud\u00f3 m\u00e1s de 2.5 MDP en el Boteo Telet\u00f3n, superando la meta de 2024. Actividades como esta se logran gracias a la uni\u00f3n de esfuerzos del Gobierno, familias, colaboradores, instituciones, ciudadanos y a los miles de voluntarios que salen a solicitar el apoyo_<br><br>*Mazatl\u00e1n, Sinaloa, a 15 de enero de 2026.-* Para cerrar con broche de oro la campa\u00f1a de recaudaci\u00f3n que inici\u00f3 el 2 de junio y culmin\u00f3 el 11 de octubre en el marco de la celebraci\u00f3n del Telet\u00f3n, el d\u00eda de hoy, en el Centro de Rehabilitaci\u00f3n e Inclusi\u00f3n Infantil Telet\u00f3n (CRIT) en Mazatl\u00e1n, se llev\u00f3 a cabo la Ceremonia de Agradecimiento a quienes participaron en el boteo 2025. Gracias a su esfuerzo, se hizo posible la recaudaci\u00f3n de 2 millones 501 mil 011 pesos, superando lo recaudado en 2024.<br><br>El evento estuvo encabezado por la doctora Eneyda Rocha Ruiz, presidenta honoraria del Sistema DIF Sinaloa, y por la Mtra. Mar\u00eda Guti\u00e9rrez P\u00e9rez, directora del CRIT Sinaloa, quienes entregaron los reconocimientos a las familias, voluntarios y representantes de las empresas que participaron durante la colecta 2025.<br><br>En reconocimiento al trabajo realizado y por haber logrado la mayor recaudaci\u00f3n durante el boteo 2025, la directora general del CRIT Sinaloa, Mtra. Mar\u00eda Guti\u00e9rrez, entreg\u00f3 a la Dra. Eneyda Rocha un reconocimiento para el Sistema DIF Sinaloa. Durante su intervenci\u00f3n, la presidenta del DIF Estatal se mostr\u00f3 muy emocionada y agradeci\u00f3 a las y los padres de familia, ya que son ellos quienes, con amor y templanza, luchan por llevar a sus hijos a sus terapias.<br><br>Asimismo, indic\u00f3 que, desde el gobierno humanista que encabeza el Dr. Rub\u00e9n Rocha Moya, todos los d\u00edas se trabaja para que todas las ni\u00f1as y los ni\u00f1os tengan acceso a espacios dignos para atender su salud y tener una vida plena. Durante su mensaje, hizo un llamado a que juntas y juntos mantengamos la empat\u00eda para cambiar vidas; record\u00f3 que cuando al Gobernador se le present\u00f3 el proyecto del CRIT para Sinaloa por parte de Fundaci\u00f3n Telet\u00f3n, sin dudarlo \u00e9l dijo que Sinaloa tendr\u00eda atenci\u00f3n para la rehabilitaci\u00f3n motriz y para el autismo, siendo este el primer centro en M\u00e9xico con esa modalidad.<br><br>\u201cSeamos una sociedad m\u00e1s humana y unida, que trabaje de coraz\u00f3n por el pr\u00f3jimo. Esa empat\u00eda que nos distingue es la que nos hace grandes; debemos fomentarla diariamente en nuestras hijas e hijos para consolidar una sociedad m\u00e1s incluyente\u201d, expres\u00f3 Rocha Ruiz.<br><br>Por su parte, la directora del CRIT Sinaloa, Mtra. Mar\u00eda Guti\u00e9rrez, inform\u00f3 que durante el ejercicio 2025, el CRIT Sinaloa brind\u00f3 atenci\u00f3n integral a 600 ni\u00f1as y ni\u00f1os: \u201cAtendemos a 600 menores: 190 con autismo y el resto con discapacidad motriz. Recibimos a pacientes de todo el estado y tambi\u00e9n del vecino estado de Nayarit\u201d.<br><br>Los recursos obtenidos aseguran la continuidad de los tratamientos, transformando cada donativo en terapias directas que mejoran la calidad de vida de la ni\u00f1ez en la regi\u00f3n. En el marco de la clausura, se entregaron galardones a los participantes m\u00e1s activos del boteo masivo, destacando que la respuesta ciudadana es el motor que impulsa este proyecto a\u00f1o tras a\u00f1o. Finalmente, el DIF Sinaloa extiende una invitaci\u00f3n a toda la poblaci\u00f3n para mantener el esp\u00edritu de colaboraci\u00f3n y generosidad durante este 2026.<\/p>\n","protected":false},"excerpt":{"rendered":"<p>Sinaloa recaud\u00f3 m\u00e1s de 2.5 MDP en el Boteo Telet\u00f3n, superando la meta de 2024. Actividades como esta se logran gracias a la uni\u00f3n de esfuerzos del Gobierno, familias, colaboradores,&hellip;<\/p>\n","protected":false},"author":1,"featured_media":31015,"comment_status":"open","ping_status":"open","sticky":false,"template":"","format":"standard","meta":{"_jetpack_memberships_contains_paid_content":false,"footnotes":"","jetpack_publicize_message":"","jetpack_publicize_feature_enabled":true,"jetpack_social_post_already_shared":true,"jetpack_social_options":{"image_generator_settings":{"template":"highway","default_image_id":0,"font":"","enabled":false},"version":2}},"categories":[52],"tags":[48],"class_list":["post-31016","post","type-post","status-publish","format-standard","has-post-thumbnail","hentry","category-subportada","tag-dif-sinaloa"],"yoast_head":"<!-- This site is optimized with the Yoast SEO plugin v27.2 - https:\/\/yoast.com\/product\/yoast-seo-wordpress\/ -->\n<title>Encabeza Eneyda Rocha Ruiz ceremonia de agradecimiento a quienes participaron en el Boteo Telet\u00f3n 2025 en Sinaloa - \u00c9tica Comunica<\/title>\n<meta name=\"robots\" content=\"index, follow, max-snippet:-1, max-image-preview:large, max-video-preview:-1\" \/>\n<link rel=\"canonical\" href=\"https:\/\/eticacomunica.com.mx\/?p=31016\" \/>\n<meta property=\"og:locale\" content=\"es_MX\" \/>\n<meta property=\"og:type\" content=\"article\" \/>\n<meta property=\"og:title\" content=\"Encabeza Eneyda Rocha Ruiz ceremonia de agradecimiento a quienes participaron en el Boteo Telet\u00f3n 2025 en Sinaloa - \u00c9tica Comunica\" \/>\n<meta property=\"og:description\" content=\"Sinaloa recaud\u00f3 m\u00e1s de 2.5 MDP en el Boteo Telet\u00f3n, superando la meta de 2024. Actividades como esta se logran gracias a la uni\u00f3n de esfuerzos del Gobierno, familias, colaboradores,&hellip;\" \/>\n<meta property=\"og:url\" content=\"https:\/\/eticacomunica.com.mx\/?p=31016\" \/>\n<meta property=\"og:site_name\" content=\"\u00c9tica Comunica\" \/>\n<meta property=\"article:publisher\" content=\"https:\/\/www.facebook.com\/eticacomunica\" \/>\n<meta property=\"article:published_time\" content=\"2026-01-16T00:54:55+00:00\" \/>\n<meta property=\"og:image\" content=\"https:\/\/eticacomunica.com.mx\/wp-content\/uploads\/2026\/01\/IMG-20260115-WA0063.jpg\" \/>\n\t<meta property=\"og:image:width\" content=\"1065\" \/>\n\t<meta property=\"og:image:height\" content=\"710\" \/>\n\t<meta property=\"og:image:type\" content=\"image\/jpeg\" \/>\n<meta name=\"author\" content=\"etica\" \/>\n<meta name=\"twitter:card\" content=\"summary_large_image\" \/>\n<meta name=\"twitter:label1\" content=\"Escrito por\" \/>\n\t<meta name=\"twitter:data1\" content=\"etica\" \/>\n\t<meta name=\"twitter:label2\" content=\"Tiempo de lectura\" \/>\n\t<meta name=\"twitter:data2\" content=\"3 minutos\" \/>\n<script type=\"application\/ld+json\" class=\"yoast-schema-graph\">{\"@context\":\"https:\/\/schema.org\",\"@graph\":[{\"@type\":\"Article\",\"@id\":\"https:\/\/eticacomunica.com.mx\/?p=31016#article\",\"isPartOf\":{\"@id\":\"https:\/\/eticacomunica.com.mx\/?p=31016\"},\"author\":{\"name\":\"etica\",\"@id\":\"https:\/\/eticacomunica.com.mx\/#\/schema\/person\/2cacc47bd17fe8ad92f08c0313d22fa6\"},\"headline\":\"Encabeza Eneyda Rocha Ruiz ceremonia de agradecimiento a quienes participaron en el Boteo Telet\u00f3n 2025 en Sinaloa\",\"datePublished\":\"2026-01-16T00:54:55+00:00\",\"mainEntityOfPage\":{\"@id\":\"https:\/\/eticacomunica.com.mx\/?p=31016\"},\"wordCount\":590,\"commentCount\":0,\"publisher\":{\"@id\":\"https:\/\/eticacomunica.com.mx\/#organization\"},\"image\":{\"@id\":\"https:\/\/eticacomunica.com.mx\/?p=31016#primaryimage\"},\"thumbnailUrl\":\"https:\/\/eticacomunica.com.mx\/wp-content\/uploads\/2026\/01\/IMG-20260115-WA0063.jpg\",\"keywords\":[\"DIF Sinaloa\"],\"articleSection\":[\"Subportada\"],\"inLanguage\":\"es\",\"potentialAction\":[{\"@type\":\"CommentAction\",\"name\":\"Comment\",\"target\":[\"https:\/\/eticacomunica.com.mx\/?p=31016#respond\"]}]},{\"@type\":\"WebPage\",\"@id\":\"https:\/\/eticacomunica.com.mx\/?p=31016\",\"url\":\"https:\/\/eticacomunica.com.mx\/?p=31016\",\"name\":\"Encabeza Eneyda Rocha Ruiz ceremonia de agradecimiento a quienes participaron en el Boteo Telet\u00f3n 2025 en Sinaloa - \u00c9tica Comunica\",\"isPartOf\":{\"@id\":\"https:\/\/eticacomunica.com.mx\/#website\"},\"primaryImageOfPage\":{\"@id\":\"https:\/\/eticacomunica.com.mx\/?p=31016#primaryimage\"},\"image\":{\"@id\":\"https:\/\/eticacomunica.com.mx\/?p=31016#primaryimage\"},\"thumbnailUrl\":\"https:\/\/eticacomunica.com.mx\/wp-content\/uploads\/2026\/01\/IMG-20260115-WA0063.jpg\",\"datePublished\":\"2026-01-16T00:54:55+00:00\",\"breadcrumb\":{\"@id\":\"https:\/\/eticacomunica.com.mx\/?p=31016#breadcrumb\"},\"inLanguage\":\"es\",\"potentialAction\":[{\"@type\":\"ReadAction\",\"target\":[\"https:\/\/eticacomunica.com.mx\/?p=31016\"]}]},{\"@type\":\"ImageObject\",\"inLanguage\":\"es\",\"@id\":\"https:\/\/eticacomunica.com.mx\/?p=31016#primaryimage\",\"url\":\"https:\/\/eticacomunica.com.mx\/wp-content\/uploads\/2026\/01\/IMG-20260115-WA0063.jpg\",\"contentUrl\":\"https:\/\/eticacomunica.com.mx\/wp-content\/uploads\/2026\/01\/IMG-20260115-WA0063.jpg\",\"width\":1065,\"height\":710},{\"@type\":\"BreadcrumbList\",\"@id\":\"https:\/\/eticacomunica.com.mx\/?p=31016#breadcrumb\",\"itemListElement\":[{\"@type\":\"ListItem\",\"position\":1,\"name\":\"Inicio\",\"item\":\"https:\/\/eticacomunica.com.mx\/\"},{\"@type\":\"ListItem\",\"position\":2,\"name\":\"Encabeza Eneyda Rocha Ruiz ceremonia de agradecimiento a quienes participaron en el Boteo Telet\u00f3n 2025 en Sinaloa\"}]},{\"@type\":\"WebSite\",\"@id\":\"https:\/\/eticacomunica.com.mx\/#website\",\"url\":\"https:\/\/eticacomunica.com.mx\/\",\"name\":\"\u00c9tica Comunica\",\"description\":\"Diario Digital\",\"publisher\":{\"@id\":\"https:\/\/eticacomunica.com.mx\/#organization\"},\"potentialAction\":[{\"@type\":\"SearchAction\",\"target\":{\"@type\":\"EntryPoint\",\"urlTemplate\":\"https:\/\/eticacomunica.com.mx\/?s={search_term_string}\"},\"query-input\":{\"@type\":\"PropertyValueSpecification\",\"valueRequired\":true,\"valueName\":\"search_term_string\"}}],\"inLanguage\":\"es\"},{\"@type\":\"Organization\",\"@id\":\"https:\/\/eticacomunica.com.mx\/#organization\",\"name\":\"Diarios Digitales de Sinaloa\",\"url\":\"https:\/\/eticacomunica.com.mx\/\",\"logo\":{\"@type\":\"ImageObject\",\"inLanguage\":\"es\",\"@id\":\"https:\/\/eticacomunica.com.mx\/#\/schema\/logo\/image\/\",\"url\":\"https:\/\/eticacomunica.com.mx\/wp-content\/uploads\/2023\/10\/etica-logo.png\",\"contentUrl\":\"https:\/\/eticacomunica.com.mx\/wp-content\/uploads\/2023\/10\/etica-logo.png\",\"width\":1280,\"height\":432,\"caption\":\"Diarios Digitales de Sinaloa\"},\"image\":{\"@id\":\"https:\/\/eticacomunica.com.mx\/#\/schema\/logo\/image\/\"},\"sameAs\":[\"https:\/\/www.facebook.com\/eticacomunica\"]},{\"@type\":\"Person\",\"@id\":\"https:\/\/eticacomunica.com.mx\/#\/schema\/person\/2cacc47bd17fe8ad92f08c0313d22fa6\",\"name\":\"etica\",\"image\":{\"@type\":\"ImageObject\",\"inLanguage\":\"es\",\"@id\":\"https:\/\/secure.gravatar.com\/avatar\/dfb45d32bc7097f8f06d6e4f6e6b387e7cb8fd5b3a2869265c40587ab62cab1e?s=96&d=mm&r=g\",\"url\":\"https:\/\/secure.gravatar.com\/avatar\/dfb45d32bc7097f8f06d6e4f6e6b387e7cb8fd5b3a2869265c40587ab62cab1e?s=96&d=mm&r=g\",\"contentUrl\":\"https:\/\/secure.gravatar.com\/avatar\/dfb45d32bc7097f8f06d6e4f6e6b387e7cb8fd5b3a2869265c40587ab62cab1e?s=96&d=mm&r=g\",\"caption\":\"etica\"},\"sameAs\":[\"https:\/\/eticacomunica.com.mx\"],\"url\":\"https:\/\/eticacomunica.com.mx\/?author=1\"}]}<\/script>\n<!-- \/ Yoast SEO plugin. -->","yoast_head_json":{"title":"Encabeza Eneyda Rocha Ruiz ceremonia de agradecimiento a quienes participaron en el Boteo Telet\u00f3n 2025 en Sinaloa - \u00c9tica Comunica","robots":{"index":"index","follow":"follow","max-snippet":"max-snippet:-1","max-image-preview":"max-image-preview:large","max-video-preview":"max-video-preview:-1"},"canonical":"https:\/\/eticacomunica.com.mx\/?p=31016","og_locale":"es_MX","og_type":"article","og_title":"Encabeza Eneyda Rocha Ruiz ceremonia de agradecimiento a quienes participaron en el Boteo Telet\u00f3n 2025 en Sinaloa - \u00c9tica Comunica","og_description":"Sinaloa recaud\u00f3 m\u00e1s de 2.5 MDP en el Boteo Telet\u00f3n, superando la meta de 2024. Actividades como esta se logran gracias a la uni\u00f3n de esfuerzos del Gobierno, familias, colaboradores,&hellip;","og_url":"https:\/\/eticacomunica.com.mx\/?p=31016","og_site_name":"\u00c9tica Comunica","article_publisher":"https:\/\/www.facebook.com\/eticacomunica","article_published_time":"2026-01-16T00:54:55+00:00","og_image":[{"width":1065,"height":710,"url":"https:\/\/eticacomunica.com.mx\/wp-content\/uploads\/2026\/01\/IMG-20260115-WA0063.jpg","type":"image\/jpeg"}],"author":"etica","twitter_card":"summary_large_image","twitter_misc":{"Escrito por":"etica","Tiempo de lectura":"3 minutos"},"schema":{"@context":"https:\/\/schema.org","@graph":[{"@type":"Article","@id":"https:\/\/eticacomunica.com.mx\/?p=31016#article","isPartOf":{"@id":"https:\/\/eticacomunica.com.mx\/?p=31016"},"author":{"name":"etica","@id":"https:\/\/eticacomunica.com.mx\/#\/schema\/person\/2cacc47bd17fe8ad92f08c0313d22fa6"},"headline":"Encabeza Eneyda Rocha Ruiz ceremonia de agradecimiento a quienes participaron en el Boteo Telet\u00f3n 2025 en Sinaloa","datePublished":"2026-01-16T00:54:55+00:00","mainEntityOfPage":{"@id":"https:\/\/eticacomunica.com.mx\/?p=31016"},"wordCount":590,"commentCount":0,"publisher":{"@id":"https:\/\/eticacomunica.com.mx\/#organization"},"image":{"@id":"https:\/\/eticacomunica.com.mx\/?p=31016#primaryimage"},"thumbnailUrl":"https:\/\/eticacomunica.com.mx\/wp-content\/uploads\/2026\/01\/IMG-20260115-WA0063.jpg","keywords":["DIF Sinaloa"],"articleSection":["Subportada"],"inLanguage":"es","potentialAction":[{"@type":"CommentAction","name":"Comment","target":["https:\/\/eticacomunica.com.mx\/?p=31016#respond"]}]},{"@type":"WebPage","@id":"https:\/\/eticacomunica.com.mx\/?p=31016","url":"https:\/\/eticacomunica.com.mx\/?p=31016","name":"Encabeza Eneyda Rocha Ruiz ceremonia de agradecimiento a quienes participaron en el Boteo Telet\u00f3n 2025 en Sinaloa - \u00c9tica Comunica","isPartOf":{"@id":"https:\/\/eticacomunica.com.mx\/#website"},"primaryImageOfPage":{"@id":"https:\/\/eticacomunica.com.mx\/?p=31016#primaryimage"},"image":{"@id":"https:\/\/eticacomunica.com.mx\/?p=31016#primaryimage"},"thumbnailUrl":"https:\/\/eticacomunica.com.mx\/wp-content\/uploads\/2026\/01\/IMG-20260115-WA0063.jpg","datePublished":"2026-01-16T00:54:55+00:00","breadcrumb":{"@id":"https:\/\/eticacomunica.com.mx\/?p=31016#breadcrumb"},"inLanguage":"es","potentialAction":[{"@type":"ReadAction","target":["https:\/\/eticacomunica.com.mx\/?p=31016"]}]},{"@type":"ImageObject","inLanguage":"es","@id":"https:\/\/eticacomunica.com.mx\/?p=31016#primaryimage","url":"https:\/\/eticacomunica.com.mx\/wp-content\/uploads\/2026\/01\/IMG-20260115-WA0063.jpg","contentUrl":"https:\/\/eticacomunica.com.mx\/wp-content\/uploads\/2026\/01\/IMG-20260115-WA0063.jpg","width":1065,"height":710},{"@type":"BreadcrumbList","@id":"https:\/\/eticacomunica.com.mx\/?p=31016#breadcrumb","itemListElement":[{"@type":"ListItem","position":1,"name":"Inicio","item":"https:\/\/eticacomunica.com.mx\/"},{"@type":"ListItem","position":2,"name":"Encabeza Eneyda Rocha Ruiz ceremonia de agradecimiento a quienes participaron en el Boteo Telet\u00f3n 2025 en Sinaloa"}]},{"@type":"WebSite","@id":"https:\/\/eticacomunica.com.mx\/#website","url":"https:\/\/eticacomunica.com.mx\/","name":"\u00c9tica Comunica","description":"Diario Digital","publisher":{"@id":"https:\/\/eticacomunica.com.mx\/#organization"},"potentialAction":[{"@type":"SearchAction","target":{"@type":"EntryPoint","urlTemplate":"https:\/\/eticacomunica.com.mx\/?s={search_term_string}"},"query-input":{"@type":"PropertyValueSpecification","valueRequired":true,"valueName":"search_term_string"}}],"inLanguage":"es"},{"@type":"Organization","@id":"https:\/\/eticacomunica.com.mx\/#organization","name":"Diarios Digitales de Sinaloa","url":"https:\/\/eticacomunica.com.mx\/","logo":{"@type":"ImageObject","inLanguage":"es","@id":"https:\/\/eticacomunica.com.mx\/#\/schema\/logo\/image\/","url":"https:\/\/eticacomunica.com.mx\/wp-content\/uploads\/2023\/10\/etica-logo.png","contentUrl":"https:\/\/eticacomunica.com.mx\/wp-content\/uploads\/2023\/10\/etica-logo.png","width":1280,"height":432,"caption":"Diarios Digitales de Sinaloa"},"image":{"@id":"https:\/\/eticacomunica.com.mx\/#\/schema\/logo\/image\/"},"sameAs":["https:\/\/www.facebook.com\/eticacomunica"]},{"@type":"Person","@id":"https:\/\/eticacomunica.com.mx\/#\/schema\/person\/2cacc47bd17fe8ad92f08c0313d22fa6","name":"etica","image":{"@type":"ImageObject","inLanguage":"es","@id":"https:\/\/secure.gravatar.com\/avatar\/dfb45d32bc7097f8f06d6e4f6e6b387e7cb8fd5b3a2869265c40587ab62cab1e?s=96&d=mm&r=g","url":"https:\/\/secure.gravatar.com\/avatar\/dfb45d32bc7097f8f06d6e4f6e6b387e7cb8fd5b3a2869265c40587ab62cab1e?s=96&d=mm&r=g","contentUrl":"https:\/\/secure.gravatar.com\/avatar\/dfb45d32bc7097f8f06d6e4f6e6b387e7cb8fd5b3a2869265c40587ab62cab1e?s=96&d=mm&r=g","caption":"etica"},"sameAs":["https:\/\/eticacomunica.com.mx"],"url":"https:\/\/eticacomunica.com.mx\/?author=1"}]}},"jetpack_publicize_connections":[],"jetpack_featured_media_url":"https:\/\/eticacomunica.com.mx\/wp-content\/uploads\/2026\/01\/IMG-20260115-WA0063.jpg","jetpack_sharing_enabled":true,"_links":{"self":[{"href":"https:\/\/eticacomunica.com.mx\/index.php?rest_route=\/wp\/v2\/posts\/31016","targetHints":{"allow":["GET"]}}],"collection":[{"href":"https:\/\/eticacomunica.com.mx\/index.php?rest_route=\/wp\/v2\/posts"}],"about":[{"href":"https:\/\/eticacomunica.com.mx\/index.php?rest_route=\/wp\/v2\/types\/post"}],"author":[{"embeddable":true,"href":"https:\/\/eticacomunica.com.mx\/index.php?rest_route=\/wp\/v2\/users\/1"}],"replies":[{"embeddable":true,"href":"https:\/\/eticacomunica.com.mx\/index.php?rest_route=%2Fwp%2Fv2%2Fcomments&post=31016"}],"version-history":[{"count":0,"href":"https:\/\/eticacomunica.com.mx\/index.php?rest_route=\/wp\/v2\/posts\/31016\/revisions"}],"wp:featuredmedia":[{"embeddable":true,"href":"https:\/\/eticacomunica.com.mx\/index.php?rest_route=\/wp\/v2\/media\/31015"}],"wp:attachment":[{"href":"https:\/\/eticacomunica.com.mx\/index.php?rest_route=%2Fwp%2Fv2%2Fmedia&parent=31016"}],"wp:term":[{"taxonomy":"category","embeddable":true,"href":"https:\/\/eticacomunica.com.mx\/index.php?rest_route=%2Fwp%2Fv2%2Fcategories&post=31016"},{"taxonomy":"post_tag","embeddable":true,"href":"https:\/\/eticacomunica.com.mx\/index.php?rest_route=%2Fwp%2Fv2%2Ftags&post=31016"}],"curies":[{"name":"wp","href":"https:\/\/api.w.org\/{rel}","templated":true}]}}