{"id":31020,"date":"2026-01-15T20:55:59","date_gmt":"2026-01-16T03:55:59","guid":{"rendered":"https:\/\/eticacomunica.com.mx\/?p=31020"},"modified":"2026-01-15T20:55:59","modified_gmt":"2026-01-16T03:55:59","slug":"la-uas-es-reconocida-por-su-recaudacion-de-2025-por-la-fundacion-teleton","status":"publish","type":"post","link":"https:\/\/eticacomunica.com.mx\/?p=31020","title":{"rendered":"La UAS es reconocida por su recaudaci\u00f3n de 2025 por la fundaci\u00f3n Telet\u00f3n"},"content":{"rendered":"\n<p>La Universidad Aut\u00f3noma de Sinaloa (UAS) fue reconocida por la Fundaci\u00f3n Telet\u00f3n como la instituci\u00f3n con el mayor promedio de boteo en la campa\u00f1a de recaudaci\u00f3n 2025. <br><br>La maestra Marisol Reyes Portillo, Secretaria Acad\u00e9mica de la Unidad Regional Sur (URS), manifest\u00f3 el orgullo institucional ante este logro alcanzado por la comunidad universitaria.<br><br>\u201cHoy es un d\u00eda para dar gracias a toda nuestra comunidad universitaria puesto que sin su ayuda esto no hubiese sido logrado, somos la universidad que ha estado reconocida por lograr la mayor recaudaci\u00f3n (\u2026) trabajamos con valores, con el respeto, con la inclusi\u00f3n, pero sobre todo con el amor y el humanismo (&#8230;) que se centra en toda nuestra educaci\u00f3n, sobre todo para nuestra Universidad Aut\u00f3noma de Sinaloa\u201d, precis\u00f3 la funcionaria.<br><br>Por su parte, la Lic. Mar\u00eda Guti\u00e9rrez P\u00e9rez, Directora del CRIT Sinaloa, subray\u00f3 la importancia de la UAS como aliado estrat\u00e9gico en la formaci\u00f3n profesional y profesional.<br><br>\u201cPara nosotros en CRIT Sinaloa, que la UAS sea un aliado nos abre grandes puertas (\u2026) buscamos convertirnos en unos aliados donde nosotros podamos ser como centro que contrata personas que forma personas en \u00e1mbito de la salud, de la discapacidad y del autismo (\u2026) ser eso, un v\u00ednculo para que muchos m\u00e1s profesionales en formaci\u00f3n puedan venir aqu\u00ed a hacer sus pr\u00e1cticas, su servicio social, formar a grandes adultos que tambi\u00e9n tiene una formaci\u00f3n desde la UAS muy amplia a nivel t\u00e9cnico, pero tambi\u00e9n humano\u201d, remarc\u00f3 Guti\u00e9rrez P\u00e9rez.<br><br>En este contexto de vinculaci\u00f3n, la Presidenta del Sistema DIF Sinaloa, Dra. Eneyda Rocha Ruiz, reconoci\u00f3 la identidad solidaria de la casa de estudios: \u201cYo soy universitaria (\u2026) conozco de la universidad, s\u00e9 la esencia de los universitarios (\u2026) comprometidos con la formaci\u00f3n, con la educaci\u00f3n, somos muy emp\u00e1ticos y bueno pues tambi\u00e9n es de esperarse que la universidad siempre ha estado participando no solamente en formar, sino siempre ha estado presente con toda la sociedad\u201d.<br><br>Bajo el impulso del Rector, Dr. Jes\u00fas Madue\u00f1a Molina, y la Dra. Sof\u00eda Angulo Olivas, Directora de la Unidad de Bienestar Universitario (UBU), la comunidad universitaria logr\u00f3 recolectar 77 alcanc\u00edas, cifra que representa un crecimiento del 50% en comparaci\u00f3n con el 2024, consolidando su compromiso con el bienestar de la ni\u00f1ez y juventud.<\/p>\n","protected":false},"excerpt":{"rendered":"<p>La Universidad Aut\u00f3noma de Sinaloa (UAS) fue reconocida por la Fundaci\u00f3n Telet\u00f3n como la instituci\u00f3n con el mayor promedio de boteo en la campa\u00f1a de recaudaci\u00f3n 2025. La maestra Marisol&hellip;<\/p>\n","protected":false},"author":1,"featured_media":31019,"comment_status":"open","ping_status":"open","sticky":false,"template":"","format":"standard","meta":{"_jetpack_memberships_contains_paid_content":false,"footnotes":"","jetpack_publicize_message":"","jetpack_publicize_feature_enabled":true,"jetpack_social_post_already_shared":true,"jetpack_social_options":{"image_generator_settings":{"template":"highway","default_image_id":0,"font":"","enabled":false},"version":2}},"categories":[40],"tags":[41],"class_list":["post-31020","post","type-post","status-publish","format-standard","has-post-thumbnail","hentry","category-educacion","tag-uas"],"yoast_head":"<!-- This site is optimized with the Yoast SEO plugin v27.2 - https:\/\/yoast.com\/product\/yoast-seo-wordpress\/ -->\n<title>La UAS es reconocida por su recaudaci\u00f3n de 2025 por la fundaci\u00f3n Telet\u00f3n - \u00c9tica Comunica<\/title>\n<meta name=\"robots\" content=\"index, follow, max-snippet:-1, max-image-preview:large, max-video-preview:-1\" \/>\n<link rel=\"canonical\" href=\"https:\/\/eticacomunica.com.mx\/?p=31020\" \/>\n<meta property=\"og:locale\" content=\"es_MX\" \/>\n<meta property=\"og:type\" content=\"article\" \/>\n<meta property=\"og:title\" content=\"La UAS es reconocida por su recaudaci\u00f3n de 2025 por la fundaci\u00f3n Telet\u00f3n - \u00c9tica Comunica\" \/>\n<meta property=\"og:description\" content=\"La Universidad Aut\u00f3noma de Sinaloa (UAS) fue reconocida por la Fundaci\u00f3n Telet\u00f3n como la instituci\u00f3n con el mayor promedio de boteo en la campa\u00f1a de recaudaci\u00f3n 2025. La maestra Marisol&hellip;\" \/>\n<meta property=\"og:url\" content=\"https:\/\/eticacomunica.com.mx\/?p=31020\" \/>\n<meta property=\"og:site_name\" content=\"\u00c9tica Comunica\" \/>\n<meta property=\"article:publisher\" content=\"https:\/\/www.facebook.com\/eticacomunica\" \/>\n<meta property=\"article:published_time\" content=\"2026-01-16T03:55:59+00:00\" \/>\n<meta property=\"og:image\" content=\"https:\/\/eticacomunica.com.mx\/wp-content\/uploads\/2026\/01\/FB_IMG_1768535728278.jpg\" \/>\n\t<meta property=\"og:image:width\" content=\"1080\" \/>\n\t<meta property=\"og:image:height\" content=\"740\" \/>\n\t<meta property=\"og:image:type\" content=\"image\/jpeg\" \/>\n<meta name=\"author\" content=\"etica\" \/>\n<meta name=\"twitter:card\" content=\"summary_large_image\" \/>\n<meta name=\"twitter:label1\" content=\"Escrito por\" \/>\n\t<meta name=\"twitter:data1\" content=\"etica\" \/>\n\t<meta name=\"twitter:label2\" content=\"Tiempo de lectura\" \/>\n\t<meta name=\"twitter:data2\" content=\"2 minutos\" \/>\n<script type=\"application\/ld+json\" class=\"yoast-schema-graph\">{\"@context\":\"https:\/\/schema.org\",\"@graph\":[{\"@type\":\"Article\",\"@id\":\"https:\/\/eticacomunica.com.mx\/?p=31020#article\",\"isPartOf\":{\"@id\":\"https:\/\/eticacomunica.com.mx\/?p=31020\"},\"author\":{\"name\":\"etica\",\"@id\":\"https:\/\/eticacomunica.com.mx\/#\/schema\/person\/2cacc47bd17fe8ad92f08c0313d22fa6\"},\"headline\":\"La UAS es reconocida por su recaudaci\u00f3n de 2025 por la fundaci\u00f3n Telet\u00f3n\",\"datePublished\":\"2026-01-16T03:55:59+00:00\",\"mainEntityOfPage\":{\"@id\":\"https:\/\/eticacomunica.com.mx\/?p=31020\"},\"wordCount\":412,\"commentCount\":0,\"publisher\":{\"@id\":\"https:\/\/eticacomunica.com.mx\/#organization\"},\"image\":{\"@id\":\"https:\/\/eticacomunica.com.mx\/?p=31020#primaryimage\"},\"thumbnailUrl\":\"https:\/\/eticacomunica.com.mx\/wp-content\/uploads\/2026\/01\/FB_IMG_1768535728278.jpg\",\"keywords\":[\"UAS\"],\"articleSection\":[\"Educaci\u00f3n\"],\"inLanguage\":\"es\",\"potentialAction\":[{\"@type\":\"CommentAction\",\"name\":\"Comment\",\"target\":[\"https:\/\/eticacomunica.com.mx\/?p=31020#respond\"]}]},{\"@type\":\"WebPage\",\"@id\":\"https:\/\/eticacomunica.com.mx\/?p=31020\",\"url\":\"https:\/\/eticacomunica.com.mx\/?p=31020\",\"name\":\"La UAS es reconocida por su recaudaci\u00f3n de 2025 por la fundaci\u00f3n Telet\u00f3n - \u00c9tica Comunica\",\"isPartOf\":{\"@id\":\"https:\/\/eticacomunica.com.mx\/#website\"},\"primaryImageOfPage\":{\"@id\":\"https:\/\/eticacomunica.com.mx\/?p=31020#primaryimage\"},\"image\":{\"@id\":\"https:\/\/eticacomunica.com.mx\/?p=31020#primaryimage\"},\"thumbnailUrl\":\"https:\/\/eticacomunica.com.mx\/wp-content\/uploads\/2026\/01\/FB_IMG_1768535728278.jpg\",\"datePublished\":\"2026-01-16T03:55:59+00:00\",\"breadcrumb\":{\"@id\":\"https:\/\/eticacomunica.com.mx\/?p=31020#breadcrumb\"},\"inLanguage\":\"es\",\"potentialAction\":[{\"@type\":\"ReadAction\",\"target\":[\"https:\/\/eticacomunica.com.mx\/?p=31020\"]}]},{\"@type\":\"ImageObject\",\"inLanguage\":\"es\",\"@id\":\"https:\/\/eticacomunica.com.mx\/?p=31020#primaryimage\",\"url\":\"https:\/\/eticacomunica.com.mx\/wp-content\/uploads\/2026\/01\/FB_IMG_1768535728278.jpg\",\"contentUrl\":\"https:\/\/eticacomunica.com.mx\/wp-content\/uploads\/2026\/01\/FB_IMG_1768535728278.jpg\",\"width\":1080,\"height\":740},{\"@type\":\"BreadcrumbList\",\"@id\":\"https:\/\/eticacomunica.com.mx\/?p=31020#breadcrumb\",\"itemListElement\":[{\"@type\":\"ListItem\",\"position\":1,\"name\":\"Inicio\",\"item\":\"https:\/\/eticacomunica.com.mx\/\"},{\"@type\":\"ListItem\",\"position\":2,\"name\":\"La UAS es reconocida por su recaudaci\u00f3n de 2025 por la fundaci\u00f3n Telet\u00f3n\"}]},{\"@type\":\"WebSite\",\"@id\":\"https:\/\/eticacomunica.com.mx\/#website\",\"url\":\"https:\/\/eticacomunica.com.mx\/\",\"name\":\"\u00c9tica Comunica\",\"description\":\"Diario Digital\",\"publisher\":{\"@id\":\"https:\/\/eticacomunica.com.mx\/#organization\"},\"potentialAction\":[{\"@type\":\"SearchAction\",\"target\":{\"@type\":\"EntryPoint\",\"urlTemplate\":\"https:\/\/eticacomunica.com.mx\/?s={search_term_string}\"},\"query-input\":{\"@type\":\"PropertyValueSpecification\",\"valueRequired\":true,\"valueName\":\"search_term_string\"}}],\"inLanguage\":\"es\"},{\"@type\":\"Organization\",\"@id\":\"https:\/\/eticacomunica.com.mx\/#organization\",\"name\":\"Diarios Digitales de Sinaloa\",\"url\":\"https:\/\/eticacomunica.com.mx\/\",\"logo\":{\"@type\":\"ImageObject\",\"inLanguage\":\"es\",\"@id\":\"https:\/\/eticacomunica.com.mx\/#\/schema\/logo\/image\/\",\"url\":\"https:\/\/eticacomunica.com.mx\/wp-content\/uploads\/2023\/10\/etica-logo.png\",\"contentUrl\":\"https:\/\/eticacomunica.com.mx\/wp-content\/uploads\/2023\/10\/etica-logo.png\",\"width\":1280,\"height\":432,\"caption\":\"Diarios Digitales de Sinaloa\"},\"image\":{\"@id\":\"https:\/\/eticacomunica.com.mx\/#\/schema\/logo\/image\/\"},\"sameAs\":[\"https:\/\/www.facebook.com\/eticacomunica\"]},{\"@type\":\"Person\",\"@id\":\"https:\/\/eticacomunica.com.mx\/#\/schema\/person\/2cacc47bd17fe8ad92f08c0313d22fa6\",\"name\":\"etica\",\"image\":{\"@type\":\"ImageObject\",\"inLanguage\":\"es\",\"@id\":\"https:\/\/secure.gravatar.com\/avatar\/dfb45d32bc7097f8f06d6e4f6e6b387e7cb8fd5b3a2869265c40587ab62cab1e?s=96&d=mm&r=g\",\"url\":\"https:\/\/secure.gravatar.com\/avatar\/dfb45d32bc7097f8f06d6e4f6e6b387e7cb8fd5b3a2869265c40587ab62cab1e?s=96&d=mm&r=g\",\"contentUrl\":\"https:\/\/secure.gravatar.com\/avatar\/dfb45d32bc7097f8f06d6e4f6e6b387e7cb8fd5b3a2869265c40587ab62cab1e?s=96&d=mm&r=g\",\"caption\":\"etica\"},\"sameAs\":[\"https:\/\/eticacomunica.com.mx\"],\"url\":\"https:\/\/eticacomunica.com.mx\/?author=1\"}]}<\/script>\n<!-- \/ Yoast SEO plugin. -->","yoast_head_json":{"title":"La UAS es reconocida por su recaudaci\u00f3n de 2025 por la fundaci\u00f3n Telet\u00f3n - \u00c9tica Comunica","robots":{"index":"index","follow":"follow","max-snippet":"max-snippet:-1","max-image-preview":"max-image-preview:large","max-video-preview":"max-video-preview:-1"},"canonical":"https:\/\/eticacomunica.com.mx\/?p=31020","og_locale":"es_MX","og_type":"article","og_title":"La UAS es reconocida por su recaudaci\u00f3n de 2025 por la fundaci\u00f3n Telet\u00f3n - \u00c9tica Comunica","og_description":"La Universidad Aut\u00f3noma de Sinaloa (UAS) fue reconocida por la Fundaci\u00f3n Telet\u00f3n como la instituci\u00f3n con el mayor promedio de boteo en la campa\u00f1a de recaudaci\u00f3n 2025. La maestra Marisol&hellip;","og_url":"https:\/\/eticacomunica.com.mx\/?p=31020","og_site_name":"\u00c9tica Comunica","article_publisher":"https:\/\/www.facebook.com\/eticacomunica","article_published_time":"2026-01-16T03:55:59+00:00","og_image":[{"width":1080,"height":740,"url":"https:\/\/eticacomunica.com.mx\/wp-content\/uploads\/2026\/01\/FB_IMG_1768535728278.jpg","type":"image\/jpeg"}],"author":"etica","twitter_card":"summary_large_image","twitter_misc":{"Escrito por":"etica","Tiempo de lectura":"2 minutos"},"schema":{"@context":"https:\/\/schema.org","@graph":[{"@type":"Article","@id":"https:\/\/eticacomunica.com.mx\/?p=31020#article","isPartOf":{"@id":"https:\/\/eticacomunica.com.mx\/?p=31020"},"author":{"name":"etica","@id":"https:\/\/eticacomunica.com.mx\/#\/schema\/person\/2cacc47bd17fe8ad92f08c0313d22fa6"},"headline":"La UAS es reconocida por su recaudaci\u00f3n de 2025 por la fundaci\u00f3n Telet\u00f3n","datePublished":"2026-01-16T03:55:59+00:00","mainEntityOfPage":{"@id":"https:\/\/eticacomunica.com.mx\/?p=31020"},"wordCount":412,"commentCount":0,"publisher":{"@id":"https:\/\/eticacomunica.com.mx\/#organization"},"image":{"@id":"https:\/\/eticacomunica.com.mx\/?p=31020#primaryimage"},"thumbnailUrl":"https:\/\/eticacomunica.com.mx\/wp-content\/uploads\/2026\/01\/FB_IMG_1768535728278.jpg","keywords":["UAS"],"articleSection":["Educaci\u00f3n"],"inLanguage":"es","potentialAction":[{"@type":"CommentAction","name":"Comment","target":["https:\/\/eticacomunica.com.mx\/?p=31020#respond"]}]},{"@type":"WebPage","@id":"https:\/\/eticacomunica.com.mx\/?p=31020","url":"https:\/\/eticacomunica.com.mx\/?p=31020","name":"La UAS es reconocida por su recaudaci\u00f3n de 2025 por la fundaci\u00f3n Telet\u00f3n - \u00c9tica Comunica","isPartOf":{"@id":"https:\/\/eticacomunica.com.mx\/#website"},"primaryImageOfPage":{"@id":"https:\/\/eticacomunica.com.mx\/?p=31020#primaryimage"},"image":{"@id":"https:\/\/eticacomunica.com.mx\/?p=31020#primaryimage"},"thumbnailUrl":"https:\/\/eticacomunica.com.mx\/wp-content\/uploads\/2026\/01\/FB_IMG_1768535728278.jpg","datePublished":"2026-01-16T03:55:59+00:00","breadcrumb":{"@id":"https:\/\/eticacomunica.com.mx\/?p=31020#breadcrumb"},"inLanguage":"es","potentialAction":[{"@type":"ReadAction","target":["https:\/\/eticacomunica.com.mx\/?p=31020"]}]},{"@type":"ImageObject","inLanguage":"es","@id":"https:\/\/eticacomunica.com.mx\/?p=31020#primaryimage","url":"https:\/\/eticacomunica.com.mx\/wp-content\/uploads\/2026\/01\/FB_IMG_1768535728278.jpg","contentUrl":"https:\/\/eticacomunica.com.mx\/wp-content\/uploads\/2026\/01\/FB_IMG_1768535728278.jpg","width":1080,"height":740},{"@type":"BreadcrumbList","@id":"https:\/\/eticacomunica.com.mx\/?p=31020#breadcrumb","itemListElement":[{"@type":"ListItem","position":1,"name":"Inicio","item":"https:\/\/eticacomunica.com.mx\/"},{"@type":"ListItem","position":2,"name":"La UAS es reconocida por su recaudaci\u00f3n de 2025 por la fundaci\u00f3n Telet\u00f3n"}]},{"@type":"WebSite","@id":"https:\/\/eticacomunica.com.mx\/#website","url":"https:\/\/eticacomunica.com.mx\/","name":"\u00c9tica Comunica","description":"Diario Digital","publisher":{"@id":"https:\/\/eticacomunica.com.mx\/#organization"},"potentialAction":[{"@type":"SearchAction","target":{"@type":"EntryPoint","urlTemplate":"https:\/\/eticacomunica.com.mx\/?s={search_term_string}"},"query-input":{"@type":"PropertyValueSpecification","valueRequired":true,"valueName":"search_term_string"}}],"inLanguage":"es"},{"@type":"Organization","@id":"https:\/\/eticacomunica.com.mx\/#organization","name":"Diarios Digitales de Sinaloa","url":"https:\/\/eticacomunica.com.mx\/","logo":{"@type":"ImageObject","inLanguage":"es","@id":"https:\/\/eticacomunica.com.mx\/#\/schema\/logo\/image\/","url":"https:\/\/eticacomunica.com.mx\/wp-content\/uploads\/2023\/10\/etica-logo.png","contentUrl":"https:\/\/eticacomunica.com.mx\/wp-content\/uploads\/2023\/10\/etica-logo.png","width":1280,"height":432,"caption":"Diarios Digitales de Sinaloa"},"image":{"@id":"https:\/\/eticacomunica.com.mx\/#\/schema\/logo\/image\/"},"sameAs":["https:\/\/www.facebook.com\/eticacomunica"]},{"@type":"Person","@id":"https:\/\/eticacomunica.com.mx\/#\/schema\/person\/2cacc47bd17fe8ad92f08c0313d22fa6","name":"etica","image":{"@type":"ImageObject","inLanguage":"es","@id":"https:\/\/secure.gravatar.com\/avatar\/dfb45d32bc7097f8f06d6e4f6e6b387e7cb8fd5b3a2869265c40587ab62cab1e?s=96&d=mm&r=g","url":"https:\/\/secure.gravatar.com\/avatar\/dfb45d32bc7097f8f06d6e4f6e6b387e7cb8fd5b3a2869265c40587ab62cab1e?s=96&d=mm&r=g","contentUrl":"https:\/\/secure.gravatar.com\/avatar\/dfb45d32bc7097f8f06d6e4f6e6b387e7cb8fd5b3a2869265c40587ab62cab1e?s=96&d=mm&r=g","caption":"etica"},"sameAs":["https:\/\/eticacomunica.com.mx"],"url":"https:\/\/eticacomunica.com.mx\/?author=1"}]}},"jetpack_publicize_connections":[],"jetpack_featured_media_url":"https:\/\/eticacomunica.com.mx\/wp-content\/uploads\/2026\/01\/FB_IMG_1768535728278.jpg","jetpack_sharing_enabled":true,"_links":{"self":[{"href":"https:\/\/eticacomunica.com.mx\/index.php?rest_route=\/wp\/v2\/posts\/31020","targetHints":{"allow":["GET"]}}],"collection":[{"href":"https:\/\/eticacomunica.com.mx\/index.php?rest_route=\/wp\/v2\/posts"}],"about":[{"href":"https:\/\/eticacomunica.com.mx\/index.php?rest_route=\/wp\/v2\/types\/post"}],"author":[{"embeddable":true,"href":"https:\/\/eticacomunica.com.mx\/index.php?rest_route=\/wp\/v2\/users\/1"}],"replies":[{"embeddable":true,"href":"https:\/\/eticacomunica.com.mx\/index.php?rest_route=%2Fwp%2Fv2%2Fcomments&post=31020"}],"version-history":[{"count":0,"href":"https:\/\/eticacomunica.com.mx\/index.php?rest_route=\/wp\/v2\/posts\/31020\/revisions"}],"wp:featuredmedia":[{"embeddable":true,"href":"https:\/\/eticacomunica.com.mx\/index.php?rest_route=\/wp\/v2\/media\/31019"}],"wp:attachment":[{"href":"https:\/\/eticacomunica.com.mx\/index.php?rest_route=%2Fwp%2Fv2%2Fmedia&parent=31020"}],"wp:term":[{"taxonomy":"category","embeddable":true,"href":"https:\/\/eticacomunica.com.mx\/index.php?rest_route=%2Fwp%2Fv2%2Fcategories&post=31020"},{"taxonomy":"post_tag","embeddable":true,"href":"https:\/\/eticacomunica.com.mx\/index.php?rest_route=%2Fwp%2Fv2%2Ftags&post=31020"}],"curies":[{"name":"wp","href":"https:\/\/api.w.org\/{rel}","templated":true}]}}