{"id":31022,"date":"2026-01-16T08:36:46","date_gmt":"2026-01-16T15:36:46","guid":{"rendered":"https:\/\/eticacomunica.com.mx\/?p=31022"},"modified":"2026-01-16T08:36:46","modified_gmt":"2026-01-16T15:36:46","slug":"presion-diferenciada-inflacion-alimentaria-golpea-con-mas-fuerza-a-las-ciudades-que-al-campo-en-2025-familias-mexicanas-compensan-alza-de-precios-con-mas-horas-de-trabajo","status":"publish","type":"post","link":"https:\/\/eticacomunica.com.mx\/?p=31022","title":{"rendered":"Presi\u00f3n diferenciada: Inflaci\u00f3n alimentaria golpea con m\u00e1s fuerza a las ciudades que al campo en 2025; familias mexicanas compensan alza de precios con m\u00e1s horas de trabajo"},"content":{"rendered":"\n<p>El costo de la canasta alimentaria en M\u00e9xico cerr\u00f3 2025 con incrementos moderados, pero persistentes, de acuerdo con los datos m\u00e1s recientes del Instituto Nacional de Estad\u00edstica y Geograf\u00eda (INEGI), el bolet\u00edn publicado el 12 de enero actualiz\u00f3 las l\u00edneas de pobreza por ingresos y revel\u00f3 que, durante diciembre, el valor de la canasta alimentaria aument\u00f3 3 por ciento en el \u00e1mbito rural y 4.4 por ciento en el urbano, cifras que reflejaron presiones diferenciadas en los hogares seg\u00fan su contexto territorial.<br><br>Al respecto, la maestra Citlalic Esperanza Madariaga L\u00f3pez, docente de la Facultad de Estudios Internacionales y Pol\u00edticas P\u00fablicas de la Universidad Aut\u00f3noma de Sinaloa (UAS) explic\u00f3 que estos referentes monetarios permiten identificar si los ingresos de la poblaci\u00f3n resultaron suficientes para cubrir no solo alimentos, sino tambi\u00e9n bienes y servicios b\u00e1sicos que conforman las canastas alimentaria y no alimentaria, dijo que el c\u00e1lculo se realiz\u00f3 con base en el \u00cdndice Nacional de Precios al Consumidor, lo que permiti\u00f3 observar con mayor precisi\u00f3n la evoluci\u00f3n del gasto cotidiano de las familias mexicanas.<br><br>En contraste con la inflaci\u00f3n anual de 2025, que se ubic\u00f3 en 3.7 por ciento, la especialista detall\u00f3 que el aumento de la canasta alimentaria rural fue menor, mientras que en el \u00e1mbito urbano super\u00f3 ligeramente ese promedio, adem\u00e1s precis\u00f3 que, en t\u00e9rminos reales, ello represent\u00f3 una disminuci\u00f3n de alrededor de 0.5 puntos porcentuales respecto a diciembre de 2024, adem\u00e1s de que la inflaci\u00f3n mensual de diciembre se coloc\u00f3 en 0.3 por ciento, retomando la tendencia observada durante gran parte del a\u00f1o.<br><br>Madariaga L\u00f3pez subray\u00f3 que, al analizar ambos indicadores de forma conjunta, se concluy\u00f3 que los precios continuaron al alza, aunque a un ritmo m\u00e1s lento, \u201clos productos siguieron encareci\u00e9ndose, pero lo hicieron de manera m\u00e1s pausada\u201d, puntualiz\u00f3 al se\u00f1alar que esta desaceleraci\u00f3n no necesariamente signific\u00f3 una mejora inmediata en el poder adquisitivo, especialmente para quienes destinaron la mayor parte de su ingreso a alimentos.<br><br>Record\u00f3 que entre 2020 y 2023 la canasta alimentaria acumul\u00f3 un incremento de 31.3 por ciento, pr\u00e1cticamente en paralelo al crecimiento de los ingresos, cuya ganancia real fue m\u00ednima. En ese contexto, sostuvo que el reto estructural permaneci\u00f3 en la calidad del empleo y en la suficiencia salarial, ya que muchas familias compensaron la presi\u00f3n del gasto con jornadas laborales m\u00e1s extensas o con ingresos complementarios.<br><br>Citlalic Esperanza Madariaga L\u00f3pez comparti\u00f3 algunas recomendaciones para que el ingreso familiar rinda m\u00e1s ante el encarecimiento de los alimentos, \u201ces muy importante el ahorro en la medida de lo posible, as\u00ed como evitar el endeudamiento innecesario y priorizar el consumo de comida preparada en casa\u201d. Y es que, datos del INEGI mostraron que uno de los mayores incrementos se registr\u00f3 en los alimentos consumidos fuera del hogar, particularmente en productos c\u00e1rnicos, finaliz\u00f3.<\/p>\n","protected":false},"excerpt":{"rendered":"<p>El costo de la canasta alimentaria en M\u00e9xico cerr\u00f3 2025 con incrementos moderados, pero persistentes, de acuerdo con los datos m\u00e1s recientes del Instituto Nacional de Estad\u00edstica y Geograf\u00eda (INEGI),&hellip;<\/p>\n","protected":false},"author":1,"featured_media":31021,"comment_status":"open","ping_status":"open","sticky":false,"template":"","format":"standard","meta":{"_jetpack_memberships_contains_paid_content":false,"footnotes":"","jetpack_publicize_message":"","jetpack_publicize_feature_enabled":true,"jetpack_social_post_already_shared":true,"jetpack_social_options":{"image_generator_settings":{"template":"highway","default_image_id":0,"font":"","enabled":false},"version":2}},"categories":[40],"tags":[41],"class_list":["post-31022","post","type-post","status-publish","format-standard","has-post-thumbnail","hentry","category-educacion","tag-uas"],"yoast_head":"<!-- This site is optimized with the Yoast SEO plugin v27.2 - https:\/\/yoast.com\/product\/yoast-seo-wordpress\/ -->\n<title>Presi\u00f3n diferenciada: Inflaci\u00f3n alimentaria golpea con m\u00e1s fuerza a las ciudades que al campo en 2025; familias mexicanas compensan alza de precios con m\u00e1s horas de trabajo - \u00c9tica Comunica<\/title>\n<meta name=\"robots\" content=\"index, follow, max-snippet:-1, max-image-preview:large, max-video-preview:-1\" \/>\n<link rel=\"canonical\" href=\"https:\/\/eticacomunica.com.mx\/?p=31022\" \/>\n<meta property=\"og:locale\" content=\"es_MX\" \/>\n<meta property=\"og:type\" content=\"article\" \/>\n<meta property=\"og:title\" content=\"Presi\u00f3n diferenciada: Inflaci\u00f3n alimentaria golpea con m\u00e1s fuerza a las ciudades que al campo en 2025; familias mexicanas compensan alza de precios con m\u00e1s horas de trabajo - \u00c9tica Comunica\" \/>\n<meta property=\"og:description\" content=\"El costo de la canasta alimentaria en M\u00e9xico cerr\u00f3 2025 con incrementos moderados, pero persistentes, de acuerdo con los datos m\u00e1s recientes del Instituto Nacional de Estad\u00edstica y Geograf\u00eda (INEGI),&hellip;\" \/>\n<meta property=\"og:url\" content=\"https:\/\/eticacomunica.com.mx\/?p=31022\" \/>\n<meta property=\"og:site_name\" content=\"\u00c9tica Comunica\" \/>\n<meta property=\"article:publisher\" content=\"https:\/\/www.facebook.com\/eticacomunica\" \/>\n<meta property=\"article:published_time\" content=\"2026-01-16T15:36:46+00:00\" \/>\n<meta property=\"og:image\" content=\"https:\/\/eticacomunica.com.mx\/wp-content\/uploads\/2026\/01\/IMG-20260116-WA0009.jpg\" \/>\n\t<meta property=\"og:image:width\" content=\"1600\" \/>\n\t<meta property=\"og:image:height\" content=\"900\" \/>\n\t<meta property=\"og:image:type\" content=\"image\/jpeg\" \/>\n<meta name=\"author\" content=\"etica\" \/>\n<meta name=\"twitter:card\" content=\"summary_large_image\" \/>\n<meta name=\"twitter:label1\" content=\"Escrito por\" \/>\n\t<meta name=\"twitter:data1\" content=\"etica\" \/>\n\t<meta name=\"twitter:label2\" content=\"Tiempo de lectura\" \/>\n\t<meta name=\"twitter:data2\" content=\"2 minutos\" \/>\n<script type=\"application\/ld+json\" class=\"yoast-schema-graph\">{\"@context\":\"https:\/\/schema.org\",\"@graph\":[{\"@type\":\"Article\",\"@id\":\"https:\/\/eticacomunica.com.mx\/?p=31022#article\",\"isPartOf\":{\"@id\":\"https:\/\/eticacomunica.com.mx\/?p=31022\"},\"author\":{\"name\":\"etica\",\"@id\":\"https:\/\/eticacomunica.com.mx\/#\/schema\/person\/2cacc47bd17fe8ad92f08c0313d22fa6\"},\"headline\":\"Presi\u00f3n diferenciada: Inflaci\u00f3n alimentaria golpea con m\u00e1s fuerza a las ciudades que al campo en 2025; familias mexicanas compensan alza de precios con m\u00e1s horas de trabajo\",\"datePublished\":\"2026-01-16T15:36:46+00:00\",\"mainEntityOfPage\":{\"@id\":\"https:\/\/eticacomunica.com.mx\/?p=31022\"},\"wordCount\":513,\"commentCount\":0,\"publisher\":{\"@id\":\"https:\/\/eticacomunica.com.mx\/#organization\"},\"image\":{\"@id\":\"https:\/\/eticacomunica.com.mx\/?p=31022#primaryimage\"},\"thumbnailUrl\":\"https:\/\/eticacomunica.com.mx\/wp-content\/uploads\/2026\/01\/IMG-20260116-WA0009.jpg\",\"keywords\":[\"UAS\"],\"articleSection\":[\"Educaci\u00f3n\"],\"inLanguage\":\"es\",\"potentialAction\":[{\"@type\":\"CommentAction\",\"name\":\"Comment\",\"target\":[\"https:\/\/eticacomunica.com.mx\/?p=31022#respond\"]}]},{\"@type\":\"WebPage\",\"@id\":\"https:\/\/eticacomunica.com.mx\/?p=31022\",\"url\":\"https:\/\/eticacomunica.com.mx\/?p=31022\",\"name\":\"Presi\u00f3n diferenciada: Inflaci\u00f3n alimentaria golpea con m\u00e1s fuerza a las ciudades que al campo en 2025; familias mexicanas compensan alza de precios con m\u00e1s horas de trabajo - \u00c9tica Comunica\",\"isPartOf\":{\"@id\":\"https:\/\/eticacomunica.com.mx\/#website\"},\"primaryImageOfPage\":{\"@id\":\"https:\/\/eticacomunica.com.mx\/?p=31022#primaryimage\"},\"image\":{\"@id\":\"https:\/\/eticacomunica.com.mx\/?p=31022#primaryimage\"},\"thumbnailUrl\":\"https:\/\/eticacomunica.com.mx\/wp-content\/uploads\/2026\/01\/IMG-20260116-WA0009.jpg\",\"datePublished\":\"2026-01-16T15:36:46+00:00\",\"breadcrumb\":{\"@id\":\"https:\/\/eticacomunica.com.mx\/?p=31022#breadcrumb\"},\"inLanguage\":\"es\",\"potentialAction\":[{\"@type\":\"ReadAction\",\"target\":[\"https:\/\/eticacomunica.com.mx\/?p=31022\"]}]},{\"@type\":\"ImageObject\",\"inLanguage\":\"es\",\"@id\":\"https:\/\/eticacomunica.com.mx\/?p=31022#primaryimage\",\"url\":\"https:\/\/eticacomunica.com.mx\/wp-content\/uploads\/2026\/01\/IMG-20260116-WA0009.jpg\",\"contentUrl\":\"https:\/\/eticacomunica.com.mx\/wp-content\/uploads\/2026\/01\/IMG-20260116-WA0009.jpg\",\"width\":1600,\"height\":900},{\"@type\":\"BreadcrumbList\",\"@id\":\"https:\/\/eticacomunica.com.mx\/?p=31022#breadcrumb\",\"itemListElement\":[{\"@type\":\"ListItem\",\"position\":1,\"name\":\"Inicio\",\"item\":\"https:\/\/eticacomunica.com.mx\/\"},{\"@type\":\"ListItem\",\"position\":2,\"name\":\"Presi\u00f3n diferenciada: Inflaci\u00f3n alimentaria golpea con m\u00e1s fuerza a las ciudades que al campo en 2025; familias mexicanas compensan alza de precios con m\u00e1s horas de trabajo\"}]},{\"@type\":\"WebSite\",\"@id\":\"https:\/\/eticacomunica.com.mx\/#website\",\"url\":\"https:\/\/eticacomunica.com.mx\/\",\"name\":\"\u00c9tica Comunica\",\"description\":\"Diario Digital\",\"publisher\":{\"@id\":\"https:\/\/eticacomunica.com.mx\/#organization\"},\"potentialAction\":[{\"@type\":\"SearchAction\",\"target\":{\"@type\":\"EntryPoint\",\"urlTemplate\":\"https:\/\/eticacomunica.com.mx\/?s={search_term_string}\"},\"query-input\":{\"@type\":\"PropertyValueSpecification\",\"valueRequired\":true,\"valueName\":\"search_term_string\"}}],\"inLanguage\":\"es\"},{\"@type\":\"Organization\",\"@id\":\"https:\/\/eticacomunica.com.mx\/#organization\",\"name\":\"Diarios Digitales de Sinaloa\",\"url\":\"https:\/\/eticacomunica.com.mx\/\",\"logo\":{\"@type\":\"ImageObject\",\"inLanguage\":\"es\",\"@id\":\"https:\/\/eticacomunica.com.mx\/#\/schema\/logo\/image\/\",\"url\":\"https:\/\/eticacomunica.com.mx\/wp-content\/uploads\/2023\/10\/etica-logo.png\",\"contentUrl\":\"https:\/\/eticacomunica.com.mx\/wp-content\/uploads\/2023\/10\/etica-logo.png\",\"width\":1280,\"height\":432,\"caption\":\"Diarios Digitales de Sinaloa\"},\"image\":{\"@id\":\"https:\/\/eticacomunica.com.mx\/#\/schema\/logo\/image\/\"},\"sameAs\":[\"https:\/\/www.facebook.com\/eticacomunica\"]},{\"@type\":\"Person\",\"@id\":\"https:\/\/eticacomunica.com.mx\/#\/schema\/person\/2cacc47bd17fe8ad92f08c0313d22fa6\",\"name\":\"etica\",\"image\":{\"@type\":\"ImageObject\",\"inLanguage\":\"es\",\"@id\":\"https:\/\/secure.gravatar.com\/avatar\/dfb45d32bc7097f8f06d6e4f6e6b387e7cb8fd5b3a2869265c40587ab62cab1e?s=96&d=mm&r=g\",\"url\":\"https:\/\/secure.gravatar.com\/avatar\/dfb45d32bc7097f8f06d6e4f6e6b387e7cb8fd5b3a2869265c40587ab62cab1e?s=96&d=mm&r=g\",\"contentUrl\":\"https:\/\/secure.gravatar.com\/avatar\/dfb45d32bc7097f8f06d6e4f6e6b387e7cb8fd5b3a2869265c40587ab62cab1e?s=96&d=mm&r=g\",\"caption\":\"etica\"},\"sameAs\":[\"https:\/\/eticacomunica.com.mx\"],\"url\":\"https:\/\/eticacomunica.com.mx\/?author=1\"}]}<\/script>\n<!-- \/ Yoast SEO plugin. -->","yoast_head_json":{"title":"Presi\u00f3n diferenciada: Inflaci\u00f3n alimentaria golpea con m\u00e1s fuerza a las ciudades que al campo en 2025; familias mexicanas compensan alza de precios con m\u00e1s horas de trabajo - \u00c9tica Comunica","robots":{"index":"index","follow":"follow","max-snippet":"max-snippet:-1","max-image-preview":"max-image-preview:large","max-video-preview":"max-video-preview:-1"},"canonical":"https:\/\/eticacomunica.com.mx\/?p=31022","og_locale":"es_MX","og_type":"article","og_title":"Presi\u00f3n diferenciada: Inflaci\u00f3n alimentaria golpea con m\u00e1s fuerza a las ciudades que al campo en 2025; familias mexicanas compensan alza de precios con m\u00e1s horas de trabajo - \u00c9tica Comunica","og_description":"El costo de la canasta alimentaria en M\u00e9xico cerr\u00f3 2025 con incrementos moderados, pero persistentes, de acuerdo con los datos m\u00e1s recientes del Instituto Nacional de Estad\u00edstica y Geograf\u00eda (INEGI),&hellip;","og_url":"https:\/\/eticacomunica.com.mx\/?p=31022","og_site_name":"\u00c9tica Comunica","article_publisher":"https:\/\/www.facebook.com\/eticacomunica","article_published_time":"2026-01-16T15:36:46+00:00","og_image":[{"width":1600,"height":900,"url":"https:\/\/eticacomunica.com.mx\/wp-content\/uploads\/2026\/01\/IMG-20260116-WA0009.jpg","type":"image\/jpeg"}],"author":"etica","twitter_card":"summary_large_image","twitter_misc":{"Escrito por":"etica","Tiempo de lectura":"2 minutos"},"schema":{"@context":"https:\/\/schema.org","@graph":[{"@type":"Article","@id":"https:\/\/eticacomunica.com.mx\/?p=31022#article","isPartOf":{"@id":"https:\/\/eticacomunica.com.mx\/?p=31022"},"author":{"name":"etica","@id":"https:\/\/eticacomunica.com.mx\/#\/schema\/person\/2cacc47bd17fe8ad92f08c0313d22fa6"},"headline":"Presi\u00f3n diferenciada: Inflaci\u00f3n alimentaria golpea con m\u00e1s fuerza a las ciudades que al campo en 2025; familias mexicanas compensan alza de precios con m\u00e1s horas de trabajo","datePublished":"2026-01-16T15:36:46+00:00","mainEntityOfPage":{"@id":"https:\/\/eticacomunica.com.mx\/?p=31022"},"wordCount":513,"commentCount":0,"publisher":{"@id":"https:\/\/eticacomunica.com.mx\/#organization"},"image":{"@id":"https:\/\/eticacomunica.com.mx\/?p=31022#primaryimage"},"thumbnailUrl":"https:\/\/eticacomunica.com.mx\/wp-content\/uploads\/2026\/01\/IMG-20260116-WA0009.jpg","keywords":["UAS"],"articleSection":["Educaci\u00f3n"],"inLanguage":"es","potentialAction":[{"@type":"CommentAction","name":"Comment","target":["https:\/\/eticacomunica.com.mx\/?p=31022#respond"]}]},{"@type":"WebPage","@id":"https:\/\/eticacomunica.com.mx\/?p=31022","url":"https:\/\/eticacomunica.com.mx\/?p=31022","name":"Presi\u00f3n diferenciada: Inflaci\u00f3n alimentaria golpea con m\u00e1s fuerza a las ciudades que al campo en 2025; familias mexicanas compensan alza de precios con m\u00e1s horas de trabajo - \u00c9tica Comunica","isPartOf":{"@id":"https:\/\/eticacomunica.com.mx\/#website"},"primaryImageOfPage":{"@id":"https:\/\/eticacomunica.com.mx\/?p=31022#primaryimage"},"image":{"@id":"https:\/\/eticacomunica.com.mx\/?p=31022#primaryimage"},"thumbnailUrl":"https:\/\/eticacomunica.com.mx\/wp-content\/uploads\/2026\/01\/IMG-20260116-WA0009.jpg","datePublished":"2026-01-16T15:36:46+00:00","breadcrumb":{"@id":"https:\/\/eticacomunica.com.mx\/?p=31022#breadcrumb"},"inLanguage":"es","potentialAction":[{"@type":"ReadAction","target":["https:\/\/eticacomunica.com.mx\/?p=31022"]}]},{"@type":"ImageObject","inLanguage":"es","@id":"https:\/\/eticacomunica.com.mx\/?p=31022#primaryimage","url":"https:\/\/eticacomunica.com.mx\/wp-content\/uploads\/2026\/01\/IMG-20260116-WA0009.jpg","contentUrl":"https:\/\/eticacomunica.com.mx\/wp-content\/uploads\/2026\/01\/IMG-20260116-WA0009.jpg","width":1600,"height":900},{"@type":"BreadcrumbList","@id":"https:\/\/eticacomunica.com.mx\/?p=31022#breadcrumb","itemListElement":[{"@type":"ListItem","position":1,"name":"Inicio","item":"https:\/\/eticacomunica.com.mx\/"},{"@type":"ListItem","position":2,"name":"Presi\u00f3n diferenciada: Inflaci\u00f3n alimentaria golpea con m\u00e1s fuerza a las ciudades que al campo en 2025; familias mexicanas compensan alza de precios con m\u00e1s horas de trabajo"}]},{"@type":"WebSite","@id":"https:\/\/eticacomunica.com.mx\/#website","url":"https:\/\/eticacomunica.com.mx\/","name":"\u00c9tica Comunica","description":"Diario Digital","publisher":{"@id":"https:\/\/eticacomunica.com.mx\/#organization"},"potentialAction":[{"@type":"SearchAction","target":{"@type":"EntryPoint","urlTemplate":"https:\/\/eticacomunica.com.mx\/?s={search_term_string}"},"query-input":{"@type":"PropertyValueSpecification","valueRequired":true,"valueName":"search_term_string"}}],"inLanguage":"es"},{"@type":"Organization","@id":"https:\/\/eticacomunica.com.mx\/#organization","name":"Diarios Digitales de Sinaloa","url":"https:\/\/eticacomunica.com.mx\/","logo":{"@type":"ImageObject","inLanguage":"es","@id":"https:\/\/eticacomunica.com.mx\/#\/schema\/logo\/image\/","url":"https:\/\/eticacomunica.com.mx\/wp-content\/uploads\/2023\/10\/etica-logo.png","contentUrl":"https:\/\/eticacomunica.com.mx\/wp-content\/uploads\/2023\/10\/etica-logo.png","width":1280,"height":432,"caption":"Diarios Digitales de Sinaloa"},"image":{"@id":"https:\/\/eticacomunica.com.mx\/#\/schema\/logo\/image\/"},"sameAs":["https:\/\/www.facebook.com\/eticacomunica"]},{"@type":"Person","@id":"https:\/\/eticacomunica.com.mx\/#\/schema\/person\/2cacc47bd17fe8ad92f08c0313d22fa6","name":"etica","image":{"@type":"ImageObject","inLanguage":"es","@id":"https:\/\/secure.gravatar.com\/avatar\/dfb45d32bc7097f8f06d6e4f6e6b387e7cb8fd5b3a2869265c40587ab62cab1e?s=96&d=mm&r=g","url":"https:\/\/secure.gravatar.com\/avatar\/dfb45d32bc7097f8f06d6e4f6e6b387e7cb8fd5b3a2869265c40587ab62cab1e?s=96&d=mm&r=g","contentUrl":"https:\/\/secure.gravatar.com\/avatar\/dfb45d32bc7097f8f06d6e4f6e6b387e7cb8fd5b3a2869265c40587ab62cab1e?s=96&d=mm&r=g","caption":"etica"},"sameAs":["https:\/\/eticacomunica.com.mx"],"url":"https:\/\/eticacomunica.com.mx\/?author=1"}]}},"jetpack_publicize_connections":[],"jetpack_featured_media_url":"https:\/\/eticacomunica.com.mx\/wp-content\/uploads\/2026\/01\/IMG-20260116-WA0009.jpg","jetpack_sharing_enabled":true,"_links":{"self":[{"href":"https:\/\/eticacomunica.com.mx\/index.php?rest_route=\/wp\/v2\/posts\/31022","targetHints":{"allow":["GET"]}}],"collection":[{"href":"https:\/\/eticacomunica.com.mx\/index.php?rest_route=\/wp\/v2\/posts"}],"about":[{"href":"https:\/\/eticacomunica.com.mx\/index.php?rest_route=\/wp\/v2\/types\/post"}],"author":[{"embeddable":true,"href":"https:\/\/eticacomunica.com.mx\/index.php?rest_route=\/wp\/v2\/users\/1"}],"replies":[{"embeddable":true,"href":"https:\/\/eticacomunica.com.mx\/index.php?rest_route=%2Fwp%2Fv2%2Fcomments&post=31022"}],"version-history":[{"count":0,"href":"https:\/\/eticacomunica.com.mx\/index.php?rest_route=\/wp\/v2\/posts\/31022\/revisions"}],"wp:featuredmedia":[{"embeddable":true,"href":"https:\/\/eticacomunica.com.mx\/index.php?rest_route=\/wp\/v2\/media\/31021"}],"wp:attachment":[{"href":"https:\/\/eticacomunica.com.mx\/index.php?rest_route=%2Fwp%2Fv2%2Fmedia&parent=31022"}],"wp:term":[{"taxonomy":"category","embeddable":true,"href":"https:\/\/eticacomunica.com.mx\/index.php?rest_route=%2Fwp%2Fv2%2Fcategories&post=31022"},{"taxonomy":"post_tag","embeddable":true,"href":"https:\/\/eticacomunica.com.mx\/index.php?rest_route=%2Fwp%2Fv2%2Ftags&post=31022"}],"curies":[{"name":"wp","href":"https:\/\/api.w.org\/{rel}","templated":true}]}}