{"id":31027,"date":"2026-01-16T19:17:25","date_gmt":"2026-01-17T02:17:25","guid":{"rendered":"https:\/\/eticacomunica.com.mx\/?p=31027"},"modified":"2026-01-16T19:17:25","modified_gmt":"2026-01-17T02:17:25","slug":"sinaloa-trabaja-por-un-desarrollo-economico-para-todas-y-todos-con-bienestar-e-inversion-productiva-publica-y-privada","status":"publish","type":"post","link":"https:\/\/eticacomunica.com.mx\/?p=31027","title":{"rendered":"Sinaloa trabaja por un desarrollo econ\u00f3mico para todas y todos, con bienestar e inversi\u00f3n productiva p\u00fablica y privada"},"content":{"rendered":"\n<p>En su comparecencia ante integrantes del Congreso del Estado, con motivo de la glosa del Cuarto Informe de Labores del Gobernador Rub\u00e9n Rocha Moya, el Secretario de Econom\u00eda, Feliciano Castro Mel\u00e9ndrez, resalt\u00f3 la importancia de una visi\u00f3n de largo plazo como condici\u00f3n indispensable para impulsar una mayor inversi\u00f3n p\u00fablica, privada y extranjera, particularmente en infraestructura y log\u00edstica vinculadas a proyectos estrat\u00e9gicos.<br><br>Culiac\u00e1n, Sinaloa, 16 de enero de 2026.\u2013 Al comparecer ante diputadas y diputados del Congreso del Estado como parte de la glosa del Cuarto Informe de Gobierno del Dr. Rub\u00e9n Rocha Moya, el Secretario de Econom\u00eda, Feliciano Castro Mel\u00e9ndrez, se\u00f1al\u00f3 que es necesario generar esquemas de crecimiento econ\u00f3mico que atiendan el diagn\u00f3stico estructural del estado, fortaleciendo el sector primario como fuente y soporte de la producci\u00f3n de alimentos y como contribuci\u00f3n a la soberan\u00eda alimentaria del pa\u00eds.<br>Precis\u00f3 que resulta indispensable avanzar hacia la industrializaci\u00f3n, en particular la agroindustrializaci\u00f3n, a fin de propiciar valor agregado a la producci\u00f3n, as\u00ed como la generaci\u00f3n de m\u00e1s y mejores empleos, con salarios que hagan posible el bienestar de las y los trabajadores.<br>\u201cUn desarrollo econ\u00f3mico orientado al bienestar social requiere una visi\u00f3n de largo plazo. Es imprescindible la inversi\u00f3n productiva para el desarrollo econ\u00f3mico, la inversi\u00f3n p\u00fablica en infraestructura y log\u00edstica, as\u00ed como la inversi\u00f3n privada, tanto nacional como extranjera, en torno a proyectos estrat\u00e9gicos\u201d, subray\u00f3.<br><br>Ante diputadas y diputados encabezados por la Presidenta de la Junta de Coordinaci\u00f3n Pol\u00edtica del Congreso, Diputada Mar\u00eda Teresa Guerra Ochoa, el Presidente de la Mesa Directiva Diputado Rodolfo Valenzuela S\u00e1nchez y a los integrantes de la Comisi\u00f3n de Desarrollo Econ\u00f3mico del Congreso del Estado, Diputada Presidenta Paola Iveth G\u00e1rate Valenzuela, Diputado Secretario C\u00e9sar Ismael Guerrero Alarc\u00f3n, Diputado Carlos de Jes\u00fas Escobar S\u00e1nchez, Diputada Ang\u00e9lica D\u00edaz Qui\u00f1onez y Diputado Serapio Vargas Ram\u00edrez, el Secretario de Econom\u00eda sostuvo esta reuni\u00f3n de trabajo.<br><br>Durante su intervenci\u00f3n, el Secretario de Econom\u00eda inform\u00f3 que, por iniciativa del Gobernador Rub\u00e9n Rocha Moya, se puso en marcha el Plan Sinaloa para la Reactivaci\u00f3n Econ\u00f3mica, alineado al Plan M\u00e9xico, el cual est\u00e1 orientado a detonar inversi\u00f3n p\u00fablica y privada en infraestructura estrat\u00e9gica, programas sociales y est\u00edmulos fiscales, con el objetivo de impulsar el empleo y el bienestar de las y los sinaloenses.<br><br>Indic\u00f3 que, en cuatro a\u00f1os de gesti\u00f3n estatal, en apoyo a las micro, peque\u00f1as y medianas empresas sinaloenses, se han dispersado m\u00e1s de 1,500 millones de pesos en financiamientos, beneficiando a 7,351 MiPyMES, lo que representa un incremento del 20 por ciento respecto a lo otorgado durante la administraci\u00f3n anterior.<br><br>Asimismo, tan solo en 2025 se entregaron m\u00e1s de 52 mil apoyos econ\u00f3micos directos y cr\u00e9ditos sin intereses a comerciantes, tianguistas, m\u00fasicos, pescadores, transportistas, productores, empacadoras y personas desplazadas, por un monto superior a 200 millones de pesos.<br>De igual forma, a trav\u00e9s del programa Equipa Sinaloa, se han entregado m\u00e1s de 16 mil equipos productivos a microempresarios y grupos en situaci\u00f3n de vulnerabilidad, de los cuales el 70 por ciento se destinaron a mujeres, cuadruplicando la meta establecida en el Plan Estatal de Desarrollo.<br><br>Mediante el programa Ruta Digital, se ha vinculado a 909 empresas que han generado ventas adicionales por m\u00e1s de 314 millones de pesos en plataformas digitales como Amazon, Mercado Libre y Walmart. Adem\u00e1s, se han impartido m\u00e1s de 140 mil capacitaciones, principalmente en temas de emprendimiento y desarrollo empresarial, a trav\u00e9s de programas como Escala MX.<br><br>De igual manera, se han otorgado m\u00e1s de 20 mil servicios empresariales con costos preferenciales, como registros de marca, dise\u00f1o de logotipos y desarrollo de p\u00e1ginas web, generando ahorros superiores a 47 millones de pesos para las MiPyMES. A trav\u00e9s del programa Mujer Productiva, se activaron 23 m\u00f3dulos de venta, alcanzando m\u00e1s de 30 millones de pesos en ventas de productos elaborados por mujeres jefas de familia. Asimismo, con el programa Estiliza Sinaloa se benefici\u00f3 a m\u00e1s de 2,000 negocios de la industria de la belleza mediante capacitaci\u00f3n y entrega de equipo productivo; el 90 por ciento de las personas beneficiadas fueron mujeres, en su mayor\u00eda madres de familia.<br><br>Ante diputadas y diputados del Congreso del Estado, tambi\u00e9n inform\u00f3 que, en materia de Gesti\u00f3n Empresarial y Mejora Regulatoria, se han gestionado m\u00e1s de 191 mil tr\u00e1mites y servicios sin costo en los 20 municipios del estado, principalmente a trav\u00e9s de las Unidades R\u00e1pidas de Gesti\u00f3n Empresarial (URGE), lo que representa un avance del 83 por ciento de la meta planteada en el Plan Estatal de Desarrollo. Estos resultados han permitido fortalecer de manera directa la competitividad de las MiPyMES sinaloenses.<br><br>El Secretario destac\u00f3 que, en materia de inversi\u00f3n, Sinaloa se consolida como un estado confiable y competitivo. Con base en datos del INEGI, la econom\u00eda estatal creci\u00f3 2.8 por ciento durante el primer semestre de 2025, en comparaci\u00f3n con el mismo periodo del a\u00f1o anterior, ubic\u00e1ndose en el quinto lugar a nivel nacional entre las entidades con mayor crecimiento econ\u00f3mico.<br><br>Resalt\u00f3 que Topolobampo fue designado como uno de los 14 nuevos Polos de Desarrollo Econ\u00f3mico para el Bienestar dentro del Plan M\u00e9xico, declaratoria que impulsar\u00e1 al norte de Sinaloa como un centro estrat\u00e9gico para la inversi\u00f3n industrial, log\u00edstica y energ\u00e9tica.<br><br>En cuanto a Inversi\u00f3n Extranjera Directa, inform\u00f3 que se han captado 1,637 millones de d\u00f3lares, lo que representa un avance del 82 por ciento de la meta establecida en el Plan Estatal de Desarrollo. Asimismo, se han registrado 121,068 millones de pesos en Inversi\u00f3n Privada en Sinaloa, un 17.5 por ciento m\u00e1s que en el mismo periodo de la administraci\u00f3n anterior, lo que refleja la confianza y certidumbre de los inversionistas.<br><br>Respecto a los Certificados de Promoci\u00f3n Fiscal de Sinaloa (CEPROFIES), se\u00f1al\u00f3 que han sido un instrumento clave para incentivar la inversi\u00f3n y fortalecer la competitividad del estado, ya que en los \u00faltimos cuatro a\u00f1os se otorgaron 245 certificados que impulsaron proyectos de inversi\u00f3n por 64,963 millones de pesos.<br><br>En el sector minero, se han captado 10,100 millones de pesos en inversi\u00f3n, superando por m\u00e1s del doble la meta sexenal establecida en el Plan Estatal, lo que ha permitido fortalecer la econom\u00eda de las regiones serranas del estado.<br><br>En materia de comercio exterior, se registraron exportaciones por 16,978 millones de d\u00f3lares, un 30 por ciento m\u00e1s respecto al mismo periodo de la administraci\u00f3n anterior, de acuerdo con datos de la Secretar\u00eda de Econom\u00eda federal a trav\u00e9s de DATA M\u00e9xico.<br><br>Ante el Congreso del Estado, el Secretario de Econom\u00eda expuso que, en materia de desarrollo industrial, Sinaloa ha dado pasos firmes y estrat\u00e9gicos que hoy se traducen en proyectos de gran escala, generaci\u00f3n de empleo y mayor competitividad.<br><br>Detall\u00f3 que, en junio de 2025, se firmaron los contratos para la construcci\u00f3n del proyecto Pac\u00edfico Mexinol en Topolobampo, con una inversi\u00f3n estimada de 3,300 millones de d\u00f3lares. Asimismo, Gas y Petroqu\u00edmica de Occidente (GPO) registra un avance del 80 por ciento en la construcci\u00f3n de su planta de amon\u00edaco, con una inversi\u00f3n inicial de 1,632 millones de d\u00f3lares, escalable hasta 5,600 millones de d\u00f3lares en tres etapas, y la generaci\u00f3n de 2,800 empleos directos e indirectos. De igual forma, ATR\u2013Sumitomo, en Escuinapa, presenta un avance del 70 por ciento en la construcci\u00f3n de su planta de arneses automotrices, con una inversi\u00f3n de 5 millones de d\u00f3lares. Tambi\u00e9n se concret\u00f3 la llegada de Grupo Tetakawi a Mazatl\u00e1n con la operaci\u00f3n del parque industrial Totorame, sentando las bases de la primera comunidad de manufactura avanzada en Sinaloa.<br><br>En octubre de 2025 se inaugur\u00f3 el Mazatl\u00e1n Logistic Center, consolidando al puerto como un nuevo polo log\u00edstico e industrial del pa\u00eds. El proyecto abarca m\u00e1s de 80 hect\u00e1reas, contempla 81 lotes y proyecta una inversi\u00f3n superior a 24,000 millones de pesos, as\u00ed como la generaci\u00f3n de m\u00e1s de 25,000 empleos directos e indirectos. En el municipio de El Fuerte tambi\u00e9n se impulsa el Proyecto Tango Solar de DH2 Energy, una planta de hidr\u00f3geno verde con una inversi\u00f3n estimada de 1,172 millones de d\u00f3lares.<br>Este trabajo ha sido posible gracias a una visi\u00f3n de gobierno impulsada por el Gobernador Rub\u00e9n Rocha Moya, que ha puesto al centro a las personas y al fortalecimiento de la econom\u00eda local.<br><br>En el rubro de empleo, el Secretario destac\u00f3 que el Servicio Estatal del Empleo permiti\u00f3 la colocaci\u00f3n de m\u00e1s de 37 mil sinaloenses en empleos formales, duplicando el promedio anual de la administraci\u00f3n anterior. A trav\u00e9s del programa Abriendo Espacios, se coloc\u00f3 a 1,801 personas en situaci\u00f3n de vulnerabilidad, principalmente personas con discapacidad y adultos mayores. Asimismo, mediante el programa de Movilidad Laboral se vincul\u00f3 a 4,392 trabajadores agr\u00edcolas con empleadores de Estados Unidos y Canad\u00e1.<br><br>De acuerdo con la Encuesta Nacional de Ocupaci\u00f3n y Empleo del INEGI, entre octubre de 2021 y septiembre de 2025, 111,102 sinaloenses se incorporaron al mercado laboral, lo que representa un incremento de 8.5 por ciento en la poblaci\u00f3n ocupada, ubicando al estado en el d\u00e9cimo lugar nacional en crecimiento durante ese periodo. La tasa de desempleo en Sinaloa se mantiene por debajo de la media nacional, con 2.6 por ciento de la Poblaci\u00f3n Econ\u00f3micamente Activa, frente al 2.9 por ciento nacional, cumpliendo con la meta planteada en el Plan Estatal de Desarrollo.<br><br>Asimismo, de acuerdo con el INEGI, Sinaloa es el sexto estado del pa\u00eds con mejor ingreso semanal promedio, con 3,260 pesos, por encima del promedio nacional de 2,718 pesos.<br><br>Finalmente, el Secretario de Econom\u00eda se\u00f1al\u00f3 que, bajo el liderazgo del Gobernador Rub\u00e9n Rocha Moya, en 2026 se ampliar\u00e1n y fortalecer\u00e1n los lineamientos del Plan Estatal de Desarrollo, asumiendo tareas estrat\u00e9gicas como la promoci\u00f3n de agrupamientos empresariales vinculados a inversiones extranjeras; el relanzamiento de la promoci\u00f3n para la atracci\u00f3n de inversiones; el fortalecimiento de los v\u00ednculos entre la miner\u00eda y la industria; la reducci\u00f3n de la econom\u00eda informal en coordinaci\u00f3n con el Gobierno Federal; la mejora en las condiciones de registro y cotizaci\u00f3n laboral; el an\u00e1lisis prospectivo de los mercados de productos primarios, y el dise\u00f1o de una estrategia ampliada para el desarrollo industrial del estado.<br><br>Todo ello, bajo el prop\u00f3sito humanamente superior de la Cuarta Transformaci\u00f3n y la visi\u00f3n reiterada por el Gobernador Rub\u00e9n Rocha Moya: por el bien de todas y de todos, primero los pobres.<\/p>\n","protected":false},"excerpt":{"rendered":"<p>En su comparecencia ante integrantes del Congreso del Estado, con motivo de la glosa del Cuarto Informe de Labores del Gobernador Rub\u00e9n Rocha Moya, el Secretario de Econom\u00eda, Feliciano Castro&hellip;<\/p>\n","protected":false},"author":1,"featured_media":31026,"comment_status":"open","ping_status":"open","sticky":false,"template":"","format":"standard","meta":{"_jetpack_memberships_contains_paid_content":false,"footnotes":"","jetpack_publicize_message":"","jetpack_publicize_feature_enabled":true,"jetpack_social_post_already_shared":true,"jetpack_social_options":{"image_generator_settings":{"template":"highway","default_image_id":0,"font":"","enabled":false},"version":2}},"categories":[52],"tags":[34],"class_list":["post-31027","post","type-post","status-publish","format-standard","has-post-thumbnail","hentry","category-subportada","tag-gobierno-del-estado-de-sinaloa"],"yoast_head":"<!-- This site is optimized with the Yoast SEO plugin v27.2 - https:\/\/yoast.com\/product\/yoast-seo-wordpress\/ -->\n<title>Sinaloa trabaja por un desarrollo econ\u00f3mico para todas y todos, con bienestar e inversi\u00f3n productiva p\u00fablica y privada - \u00c9tica Comunica<\/title>\n<meta name=\"robots\" content=\"index, follow, max-snippet:-1, max-image-preview:large, max-video-preview:-1\" \/>\n<link rel=\"canonical\" href=\"https:\/\/eticacomunica.com.mx\/?p=31027\" \/>\n<meta property=\"og:locale\" content=\"es_MX\" \/>\n<meta property=\"og:type\" content=\"article\" \/>\n<meta property=\"og:title\" content=\"Sinaloa trabaja por un desarrollo econ\u00f3mico para todas y todos, con bienestar e inversi\u00f3n productiva p\u00fablica y privada - \u00c9tica Comunica\" \/>\n<meta property=\"og:description\" content=\"En su comparecencia ante integrantes del Congreso del Estado, con motivo de la glosa del Cuarto Informe de Labores del Gobernador Rub\u00e9n Rocha Moya, el Secretario de Econom\u00eda, Feliciano Castro&hellip;\" \/>\n<meta property=\"og:url\" content=\"https:\/\/eticacomunica.com.mx\/?p=31027\" \/>\n<meta property=\"og:site_name\" content=\"\u00c9tica Comunica\" \/>\n<meta property=\"article:publisher\" content=\"https:\/\/www.facebook.com\/eticacomunica\" \/>\n<meta property=\"article:published_time\" content=\"2026-01-17T02:17:25+00:00\" \/>\n<meta property=\"og:image\" content=\"https:\/\/eticacomunica.com.mx\/wp-content\/uploads\/2026\/01\/IMG-20260116-WA0091.jpg\" \/>\n\t<meta property=\"og:image:width\" content=\"1280\" \/>\n\t<meta property=\"og:image:height\" content=\"851\" \/>\n\t<meta property=\"og:image:type\" content=\"image\/jpeg\" \/>\n<meta name=\"author\" content=\"etica\" \/>\n<meta name=\"twitter:card\" content=\"summary_large_image\" \/>\n<meta name=\"twitter:label1\" content=\"Escrito por\" \/>\n\t<meta name=\"twitter:data1\" content=\"etica\" \/>\n\t<meta name=\"twitter:label2\" content=\"Tiempo de lectura\" \/>\n\t<meta name=\"twitter:data2\" content=\"9 minutos\" \/>\n<script type=\"application\/ld+json\" class=\"yoast-schema-graph\">{\"@context\":\"https:\/\/schema.org\",\"@graph\":[{\"@type\":\"Article\",\"@id\":\"https:\/\/eticacomunica.com.mx\/?p=31027#article\",\"isPartOf\":{\"@id\":\"https:\/\/eticacomunica.com.mx\/?p=31027\"},\"author\":{\"name\":\"etica\",\"@id\":\"https:\/\/eticacomunica.com.mx\/#\/schema\/person\/2cacc47bd17fe8ad92f08c0313d22fa6\"},\"headline\":\"Sinaloa trabaja por un desarrollo econ\u00f3mico para todas y todos, con bienestar e inversi\u00f3n productiva p\u00fablica y privada\",\"datePublished\":\"2026-01-17T02:17:25+00:00\",\"mainEntityOfPage\":{\"@id\":\"https:\/\/eticacomunica.com.mx\/?p=31027\"},\"wordCount\":1831,\"commentCount\":0,\"publisher\":{\"@id\":\"https:\/\/eticacomunica.com.mx\/#organization\"},\"image\":{\"@id\":\"https:\/\/eticacomunica.com.mx\/?p=31027#primaryimage\"},\"thumbnailUrl\":\"https:\/\/eticacomunica.com.mx\/wp-content\/uploads\/2026\/01\/IMG-20260116-WA0091.jpg\",\"keywords\":[\"Gobierno del Estado de Sinaloa\"],\"articleSection\":[\"Subportada\"],\"inLanguage\":\"es\",\"potentialAction\":[{\"@type\":\"CommentAction\",\"name\":\"Comment\",\"target\":[\"https:\/\/eticacomunica.com.mx\/?p=31027#respond\"]}]},{\"@type\":\"WebPage\",\"@id\":\"https:\/\/eticacomunica.com.mx\/?p=31027\",\"url\":\"https:\/\/eticacomunica.com.mx\/?p=31027\",\"name\":\"Sinaloa trabaja por un desarrollo econ\u00f3mico para todas y todos, con bienestar e inversi\u00f3n productiva p\u00fablica y privada - \u00c9tica Comunica\",\"isPartOf\":{\"@id\":\"https:\/\/eticacomunica.com.mx\/#website\"},\"primaryImageOfPage\":{\"@id\":\"https:\/\/eticacomunica.com.mx\/?p=31027#primaryimage\"},\"image\":{\"@id\":\"https:\/\/eticacomunica.com.mx\/?p=31027#primaryimage\"},\"thumbnailUrl\":\"https:\/\/eticacomunica.com.mx\/wp-content\/uploads\/2026\/01\/IMG-20260116-WA0091.jpg\",\"datePublished\":\"2026-01-17T02:17:25+00:00\",\"breadcrumb\":{\"@id\":\"https:\/\/eticacomunica.com.mx\/?p=31027#breadcrumb\"},\"inLanguage\":\"es\",\"potentialAction\":[{\"@type\":\"ReadAction\",\"target\":[\"https:\/\/eticacomunica.com.mx\/?p=31027\"]}]},{\"@type\":\"ImageObject\",\"inLanguage\":\"es\",\"@id\":\"https:\/\/eticacomunica.com.mx\/?p=31027#primaryimage\",\"url\":\"https:\/\/eticacomunica.com.mx\/wp-content\/uploads\/2026\/01\/IMG-20260116-WA0091.jpg\",\"contentUrl\":\"https:\/\/eticacomunica.com.mx\/wp-content\/uploads\/2026\/01\/IMG-20260116-WA0091.jpg\",\"width\":1280,\"height\":851},{\"@type\":\"BreadcrumbList\",\"@id\":\"https:\/\/eticacomunica.com.mx\/?p=31027#breadcrumb\",\"itemListElement\":[{\"@type\":\"ListItem\",\"position\":1,\"name\":\"Inicio\",\"item\":\"https:\/\/eticacomunica.com.mx\/\"},{\"@type\":\"ListItem\",\"position\":2,\"name\":\"Sinaloa trabaja por un desarrollo econ\u00f3mico para todas y todos, con bienestar e inversi\u00f3n productiva p\u00fablica y privada\"}]},{\"@type\":\"WebSite\",\"@id\":\"https:\/\/eticacomunica.com.mx\/#website\",\"url\":\"https:\/\/eticacomunica.com.mx\/\",\"name\":\"\u00c9tica Comunica\",\"description\":\"Diario Digital\",\"publisher\":{\"@id\":\"https:\/\/eticacomunica.com.mx\/#organization\"},\"potentialAction\":[{\"@type\":\"SearchAction\",\"target\":{\"@type\":\"EntryPoint\",\"urlTemplate\":\"https:\/\/eticacomunica.com.mx\/?s={search_term_string}\"},\"query-input\":{\"@type\":\"PropertyValueSpecification\",\"valueRequired\":true,\"valueName\":\"search_term_string\"}}],\"inLanguage\":\"es\"},{\"@type\":\"Organization\",\"@id\":\"https:\/\/eticacomunica.com.mx\/#organization\",\"name\":\"Diarios Digitales de Sinaloa\",\"url\":\"https:\/\/eticacomunica.com.mx\/\",\"logo\":{\"@type\":\"ImageObject\",\"inLanguage\":\"es\",\"@id\":\"https:\/\/eticacomunica.com.mx\/#\/schema\/logo\/image\/\",\"url\":\"https:\/\/eticacomunica.com.mx\/wp-content\/uploads\/2023\/10\/etica-logo.png\",\"contentUrl\":\"https:\/\/eticacomunica.com.mx\/wp-content\/uploads\/2023\/10\/etica-logo.png\",\"width\":1280,\"height\":432,\"caption\":\"Diarios Digitales de Sinaloa\"},\"image\":{\"@id\":\"https:\/\/eticacomunica.com.mx\/#\/schema\/logo\/image\/\"},\"sameAs\":[\"https:\/\/www.facebook.com\/eticacomunica\"]},{\"@type\":\"Person\",\"@id\":\"https:\/\/eticacomunica.com.mx\/#\/schema\/person\/2cacc47bd17fe8ad92f08c0313d22fa6\",\"name\":\"etica\",\"image\":{\"@type\":\"ImageObject\",\"inLanguage\":\"es\",\"@id\":\"https:\/\/secure.gravatar.com\/avatar\/dfb45d32bc7097f8f06d6e4f6e6b387e7cb8fd5b3a2869265c40587ab62cab1e?s=96&d=mm&r=g\",\"url\":\"https:\/\/secure.gravatar.com\/avatar\/dfb45d32bc7097f8f06d6e4f6e6b387e7cb8fd5b3a2869265c40587ab62cab1e?s=96&d=mm&r=g\",\"contentUrl\":\"https:\/\/secure.gravatar.com\/avatar\/dfb45d32bc7097f8f06d6e4f6e6b387e7cb8fd5b3a2869265c40587ab62cab1e?s=96&d=mm&r=g\",\"caption\":\"etica\"},\"sameAs\":[\"https:\/\/eticacomunica.com.mx\"],\"url\":\"https:\/\/eticacomunica.com.mx\/?author=1\"}]}<\/script>\n<!-- \/ Yoast SEO plugin. -->","yoast_head_json":{"title":"Sinaloa trabaja por un desarrollo econ\u00f3mico para todas y todos, con bienestar e inversi\u00f3n productiva p\u00fablica y privada - \u00c9tica Comunica","robots":{"index":"index","follow":"follow","max-snippet":"max-snippet:-1","max-image-preview":"max-image-preview:large","max-video-preview":"max-video-preview:-1"},"canonical":"https:\/\/eticacomunica.com.mx\/?p=31027","og_locale":"es_MX","og_type":"article","og_title":"Sinaloa trabaja por un desarrollo econ\u00f3mico para todas y todos, con bienestar e inversi\u00f3n productiva p\u00fablica y privada - \u00c9tica Comunica","og_description":"En su comparecencia ante integrantes del Congreso del Estado, con motivo de la glosa del Cuarto Informe de Labores del Gobernador Rub\u00e9n Rocha Moya, el Secretario de Econom\u00eda, Feliciano Castro&hellip;","og_url":"https:\/\/eticacomunica.com.mx\/?p=31027","og_site_name":"\u00c9tica Comunica","article_publisher":"https:\/\/www.facebook.com\/eticacomunica","article_published_time":"2026-01-17T02:17:25+00:00","og_image":[{"width":1280,"height":851,"url":"https:\/\/eticacomunica.com.mx\/wp-content\/uploads\/2026\/01\/IMG-20260116-WA0091.jpg","type":"image\/jpeg"}],"author":"etica","twitter_card":"summary_large_image","twitter_misc":{"Escrito por":"etica","Tiempo de lectura":"9 minutos"},"schema":{"@context":"https:\/\/schema.org","@graph":[{"@type":"Article","@id":"https:\/\/eticacomunica.com.mx\/?p=31027#article","isPartOf":{"@id":"https:\/\/eticacomunica.com.mx\/?p=31027"},"author":{"name":"etica","@id":"https:\/\/eticacomunica.com.mx\/#\/schema\/person\/2cacc47bd17fe8ad92f08c0313d22fa6"},"headline":"Sinaloa trabaja por un desarrollo econ\u00f3mico para todas y todos, con bienestar e inversi\u00f3n productiva p\u00fablica y privada","datePublished":"2026-01-17T02:17:25+00:00","mainEntityOfPage":{"@id":"https:\/\/eticacomunica.com.mx\/?p=31027"},"wordCount":1831,"commentCount":0,"publisher":{"@id":"https:\/\/eticacomunica.com.mx\/#organization"},"image":{"@id":"https:\/\/eticacomunica.com.mx\/?p=31027#primaryimage"},"thumbnailUrl":"https:\/\/eticacomunica.com.mx\/wp-content\/uploads\/2026\/01\/IMG-20260116-WA0091.jpg","keywords":["Gobierno del Estado de Sinaloa"],"articleSection":["Subportada"],"inLanguage":"es","potentialAction":[{"@type":"CommentAction","name":"Comment","target":["https:\/\/eticacomunica.com.mx\/?p=31027#respond"]}]},{"@type":"WebPage","@id":"https:\/\/eticacomunica.com.mx\/?p=31027","url":"https:\/\/eticacomunica.com.mx\/?p=31027","name":"Sinaloa trabaja por un desarrollo econ\u00f3mico para todas y todos, con bienestar e inversi\u00f3n productiva p\u00fablica y privada - \u00c9tica Comunica","isPartOf":{"@id":"https:\/\/eticacomunica.com.mx\/#website"},"primaryImageOfPage":{"@id":"https:\/\/eticacomunica.com.mx\/?p=31027#primaryimage"},"image":{"@id":"https:\/\/eticacomunica.com.mx\/?p=31027#primaryimage"},"thumbnailUrl":"https:\/\/eticacomunica.com.mx\/wp-content\/uploads\/2026\/01\/IMG-20260116-WA0091.jpg","datePublished":"2026-01-17T02:17:25+00:00","breadcrumb":{"@id":"https:\/\/eticacomunica.com.mx\/?p=31027#breadcrumb"},"inLanguage":"es","potentialAction":[{"@type":"ReadAction","target":["https:\/\/eticacomunica.com.mx\/?p=31027"]}]},{"@type":"ImageObject","inLanguage":"es","@id":"https:\/\/eticacomunica.com.mx\/?p=31027#primaryimage","url":"https:\/\/eticacomunica.com.mx\/wp-content\/uploads\/2026\/01\/IMG-20260116-WA0091.jpg","contentUrl":"https:\/\/eticacomunica.com.mx\/wp-content\/uploads\/2026\/01\/IMG-20260116-WA0091.jpg","width":1280,"height":851},{"@type":"BreadcrumbList","@id":"https:\/\/eticacomunica.com.mx\/?p=31027#breadcrumb","itemListElement":[{"@type":"ListItem","position":1,"name":"Inicio","item":"https:\/\/eticacomunica.com.mx\/"},{"@type":"ListItem","position":2,"name":"Sinaloa trabaja por un desarrollo econ\u00f3mico para todas y todos, con bienestar e inversi\u00f3n productiva p\u00fablica y privada"}]},{"@type":"WebSite","@id":"https:\/\/eticacomunica.com.mx\/#website","url":"https:\/\/eticacomunica.com.mx\/","name":"\u00c9tica Comunica","description":"Diario Digital","publisher":{"@id":"https:\/\/eticacomunica.com.mx\/#organization"},"potentialAction":[{"@type":"SearchAction","target":{"@type":"EntryPoint","urlTemplate":"https:\/\/eticacomunica.com.mx\/?s={search_term_string}"},"query-input":{"@type":"PropertyValueSpecification","valueRequired":true,"valueName":"search_term_string"}}],"inLanguage":"es"},{"@type":"Organization","@id":"https:\/\/eticacomunica.com.mx\/#organization","name":"Diarios Digitales de Sinaloa","url":"https:\/\/eticacomunica.com.mx\/","logo":{"@type":"ImageObject","inLanguage":"es","@id":"https:\/\/eticacomunica.com.mx\/#\/schema\/logo\/image\/","url":"https:\/\/eticacomunica.com.mx\/wp-content\/uploads\/2023\/10\/etica-logo.png","contentUrl":"https:\/\/eticacomunica.com.mx\/wp-content\/uploads\/2023\/10\/etica-logo.png","width":1280,"height":432,"caption":"Diarios Digitales de Sinaloa"},"image":{"@id":"https:\/\/eticacomunica.com.mx\/#\/schema\/logo\/image\/"},"sameAs":["https:\/\/www.facebook.com\/eticacomunica"]},{"@type":"Person","@id":"https:\/\/eticacomunica.com.mx\/#\/schema\/person\/2cacc47bd17fe8ad92f08c0313d22fa6","name":"etica","image":{"@type":"ImageObject","inLanguage":"es","@id":"https:\/\/secure.gravatar.com\/avatar\/dfb45d32bc7097f8f06d6e4f6e6b387e7cb8fd5b3a2869265c40587ab62cab1e?s=96&d=mm&r=g","url":"https:\/\/secure.gravatar.com\/avatar\/dfb45d32bc7097f8f06d6e4f6e6b387e7cb8fd5b3a2869265c40587ab62cab1e?s=96&d=mm&r=g","contentUrl":"https:\/\/secure.gravatar.com\/avatar\/dfb45d32bc7097f8f06d6e4f6e6b387e7cb8fd5b3a2869265c40587ab62cab1e?s=96&d=mm&r=g","caption":"etica"},"sameAs":["https:\/\/eticacomunica.com.mx"],"url":"https:\/\/eticacomunica.com.mx\/?author=1"}]}},"jetpack_publicize_connections":[],"jetpack_featured_media_url":"https:\/\/eticacomunica.com.mx\/wp-content\/uploads\/2026\/01\/IMG-20260116-WA0091.jpg","jetpack_sharing_enabled":true,"_links":{"self":[{"href":"https:\/\/eticacomunica.com.mx\/index.php?rest_route=\/wp\/v2\/posts\/31027","targetHints":{"allow":["GET"]}}],"collection":[{"href":"https:\/\/eticacomunica.com.mx\/index.php?rest_route=\/wp\/v2\/posts"}],"about":[{"href":"https:\/\/eticacomunica.com.mx\/index.php?rest_route=\/wp\/v2\/types\/post"}],"author":[{"embeddable":true,"href":"https:\/\/eticacomunica.com.mx\/index.php?rest_route=\/wp\/v2\/users\/1"}],"replies":[{"embeddable":true,"href":"https:\/\/eticacomunica.com.mx\/index.php?rest_route=%2Fwp%2Fv2%2Fcomments&post=31027"}],"version-history":[{"count":0,"href":"https:\/\/eticacomunica.com.mx\/index.php?rest_route=\/wp\/v2\/posts\/31027\/revisions"}],"wp:featuredmedia":[{"embeddable":true,"href":"https:\/\/eticacomunica.com.mx\/index.php?rest_route=\/wp\/v2\/media\/31026"}],"wp:attachment":[{"href":"https:\/\/eticacomunica.com.mx\/index.php?rest_route=%2Fwp%2Fv2%2Fmedia&parent=31027"}],"wp:term":[{"taxonomy":"category","embeddable":true,"href":"https:\/\/eticacomunica.com.mx\/index.php?rest_route=%2Fwp%2Fv2%2Fcategories&post=31027"},{"taxonomy":"post_tag","embeddable":true,"href":"https:\/\/eticacomunica.com.mx\/index.php?rest_route=%2Fwp%2Fv2%2Ftags&post=31027"}],"curies":[{"name":"wp","href":"https:\/\/api.w.org\/{rel}","templated":true}]}}