{"id":31029,"date":"2026-01-16T19:26:55","date_gmt":"2026-01-17T02:26:55","guid":{"rendered":"https:\/\/eticacomunica.com.mx\/?p=31029"},"modified":"2026-01-16T19:26:55","modified_gmt":"2026-01-17T02:26:55","slug":"para-fortalecer-y-estrechar-lazos-entre-instituciones-se-reunen-el-rector-jesus-maduena-y-el-titular-de-la-cedh-oscar-loza-ochoa-se-busca-la-firma-de-un-convenio-de-colaboracion","status":"publish","type":"post","link":"https:\/\/eticacomunica.com.mx\/?p=31029","title":{"rendered":"Para fortalecer y estrechar lazos entre instituciones, se re\u00fanen el Rector Jes\u00fas Madue\u00f1a y el titular de la CEDH, \u00d3scar Loza Ochoa; se busca la firma de un Convenio de Colaboraci\u00f3n"},"content":{"rendered":"\n<p>El Rector de la Universidad Aut\u00f3noma de Sinaloa (UAS), doctor Jes\u00fas Madue\u00f1a Molina, se reuni\u00f3 en sus oficinas de Rector\u00eda con el presidente de la Comisi\u00f3n Estatal de Derechos Humanos (CEDH), profesor Oscar Loza Ochoa, para fortalecer y estrechar lazos entre ambas instituciones que se concretice en un Convenio de Colaboraci\u00f3n a firmarse pr\u00f3ximamente.<br><br>En dicho Convenio se establecer\u00edan criterios y compromisos de orientaci\u00f3n, capacitaci\u00f3n y promoci\u00f3n de los Derechos Humanos entre el personal docente, administrativo y en general con la comunidad universitaria de la Casa Rosalina.<br><br>Tanto el Rector y el presidente de la CEDH est\u00e1n plenamente convencidos sobre las grandes aportaciones que se realizar\u00edan por parte de esta Casa de Estudios y el organismo defensor de los Derechos Humanos, ya que la Comisi\u00f3n facilitar\u00eda el personal para llevar a cabo la promoci\u00f3n o capacitaci\u00f3n en el tema en las unidades acad\u00e9micas de las diferentes unidades regionales de la Universidad.<br><br>\u201cEl profesor Loza Ochoa est\u00e1 convencido de la necesidad, de la urgencia y la vigencia de compromisos relacionados con la promoci\u00f3n y aplicaci\u00f3n de un tema fundamental para todos como es el de Derechos Humanos, as\u00ed mismo se\u00f1al\u00f3 y solicit\u00f3 al se\u00f1or Rector la posibilidad de que se instruyera a la Facultad de Derecho Culiac\u00e1n con el prop\u00f3sito de que se analicen las posibilidades de construir una curr\u00edculo de tal forma que arribe a la aprobaci\u00f3n, por parte del Consejo Universitario de la instituci\u00f3n, de la creaci\u00f3n de una Maestr\u00eda en Derechos Humanos\u201d, inform\u00f3 el director de Asuntos Jur\u00eddicos de la UAS, licenciado Alfonso Carlos Ontiveros Salas<br> <br>Con este tipo de acciones se busca tambi\u00e9n el beneficio de los estudiantes a trav\u00e9s de la realizaci\u00f3n de su servicio social y pr\u00e1cticas profesionales, entre otros aspectos.<\/p>\n","protected":false},"excerpt":{"rendered":"<p>El Rector de la Universidad Aut\u00f3noma de Sinaloa (UAS), doctor Jes\u00fas Madue\u00f1a Molina, se reuni\u00f3 en sus oficinas de Rector\u00eda con el presidente de la Comisi\u00f3n Estatal de Derechos Humanos&hellip;<\/p>\n","protected":false},"author":1,"featured_media":31028,"comment_status":"open","ping_status":"open","sticky":false,"template":"","format":"standard","meta":{"_jetpack_memberships_contains_paid_content":false,"footnotes":"","jetpack_publicize_message":"","jetpack_publicize_feature_enabled":true,"jetpack_social_post_already_shared":true,"jetpack_social_options":{"image_generator_settings":{"template":"highway","default_image_id":0,"font":"","enabled":false},"version":2}},"categories":[40],"tags":[41],"class_list":["post-31029","post","type-post","status-publish","format-standard","has-post-thumbnail","hentry","category-educacion","tag-uas"],"yoast_head":"<!-- This site is optimized with the Yoast SEO plugin v27.2 - https:\/\/yoast.com\/product\/yoast-seo-wordpress\/ -->\n<title>Para fortalecer y estrechar lazos entre instituciones, se re\u00fanen el Rector Jes\u00fas Madue\u00f1a y el titular de la CEDH, \u00d3scar Loza Ochoa; se busca la firma de un Convenio de Colaboraci\u00f3n - \u00c9tica Comunica<\/title>\n<meta name=\"robots\" content=\"index, follow, max-snippet:-1, max-image-preview:large, max-video-preview:-1\" \/>\n<link rel=\"canonical\" href=\"https:\/\/eticacomunica.com.mx\/?p=31029\" \/>\n<meta property=\"og:locale\" content=\"es_MX\" \/>\n<meta property=\"og:type\" content=\"article\" \/>\n<meta property=\"og:title\" content=\"Para fortalecer y estrechar lazos entre instituciones, se re\u00fanen el Rector Jes\u00fas Madue\u00f1a y el titular de la CEDH, \u00d3scar Loza Ochoa; se busca la firma de un Convenio de Colaboraci\u00f3n - \u00c9tica Comunica\" \/>\n<meta property=\"og:description\" content=\"El Rector de la Universidad Aut\u00f3noma de Sinaloa (UAS), doctor Jes\u00fas Madue\u00f1a Molina, se reuni\u00f3 en sus oficinas de Rector\u00eda con el presidente de la Comisi\u00f3n Estatal de Derechos Humanos&hellip;\" \/>\n<meta property=\"og:url\" content=\"https:\/\/eticacomunica.com.mx\/?p=31029\" \/>\n<meta property=\"og:site_name\" content=\"\u00c9tica Comunica\" \/>\n<meta property=\"article:publisher\" content=\"https:\/\/www.facebook.com\/eticacomunica\" \/>\n<meta property=\"article:published_time\" content=\"2026-01-17T02:26:55+00:00\" \/>\n<meta property=\"og:image\" content=\"https:\/\/eticacomunica.com.mx\/wp-content\/uploads\/2026\/01\/IMG-20260116-WA0098.jpg\" \/>\n\t<meta property=\"og:image:width\" content=\"1600\" \/>\n\t<meta property=\"og:image:height\" content=\"1151\" \/>\n\t<meta property=\"og:image:type\" content=\"image\/jpeg\" \/>\n<meta name=\"author\" content=\"etica\" \/>\n<meta name=\"twitter:card\" content=\"summary_large_image\" \/>\n<meta name=\"twitter:label1\" content=\"Escrito por\" \/>\n\t<meta name=\"twitter:data1\" content=\"etica\" \/>\n\t<meta name=\"twitter:label2\" content=\"Tiempo de lectura\" \/>\n\t<meta name=\"twitter:data2\" content=\"2 minutos\" \/>\n<script type=\"application\/ld+json\" class=\"yoast-schema-graph\">{\"@context\":\"https:\/\/schema.org\",\"@graph\":[{\"@type\":\"Article\",\"@id\":\"https:\/\/eticacomunica.com.mx\/?p=31029#article\",\"isPartOf\":{\"@id\":\"https:\/\/eticacomunica.com.mx\/?p=31029\"},\"author\":{\"name\":\"etica\",\"@id\":\"https:\/\/eticacomunica.com.mx\/#\/schema\/person\/2cacc47bd17fe8ad92f08c0313d22fa6\"},\"headline\":\"Para fortalecer y estrechar lazos entre instituciones, se re\u00fanen el Rector Jes\u00fas Madue\u00f1a y el titular de la CEDH, \u00d3scar Loza Ochoa; se busca la firma de un Convenio de Colaboraci\u00f3n\",\"datePublished\":\"2026-01-17T02:26:55+00:00\",\"mainEntityOfPage\":{\"@id\":\"https:\/\/eticacomunica.com.mx\/?p=31029\"},\"wordCount\":355,\"commentCount\":0,\"publisher\":{\"@id\":\"https:\/\/eticacomunica.com.mx\/#organization\"},\"image\":{\"@id\":\"https:\/\/eticacomunica.com.mx\/?p=31029#primaryimage\"},\"thumbnailUrl\":\"https:\/\/eticacomunica.com.mx\/wp-content\/uploads\/2026\/01\/IMG-20260116-WA0098.jpg\",\"keywords\":[\"UAS\"],\"articleSection\":[\"Educaci\u00f3n\"],\"inLanguage\":\"es\",\"potentialAction\":[{\"@type\":\"CommentAction\",\"name\":\"Comment\",\"target\":[\"https:\/\/eticacomunica.com.mx\/?p=31029#respond\"]}]},{\"@type\":\"WebPage\",\"@id\":\"https:\/\/eticacomunica.com.mx\/?p=31029\",\"url\":\"https:\/\/eticacomunica.com.mx\/?p=31029\",\"name\":\"Para fortalecer y estrechar lazos entre instituciones, se re\u00fanen el Rector Jes\u00fas Madue\u00f1a y el titular de la CEDH, \u00d3scar Loza Ochoa; se busca la firma de un Convenio de Colaboraci\u00f3n - \u00c9tica Comunica\",\"isPartOf\":{\"@id\":\"https:\/\/eticacomunica.com.mx\/#website\"},\"primaryImageOfPage\":{\"@id\":\"https:\/\/eticacomunica.com.mx\/?p=31029#primaryimage\"},\"image\":{\"@id\":\"https:\/\/eticacomunica.com.mx\/?p=31029#primaryimage\"},\"thumbnailUrl\":\"https:\/\/eticacomunica.com.mx\/wp-content\/uploads\/2026\/01\/IMG-20260116-WA0098.jpg\",\"datePublished\":\"2026-01-17T02:26:55+00:00\",\"breadcrumb\":{\"@id\":\"https:\/\/eticacomunica.com.mx\/?p=31029#breadcrumb\"},\"inLanguage\":\"es\",\"potentialAction\":[{\"@type\":\"ReadAction\",\"target\":[\"https:\/\/eticacomunica.com.mx\/?p=31029\"]}]},{\"@type\":\"ImageObject\",\"inLanguage\":\"es\",\"@id\":\"https:\/\/eticacomunica.com.mx\/?p=31029#primaryimage\",\"url\":\"https:\/\/eticacomunica.com.mx\/wp-content\/uploads\/2026\/01\/IMG-20260116-WA0098.jpg\",\"contentUrl\":\"https:\/\/eticacomunica.com.mx\/wp-content\/uploads\/2026\/01\/IMG-20260116-WA0098.jpg\",\"width\":1600,\"height\":1151},{\"@type\":\"BreadcrumbList\",\"@id\":\"https:\/\/eticacomunica.com.mx\/?p=31029#breadcrumb\",\"itemListElement\":[{\"@type\":\"ListItem\",\"position\":1,\"name\":\"Inicio\",\"item\":\"https:\/\/eticacomunica.com.mx\/\"},{\"@type\":\"ListItem\",\"position\":2,\"name\":\"Para fortalecer y estrechar lazos entre instituciones, se re\u00fanen el Rector Jes\u00fas Madue\u00f1a y el titular de la CEDH, \u00d3scar Loza Ochoa; se busca la firma de un Convenio de Colaboraci\u00f3n\"}]},{\"@type\":\"WebSite\",\"@id\":\"https:\/\/eticacomunica.com.mx\/#website\",\"url\":\"https:\/\/eticacomunica.com.mx\/\",\"name\":\"\u00c9tica Comunica\",\"description\":\"Diario Digital\",\"publisher\":{\"@id\":\"https:\/\/eticacomunica.com.mx\/#organization\"},\"potentialAction\":[{\"@type\":\"SearchAction\",\"target\":{\"@type\":\"EntryPoint\",\"urlTemplate\":\"https:\/\/eticacomunica.com.mx\/?s={search_term_string}\"},\"query-input\":{\"@type\":\"PropertyValueSpecification\",\"valueRequired\":true,\"valueName\":\"search_term_string\"}}],\"inLanguage\":\"es\"},{\"@type\":\"Organization\",\"@id\":\"https:\/\/eticacomunica.com.mx\/#organization\",\"name\":\"Diarios Digitales de Sinaloa\",\"url\":\"https:\/\/eticacomunica.com.mx\/\",\"logo\":{\"@type\":\"ImageObject\",\"inLanguage\":\"es\",\"@id\":\"https:\/\/eticacomunica.com.mx\/#\/schema\/logo\/image\/\",\"url\":\"https:\/\/eticacomunica.com.mx\/wp-content\/uploads\/2023\/10\/etica-logo.png\",\"contentUrl\":\"https:\/\/eticacomunica.com.mx\/wp-content\/uploads\/2023\/10\/etica-logo.png\",\"width\":1280,\"height\":432,\"caption\":\"Diarios Digitales de Sinaloa\"},\"image\":{\"@id\":\"https:\/\/eticacomunica.com.mx\/#\/schema\/logo\/image\/\"},\"sameAs\":[\"https:\/\/www.facebook.com\/eticacomunica\"]},{\"@type\":\"Person\",\"@id\":\"https:\/\/eticacomunica.com.mx\/#\/schema\/person\/2cacc47bd17fe8ad92f08c0313d22fa6\",\"name\":\"etica\",\"image\":{\"@type\":\"ImageObject\",\"inLanguage\":\"es\",\"@id\":\"https:\/\/secure.gravatar.com\/avatar\/dfb45d32bc7097f8f06d6e4f6e6b387e7cb8fd5b3a2869265c40587ab62cab1e?s=96&d=mm&r=g\",\"url\":\"https:\/\/secure.gravatar.com\/avatar\/dfb45d32bc7097f8f06d6e4f6e6b387e7cb8fd5b3a2869265c40587ab62cab1e?s=96&d=mm&r=g\",\"contentUrl\":\"https:\/\/secure.gravatar.com\/avatar\/dfb45d32bc7097f8f06d6e4f6e6b387e7cb8fd5b3a2869265c40587ab62cab1e?s=96&d=mm&r=g\",\"caption\":\"etica\"},\"sameAs\":[\"https:\/\/eticacomunica.com.mx\"],\"url\":\"https:\/\/eticacomunica.com.mx\/?author=1\"}]}<\/script>\n<!-- \/ Yoast SEO plugin. -->","yoast_head_json":{"title":"Para fortalecer y estrechar lazos entre instituciones, se re\u00fanen el Rector Jes\u00fas Madue\u00f1a y el titular de la CEDH, \u00d3scar Loza Ochoa; se busca la firma de un Convenio de Colaboraci\u00f3n - \u00c9tica Comunica","robots":{"index":"index","follow":"follow","max-snippet":"max-snippet:-1","max-image-preview":"max-image-preview:large","max-video-preview":"max-video-preview:-1"},"canonical":"https:\/\/eticacomunica.com.mx\/?p=31029","og_locale":"es_MX","og_type":"article","og_title":"Para fortalecer y estrechar lazos entre instituciones, se re\u00fanen el Rector Jes\u00fas Madue\u00f1a y el titular de la CEDH, \u00d3scar Loza Ochoa; se busca la firma de un Convenio de Colaboraci\u00f3n - \u00c9tica Comunica","og_description":"El Rector de la Universidad Aut\u00f3noma de Sinaloa (UAS), doctor Jes\u00fas Madue\u00f1a Molina, se reuni\u00f3 en sus oficinas de Rector\u00eda con el presidente de la Comisi\u00f3n Estatal de Derechos Humanos&hellip;","og_url":"https:\/\/eticacomunica.com.mx\/?p=31029","og_site_name":"\u00c9tica Comunica","article_publisher":"https:\/\/www.facebook.com\/eticacomunica","article_published_time":"2026-01-17T02:26:55+00:00","og_image":[{"width":1600,"height":1151,"url":"https:\/\/eticacomunica.com.mx\/wp-content\/uploads\/2026\/01\/IMG-20260116-WA0098.jpg","type":"image\/jpeg"}],"author":"etica","twitter_card":"summary_large_image","twitter_misc":{"Escrito por":"etica","Tiempo de lectura":"2 minutos"},"schema":{"@context":"https:\/\/schema.org","@graph":[{"@type":"Article","@id":"https:\/\/eticacomunica.com.mx\/?p=31029#article","isPartOf":{"@id":"https:\/\/eticacomunica.com.mx\/?p=31029"},"author":{"name":"etica","@id":"https:\/\/eticacomunica.com.mx\/#\/schema\/person\/2cacc47bd17fe8ad92f08c0313d22fa6"},"headline":"Para fortalecer y estrechar lazos entre instituciones, se re\u00fanen el Rector Jes\u00fas Madue\u00f1a y el titular de la CEDH, \u00d3scar Loza Ochoa; se busca la firma de un Convenio de Colaboraci\u00f3n","datePublished":"2026-01-17T02:26:55+00:00","mainEntityOfPage":{"@id":"https:\/\/eticacomunica.com.mx\/?p=31029"},"wordCount":355,"commentCount":0,"publisher":{"@id":"https:\/\/eticacomunica.com.mx\/#organization"},"image":{"@id":"https:\/\/eticacomunica.com.mx\/?p=31029#primaryimage"},"thumbnailUrl":"https:\/\/eticacomunica.com.mx\/wp-content\/uploads\/2026\/01\/IMG-20260116-WA0098.jpg","keywords":["UAS"],"articleSection":["Educaci\u00f3n"],"inLanguage":"es","potentialAction":[{"@type":"CommentAction","name":"Comment","target":["https:\/\/eticacomunica.com.mx\/?p=31029#respond"]}]},{"@type":"WebPage","@id":"https:\/\/eticacomunica.com.mx\/?p=31029","url":"https:\/\/eticacomunica.com.mx\/?p=31029","name":"Para fortalecer y estrechar lazos entre instituciones, se re\u00fanen el Rector Jes\u00fas Madue\u00f1a y el titular de la CEDH, \u00d3scar Loza Ochoa; se busca la firma de un Convenio de Colaboraci\u00f3n - \u00c9tica Comunica","isPartOf":{"@id":"https:\/\/eticacomunica.com.mx\/#website"},"primaryImageOfPage":{"@id":"https:\/\/eticacomunica.com.mx\/?p=31029#primaryimage"},"image":{"@id":"https:\/\/eticacomunica.com.mx\/?p=31029#primaryimage"},"thumbnailUrl":"https:\/\/eticacomunica.com.mx\/wp-content\/uploads\/2026\/01\/IMG-20260116-WA0098.jpg","datePublished":"2026-01-17T02:26:55+00:00","breadcrumb":{"@id":"https:\/\/eticacomunica.com.mx\/?p=31029#breadcrumb"},"inLanguage":"es","potentialAction":[{"@type":"ReadAction","target":["https:\/\/eticacomunica.com.mx\/?p=31029"]}]},{"@type":"ImageObject","inLanguage":"es","@id":"https:\/\/eticacomunica.com.mx\/?p=31029#primaryimage","url":"https:\/\/eticacomunica.com.mx\/wp-content\/uploads\/2026\/01\/IMG-20260116-WA0098.jpg","contentUrl":"https:\/\/eticacomunica.com.mx\/wp-content\/uploads\/2026\/01\/IMG-20260116-WA0098.jpg","width":1600,"height":1151},{"@type":"BreadcrumbList","@id":"https:\/\/eticacomunica.com.mx\/?p=31029#breadcrumb","itemListElement":[{"@type":"ListItem","position":1,"name":"Inicio","item":"https:\/\/eticacomunica.com.mx\/"},{"@type":"ListItem","position":2,"name":"Para fortalecer y estrechar lazos entre instituciones, se re\u00fanen el Rector Jes\u00fas Madue\u00f1a y el titular de la CEDH, \u00d3scar Loza Ochoa; se busca la firma de un Convenio de Colaboraci\u00f3n"}]},{"@type":"WebSite","@id":"https:\/\/eticacomunica.com.mx\/#website","url":"https:\/\/eticacomunica.com.mx\/","name":"\u00c9tica Comunica","description":"Diario Digital","publisher":{"@id":"https:\/\/eticacomunica.com.mx\/#organization"},"potentialAction":[{"@type":"SearchAction","target":{"@type":"EntryPoint","urlTemplate":"https:\/\/eticacomunica.com.mx\/?s={search_term_string}"},"query-input":{"@type":"PropertyValueSpecification","valueRequired":true,"valueName":"search_term_string"}}],"inLanguage":"es"},{"@type":"Organization","@id":"https:\/\/eticacomunica.com.mx\/#organization","name":"Diarios Digitales de Sinaloa","url":"https:\/\/eticacomunica.com.mx\/","logo":{"@type":"ImageObject","inLanguage":"es","@id":"https:\/\/eticacomunica.com.mx\/#\/schema\/logo\/image\/","url":"https:\/\/eticacomunica.com.mx\/wp-content\/uploads\/2023\/10\/etica-logo.png","contentUrl":"https:\/\/eticacomunica.com.mx\/wp-content\/uploads\/2023\/10\/etica-logo.png","width":1280,"height":432,"caption":"Diarios Digitales de Sinaloa"},"image":{"@id":"https:\/\/eticacomunica.com.mx\/#\/schema\/logo\/image\/"},"sameAs":["https:\/\/www.facebook.com\/eticacomunica"]},{"@type":"Person","@id":"https:\/\/eticacomunica.com.mx\/#\/schema\/person\/2cacc47bd17fe8ad92f08c0313d22fa6","name":"etica","image":{"@type":"ImageObject","inLanguage":"es","@id":"https:\/\/secure.gravatar.com\/avatar\/dfb45d32bc7097f8f06d6e4f6e6b387e7cb8fd5b3a2869265c40587ab62cab1e?s=96&d=mm&r=g","url":"https:\/\/secure.gravatar.com\/avatar\/dfb45d32bc7097f8f06d6e4f6e6b387e7cb8fd5b3a2869265c40587ab62cab1e?s=96&d=mm&r=g","contentUrl":"https:\/\/secure.gravatar.com\/avatar\/dfb45d32bc7097f8f06d6e4f6e6b387e7cb8fd5b3a2869265c40587ab62cab1e?s=96&d=mm&r=g","caption":"etica"},"sameAs":["https:\/\/eticacomunica.com.mx"],"url":"https:\/\/eticacomunica.com.mx\/?author=1"}]}},"jetpack_publicize_connections":[],"jetpack_featured_media_url":"https:\/\/eticacomunica.com.mx\/wp-content\/uploads\/2026\/01\/IMG-20260116-WA0098.jpg","jetpack_sharing_enabled":true,"_links":{"self":[{"href":"https:\/\/eticacomunica.com.mx\/index.php?rest_route=\/wp\/v2\/posts\/31029","targetHints":{"allow":["GET"]}}],"collection":[{"href":"https:\/\/eticacomunica.com.mx\/index.php?rest_route=\/wp\/v2\/posts"}],"about":[{"href":"https:\/\/eticacomunica.com.mx\/index.php?rest_route=\/wp\/v2\/types\/post"}],"author":[{"embeddable":true,"href":"https:\/\/eticacomunica.com.mx\/index.php?rest_route=\/wp\/v2\/users\/1"}],"replies":[{"embeddable":true,"href":"https:\/\/eticacomunica.com.mx\/index.php?rest_route=%2Fwp%2Fv2%2Fcomments&post=31029"}],"version-history":[{"count":0,"href":"https:\/\/eticacomunica.com.mx\/index.php?rest_route=\/wp\/v2\/posts\/31029\/revisions"}],"wp:featuredmedia":[{"embeddable":true,"href":"https:\/\/eticacomunica.com.mx\/index.php?rest_route=\/wp\/v2\/media\/31028"}],"wp:attachment":[{"href":"https:\/\/eticacomunica.com.mx\/index.php?rest_route=%2Fwp%2Fv2%2Fmedia&parent=31029"}],"wp:term":[{"taxonomy":"category","embeddable":true,"href":"https:\/\/eticacomunica.com.mx\/index.php?rest_route=%2Fwp%2Fv2%2Fcategories&post=31029"},{"taxonomy":"post_tag","embeddable":true,"href":"https:\/\/eticacomunica.com.mx\/index.php?rest_route=%2Fwp%2Fv2%2Ftags&post=31029"}],"curies":[{"name":"wp","href":"https:\/\/api.w.org\/{rel}","templated":true}]}}