{"id":31031,"date":"2026-01-17T10:19:06","date_gmt":"2026-01-17T17:19:06","guid":{"rendered":"https:\/\/eticacomunica.com.mx\/?p=31031"},"modified":"2026-01-17T10:19:06","modified_gmt":"2026-01-17T17:19:06","slug":"la-uas-a-traves-de-la-unidad-de-bienestar-universitario-y-el-imss-capacitan-a-personal-de-odontologia-para-el-manejo-seguro-de-residuos-biologico-infecciosos","status":"publish","type":"post","link":"https:\/\/eticacomunica.com.mx\/?p=31031","title":{"rendered":"La UAS, a trav\u00e9s de la Unidad de Bienestar Universitario, y el IMSS capacitan a personal de Odontolog\u00eda para el manejo seguro de residuos biol\u00f3gico-infecciosos"},"content":{"rendered":"\n<p>Con el objetivo de reforzar las pr\u00e1cticas de seguridad y salud en los espacios cl\u00ednicos universitarios, la Universidad Aut\u00f3noma de Sinaloa (UAS) a trav\u00e9s de la Unidad de Bienestar Universitario (UBU), la Direcci\u00f3n de Prestaciones Sociales, Direcci\u00f3n de Recursos Humanos en coordinaci\u00f3n con el Instituto Mexicano del Seguro Social (IMSS) llev\u00f3 a cabo el curso &#8220;RPBI: Manejo Seguro de Residuos Peligrosos Biol\u00f3gico- Infecciosos&#8221;.<br><br>El doctor Wenseslao Plata Rocha, Vicerrector de la Unidad Regional Centro, en representaci\u00f3n del Rector, doctor Jes\u00fas Madue\u00f1a Molina dio la bienvenida a la capacitaci\u00f3n, reconociendo el inter\u00e9s del personal responsable de las cl\u00ednicas de la Facultad de Odontolog\u00eda a quienes estaba dirigido el curso con el que la universidad refrenda su compromiso con el cuidado de su personal, del medio ambiente y la seguridad de los pacientes.<br><br>Por su parte, la doctora Sof\u00eda \u00c1ngulo Olivas, directora de la UBU destac\u00f3 la importancia de actualizarse en este tipo de tem\u00e1ticas en el \u00e1rea de la salud para protecci\u00f3n del trabajador, de los usuarios y el entorno, as\u00ed como para prevenir riesgos sanitarios y garantizar espacios seguros y responsables, por lo que invit\u00f3 a los universitarios a aprovechar este tipo de actividades que contribuyen a enriquecer su formaci\u00f3n profesional.<br><br>\u201cTodo es por seguridad de ustedes mismos, por seguridad de tambi\u00e9n proteger lo que se hace dentro de la Universidad Aut\u00f3noma de Sinaloa, ya que es un \u00e1rea de la salud, un \u00e1rea donde se debe trabajar con mucha responsabilidad, cuidar todo lo que, los desechos, cuidar todo lo que se hace con una responsabilidad del cuidado del paciente, de los alumnos, de todo el personal, cuidarnos unos a otros, es lo m\u00e1s importante y pues es lo que siempre ha recalcado nuestro rector, el doctor Jes\u00fas Madue\u00f1a Molina, ser muy responsables, ser muy respetuosos en lo que hacemos\u201d, expres\u00f3.<br><br>La capacitaci\u00f3n fue facilitada por la ingeniera Argelia Donaj\u00ed Ruiz G\u00e1ndara, especialista en seguridad en el trabajo del IMSS, quien brind\u00f3 a los participantes informaci\u00f3n actualizada sobre la correcta identificaci\u00f3n, reciclaje, manejo seguro, almacenamiento y disposici\u00f3n final de los residuos peligrosos biol\u00f3gico- infecciosos, con base en la normatividad vigente en el pa\u00eds en materia de salud y protecci\u00f3n ambiental.<br><br>\u201cEsta pl\u00e1tica en particular tiene dos vertientes. Una, la prevenci\u00f3n de los riesgos al trabajador expuesto, que sepan qu\u00e9 puede pasar ante una pinchadura y todas esas cosas. Exposici\u00f3n a ciertos microorganismos que, en todos los procesos, como el de odontolog\u00eda, est\u00e1n presentes, pero adem\u00e1s de eso, no es solamente la salud directa del trabajador, sino que tambi\u00e9n tiene un sesgo en cuanto al cuidado a la ecolog\u00eda, al ser un residuo considerado como peligroso, tiene un tratamiento que debe ser cuidado, est\u00e1 regido bajo normas en este caso, la Norma 087 de Ecolog\u00eda y la Secretar\u00eda de Salud y Asistencia\u201d, expuso.<\/p>\n","protected":false},"excerpt":{"rendered":"<p>Con el objetivo de reforzar las pr\u00e1cticas de seguridad y salud en los espacios cl\u00ednicos universitarios, la Universidad Aut\u00f3noma de Sinaloa (UAS) a trav\u00e9s de la Unidad de Bienestar Universitario&hellip;<\/p>\n","protected":false},"author":1,"featured_media":31030,"comment_status":"open","ping_status":"open","sticky":false,"template":"","format":"standard","meta":{"_jetpack_memberships_contains_paid_content":false,"footnotes":"","jetpack_publicize_message":"","jetpack_publicize_feature_enabled":true,"jetpack_social_post_already_shared":true,"jetpack_social_options":{"image_generator_settings":{"template":"highway","default_image_id":0,"font":"","enabled":false},"version":2}},"categories":[40],"tags":[41],"class_list":["post-31031","post","type-post","status-publish","format-standard","has-post-thumbnail","hentry","category-educacion","tag-uas"],"yoast_head":"<!-- This site is optimized with the Yoast SEO plugin v27.2 - https:\/\/yoast.com\/product\/yoast-seo-wordpress\/ -->\n<title>La UAS, a trav\u00e9s de la Unidad de Bienestar Universitario, y el IMSS capacitan a personal de Odontolog\u00eda para el manejo seguro de residuos biol\u00f3gico-infecciosos - \u00c9tica Comunica<\/title>\n<meta name=\"robots\" content=\"index, follow, max-snippet:-1, max-image-preview:large, max-video-preview:-1\" \/>\n<link rel=\"canonical\" href=\"https:\/\/eticacomunica.com.mx\/?p=31031\" \/>\n<meta property=\"og:locale\" content=\"es_MX\" \/>\n<meta property=\"og:type\" content=\"article\" \/>\n<meta property=\"og:title\" content=\"La UAS, a trav\u00e9s de la Unidad de Bienestar Universitario, y el IMSS capacitan a personal de Odontolog\u00eda para el manejo seguro de residuos biol\u00f3gico-infecciosos - \u00c9tica Comunica\" \/>\n<meta property=\"og:description\" content=\"Con el objetivo de reforzar las pr\u00e1cticas de seguridad y salud en los espacios cl\u00ednicos universitarios, la Universidad Aut\u00f3noma de Sinaloa (UAS) a trav\u00e9s de la Unidad de Bienestar Universitario&hellip;\" \/>\n<meta property=\"og:url\" content=\"https:\/\/eticacomunica.com.mx\/?p=31031\" \/>\n<meta property=\"og:site_name\" content=\"\u00c9tica Comunica\" \/>\n<meta property=\"article:publisher\" content=\"https:\/\/www.facebook.com\/eticacomunica\" \/>\n<meta property=\"article:published_time\" content=\"2026-01-17T17:19:06+00:00\" \/>\n<meta property=\"og:image\" content=\"https:\/\/eticacomunica.com.mx\/wp-content\/uploads\/2026\/01\/IMG-20260117-WA0093.jpg\" \/>\n\t<meta property=\"og:image:width\" content=\"1600\" \/>\n\t<meta property=\"og:image:height\" content=\"1066\" \/>\n\t<meta property=\"og:image:type\" content=\"image\/jpeg\" \/>\n<meta name=\"author\" content=\"etica\" \/>\n<meta name=\"twitter:card\" content=\"summary_large_image\" \/>\n<meta name=\"twitter:label1\" content=\"Escrito por\" \/>\n\t<meta name=\"twitter:data1\" content=\"etica\" \/>\n\t<meta name=\"twitter:label2\" content=\"Tiempo de lectura\" \/>\n\t<meta name=\"twitter:data2\" content=\"3 minutos\" \/>\n<script type=\"application\/ld+json\" class=\"yoast-schema-graph\">{\"@context\":\"https:\/\/schema.org\",\"@graph\":[{\"@type\":\"Article\",\"@id\":\"https:\/\/eticacomunica.com.mx\/?p=31031#article\",\"isPartOf\":{\"@id\":\"https:\/\/eticacomunica.com.mx\/?p=31031\"},\"author\":{\"name\":\"etica\",\"@id\":\"https:\/\/eticacomunica.com.mx\/#\/schema\/person\/2cacc47bd17fe8ad92f08c0313d22fa6\"},\"headline\":\"La UAS, a trav\u00e9s de la Unidad de Bienestar Universitario, y el IMSS capacitan a personal de Odontolog\u00eda para el manejo seguro de residuos biol\u00f3gico-infecciosos\",\"datePublished\":\"2026-01-17T17:19:06+00:00\",\"mainEntityOfPage\":{\"@id\":\"https:\/\/eticacomunica.com.mx\/?p=31031\"},\"wordCount\":531,\"commentCount\":0,\"publisher\":{\"@id\":\"https:\/\/eticacomunica.com.mx\/#organization\"},\"image\":{\"@id\":\"https:\/\/eticacomunica.com.mx\/?p=31031#primaryimage\"},\"thumbnailUrl\":\"https:\/\/eticacomunica.com.mx\/wp-content\/uploads\/2026\/01\/IMG-20260117-WA0093.jpg\",\"keywords\":[\"UAS\"],\"articleSection\":[\"Educaci\u00f3n\"],\"inLanguage\":\"es\",\"potentialAction\":[{\"@type\":\"CommentAction\",\"name\":\"Comment\",\"target\":[\"https:\/\/eticacomunica.com.mx\/?p=31031#respond\"]}]},{\"@type\":\"WebPage\",\"@id\":\"https:\/\/eticacomunica.com.mx\/?p=31031\",\"url\":\"https:\/\/eticacomunica.com.mx\/?p=31031\",\"name\":\"La UAS, a trav\u00e9s de la Unidad de Bienestar Universitario, y el IMSS capacitan a personal de Odontolog\u00eda para el manejo seguro de residuos biol\u00f3gico-infecciosos - \u00c9tica Comunica\",\"isPartOf\":{\"@id\":\"https:\/\/eticacomunica.com.mx\/#website\"},\"primaryImageOfPage\":{\"@id\":\"https:\/\/eticacomunica.com.mx\/?p=31031#primaryimage\"},\"image\":{\"@id\":\"https:\/\/eticacomunica.com.mx\/?p=31031#primaryimage\"},\"thumbnailUrl\":\"https:\/\/eticacomunica.com.mx\/wp-content\/uploads\/2026\/01\/IMG-20260117-WA0093.jpg\",\"datePublished\":\"2026-01-17T17:19:06+00:00\",\"breadcrumb\":{\"@id\":\"https:\/\/eticacomunica.com.mx\/?p=31031#breadcrumb\"},\"inLanguage\":\"es\",\"potentialAction\":[{\"@type\":\"ReadAction\",\"target\":[\"https:\/\/eticacomunica.com.mx\/?p=31031\"]}]},{\"@type\":\"ImageObject\",\"inLanguage\":\"es\",\"@id\":\"https:\/\/eticacomunica.com.mx\/?p=31031#primaryimage\",\"url\":\"https:\/\/eticacomunica.com.mx\/wp-content\/uploads\/2026\/01\/IMG-20260117-WA0093.jpg\",\"contentUrl\":\"https:\/\/eticacomunica.com.mx\/wp-content\/uploads\/2026\/01\/IMG-20260117-WA0093.jpg\",\"width\":1600,\"height\":1066},{\"@type\":\"BreadcrumbList\",\"@id\":\"https:\/\/eticacomunica.com.mx\/?p=31031#breadcrumb\",\"itemListElement\":[{\"@type\":\"ListItem\",\"position\":1,\"name\":\"Inicio\",\"item\":\"https:\/\/eticacomunica.com.mx\/\"},{\"@type\":\"ListItem\",\"position\":2,\"name\":\"La UAS, a trav\u00e9s de la Unidad de Bienestar Universitario, y el IMSS capacitan a personal de Odontolog\u00eda para el manejo seguro de residuos biol\u00f3gico-infecciosos\"}]},{\"@type\":\"WebSite\",\"@id\":\"https:\/\/eticacomunica.com.mx\/#website\",\"url\":\"https:\/\/eticacomunica.com.mx\/\",\"name\":\"\u00c9tica Comunica\",\"description\":\"Diario Digital\",\"publisher\":{\"@id\":\"https:\/\/eticacomunica.com.mx\/#organization\"},\"potentialAction\":[{\"@type\":\"SearchAction\",\"target\":{\"@type\":\"EntryPoint\",\"urlTemplate\":\"https:\/\/eticacomunica.com.mx\/?s={search_term_string}\"},\"query-input\":{\"@type\":\"PropertyValueSpecification\",\"valueRequired\":true,\"valueName\":\"search_term_string\"}}],\"inLanguage\":\"es\"},{\"@type\":\"Organization\",\"@id\":\"https:\/\/eticacomunica.com.mx\/#organization\",\"name\":\"Diarios Digitales de Sinaloa\",\"url\":\"https:\/\/eticacomunica.com.mx\/\",\"logo\":{\"@type\":\"ImageObject\",\"inLanguage\":\"es\",\"@id\":\"https:\/\/eticacomunica.com.mx\/#\/schema\/logo\/image\/\",\"url\":\"https:\/\/eticacomunica.com.mx\/wp-content\/uploads\/2023\/10\/etica-logo.png\",\"contentUrl\":\"https:\/\/eticacomunica.com.mx\/wp-content\/uploads\/2023\/10\/etica-logo.png\",\"width\":1280,\"height\":432,\"caption\":\"Diarios Digitales de Sinaloa\"},\"image\":{\"@id\":\"https:\/\/eticacomunica.com.mx\/#\/schema\/logo\/image\/\"},\"sameAs\":[\"https:\/\/www.facebook.com\/eticacomunica\"]},{\"@type\":\"Person\",\"@id\":\"https:\/\/eticacomunica.com.mx\/#\/schema\/person\/2cacc47bd17fe8ad92f08c0313d22fa6\",\"name\":\"etica\",\"image\":{\"@type\":\"ImageObject\",\"inLanguage\":\"es\",\"@id\":\"https:\/\/secure.gravatar.com\/avatar\/dfb45d32bc7097f8f06d6e4f6e6b387e7cb8fd5b3a2869265c40587ab62cab1e?s=96&d=mm&r=g\",\"url\":\"https:\/\/secure.gravatar.com\/avatar\/dfb45d32bc7097f8f06d6e4f6e6b387e7cb8fd5b3a2869265c40587ab62cab1e?s=96&d=mm&r=g\",\"contentUrl\":\"https:\/\/secure.gravatar.com\/avatar\/dfb45d32bc7097f8f06d6e4f6e6b387e7cb8fd5b3a2869265c40587ab62cab1e?s=96&d=mm&r=g\",\"caption\":\"etica\"},\"sameAs\":[\"https:\/\/eticacomunica.com.mx\"],\"url\":\"https:\/\/eticacomunica.com.mx\/?author=1\"}]}<\/script>\n<!-- \/ Yoast SEO plugin. -->","yoast_head_json":{"title":"La UAS, a trav\u00e9s de la Unidad de Bienestar Universitario, y el IMSS capacitan a personal de Odontolog\u00eda para el manejo seguro de residuos biol\u00f3gico-infecciosos - \u00c9tica Comunica","robots":{"index":"index","follow":"follow","max-snippet":"max-snippet:-1","max-image-preview":"max-image-preview:large","max-video-preview":"max-video-preview:-1"},"canonical":"https:\/\/eticacomunica.com.mx\/?p=31031","og_locale":"es_MX","og_type":"article","og_title":"La UAS, a trav\u00e9s de la Unidad de Bienestar Universitario, y el IMSS capacitan a personal de Odontolog\u00eda para el manejo seguro de residuos biol\u00f3gico-infecciosos - \u00c9tica Comunica","og_description":"Con el objetivo de reforzar las pr\u00e1cticas de seguridad y salud en los espacios cl\u00ednicos universitarios, la Universidad Aut\u00f3noma de Sinaloa (UAS) a trav\u00e9s de la Unidad de Bienestar Universitario&hellip;","og_url":"https:\/\/eticacomunica.com.mx\/?p=31031","og_site_name":"\u00c9tica Comunica","article_publisher":"https:\/\/www.facebook.com\/eticacomunica","article_published_time":"2026-01-17T17:19:06+00:00","og_image":[{"width":1600,"height":1066,"url":"https:\/\/eticacomunica.com.mx\/wp-content\/uploads\/2026\/01\/IMG-20260117-WA0093.jpg","type":"image\/jpeg"}],"author":"etica","twitter_card":"summary_large_image","twitter_misc":{"Escrito por":"etica","Tiempo de lectura":"3 minutos"},"schema":{"@context":"https:\/\/schema.org","@graph":[{"@type":"Article","@id":"https:\/\/eticacomunica.com.mx\/?p=31031#article","isPartOf":{"@id":"https:\/\/eticacomunica.com.mx\/?p=31031"},"author":{"name":"etica","@id":"https:\/\/eticacomunica.com.mx\/#\/schema\/person\/2cacc47bd17fe8ad92f08c0313d22fa6"},"headline":"La UAS, a trav\u00e9s de la Unidad de Bienestar Universitario, y el IMSS capacitan a personal de Odontolog\u00eda para el manejo seguro de residuos biol\u00f3gico-infecciosos","datePublished":"2026-01-17T17:19:06+00:00","mainEntityOfPage":{"@id":"https:\/\/eticacomunica.com.mx\/?p=31031"},"wordCount":531,"commentCount":0,"publisher":{"@id":"https:\/\/eticacomunica.com.mx\/#organization"},"image":{"@id":"https:\/\/eticacomunica.com.mx\/?p=31031#primaryimage"},"thumbnailUrl":"https:\/\/eticacomunica.com.mx\/wp-content\/uploads\/2026\/01\/IMG-20260117-WA0093.jpg","keywords":["UAS"],"articleSection":["Educaci\u00f3n"],"inLanguage":"es","potentialAction":[{"@type":"CommentAction","name":"Comment","target":["https:\/\/eticacomunica.com.mx\/?p=31031#respond"]}]},{"@type":"WebPage","@id":"https:\/\/eticacomunica.com.mx\/?p=31031","url":"https:\/\/eticacomunica.com.mx\/?p=31031","name":"La UAS, a trav\u00e9s de la Unidad de Bienestar Universitario, y el IMSS capacitan a personal de Odontolog\u00eda para el manejo seguro de residuos biol\u00f3gico-infecciosos - \u00c9tica Comunica","isPartOf":{"@id":"https:\/\/eticacomunica.com.mx\/#website"},"primaryImageOfPage":{"@id":"https:\/\/eticacomunica.com.mx\/?p=31031#primaryimage"},"image":{"@id":"https:\/\/eticacomunica.com.mx\/?p=31031#primaryimage"},"thumbnailUrl":"https:\/\/eticacomunica.com.mx\/wp-content\/uploads\/2026\/01\/IMG-20260117-WA0093.jpg","datePublished":"2026-01-17T17:19:06+00:00","breadcrumb":{"@id":"https:\/\/eticacomunica.com.mx\/?p=31031#breadcrumb"},"inLanguage":"es","potentialAction":[{"@type":"ReadAction","target":["https:\/\/eticacomunica.com.mx\/?p=31031"]}]},{"@type":"ImageObject","inLanguage":"es","@id":"https:\/\/eticacomunica.com.mx\/?p=31031#primaryimage","url":"https:\/\/eticacomunica.com.mx\/wp-content\/uploads\/2026\/01\/IMG-20260117-WA0093.jpg","contentUrl":"https:\/\/eticacomunica.com.mx\/wp-content\/uploads\/2026\/01\/IMG-20260117-WA0093.jpg","width":1600,"height":1066},{"@type":"BreadcrumbList","@id":"https:\/\/eticacomunica.com.mx\/?p=31031#breadcrumb","itemListElement":[{"@type":"ListItem","position":1,"name":"Inicio","item":"https:\/\/eticacomunica.com.mx\/"},{"@type":"ListItem","position":2,"name":"La UAS, a trav\u00e9s de la Unidad de Bienestar Universitario, y el IMSS capacitan a personal de Odontolog\u00eda para el manejo seguro de residuos biol\u00f3gico-infecciosos"}]},{"@type":"WebSite","@id":"https:\/\/eticacomunica.com.mx\/#website","url":"https:\/\/eticacomunica.com.mx\/","name":"\u00c9tica Comunica","description":"Diario Digital","publisher":{"@id":"https:\/\/eticacomunica.com.mx\/#organization"},"potentialAction":[{"@type":"SearchAction","target":{"@type":"EntryPoint","urlTemplate":"https:\/\/eticacomunica.com.mx\/?s={search_term_string}"},"query-input":{"@type":"PropertyValueSpecification","valueRequired":true,"valueName":"search_term_string"}}],"inLanguage":"es"},{"@type":"Organization","@id":"https:\/\/eticacomunica.com.mx\/#organization","name":"Diarios Digitales de Sinaloa","url":"https:\/\/eticacomunica.com.mx\/","logo":{"@type":"ImageObject","inLanguage":"es","@id":"https:\/\/eticacomunica.com.mx\/#\/schema\/logo\/image\/","url":"https:\/\/eticacomunica.com.mx\/wp-content\/uploads\/2023\/10\/etica-logo.png","contentUrl":"https:\/\/eticacomunica.com.mx\/wp-content\/uploads\/2023\/10\/etica-logo.png","width":1280,"height":432,"caption":"Diarios Digitales de Sinaloa"},"image":{"@id":"https:\/\/eticacomunica.com.mx\/#\/schema\/logo\/image\/"},"sameAs":["https:\/\/www.facebook.com\/eticacomunica"]},{"@type":"Person","@id":"https:\/\/eticacomunica.com.mx\/#\/schema\/person\/2cacc47bd17fe8ad92f08c0313d22fa6","name":"etica","image":{"@type":"ImageObject","inLanguage":"es","@id":"https:\/\/secure.gravatar.com\/avatar\/dfb45d32bc7097f8f06d6e4f6e6b387e7cb8fd5b3a2869265c40587ab62cab1e?s=96&d=mm&r=g","url":"https:\/\/secure.gravatar.com\/avatar\/dfb45d32bc7097f8f06d6e4f6e6b387e7cb8fd5b3a2869265c40587ab62cab1e?s=96&d=mm&r=g","contentUrl":"https:\/\/secure.gravatar.com\/avatar\/dfb45d32bc7097f8f06d6e4f6e6b387e7cb8fd5b3a2869265c40587ab62cab1e?s=96&d=mm&r=g","caption":"etica"},"sameAs":["https:\/\/eticacomunica.com.mx"],"url":"https:\/\/eticacomunica.com.mx\/?author=1"}]}},"jetpack_publicize_connections":[],"jetpack_featured_media_url":"https:\/\/eticacomunica.com.mx\/wp-content\/uploads\/2026\/01\/IMG-20260117-WA0093.jpg","jetpack_sharing_enabled":true,"_links":{"self":[{"href":"https:\/\/eticacomunica.com.mx\/index.php?rest_route=\/wp\/v2\/posts\/31031","targetHints":{"allow":["GET"]}}],"collection":[{"href":"https:\/\/eticacomunica.com.mx\/index.php?rest_route=\/wp\/v2\/posts"}],"about":[{"href":"https:\/\/eticacomunica.com.mx\/index.php?rest_route=\/wp\/v2\/types\/post"}],"author":[{"embeddable":true,"href":"https:\/\/eticacomunica.com.mx\/index.php?rest_route=\/wp\/v2\/users\/1"}],"replies":[{"embeddable":true,"href":"https:\/\/eticacomunica.com.mx\/index.php?rest_route=%2Fwp%2Fv2%2Fcomments&post=31031"}],"version-history":[{"count":0,"href":"https:\/\/eticacomunica.com.mx\/index.php?rest_route=\/wp\/v2\/posts\/31031\/revisions"}],"wp:featuredmedia":[{"embeddable":true,"href":"https:\/\/eticacomunica.com.mx\/index.php?rest_route=\/wp\/v2\/media\/31030"}],"wp:attachment":[{"href":"https:\/\/eticacomunica.com.mx\/index.php?rest_route=%2Fwp%2Fv2%2Fmedia&parent=31031"}],"wp:term":[{"taxonomy":"category","embeddable":true,"href":"https:\/\/eticacomunica.com.mx\/index.php?rest_route=%2Fwp%2Fv2%2Fcategories&post=31031"},{"taxonomy":"post_tag","embeddable":true,"href":"https:\/\/eticacomunica.com.mx\/index.php?rest_route=%2Fwp%2Fv2%2Ftags&post=31031"}],"curies":[{"name":"wp","href":"https:\/\/api.w.org\/{rel}","templated":true}]}}