{"id":31041,"date":"2026-01-18T13:40:12","date_gmt":"2026-01-18T20:40:12","guid":{"rendered":"https:\/\/eticacomunica.com.mx\/?p=31041"},"modified":"2026-01-18T13:40:12","modified_gmt":"2026-01-18T20:40:12","slug":"desde-hidratacion-hasta-fisioterapia-mas-de-500-universitarios-brindan-atencion-integral-y-humana-a-corredores-del-maraton-internacional-de-culiacan-2026","status":"publish","type":"post","link":"https:\/\/eticacomunica.com.mx\/?p=31041","title":{"rendered":"\u00a1Desde hidrataci\u00f3n hasta fisioterapia! M\u00e1s de 500 universitarios brindan atenci\u00f3n integral y humana a corredores del Marat\u00f3n Internacional de Culiac\u00e1n 2026"},"content":{"rendered":"\n<p>Con el humanismo, profesionalismo y \u00e9tica que caracterizan a todos quienes conforman el \u00e1rea de la salud de la Universidad Aut\u00f3noma de Sinaloa (UAS), un numeroso grupo de universitarios de Facultades como las de Educaci\u00f3n F\u00edsica y Deporte (FEFyDE), de Enfermer\u00eda y de Medicina, as\u00ed como del Centro de Investigaci\u00f3n y Docencia en Ciencias de la Salud (CIDOCS) y de la Direcci\u00f3n General de Deportes, estuvieron recibiendo, a un lado de la meta, a todos los corredores que al terminar su recorrido en el XXXV Marat\u00f3n Internacional de Culiac\u00e1n 2026, requirieron de atenci\u00f3n m\u00e9dica, y\/o recuperaci\u00f3n f\u00edsica , esto en la idea de brindarles servicios m\u00e9dicos, de masajes y fisioterapia con el objeto de que su recuperaci\u00f3n fuera inmediata tras el esfuerzo agotador de la carrera.<br><br>El doctor Horacio Berrelleza Reyes, quien fungi\u00f3 como coordinador de los servicios m\u00e9dicos que brind\u00f3 la Casa Rosalina, fue enf\u00e1tico en se\u00f1alar que la UAS se debe a la sociedad y este tipo de apoyos que se brindan es verdaderamente una acci\u00f3n de agradecimiento.<br><br>\u201cEstamos apoyando de la mejor manera, de la forma m\u00e1s humana brindando la atenci\u00f3n necesaria aqu\u00ed a los deportistas, a\u00f1o con a\u00f1o hemos estado apoyando en lo que se ofrezca de los servicios m\u00e9dicos, atenci\u00f3n con fisioterapeutas, enfermeros y pasantes de servicio\u201d, comparti\u00f3.<br><br>As\u00ed tambi\u00e9n el doctor Jes\u00fas Roberto Garay N\u00fa\u00f1ez, director de la Facultad de Enfermer\u00eda, se dijo feliz de que un a\u00f1o m\u00e1s la UAS apoye decididamente esta gran carrera y con ello demostrar el gran valor que tiene Culiac\u00e1n y con esto se refuerza la formaci\u00f3n del estudiantado.<br><br>\u201cYo pienso que tiene que ver con la formaci\u00f3n integral de los estudiantes y aqu\u00ed tenemos estudiantes voluntarios que vinieron a estar en el m\u00f3dulo de atenci\u00f3n de aqu\u00ed del Marat\u00f3n y ya estamos atendiendo paciente desde temprana hora que est\u00e1n requiriendo que se monitoreen los signos vitales, ya que algunos de los corredores son hipertensos y necesitan estabilidad de su presi\u00f3n arterial\u201d, comparti\u00f3.<br><br>As\u00ed tambi\u00e9n el maestro Daniel Ram\u00f3n Acosta L\u00f3pez, director de la Facultad de Educaci\u00f3n F\u00edsica y Deporte (FEFyDE), se\u00f1al\u00f3 que siempre se participa en la rehabilitaci\u00f3n f\u00edsica de los corredores del Marat\u00f3n en la idea de brindarle una recuperaci\u00f3n f\u00edsica adecuada al momento de terminar la carrera.<br><br>\u201cComo cada a\u00f1o, esta es la edici\u00f3n n\u00famero 35 del Marat\u00f3n Internacional de Culiac\u00e1n y como bien saben siempre estamos en el apoyo en este evento, esta \u00e1rea de recuperaci\u00f3n es muy importante porque el atleta llega con ciertas dolencias musculares y entonces aqu\u00ed les ayudamos a relajar el m\u00fasculo por el esfuerzo que hizo en los kil\u00f3metros\u201d, coment\u00f3.<br><br>Cabe mencionar que en este ya tradicional Marat\u00f3n, en donde a\u00f1o con a\u00f1o la UAS colabora de manera solidaria para su realizaci\u00f3n, entre los m\u00e1s de 500 universitarios que de manera voluntaria se sumaron a esta actividad destac\u00f3 tambi\u00e9n la participaci\u00f3n activa de los nueve puestos de hidrataci\u00f3n, ubicados en el malec\u00f3n, a cargo de estudiantes y personal de la Facultad de Ciencias Qu\u00edmico Biol\u00f3gicas (FCQB), quienes no s\u00f3lo brindaban agua y sales minerales a los participantes, sino tambi\u00e9n apoyo moral y a veces hasta m\u00fasica para animarlos a que siguieran adelante en el recorrido.<\/p>\n","protected":false},"excerpt":{"rendered":"<p>Con el humanismo, profesionalismo y \u00e9tica que caracterizan a todos quienes conforman el \u00e1rea de la salud de la Universidad Aut\u00f3noma de Sinaloa (UAS), un numeroso grupo de universitarios de&hellip;<\/p>\n","protected":false},"author":1,"featured_media":31040,"comment_status":"open","ping_status":"open","sticky":false,"template":"","format":"standard","meta":{"_jetpack_memberships_contains_paid_content":false,"footnotes":"","jetpack_publicize_message":"","jetpack_publicize_feature_enabled":true,"jetpack_social_post_already_shared":true,"jetpack_social_options":{"image_generator_settings":{"template":"highway","default_image_id":0,"font":"","enabled":false},"version":2}},"categories":[40],"tags":[41],"class_list":["post-31041","post","type-post","status-publish","format-standard","has-post-thumbnail","hentry","category-educacion","tag-uas"],"yoast_head":"<!-- This site is optimized with the Yoast SEO plugin v27.2 - https:\/\/yoast.com\/product\/yoast-seo-wordpress\/ -->\n<title>\u00a1Desde hidrataci\u00f3n hasta fisioterapia! M\u00e1s de 500 universitarios brindan atenci\u00f3n integral y humana a corredores del Marat\u00f3n Internacional de Culiac\u00e1n 2026 - \u00c9tica Comunica<\/title>\n<meta name=\"robots\" content=\"index, follow, max-snippet:-1, max-image-preview:large, max-video-preview:-1\" \/>\n<link rel=\"canonical\" href=\"https:\/\/eticacomunica.com.mx\/?p=31041\" \/>\n<meta property=\"og:locale\" content=\"es_MX\" \/>\n<meta property=\"og:type\" content=\"article\" \/>\n<meta property=\"og:title\" content=\"\u00a1Desde hidrataci\u00f3n hasta fisioterapia! M\u00e1s de 500 universitarios brindan atenci\u00f3n integral y humana a corredores del Marat\u00f3n Internacional de Culiac\u00e1n 2026 - \u00c9tica Comunica\" \/>\n<meta property=\"og:description\" content=\"Con el humanismo, profesionalismo y \u00e9tica que caracterizan a todos quienes conforman el \u00e1rea de la salud de la Universidad Aut\u00f3noma de Sinaloa (UAS), un numeroso grupo de universitarios de&hellip;\" \/>\n<meta property=\"og:url\" content=\"https:\/\/eticacomunica.com.mx\/?p=31041\" \/>\n<meta property=\"og:site_name\" content=\"\u00c9tica Comunica\" \/>\n<meta property=\"article:publisher\" content=\"https:\/\/www.facebook.com\/eticacomunica\" \/>\n<meta property=\"article:published_time\" content=\"2026-01-18T20:40:12+00:00\" \/>\n<meta property=\"og:image\" content=\"https:\/\/eticacomunica.com.mx\/wp-content\/uploads\/2026\/01\/IMG-20260118-WA0025.jpg\" \/>\n\t<meta property=\"og:image:width\" content=\"1600\" \/>\n\t<meta property=\"og:image:height\" content=\"1065\" \/>\n\t<meta property=\"og:image:type\" content=\"image\/jpeg\" \/>\n<meta name=\"author\" content=\"etica\" \/>\n<meta name=\"twitter:card\" content=\"summary_large_image\" \/>\n<meta name=\"twitter:label1\" content=\"Escrito por\" \/>\n\t<meta name=\"twitter:data1\" content=\"etica\" \/>\n\t<meta name=\"twitter:label2\" content=\"Tiempo de lectura\" \/>\n\t<meta name=\"twitter:data2\" content=\"3 minutos\" \/>\n<script type=\"application\/ld+json\" class=\"yoast-schema-graph\">{\"@context\":\"https:\/\/schema.org\",\"@graph\":[{\"@type\":\"Article\",\"@id\":\"https:\/\/eticacomunica.com.mx\/?p=31041#article\",\"isPartOf\":{\"@id\":\"https:\/\/eticacomunica.com.mx\/?p=31041\"},\"author\":{\"name\":\"etica\",\"@id\":\"https:\/\/eticacomunica.com.mx\/#\/schema\/person\/2cacc47bd17fe8ad92f08c0313d22fa6\"},\"headline\":\"\u00a1Desde hidrataci\u00f3n hasta fisioterapia! M\u00e1s de 500 universitarios brindan atenci\u00f3n integral y humana a corredores del Marat\u00f3n Internacional de Culiac\u00e1n 2026\",\"datePublished\":\"2026-01-18T20:40:12+00:00\",\"mainEntityOfPage\":{\"@id\":\"https:\/\/eticacomunica.com.mx\/?p=31041\"},\"wordCount\":618,\"commentCount\":0,\"publisher\":{\"@id\":\"https:\/\/eticacomunica.com.mx\/#organization\"},\"image\":{\"@id\":\"https:\/\/eticacomunica.com.mx\/?p=31041#primaryimage\"},\"thumbnailUrl\":\"https:\/\/eticacomunica.com.mx\/wp-content\/uploads\/2026\/01\/IMG-20260118-WA0025.jpg\",\"keywords\":[\"UAS\"],\"articleSection\":[\"Educaci\u00f3n\"],\"inLanguage\":\"es\",\"potentialAction\":[{\"@type\":\"CommentAction\",\"name\":\"Comment\",\"target\":[\"https:\/\/eticacomunica.com.mx\/?p=31041#respond\"]}]},{\"@type\":\"WebPage\",\"@id\":\"https:\/\/eticacomunica.com.mx\/?p=31041\",\"url\":\"https:\/\/eticacomunica.com.mx\/?p=31041\",\"name\":\"\u00a1Desde hidrataci\u00f3n hasta fisioterapia! M\u00e1s de 500 universitarios brindan atenci\u00f3n integral y humana a corredores del Marat\u00f3n Internacional de Culiac\u00e1n 2026 - \u00c9tica Comunica\",\"isPartOf\":{\"@id\":\"https:\/\/eticacomunica.com.mx\/#website\"},\"primaryImageOfPage\":{\"@id\":\"https:\/\/eticacomunica.com.mx\/?p=31041#primaryimage\"},\"image\":{\"@id\":\"https:\/\/eticacomunica.com.mx\/?p=31041#primaryimage\"},\"thumbnailUrl\":\"https:\/\/eticacomunica.com.mx\/wp-content\/uploads\/2026\/01\/IMG-20260118-WA0025.jpg\",\"datePublished\":\"2026-01-18T20:40:12+00:00\",\"breadcrumb\":{\"@id\":\"https:\/\/eticacomunica.com.mx\/?p=31041#breadcrumb\"},\"inLanguage\":\"es\",\"potentialAction\":[{\"@type\":\"ReadAction\",\"target\":[\"https:\/\/eticacomunica.com.mx\/?p=31041\"]}]},{\"@type\":\"ImageObject\",\"inLanguage\":\"es\",\"@id\":\"https:\/\/eticacomunica.com.mx\/?p=31041#primaryimage\",\"url\":\"https:\/\/eticacomunica.com.mx\/wp-content\/uploads\/2026\/01\/IMG-20260118-WA0025.jpg\",\"contentUrl\":\"https:\/\/eticacomunica.com.mx\/wp-content\/uploads\/2026\/01\/IMG-20260118-WA0025.jpg\",\"width\":1600,\"height\":1065},{\"@type\":\"BreadcrumbList\",\"@id\":\"https:\/\/eticacomunica.com.mx\/?p=31041#breadcrumb\",\"itemListElement\":[{\"@type\":\"ListItem\",\"position\":1,\"name\":\"Inicio\",\"item\":\"https:\/\/eticacomunica.com.mx\/\"},{\"@type\":\"ListItem\",\"position\":2,\"name\":\"\u00a1Desde hidrataci\u00f3n hasta fisioterapia! M\u00e1s de 500 universitarios brindan atenci\u00f3n integral y humana a corredores del Marat\u00f3n Internacional de Culiac\u00e1n 2026\"}]},{\"@type\":\"WebSite\",\"@id\":\"https:\/\/eticacomunica.com.mx\/#website\",\"url\":\"https:\/\/eticacomunica.com.mx\/\",\"name\":\"\u00c9tica Comunica\",\"description\":\"Diario Digital\",\"publisher\":{\"@id\":\"https:\/\/eticacomunica.com.mx\/#organization\"},\"potentialAction\":[{\"@type\":\"SearchAction\",\"target\":{\"@type\":\"EntryPoint\",\"urlTemplate\":\"https:\/\/eticacomunica.com.mx\/?s={search_term_string}\"},\"query-input\":{\"@type\":\"PropertyValueSpecification\",\"valueRequired\":true,\"valueName\":\"search_term_string\"}}],\"inLanguage\":\"es\"},{\"@type\":\"Organization\",\"@id\":\"https:\/\/eticacomunica.com.mx\/#organization\",\"name\":\"Diarios Digitales de Sinaloa\",\"url\":\"https:\/\/eticacomunica.com.mx\/\",\"logo\":{\"@type\":\"ImageObject\",\"inLanguage\":\"es\",\"@id\":\"https:\/\/eticacomunica.com.mx\/#\/schema\/logo\/image\/\",\"url\":\"https:\/\/eticacomunica.com.mx\/wp-content\/uploads\/2023\/10\/etica-logo.png\",\"contentUrl\":\"https:\/\/eticacomunica.com.mx\/wp-content\/uploads\/2023\/10\/etica-logo.png\",\"width\":1280,\"height\":432,\"caption\":\"Diarios Digitales de Sinaloa\"},\"image\":{\"@id\":\"https:\/\/eticacomunica.com.mx\/#\/schema\/logo\/image\/\"},\"sameAs\":[\"https:\/\/www.facebook.com\/eticacomunica\"]},{\"@type\":\"Person\",\"@id\":\"https:\/\/eticacomunica.com.mx\/#\/schema\/person\/2cacc47bd17fe8ad92f08c0313d22fa6\",\"name\":\"etica\",\"image\":{\"@type\":\"ImageObject\",\"inLanguage\":\"es\",\"@id\":\"https:\/\/secure.gravatar.com\/avatar\/dfb45d32bc7097f8f06d6e4f6e6b387e7cb8fd5b3a2869265c40587ab62cab1e?s=96&d=mm&r=g\",\"url\":\"https:\/\/secure.gravatar.com\/avatar\/dfb45d32bc7097f8f06d6e4f6e6b387e7cb8fd5b3a2869265c40587ab62cab1e?s=96&d=mm&r=g\",\"contentUrl\":\"https:\/\/secure.gravatar.com\/avatar\/dfb45d32bc7097f8f06d6e4f6e6b387e7cb8fd5b3a2869265c40587ab62cab1e?s=96&d=mm&r=g\",\"caption\":\"etica\"},\"sameAs\":[\"https:\/\/eticacomunica.com.mx\"],\"url\":\"https:\/\/eticacomunica.com.mx\/?author=1\"}]}<\/script>\n<!-- \/ Yoast SEO plugin. -->","yoast_head_json":{"title":"\u00a1Desde hidrataci\u00f3n hasta fisioterapia! M\u00e1s de 500 universitarios brindan atenci\u00f3n integral y humana a corredores del Marat\u00f3n Internacional de Culiac\u00e1n 2026 - \u00c9tica Comunica","robots":{"index":"index","follow":"follow","max-snippet":"max-snippet:-1","max-image-preview":"max-image-preview:large","max-video-preview":"max-video-preview:-1"},"canonical":"https:\/\/eticacomunica.com.mx\/?p=31041","og_locale":"es_MX","og_type":"article","og_title":"\u00a1Desde hidrataci\u00f3n hasta fisioterapia! M\u00e1s de 500 universitarios brindan atenci\u00f3n integral y humana a corredores del Marat\u00f3n Internacional de Culiac\u00e1n 2026 - \u00c9tica Comunica","og_description":"Con el humanismo, profesionalismo y \u00e9tica que caracterizan a todos quienes conforman el \u00e1rea de la salud de la Universidad Aut\u00f3noma de Sinaloa (UAS), un numeroso grupo de universitarios de&hellip;","og_url":"https:\/\/eticacomunica.com.mx\/?p=31041","og_site_name":"\u00c9tica Comunica","article_publisher":"https:\/\/www.facebook.com\/eticacomunica","article_published_time":"2026-01-18T20:40:12+00:00","og_image":[{"width":1600,"height":1065,"url":"https:\/\/eticacomunica.com.mx\/wp-content\/uploads\/2026\/01\/IMG-20260118-WA0025.jpg","type":"image\/jpeg"}],"author":"etica","twitter_card":"summary_large_image","twitter_misc":{"Escrito por":"etica","Tiempo de lectura":"3 minutos"},"schema":{"@context":"https:\/\/schema.org","@graph":[{"@type":"Article","@id":"https:\/\/eticacomunica.com.mx\/?p=31041#article","isPartOf":{"@id":"https:\/\/eticacomunica.com.mx\/?p=31041"},"author":{"name":"etica","@id":"https:\/\/eticacomunica.com.mx\/#\/schema\/person\/2cacc47bd17fe8ad92f08c0313d22fa6"},"headline":"\u00a1Desde hidrataci\u00f3n hasta fisioterapia! M\u00e1s de 500 universitarios brindan atenci\u00f3n integral y humana a corredores del Marat\u00f3n Internacional de Culiac\u00e1n 2026","datePublished":"2026-01-18T20:40:12+00:00","mainEntityOfPage":{"@id":"https:\/\/eticacomunica.com.mx\/?p=31041"},"wordCount":618,"commentCount":0,"publisher":{"@id":"https:\/\/eticacomunica.com.mx\/#organization"},"image":{"@id":"https:\/\/eticacomunica.com.mx\/?p=31041#primaryimage"},"thumbnailUrl":"https:\/\/eticacomunica.com.mx\/wp-content\/uploads\/2026\/01\/IMG-20260118-WA0025.jpg","keywords":["UAS"],"articleSection":["Educaci\u00f3n"],"inLanguage":"es","potentialAction":[{"@type":"CommentAction","name":"Comment","target":["https:\/\/eticacomunica.com.mx\/?p=31041#respond"]}]},{"@type":"WebPage","@id":"https:\/\/eticacomunica.com.mx\/?p=31041","url":"https:\/\/eticacomunica.com.mx\/?p=31041","name":"\u00a1Desde hidrataci\u00f3n hasta fisioterapia! M\u00e1s de 500 universitarios brindan atenci\u00f3n integral y humana a corredores del Marat\u00f3n Internacional de Culiac\u00e1n 2026 - \u00c9tica Comunica","isPartOf":{"@id":"https:\/\/eticacomunica.com.mx\/#website"},"primaryImageOfPage":{"@id":"https:\/\/eticacomunica.com.mx\/?p=31041#primaryimage"},"image":{"@id":"https:\/\/eticacomunica.com.mx\/?p=31041#primaryimage"},"thumbnailUrl":"https:\/\/eticacomunica.com.mx\/wp-content\/uploads\/2026\/01\/IMG-20260118-WA0025.jpg","datePublished":"2026-01-18T20:40:12+00:00","breadcrumb":{"@id":"https:\/\/eticacomunica.com.mx\/?p=31041#breadcrumb"},"inLanguage":"es","potentialAction":[{"@type":"ReadAction","target":["https:\/\/eticacomunica.com.mx\/?p=31041"]}]},{"@type":"ImageObject","inLanguage":"es","@id":"https:\/\/eticacomunica.com.mx\/?p=31041#primaryimage","url":"https:\/\/eticacomunica.com.mx\/wp-content\/uploads\/2026\/01\/IMG-20260118-WA0025.jpg","contentUrl":"https:\/\/eticacomunica.com.mx\/wp-content\/uploads\/2026\/01\/IMG-20260118-WA0025.jpg","width":1600,"height":1065},{"@type":"BreadcrumbList","@id":"https:\/\/eticacomunica.com.mx\/?p=31041#breadcrumb","itemListElement":[{"@type":"ListItem","position":1,"name":"Inicio","item":"https:\/\/eticacomunica.com.mx\/"},{"@type":"ListItem","position":2,"name":"\u00a1Desde hidrataci\u00f3n hasta fisioterapia! M\u00e1s de 500 universitarios brindan atenci\u00f3n integral y humana a corredores del Marat\u00f3n Internacional de Culiac\u00e1n 2026"}]},{"@type":"WebSite","@id":"https:\/\/eticacomunica.com.mx\/#website","url":"https:\/\/eticacomunica.com.mx\/","name":"\u00c9tica Comunica","description":"Diario Digital","publisher":{"@id":"https:\/\/eticacomunica.com.mx\/#organization"},"potentialAction":[{"@type":"SearchAction","target":{"@type":"EntryPoint","urlTemplate":"https:\/\/eticacomunica.com.mx\/?s={search_term_string}"},"query-input":{"@type":"PropertyValueSpecification","valueRequired":true,"valueName":"search_term_string"}}],"inLanguage":"es"},{"@type":"Organization","@id":"https:\/\/eticacomunica.com.mx\/#organization","name":"Diarios Digitales de Sinaloa","url":"https:\/\/eticacomunica.com.mx\/","logo":{"@type":"ImageObject","inLanguage":"es","@id":"https:\/\/eticacomunica.com.mx\/#\/schema\/logo\/image\/","url":"https:\/\/eticacomunica.com.mx\/wp-content\/uploads\/2023\/10\/etica-logo.png","contentUrl":"https:\/\/eticacomunica.com.mx\/wp-content\/uploads\/2023\/10\/etica-logo.png","width":1280,"height":432,"caption":"Diarios Digitales de Sinaloa"},"image":{"@id":"https:\/\/eticacomunica.com.mx\/#\/schema\/logo\/image\/"},"sameAs":["https:\/\/www.facebook.com\/eticacomunica"]},{"@type":"Person","@id":"https:\/\/eticacomunica.com.mx\/#\/schema\/person\/2cacc47bd17fe8ad92f08c0313d22fa6","name":"etica","image":{"@type":"ImageObject","inLanguage":"es","@id":"https:\/\/secure.gravatar.com\/avatar\/dfb45d32bc7097f8f06d6e4f6e6b387e7cb8fd5b3a2869265c40587ab62cab1e?s=96&d=mm&r=g","url":"https:\/\/secure.gravatar.com\/avatar\/dfb45d32bc7097f8f06d6e4f6e6b387e7cb8fd5b3a2869265c40587ab62cab1e?s=96&d=mm&r=g","contentUrl":"https:\/\/secure.gravatar.com\/avatar\/dfb45d32bc7097f8f06d6e4f6e6b387e7cb8fd5b3a2869265c40587ab62cab1e?s=96&d=mm&r=g","caption":"etica"},"sameAs":["https:\/\/eticacomunica.com.mx"],"url":"https:\/\/eticacomunica.com.mx\/?author=1"}]}},"jetpack_publicize_connections":[],"jetpack_featured_media_url":"https:\/\/eticacomunica.com.mx\/wp-content\/uploads\/2026\/01\/IMG-20260118-WA0025.jpg","jetpack_sharing_enabled":true,"_links":{"self":[{"href":"https:\/\/eticacomunica.com.mx\/index.php?rest_route=\/wp\/v2\/posts\/31041","targetHints":{"allow":["GET"]}}],"collection":[{"href":"https:\/\/eticacomunica.com.mx\/index.php?rest_route=\/wp\/v2\/posts"}],"about":[{"href":"https:\/\/eticacomunica.com.mx\/index.php?rest_route=\/wp\/v2\/types\/post"}],"author":[{"embeddable":true,"href":"https:\/\/eticacomunica.com.mx\/index.php?rest_route=\/wp\/v2\/users\/1"}],"replies":[{"embeddable":true,"href":"https:\/\/eticacomunica.com.mx\/index.php?rest_route=%2Fwp%2Fv2%2Fcomments&post=31041"}],"version-history":[{"count":0,"href":"https:\/\/eticacomunica.com.mx\/index.php?rest_route=\/wp\/v2\/posts\/31041\/revisions"}],"wp:featuredmedia":[{"embeddable":true,"href":"https:\/\/eticacomunica.com.mx\/index.php?rest_route=\/wp\/v2\/media\/31040"}],"wp:attachment":[{"href":"https:\/\/eticacomunica.com.mx\/index.php?rest_route=%2Fwp%2Fv2%2Fmedia&parent=31041"}],"wp:term":[{"taxonomy":"category","embeddable":true,"href":"https:\/\/eticacomunica.com.mx\/index.php?rest_route=%2Fwp%2Fv2%2Fcategories&post=31041"},{"taxonomy":"post_tag","embeddable":true,"href":"https:\/\/eticacomunica.com.mx\/index.php?rest_route=%2Fwp%2Fv2%2Ftags&post=31041"}],"curies":[{"name":"wp","href":"https:\/\/api.w.org\/{rel}","templated":true}]}}