{"id":31066,"date":"2026-01-19T20:22:31","date_gmt":"2026-01-20T03:22:31","guid":{"rendered":"https:\/\/eticacomunica.com.mx\/?p=31066"},"modified":"2026-01-19T20:22:31","modified_gmt":"2026-01-20T03:22:31","slug":"sinaloa-se-transforma-desde-la-infancia-comparece-dr-cuitlahuac-gonzalez-ante-el-congreso-del-estado","status":"publish","type":"post","link":"https:\/\/eticacomunica.com.mx\/?p=31066","title":{"rendered":"\u201cSinaloa se transforma desde la infancia\u201d; comparece Dr. Cuitl\u00e1huac Gonz\u00e1lez ante el Congreso del Estado"},"content":{"rendered":"\n<p>El secretario de Salud, Dr. Cuitl\u00e1huac Gonz\u00e1lez Galindo, compareci\u00f3 ante el Congreso del Estado para presentar avances en infraestructura, salud infantil, atenci\u00f3n oncol\u00f3gica y fortalecimiento del sistema de salud en Sinaloa, como parte de la glosa del Cuarto Informe de Gobierno.<br><br>Culiac\u00e1n, Sinaloa.-* Como parte de la glosa del Cuarto Informe de Gobierno y en un ejercicio de rendici\u00f3n de cuentas ante el H. Congreso del Estado de Sinaloa, el secretario de Salud, Dr. Cuitl\u00e1huac Gonz\u00e1lez Galindo, compareci\u00f3 ante las y los diputados, donde destac\u00f3 el compromiso del gobernador, Dr. Rub\u00e9n Rocha Moya, de impulsar obras estrat\u00e9gicas y fortalecer el equipamiento en materia de salud, en beneficio de la poblaci\u00f3n sinaloense.<br><br>El tambi\u00e9n director de los Servicios de Salud de Sinaloa subray\u00f3 que la atenci\u00f3n a la ni\u00f1ez ha sido una prioridad para la actual administraci\u00f3n. Como resultado, se cre\u00f3 la Unidad de Salud Mental Infantojuvenil de Sinaloa, con una inversi\u00f3n superior a los 4 millones de pesos. Desde su apertura en abril de 2025, esta unidad ha brindado atenci\u00f3n gratuita a m\u00e1s de 4 mil 300 ni\u00f1as y ni\u00f1os con padecimientos como TDAH, depresi\u00f3n y autismo, contribuyendo a mejorar su calidad de vida.<br><br>\u201cSin el trabajo de todo este sector no ser\u00eda posible que el sistema de salud de Sinaloa se mantenga fuerte. Existen retos y metas que debemos seguir cumpliendo, pero nuestra labor es continuar construyendo un mejor Sinaloa. Si queremos un mejor futuro para el estado, es indispensable invertir en la infancia\u201d, expres\u00f3.<br><br>Asimismo, se puso en marcha la Prueba de Evaluaci\u00f3n del Desarrollo Infantil, que permite detectar y atender oportunamente posibles alteraciones del neurodesarrollo. A la fecha, se ha tamizado a m\u00e1s de 15 mil ni\u00f1as y ni\u00f1os de entre 1 mes y 5 a\u00f1os 11 meses de edad, y actualmente Sinaloa cuenta con 102 unidades habilitadas para realizar esta evaluaci\u00f3n.<br><br>De igual manera, se impuls\u00f3 el Proyecto Estatal de Nutrici\u00f3n en la Infancia, mediante el cual se ha beneficiado a m\u00e1s de 285 mil menores con la entrega de sulfato ferroso, vitamina A y albendazol, con el objetivo de prevenir enfermedades y favorecer su desarrollo integral, desempe\u00f1o f\u00edsico y respuesta inmunol\u00f3gica.<br><br>Durante su comparecencia, Gonz\u00e1lez Galindo destac\u00f3 que el Hospital Pedi\u00e1trico IMSS-Bienestar de Sinaloa se convirti\u00f3 en el \u00fanico hospital p\u00fablico del estado en ofrecer de manera gratuita el servicio de hemodi\u00e1lisis a ni\u00f1as y ni\u00f1os con enfermedades renales.<br><br>Tambi\u00e9n resalt\u00f3 que el Hospital de la Mujer se consolid\u00f3 como el primer nosocomio en Sinaloa en brindar de manera integral los cinco tamices neonatales: metab\u00f3lico, oft\u00e1lmico, card\u00edaco, auditivo y de cadera, lo que permite la detecci\u00f3n oportuna de enfermedades y una atenci\u00f3n temprana.<br><br>En atenci\u00f3n a pacientes oncol\u00f3gicos, Sinaloa se posiciona como el \u00fanico estado del noroeste del pa\u00eds que cuenta con tres aceleradores lineales, adem\u00e1s de la creaci\u00f3n del Centro Estatal de Radioterapia. Gracias a esta infraestructura, el tiempo de espera para recibir radioterapia se redujo a cuatro semanas, cuando en 2021 era de hasta tres meses.<br><br>\u201cLa inauguraci\u00f3n del Centro Estatal de Radioterapia responde al compromiso de garantizar el tratamiento oportuno a pacientes con c\u00e1ncer. Hoy contamos con tres aceleradores lineales y aseguramos que todas las personas que requieran radioterapia tengan acceso al tratamiento, con una inversi\u00f3n cercana a los 50 millones de pesos en infraestructura\u201d, puntualiz\u00f3.<br><br>En materia de infraestructura hospitalaria, se destac\u00f3 la apertura al 100 por ciento del Hospital General IMSS-Bienestar de Culiac\u00e1n, el cual cuenta con 120 camas, 52 consultorios de diversas especialidades, tom\u00f3grafo, resonancia magn\u00e9tica, ultrasonido y sala de hemodinamia.<br><br>Asimismo, con una inversi\u00f3n de 83 millones de pesos, se logr\u00f3 la basificaci\u00f3n de 323 trabajadoras y trabajadores del \u00e1rea de rector\u00eda de los Servicios de Salud de Sinaloa.<br><br>En 2025, Sinaloa ocup\u00f3 el primer lugar nacional en el cumplimiento de la meta de vacunaci\u00f3n, al aplicar 14 mil 225 dosis en el transcurso de una semana.<br><br>En el rubro de salud mental y adicciones, se capacit\u00f3 a m\u00e1s de 5 mil trabajadores del sector salud para brindar atenci\u00f3n y tratamiento oportuno. Adem\u00e1s, con una inversi\u00f3n superior a los 4.5 millones de pesos, se otorgaron becas a personas con problemas auditivos. A trav\u00e9s de los Centros Comunitarios de Salud Mental y Adicciones se brindaron m\u00e1s de 30 mil consultas subsecuentes y 8 mil atenciones de primera vez.<br><br>Finalmente, mediante la Comisi\u00f3n Estatal para la Protecci\u00f3n contra Riesgos Sanitarios, se realizaron 4 mil 635 verificaciones a establecimientos de salud, hospitales y cl\u00ednicas, as\u00ed como 30 mil 890 monitoreos de cloro libre residual en la red municipal de agua potable. Se alcanz\u00f3 una eficiencia de cloraci\u00f3n del 91 por ciento, cifra superior al promedio nacional, beneficiando a 3 millones 187 mil 466 habitantes del estado.<br><br>En la comparecencia estuvieron presentes la presidenta de la Junta de Coordinaci\u00f3n Pol\u00edtica del Congreso del Estado, Dra. Mar\u00eda Teresa Guerra Ochoa, as\u00ed como las y los diputados Guadalupe Santa Palma Le\u00f3n, Briseida Valenzuela Buichia, Ang\u00e9lica D\u00edaz Qui\u00f1\u00f3nez, Eligio L\u00f3pez Portillo y Ambricio Ch\u00e1vez Ch\u00e1vez.<\/p>\n","protected":false},"excerpt":{"rendered":"<p>El secretario de Salud, Dr. Cuitl\u00e1huac Gonz\u00e1lez Galindo, compareci\u00f3 ante el Congreso del Estado para presentar avances en infraestructura, salud infantil, atenci\u00f3n oncol\u00f3gica y fortalecimiento del sistema de salud en&hellip;<\/p>\n","protected":false},"author":1,"featured_media":31065,"comment_status":"open","ping_status":"open","sticky":false,"template":"","format":"standard","meta":{"_jetpack_memberships_contains_paid_content":false,"footnotes":"","jetpack_publicize_message":"","jetpack_publicize_feature_enabled":true,"jetpack_social_post_already_shared":true,"jetpack_social_options":{"image_generator_settings":{"template":"highway","default_image_id":0,"font":"","enabled":false},"version":2}},"categories":[52],"tags":[34],"class_list":["post-31066","post","type-post","status-publish","format-standard","has-post-thumbnail","hentry","category-subportada","tag-gobierno-del-estado-de-sinaloa"],"yoast_head":"<!-- This site is optimized with the Yoast SEO plugin v27.2 - https:\/\/yoast.com\/product\/yoast-seo-wordpress\/ -->\n<title>\u201cSinaloa se transforma desde la infancia\u201d; comparece Dr. Cuitl\u00e1huac Gonz\u00e1lez ante el Congreso del Estado - \u00c9tica Comunica<\/title>\n<meta name=\"robots\" content=\"index, follow, max-snippet:-1, max-image-preview:large, max-video-preview:-1\" \/>\n<link rel=\"canonical\" href=\"https:\/\/eticacomunica.com.mx\/?p=31066\" \/>\n<meta property=\"og:locale\" content=\"es_MX\" \/>\n<meta property=\"og:type\" content=\"article\" \/>\n<meta property=\"og:title\" content=\"\u201cSinaloa se transforma desde la infancia\u201d; comparece Dr. Cuitl\u00e1huac Gonz\u00e1lez ante el Congreso del Estado - \u00c9tica Comunica\" \/>\n<meta property=\"og:description\" content=\"El secretario de Salud, Dr. Cuitl\u00e1huac Gonz\u00e1lez Galindo, compareci\u00f3 ante el Congreso del Estado para presentar avances en infraestructura, salud infantil, atenci\u00f3n oncol\u00f3gica y fortalecimiento del sistema de salud en&hellip;\" \/>\n<meta property=\"og:url\" content=\"https:\/\/eticacomunica.com.mx\/?p=31066\" \/>\n<meta property=\"og:site_name\" content=\"\u00c9tica Comunica\" \/>\n<meta property=\"article:publisher\" content=\"https:\/\/www.facebook.com\/eticacomunica\" \/>\n<meta property=\"article:published_time\" content=\"2026-01-20T03:22:31+00:00\" \/>\n<meta property=\"og:image\" content=\"https:\/\/eticacomunica.com.mx\/wp-content\/uploads\/2026\/01\/FB_IMG_1768879322940.jpg\" \/>\n\t<meta property=\"og:image:width\" content=\"1040\" \/>\n\t<meta property=\"og:image:height\" content=\"694\" \/>\n\t<meta property=\"og:image:type\" content=\"image\/jpeg\" \/>\n<meta name=\"author\" content=\"etica\" \/>\n<meta name=\"twitter:card\" content=\"summary_large_image\" \/>\n<meta name=\"twitter:label1\" content=\"Escrito por\" \/>\n\t<meta name=\"twitter:data1\" content=\"etica\" \/>\n\t<meta name=\"twitter:label2\" content=\"Tiempo de lectura\" \/>\n\t<meta name=\"twitter:data2\" content=\"4 minutos\" \/>\n<script type=\"application\/ld+json\" class=\"yoast-schema-graph\">{\"@context\":\"https:\/\/schema.org\",\"@graph\":[{\"@type\":\"Article\",\"@id\":\"https:\/\/eticacomunica.com.mx\/?p=31066#article\",\"isPartOf\":{\"@id\":\"https:\/\/eticacomunica.com.mx\/?p=31066\"},\"author\":{\"name\":\"etica\",\"@id\":\"https:\/\/eticacomunica.com.mx\/#\/schema\/person\/2cacc47bd17fe8ad92f08c0313d22fa6\"},\"headline\":\"\u201cSinaloa se transforma desde la infancia\u201d; comparece Dr. Cuitl\u00e1huac Gonz\u00e1lez ante el Congreso del Estado\",\"datePublished\":\"2026-01-20T03:22:31+00:00\",\"mainEntityOfPage\":{\"@id\":\"https:\/\/eticacomunica.com.mx\/?p=31066\"},\"wordCount\":886,\"commentCount\":0,\"publisher\":{\"@id\":\"https:\/\/eticacomunica.com.mx\/#organization\"},\"image\":{\"@id\":\"https:\/\/eticacomunica.com.mx\/?p=31066#primaryimage\"},\"thumbnailUrl\":\"https:\/\/eticacomunica.com.mx\/wp-content\/uploads\/2026\/01\/FB_IMG_1768879322940.jpg\",\"keywords\":[\"Gobierno del Estado de Sinaloa\"],\"articleSection\":[\"Subportada\"],\"inLanguage\":\"es\",\"potentialAction\":[{\"@type\":\"CommentAction\",\"name\":\"Comment\",\"target\":[\"https:\/\/eticacomunica.com.mx\/?p=31066#respond\"]}]},{\"@type\":\"WebPage\",\"@id\":\"https:\/\/eticacomunica.com.mx\/?p=31066\",\"url\":\"https:\/\/eticacomunica.com.mx\/?p=31066\",\"name\":\"\u201cSinaloa se transforma desde la infancia\u201d; comparece Dr. Cuitl\u00e1huac Gonz\u00e1lez ante el Congreso del Estado - \u00c9tica Comunica\",\"isPartOf\":{\"@id\":\"https:\/\/eticacomunica.com.mx\/#website\"},\"primaryImageOfPage\":{\"@id\":\"https:\/\/eticacomunica.com.mx\/?p=31066#primaryimage\"},\"image\":{\"@id\":\"https:\/\/eticacomunica.com.mx\/?p=31066#primaryimage\"},\"thumbnailUrl\":\"https:\/\/eticacomunica.com.mx\/wp-content\/uploads\/2026\/01\/FB_IMG_1768879322940.jpg\",\"datePublished\":\"2026-01-20T03:22:31+00:00\",\"breadcrumb\":{\"@id\":\"https:\/\/eticacomunica.com.mx\/?p=31066#breadcrumb\"},\"inLanguage\":\"es\",\"potentialAction\":[{\"@type\":\"ReadAction\",\"target\":[\"https:\/\/eticacomunica.com.mx\/?p=31066\"]}]},{\"@type\":\"ImageObject\",\"inLanguage\":\"es\",\"@id\":\"https:\/\/eticacomunica.com.mx\/?p=31066#primaryimage\",\"url\":\"https:\/\/eticacomunica.com.mx\/wp-content\/uploads\/2026\/01\/FB_IMG_1768879322940.jpg\",\"contentUrl\":\"https:\/\/eticacomunica.com.mx\/wp-content\/uploads\/2026\/01\/FB_IMG_1768879322940.jpg\",\"width\":1040,\"height\":694},{\"@type\":\"BreadcrumbList\",\"@id\":\"https:\/\/eticacomunica.com.mx\/?p=31066#breadcrumb\",\"itemListElement\":[{\"@type\":\"ListItem\",\"position\":1,\"name\":\"Inicio\",\"item\":\"https:\/\/eticacomunica.com.mx\/\"},{\"@type\":\"ListItem\",\"position\":2,\"name\":\"\u201cSinaloa se transforma desde la infancia\u201d; comparece Dr. Cuitl\u00e1huac Gonz\u00e1lez ante el Congreso del Estado\"}]},{\"@type\":\"WebSite\",\"@id\":\"https:\/\/eticacomunica.com.mx\/#website\",\"url\":\"https:\/\/eticacomunica.com.mx\/\",\"name\":\"\u00c9tica Comunica\",\"description\":\"Diario Digital\",\"publisher\":{\"@id\":\"https:\/\/eticacomunica.com.mx\/#organization\"},\"potentialAction\":[{\"@type\":\"SearchAction\",\"target\":{\"@type\":\"EntryPoint\",\"urlTemplate\":\"https:\/\/eticacomunica.com.mx\/?s={search_term_string}\"},\"query-input\":{\"@type\":\"PropertyValueSpecification\",\"valueRequired\":true,\"valueName\":\"search_term_string\"}}],\"inLanguage\":\"es\"},{\"@type\":\"Organization\",\"@id\":\"https:\/\/eticacomunica.com.mx\/#organization\",\"name\":\"Diarios Digitales de Sinaloa\",\"url\":\"https:\/\/eticacomunica.com.mx\/\",\"logo\":{\"@type\":\"ImageObject\",\"inLanguage\":\"es\",\"@id\":\"https:\/\/eticacomunica.com.mx\/#\/schema\/logo\/image\/\",\"url\":\"https:\/\/eticacomunica.com.mx\/wp-content\/uploads\/2023\/10\/etica-logo.png\",\"contentUrl\":\"https:\/\/eticacomunica.com.mx\/wp-content\/uploads\/2023\/10\/etica-logo.png\",\"width\":1280,\"height\":432,\"caption\":\"Diarios Digitales de Sinaloa\"},\"image\":{\"@id\":\"https:\/\/eticacomunica.com.mx\/#\/schema\/logo\/image\/\"},\"sameAs\":[\"https:\/\/www.facebook.com\/eticacomunica\"]},{\"@type\":\"Person\",\"@id\":\"https:\/\/eticacomunica.com.mx\/#\/schema\/person\/2cacc47bd17fe8ad92f08c0313d22fa6\",\"name\":\"etica\",\"image\":{\"@type\":\"ImageObject\",\"inLanguage\":\"es\",\"@id\":\"https:\/\/secure.gravatar.com\/avatar\/dfb45d32bc7097f8f06d6e4f6e6b387e7cb8fd5b3a2869265c40587ab62cab1e?s=96&d=mm&r=g\",\"url\":\"https:\/\/secure.gravatar.com\/avatar\/dfb45d32bc7097f8f06d6e4f6e6b387e7cb8fd5b3a2869265c40587ab62cab1e?s=96&d=mm&r=g\",\"contentUrl\":\"https:\/\/secure.gravatar.com\/avatar\/dfb45d32bc7097f8f06d6e4f6e6b387e7cb8fd5b3a2869265c40587ab62cab1e?s=96&d=mm&r=g\",\"caption\":\"etica\"},\"sameAs\":[\"https:\/\/eticacomunica.com.mx\"],\"url\":\"https:\/\/eticacomunica.com.mx\/?author=1\"}]}<\/script>\n<!-- \/ Yoast SEO plugin. -->","yoast_head_json":{"title":"\u201cSinaloa se transforma desde la infancia\u201d; comparece Dr. Cuitl\u00e1huac Gonz\u00e1lez ante el Congreso del Estado - \u00c9tica Comunica","robots":{"index":"index","follow":"follow","max-snippet":"max-snippet:-1","max-image-preview":"max-image-preview:large","max-video-preview":"max-video-preview:-1"},"canonical":"https:\/\/eticacomunica.com.mx\/?p=31066","og_locale":"es_MX","og_type":"article","og_title":"\u201cSinaloa se transforma desde la infancia\u201d; comparece Dr. Cuitl\u00e1huac Gonz\u00e1lez ante el Congreso del Estado - \u00c9tica Comunica","og_description":"El secretario de Salud, Dr. Cuitl\u00e1huac Gonz\u00e1lez Galindo, compareci\u00f3 ante el Congreso del Estado para presentar avances en infraestructura, salud infantil, atenci\u00f3n oncol\u00f3gica y fortalecimiento del sistema de salud en&hellip;","og_url":"https:\/\/eticacomunica.com.mx\/?p=31066","og_site_name":"\u00c9tica Comunica","article_publisher":"https:\/\/www.facebook.com\/eticacomunica","article_published_time":"2026-01-20T03:22:31+00:00","og_image":[{"width":1040,"height":694,"url":"https:\/\/eticacomunica.com.mx\/wp-content\/uploads\/2026\/01\/FB_IMG_1768879322940.jpg","type":"image\/jpeg"}],"author":"etica","twitter_card":"summary_large_image","twitter_misc":{"Escrito por":"etica","Tiempo de lectura":"4 minutos"},"schema":{"@context":"https:\/\/schema.org","@graph":[{"@type":"Article","@id":"https:\/\/eticacomunica.com.mx\/?p=31066#article","isPartOf":{"@id":"https:\/\/eticacomunica.com.mx\/?p=31066"},"author":{"name":"etica","@id":"https:\/\/eticacomunica.com.mx\/#\/schema\/person\/2cacc47bd17fe8ad92f08c0313d22fa6"},"headline":"\u201cSinaloa se transforma desde la infancia\u201d; comparece Dr. Cuitl\u00e1huac Gonz\u00e1lez ante el Congreso del Estado","datePublished":"2026-01-20T03:22:31+00:00","mainEntityOfPage":{"@id":"https:\/\/eticacomunica.com.mx\/?p=31066"},"wordCount":886,"commentCount":0,"publisher":{"@id":"https:\/\/eticacomunica.com.mx\/#organization"},"image":{"@id":"https:\/\/eticacomunica.com.mx\/?p=31066#primaryimage"},"thumbnailUrl":"https:\/\/eticacomunica.com.mx\/wp-content\/uploads\/2026\/01\/FB_IMG_1768879322940.jpg","keywords":["Gobierno del Estado de Sinaloa"],"articleSection":["Subportada"],"inLanguage":"es","potentialAction":[{"@type":"CommentAction","name":"Comment","target":["https:\/\/eticacomunica.com.mx\/?p=31066#respond"]}]},{"@type":"WebPage","@id":"https:\/\/eticacomunica.com.mx\/?p=31066","url":"https:\/\/eticacomunica.com.mx\/?p=31066","name":"\u201cSinaloa se transforma desde la infancia\u201d; comparece Dr. Cuitl\u00e1huac Gonz\u00e1lez ante el Congreso del Estado - \u00c9tica Comunica","isPartOf":{"@id":"https:\/\/eticacomunica.com.mx\/#website"},"primaryImageOfPage":{"@id":"https:\/\/eticacomunica.com.mx\/?p=31066#primaryimage"},"image":{"@id":"https:\/\/eticacomunica.com.mx\/?p=31066#primaryimage"},"thumbnailUrl":"https:\/\/eticacomunica.com.mx\/wp-content\/uploads\/2026\/01\/FB_IMG_1768879322940.jpg","datePublished":"2026-01-20T03:22:31+00:00","breadcrumb":{"@id":"https:\/\/eticacomunica.com.mx\/?p=31066#breadcrumb"},"inLanguage":"es","potentialAction":[{"@type":"ReadAction","target":["https:\/\/eticacomunica.com.mx\/?p=31066"]}]},{"@type":"ImageObject","inLanguage":"es","@id":"https:\/\/eticacomunica.com.mx\/?p=31066#primaryimage","url":"https:\/\/eticacomunica.com.mx\/wp-content\/uploads\/2026\/01\/FB_IMG_1768879322940.jpg","contentUrl":"https:\/\/eticacomunica.com.mx\/wp-content\/uploads\/2026\/01\/FB_IMG_1768879322940.jpg","width":1040,"height":694},{"@type":"BreadcrumbList","@id":"https:\/\/eticacomunica.com.mx\/?p=31066#breadcrumb","itemListElement":[{"@type":"ListItem","position":1,"name":"Inicio","item":"https:\/\/eticacomunica.com.mx\/"},{"@type":"ListItem","position":2,"name":"\u201cSinaloa se transforma desde la infancia\u201d; comparece Dr. Cuitl\u00e1huac Gonz\u00e1lez ante el Congreso del Estado"}]},{"@type":"WebSite","@id":"https:\/\/eticacomunica.com.mx\/#website","url":"https:\/\/eticacomunica.com.mx\/","name":"\u00c9tica Comunica","description":"Diario Digital","publisher":{"@id":"https:\/\/eticacomunica.com.mx\/#organization"},"potentialAction":[{"@type":"SearchAction","target":{"@type":"EntryPoint","urlTemplate":"https:\/\/eticacomunica.com.mx\/?s={search_term_string}"},"query-input":{"@type":"PropertyValueSpecification","valueRequired":true,"valueName":"search_term_string"}}],"inLanguage":"es"},{"@type":"Organization","@id":"https:\/\/eticacomunica.com.mx\/#organization","name":"Diarios Digitales de Sinaloa","url":"https:\/\/eticacomunica.com.mx\/","logo":{"@type":"ImageObject","inLanguage":"es","@id":"https:\/\/eticacomunica.com.mx\/#\/schema\/logo\/image\/","url":"https:\/\/eticacomunica.com.mx\/wp-content\/uploads\/2023\/10\/etica-logo.png","contentUrl":"https:\/\/eticacomunica.com.mx\/wp-content\/uploads\/2023\/10\/etica-logo.png","width":1280,"height":432,"caption":"Diarios Digitales de Sinaloa"},"image":{"@id":"https:\/\/eticacomunica.com.mx\/#\/schema\/logo\/image\/"},"sameAs":["https:\/\/www.facebook.com\/eticacomunica"]},{"@type":"Person","@id":"https:\/\/eticacomunica.com.mx\/#\/schema\/person\/2cacc47bd17fe8ad92f08c0313d22fa6","name":"etica","image":{"@type":"ImageObject","inLanguage":"es","@id":"https:\/\/secure.gravatar.com\/avatar\/dfb45d32bc7097f8f06d6e4f6e6b387e7cb8fd5b3a2869265c40587ab62cab1e?s=96&d=mm&r=g","url":"https:\/\/secure.gravatar.com\/avatar\/dfb45d32bc7097f8f06d6e4f6e6b387e7cb8fd5b3a2869265c40587ab62cab1e?s=96&d=mm&r=g","contentUrl":"https:\/\/secure.gravatar.com\/avatar\/dfb45d32bc7097f8f06d6e4f6e6b387e7cb8fd5b3a2869265c40587ab62cab1e?s=96&d=mm&r=g","caption":"etica"},"sameAs":["https:\/\/eticacomunica.com.mx"],"url":"https:\/\/eticacomunica.com.mx\/?author=1"}]}},"jetpack_publicize_connections":[],"jetpack_featured_media_url":"https:\/\/eticacomunica.com.mx\/wp-content\/uploads\/2026\/01\/FB_IMG_1768879322940.jpg","jetpack_sharing_enabled":true,"_links":{"self":[{"href":"https:\/\/eticacomunica.com.mx\/index.php?rest_route=\/wp\/v2\/posts\/31066","targetHints":{"allow":["GET"]}}],"collection":[{"href":"https:\/\/eticacomunica.com.mx\/index.php?rest_route=\/wp\/v2\/posts"}],"about":[{"href":"https:\/\/eticacomunica.com.mx\/index.php?rest_route=\/wp\/v2\/types\/post"}],"author":[{"embeddable":true,"href":"https:\/\/eticacomunica.com.mx\/index.php?rest_route=\/wp\/v2\/users\/1"}],"replies":[{"embeddable":true,"href":"https:\/\/eticacomunica.com.mx\/index.php?rest_route=%2Fwp%2Fv2%2Fcomments&post=31066"}],"version-history":[{"count":0,"href":"https:\/\/eticacomunica.com.mx\/index.php?rest_route=\/wp\/v2\/posts\/31066\/revisions"}],"wp:featuredmedia":[{"embeddable":true,"href":"https:\/\/eticacomunica.com.mx\/index.php?rest_route=\/wp\/v2\/media\/31065"}],"wp:attachment":[{"href":"https:\/\/eticacomunica.com.mx\/index.php?rest_route=%2Fwp%2Fv2%2Fmedia&parent=31066"}],"wp:term":[{"taxonomy":"category","embeddable":true,"href":"https:\/\/eticacomunica.com.mx\/index.php?rest_route=%2Fwp%2Fv2%2Fcategories&post=31066"},{"taxonomy":"post_tag","embeddable":true,"href":"https:\/\/eticacomunica.com.mx\/index.php?rest_route=%2Fwp%2Fv2%2Ftags&post=31066"}],"curies":[{"name":"wp","href":"https:\/\/api.w.org\/{rel}","templated":true}]}}