{"id":31068,"date":"2026-01-19T20:43:36","date_gmt":"2026-01-20T03:43:36","guid":{"rendered":"https:\/\/eticacomunica.com.mx\/?p=31068"},"modified":"2026-01-19T20:43:36","modified_gmt":"2026-01-20T03:43:36","slug":"participa-el-rector-jesus-maduena-en-sesion-extraordinaria-de-la-anuies-donde-se-reviso-junto-con-la-sep-el-deficit-presupuestario-para-2026","status":"publish","type":"post","link":"https:\/\/eticacomunica.com.mx\/?p=31068","title":{"rendered":"Participa el Rector Jes\u00fas Madue\u00f1a en Sesi\u00f3n Extraordinaria de la ANUIES, donde se revis\u00f3 junto con la SEP el d\u00e9ficit presupuestario para 2026"},"content":{"rendered":"\n<p>El Rector de la Universidad Aut\u00f3noma de Sinaloa, doctor Jes\u00fas Madue\u00f1a Molina, particip\u00f3 este lunes en la Sesi\u00f3n Extraordinaria del Consejo Nacional de la Asociaci\u00f3n Nacional de Universidades e Instituciones de Educaci\u00f3n Superior (ANUIES), en la que se revisaron diversos temas, entre ellos el d\u00e9ficit financiero que enfrenta dicho sector educativo.<br><br>Dicha reuni\u00f3n fue presidida por el Secretario General Ejecutivo de la ANUIES, doctor Luis Armando Gonz\u00e1lez Placencia, as\u00ed como por el doctor Ricardo Villanueva Lomel\u00ed, Subsecretario de Educaci\u00f3n Superior de la Secretar\u00eda de Educaci\u00f3n P\u00fablica Federal (SEP), en la que adem\u00e1s, con la participaci\u00f3n del Rector Madue\u00f1a Molina, se dio seguimiento a los acuerdos con la Secretar\u00eda de Hacienda y Cr\u00e9dito P\u00fablico buscando respuesta a los problemas estructurales de las universidades.<br><br>En la reuni\u00f3n se aprob\u00f3 que la Secretar\u00eda General Ejecutiva de la ANUIES inicie las gestiones para buscar un encuentro entre el Consejo Nacional, la Secretar\u00eda de Educaci\u00f3n P\u00fablica y la Secretar\u00eda de Hacienda y Cr\u00e9dito P\u00fablico, con el objetivo de explicar la problem\u00e1tica presupuestal y alcanzar una soluci\u00f3n de largo plazo.<br><br>Asimismo, el Consejo Nacional solicit\u00f3 a la Subsecretar\u00eda de Educaci\u00f3n Superior que incorpore las adecuaciones al convenio marco de apoyo financiero 2026, que se envi\u00f3 por oficio SGE\/010\/2026.<br><br>En su participaci\u00f3n, el Rector Jes\u00fas Madue\u00f1a indic\u00f3 que, aunque la UAS ha mantenido por d\u00e9cadas presupuestos deficitarios, han logrado salir adelante con temas como la cobertura universal desde 2021 cumpliendo con la Ley General de Educaci\u00f3n Superior. Sin embargo, se sum\u00f3 a la propuesta del doctor Enrique Del Val, de la UNAM, en el sentido de que las autoridades educativas busquen el recurso que est\u00e1 en diferendo para este a\u00f1o.<br><br>\u201cPorque siempre a\u00f1o con a\u00f1o a algunas universidades pues les va mejor que a otras y si nosotros revisamos ahorita el tema del subsidio por alumno, pues tambi\u00e9n ah\u00ed propondr\u00edamos en esta reuni\u00f3n de ANUIES que se revisara esa situaci\u00f3n porque s\u00ed hay muchas injusticias, porque vemos universidades que tienen m\u00e1s de 100 mil pesos por alumno y hay universidades que est\u00e1n muy, muy abajo. Yo tengo una universidad de estado, como lo dec\u00eda Luis Enrique, la Aut\u00f3noma de Occidente, que est\u00e1 muy castigada en ese tema. Nosotros estamos por debajo de la media nacional, sin embargo, creo que es un tema que se debe de revisar, no solamente el tema del faltante en este a\u00f1o, sino que se vea esa situaci\u00f3n porque s\u00ed hay mucha disparidad y mucha diferencia entre unas universidades y otras\u201d, dijo. <br><br>Madue\u00f1a Molina dio un voto de confianza al doctor Ricardo Villanueva para que haga las gestiones correspondientes y se saque adelante con este tema del 2026, pero que a partir de ahora se empiece a trabajar para el 2027.<br><br>\u201cY hay temas que ha comentado Ricardo y que ha comentado en reuniones que hemos tenido en ANUIES, que es el tema Ricardo del U081 que es muy importante para todos los que tenemos problemas estructurales fuertes que nos puede ayudar. Nosotros reci\u00e9n acabamos de hacer una reforma laboral muy complicada, no crean que es nada popular hacerlo, lo que hizo la Aut\u00f3noma de Sinaloa, lo sacamos en el mes de octubre y estamos nosotros puestos y dispuestos a seguir colaborando con ese tema\u201d, se\u00f1al\u00f3.<br><br>Por otra parte, el Consejo General de ANUIES solicit\u00f3 a la Subsecretar\u00eda de Educaci\u00f3n Superior que comparta los datos correspondientes a los ajustes de correcci\u00f3n presupuestaria, as\u00ed como los montos que recibir\u00e1n las Universidades adscritas a la Direcci\u00f3n General de Educaci\u00f3n Superior Universitaria e Intercultural, correspondientes al programa presupuestario U006.<br><br>Adem\u00e1s, el Consejo Nacional aprob\u00f3 la continuidad del Grupo de Trabajo de Financiamiento P\u00fablico, encabezado por la UNAM y la Secretar\u00eda General Ejecutiva de la ANUIES, para que, en compa\u00f1\u00eda de la Subsecretar\u00eda de Educaci\u00f3n Superior, se realice un an\u00e1lisis del impacto presupuestal derivado del incremento al salario m\u00ednimo, se busque una propuesta de ampliaci\u00f3n presupuestaria para 2026 para alcanzar al menos el 3.5% de incremento, as\u00ed como para la negociaci\u00f3n del presupuesto 2027.<br><br>Tambi\u00e9n se toc\u00f3 el caso de la Universidad Aut\u00f3noma de Campeche, donde el propio Gonz\u00e1lez Placencia ha acusado el uso del aparato de justicia para remover al Rector; se record\u00f3 que desde hace varios d\u00edas la propia ANUIES hab\u00eda llamado a mantener la uni\u00f3n y levantar la voz ante situaciones como \u00e9sta, que atentan contra la autonom\u00eda universitaria.<\/p>\n","protected":false},"excerpt":{"rendered":"<p>El Rector de la Universidad Aut\u00f3noma de Sinaloa, doctor Jes\u00fas Madue\u00f1a Molina, particip\u00f3 este lunes en la Sesi\u00f3n Extraordinaria del Consejo Nacional de la Asociaci\u00f3n Nacional de Universidades e Instituciones&hellip;<\/p>\n","protected":false},"author":1,"featured_media":31067,"comment_status":"open","ping_status":"open","sticky":false,"template":"","format":"standard","meta":{"_jetpack_memberships_contains_paid_content":false,"footnotes":"","jetpack_publicize_message":"","jetpack_publicize_feature_enabled":true,"jetpack_social_post_already_shared":true,"jetpack_social_options":{"image_generator_settings":{"template":"highway","default_image_id":0,"font":"","enabled":false},"version":2}},"categories":[40,26],"tags":[41],"class_list":["post-31068","post","type-post","status-publish","format-standard","has-post-thumbnail","hentry","category-educacion","category-portada","tag-uas"],"yoast_head":"<!-- This site is optimized with the Yoast SEO plugin v27.2 - https:\/\/yoast.com\/product\/yoast-seo-wordpress\/ -->\n<title>Participa el Rector Jes\u00fas Madue\u00f1a en Sesi\u00f3n Extraordinaria de la ANUIES, donde se revis\u00f3 junto con la SEP el d\u00e9ficit presupuestario para 2026 - \u00c9tica Comunica<\/title>\n<meta name=\"robots\" content=\"index, follow, max-snippet:-1, max-image-preview:large, max-video-preview:-1\" \/>\n<link rel=\"canonical\" href=\"https:\/\/eticacomunica.com.mx\/?p=31068\" \/>\n<meta property=\"og:locale\" content=\"es_MX\" \/>\n<meta property=\"og:type\" content=\"article\" \/>\n<meta property=\"og:title\" content=\"Participa el Rector Jes\u00fas Madue\u00f1a en Sesi\u00f3n Extraordinaria de la ANUIES, donde se revis\u00f3 junto con la SEP el d\u00e9ficit presupuestario para 2026 - \u00c9tica Comunica\" \/>\n<meta property=\"og:description\" content=\"El Rector de la Universidad Aut\u00f3noma de Sinaloa, doctor Jes\u00fas Madue\u00f1a Molina, particip\u00f3 este lunes en la Sesi\u00f3n Extraordinaria del Consejo Nacional de la Asociaci\u00f3n Nacional de Universidades e Instituciones&hellip;\" \/>\n<meta property=\"og:url\" content=\"https:\/\/eticacomunica.com.mx\/?p=31068\" \/>\n<meta property=\"og:site_name\" content=\"\u00c9tica Comunica\" \/>\n<meta property=\"article:publisher\" content=\"https:\/\/www.facebook.com\/eticacomunica\" \/>\n<meta property=\"article:published_time\" content=\"2026-01-20T03:43:36+00:00\" \/>\n<meta property=\"og:image\" content=\"https:\/\/eticacomunica.com.mx\/wp-content\/uploads\/2026\/01\/IMG-20260119-WA0109-scaled.jpg\" \/>\n\t<meta property=\"og:image:width\" content=\"2560\" \/>\n\t<meta property=\"og:image:height\" content=\"1535\" \/>\n\t<meta property=\"og:image:type\" content=\"image\/jpeg\" \/>\n<meta name=\"author\" content=\"etica\" \/>\n<meta name=\"twitter:card\" content=\"summary_large_image\" \/>\n<meta name=\"twitter:label1\" content=\"Escrito por\" \/>\n\t<meta name=\"twitter:data1\" content=\"etica\" \/>\n\t<meta name=\"twitter:label2\" content=\"Tiempo de lectura\" \/>\n\t<meta name=\"twitter:data2\" content=\"4 minutos\" \/>\n<script type=\"application\/ld+json\" class=\"yoast-schema-graph\">{\"@context\":\"https:\/\/schema.org\",\"@graph\":[{\"@type\":\"Article\",\"@id\":\"https:\/\/eticacomunica.com.mx\/?p=31068#article\",\"isPartOf\":{\"@id\":\"https:\/\/eticacomunica.com.mx\/?p=31068\"},\"author\":{\"name\":\"etica\",\"@id\":\"https:\/\/eticacomunica.com.mx\/#\/schema\/person\/2cacc47bd17fe8ad92f08c0313d22fa6\"},\"headline\":\"Participa el Rector Jes\u00fas Madue\u00f1a en Sesi\u00f3n Extraordinaria de la ANUIES, donde se revis\u00f3 junto con la SEP el d\u00e9ficit presupuestario para 2026\",\"datePublished\":\"2026-01-20T03:43:36+00:00\",\"mainEntityOfPage\":{\"@id\":\"https:\/\/eticacomunica.com.mx\/?p=31068\"},\"wordCount\":809,\"commentCount\":0,\"publisher\":{\"@id\":\"https:\/\/eticacomunica.com.mx\/#organization\"},\"image\":{\"@id\":\"https:\/\/eticacomunica.com.mx\/?p=31068#primaryimage\"},\"thumbnailUrl\":\"https:\/\/eticacomunica.com.mx\/wp-content\/uploads\/2026\/01\/IMG-20260119-WA0109-scaled.jpg\",\"keywords\":[\"UAS\"],\"articleSection\":[\"Educaci\u00f3n\",\"Portada\"],\"inLanguage\":\"es\",\"potentialAction\":[{\"@type\":\"CommentAction\",\"name\":\"Comment\",\"target\":[\"https:\/\/eticacomunica.com.mx\/?p=31068#respond\"]}]},{\"@type\":\"WebPage\",\"@id\":\"https:\/\/eticacomunica.com.mx\/?p=31068\",\"url\":\"https:\/\/eticacomunica.com.mx\/?p=31068\",\"name\":\"Participa el Rector Jes\u00fas Madue\u00f1a en Sesi\u00f3n Extraordinaria de la ANUIES, donde se revis\u00f3 junto con la SEP el d\u00e9ficit presupuestario para 2026 - \u00c9tica Comunica\",\"isPartOf\":{\"@id\":\"https:\/\/eticacomunica.com.mx\/#website\"},\"primaryImageOfPage\":{\"@id\":\"https:\/\/eticacomunica.com.mx\/?p=31068#primaryimage\"},\"image\":{\"@id\":\"https:\/\/eticacomunica.com.mx\/?p=31068#primaryimage\"},\"thumbnailUrl\":\"https:\/\/eticacomunica.com.mx\/wp-content\/uploads\/2026\/01\/IMG-20260119-WA0109-scaled.jpg\",\"datePublished\":\"2026-01-20T03:43:36+00:00\",\"breadcrumb\":{\"@id\":\"https:\/\/eticacomunica.com.mx\/?p=31068#breadcrumb\"},\"inLanguage\":\"es\",\"potentialAction\":[{\"@type\":\"ReadAction\",\"target\":[\"https:\/\/eticacomunica.com.mx\/?p=31068\"]}]},{\"@type\":\"ImageObject\",\"inLanguage\":\"es\",\"@id\":\"https:\/\/eticacomunica.com.mx\/?p=31068#primaryimage\",\"url\":\"https:\/\/eticacomunica.com.mx\/wp-content\/uploads\/2026\/01\/IMG-20260119-WA0109-scaled.jpg\",\"contentUrl\":\"https:\/\/eticacomunica.com.mx\/wp-content\/uploads\/2026\/01\/IMG-20260119-WA0109-scaled.jpg\",\"width\":2560,\"height\":1535},{\"@type\":\"BreadcrumbList\",\"@id\":\"https:\/\/eticacomunica.com.mx\/?p=31068#breadcrumb\",\"itemListElement\":[{\"@type\":\"ListItem\",\"position\":1,\"name\":\"Inicio\",\"item\":\"https:\/\/eticacomunica.com.mx\/\"},{\"@type\":\"ListItem\",\"position\":2,\"name\":\"Participa el Rector Jes\u00fas Madue\u00f1a en Sesi\u00f3n Extraordinaria de la ANUIES, donde se revis\u00f3 junto con la SEP el d\u00e9ficit presupuestario para 2026\"}]},{\"@type\":\"WebSite\",\"@id\":\"https:\/\/eticacomunica.com.mx\/#website\",\"url\":\"https:\/\/eticacomunica.com.mx\/\",\"name\":\"\u00c9tica Comunica\",\"description\":\"Diario Digital\",\"publisher\":{\"@id\":\"https:\/\/eticacomunica.com.mx\/#organization\"},\"potentialAction\":[{\"@type\":\"SearchAction\",\"target\":{\"@type\":\"EntryPoint\",\"urlTemplate\":\"https:\/\/eticacomunica.com.mx\/?s={search_term_string}\"},\"query-input\":{\"@type\":\"PropertyValueSpecification\",\"valueRequired\":true,\"valueName\":\"search_term_string\"}}],\"inLanguage\":\"es\"},{\"@type\":\"Organization\",\"@id\":\"https:\/\/eticacomunica.com.mx\/#organization\",\"name\":\"Diarios Digitales de Sinaloa\",\"url\":\"https:\/\/eticacomunica.com.mx\/\",\"logo\":{\"@type\":\"ImageObject\",\"inLanguage\":\"es\",\"@id\":\"https:\/\/eticacomunica.com.mx\/#\/schema\/logo\/image\/\",\"url\":\"https:\/\/eticacomunica.com.mx\/wp-content\/uploads\/2023\/10\/etica-logo.png\",\"contentUrl\":\"https:\/\/eticacomunica.com.mx\/wp-content\/uploads\/2023\/10\/etica-logo.png\",\"width\":1280,\"height\":432,\"caption\":\"Diarios Digitales de Sinaloa\"},\"image\":{\"@id\":\"https:\/\/eticacomunica.com.mx\/#\/schema\/logo\/image\/\"},\"sameAs\":[\"https:\/\/www.facebook.com\/eticacomunica\"]},{\"@type\":\"Person\",\"@id\":\"https:\/\/eticacomunica.com.mx\/#\/schema\/person\/2cacc47bd17fe8ad92f08c0313d22fa6\",\"name\":\"etica\",\"image\":{\"@type\":\"ImageObject\",\"inLanguage\":\"es\",\"@id\":\"https:\/\/secure.gravatar.com\/avatar\/dfb45d32bc7097f8f06d6e4f6e6b387e7cb8fd5b3a2869265c40587ab62cab1e?s=96&d=mm&r=g\",\"url\":\"https:\/\/secure.gravatar.com\/avatar\/dfb45d32bc7097f8f06d6e4f6e6b387e7cb8fd5b3a2869265c40587ab62cab1e?s=96&d=mm&r=g\",\"contentUrl\":\"https:\/\/secure.gravatar.com\/avatar\/dfb45d32bc7097f8f06d6e4f6e6b387e7cb8fd5b3a2869265c40587ab62cab1e?s=96&d=mm&r=g\",\"caption\":\"etica\"},\"sameAs\":[\"https:\/\/eticacomunica.com.mx\"],\"url\":\"https:\/\/eticacomunica.com.mx\/?author=1\"}]}<\/script>\n<!-- \/ Yoast SEO plugin. -->","yoast_head_json":{"title":"Participa el Rector Jes\u00fas Madue\u00f1a en Sesi\u00f3n Extraordinaria de la ANUIES, donde se revis\u00f3 junto con la SEP el d\u00e9ficit presupuestario para 2026 - \u00c9tica Comunica","robots":{"index":"index","follow":"follow","max-snippet":"max-snippet:-1","max-image-preview":"max-image-preview:large","max-video-preview":"max-video-preview:-1"},"canonical":"https:\/\/eticacomunica.com.mx\/?p=31068","og_locale":"es_MX","og_type":"article","og_title":"Participa el Rector Jes\u00fas Madue\u00f1a en Sesi\u00f3n Extraordinaria de la ANUIES, donde se revis\u00f3 junto con la SEP el d\u00e9ficit presupuestario para 2026 - \u00c9tica Comunica","og_description":"El Rector de la Universidad Aut\u00f3noma de Sinaloa, doctor Jes\u00fas Madue\u00f1a Molina, particip\u00f3 este lunes en la Sesi\u00f3n Extraordinaria del Consejo Nacional de la Asociaci\u00f3n Nacional de Universidades e Instituciones&hellip;","og_url":"https:\/\/eticacomunica.com.mx\/?p=31068","og_site_name":"\u00c9tica Comunica","article_publisher":"https:\/\/www.facebook.com\/eticacomunica","article_published_time":"2026-01-20T03:43:36+00:00","og_image":[{"width":2560,"height":1535,"url":"https:\/\/eticacomunica.com.mx\/wp-content\/uploads\/2026\/01\/IMG-20260119-WA0109-scaled.jpg","type":"image\/jpeg"}],"author":"etica","twitter_card":"summary_large_image","twitter_misc":{"Escrito por":"etica","Tiempo de lectura":"4 minutos"},"schema":{"@context":"https:\/\/schema.org","@graph":[{"@type":"Article","@id":"https:\/\/eticacomunica.com.mx\/?p=31068#article","isPartOf":{"@id":"https:\/\/eticacomunica.com.mx\/?p=31068"},"author":{"name":"etica","@id":"https:\/\/eticacomunica.com.mx\/#\/schema\/person\/2cacc47bd17fe8ad92f08c0313d22fa6"},"headline":"Participa el Rector Jes\u00fas Madue\u00f1a en Sesi\u00f3n Extraordinaria de la ANUIES, donde se revis\u00f3 junto con la SEP el d\u00e9ficit presupuestario para 2026","datePublished":"2026-01-20T03:43:36+00:00","mainEntityOfPage":{"@id":"https:\/\/eticacomunica.com.mx\/?p=31068"},"wordCount":809,"commentCount":0,"publisher":{"@id":"https:\/\/eticacomunica.com.mx\/#organization"},"image":{"@id":"https:\/\/eticacomunica.com.mx\/?p=31068#primaryimage"},"thumbnailUrl":"https:\/\/eticacomunica.com.mx\/wp-content\/uploads\/2026\/01\/IMG-20260119-WA0109-scaled.jpg","keywords":["UAS"],"articleSection":["Educaci\u00f3n","Portada"],"inLanguage":"es","potentialAction":[{"@type":"CommentAction","name":"Comment","target":["https:\/\/eticacomunica.com.mx\/?p=31068#respond"]}]},{"@type":"WebPage","@id":"https:\/\/eticacomunica.com.mx\/?p=31068","url":"https:\/\/eticacomunica.com.mx\/?p=31068","name":"Participa el Rector Jes\u00fas Madue\u00f1a en Sesi\u00f3n Extraordinaria de la ANUIES, donde se revis\u00f3 junto con la SEP el d\u00e9ficit presupuestario para 2026 - \u00c9tica Comunica","isPartOf":{"@id":"https:\/\/eticacomunica.com.mx\/#website"},"primaryImageOfPage":{"@id":"https:\/\/eticacomunica.com.mx\/?p=31068#primaryimage"},"image":{"@id":"https:\/\/eticacomunica.com.mx\/?p=31068#primaryimage"},"thumbnailUrl":"https:\/\/eticacomunica.com.mx\/wp-content\/uploads\/2026\/01\/IMG-20260119-WA0109-scaled.jpg","datePublished":"2026-01-20T03:43:36+00:00","breadcrumb":{"@id":"https:\/\/eticacomunica.com.mx\/?p=31068#breadcrumb"},"inLanguage":"es","potentialAction":[{"@type":"ReadAction","target":["https:\/\/eticacomunica.com.mx\/?p=31068"]}]},{"@type":"ImageObject","inLanguage":"es","@id":"https:\/\/eticacomunica.com.mx\/?p=31068#primaryimage","url":"https:\/\/eticacomunica.com.mx\/wp-content\/uploads\/2026\/01\/IMG-20260119-WA0109-scaled.jpg","contentUrl":"https:\/\/eticacomunica.com.mx\/wp-content\/uploads\/2026\/01\/IMG-20260119-WA0109-scaled.jpg","width":2560,"height":1535},{"@type":"BreadcrumbList","@id":"https:\/\/eticacomunica.com.mx\/?p=31068#breadcrumb","itemListElement":[{"@type":"ListItem","position":1,"name":"Inicio","item":"https:\/\/eticacomunica.com.mx\/"},{"@type":"ListItem","position":2,"name":"Participa el Rector Jes\u00fas Madue\u00f1a en Sesi\u00f3n Extraordinaria de la ANUIES, donde se revis\u00f3 junto con la SEP el d\u00e9ficit presupuestario para 2026"}]},{"@type":"WebSite","@id":"https:\/\/eticacomunica.com.mx\/#website","url":"https:\/\/eticacomunica.com.mx\/","name":"\u00c9tica Comunica","description":"Diario Digital","publisher":{"@id":"https:\/\/eticacomunica.com.mx\/#organization"},"potentialAction":[{"@type":"SearchAction","target":{"@type":"EntryPoint","urlTemplate":"https:\/\/eticacomunica.com.mx\/?s={search_term_string}"},"query-input":{"@type":"PropertyValueSpecification","valueRequired":true,"valueName":"search_term_string"}}],"inLanguage":"es"},{"@type":"Organization","@id":"https:\/\/eticacomunica.com.mx\/#organization","name":"Diarios Digitales de Sinaloa","url":"https:\/\/eticacomunica.com.mx\/","logo":{"@type":"ImageObject","inLanguage":"es","@id":"https:\/\/eticacomunica.com.mx\/#\/schema\/logo\/image\/","url":"https:\/\/eticacomunica.com.mx\/wp-content\/uploads\/2023\/10\/etica-logo.png","contentUrl":"https:\/\/eticacomunica.com.mx\/wp-content\/uploads\/2023\/10\/etica-logo.png","width":1280,"height":432,"caption":"Diarios Digitales de Sinaloa"},"image":{"@id":"https:\/\/eticacomunica.com.mx\/#\/schema\/logo\/image\/"},"sameAs":["https:\/\/www.facebook.com\/eticacomunica"]},{"@type":"Person","@id":"https:\/\/eticacomunica.com.mx\/#\/schema\/person\/2cacc47bd17fe8ad92f08c0313d22fa6","name":"etica","image":{"@type":"ImageObject","inLanguage":"es","@id":"https:\/\/secure.gravatar.com\/avatar\/dfb45d32bc7097f8f06d6e4f6e6b387e7cb8fd5b3a2869265c40587ab62cab1e?s=96&d=mm&r=g","url":"https:\/\/secure.gravatar.com\/avatar\/dfb45d32bc7097f8f06d6e4f6e6b387e7cb8fd5b3a2869265c40587ab62cab1e?s=96&d=mm&r=g","contentUrl":"https:\/\/secure.gravatar.com\/avatar\/dfb45d32bc7097f8f06d6e4f6e6b387e7cb8fd5b3a2869265c40587ab62cab1e?s=96&d=mm&r=g","caption":"etica"},"sameAs":["https:\/\/eticacomunica.com.mx"],"url":"https:\/\/eticacomunica.com.mx\/?author=1"}]}},"jetpack_publicize_connections":[],"jetpack_featured_media_url":"https:\/\/eticacomunica.com.mx\/wp-content\/uploads\/2026\/01\/IMG-20260119-WA0109-scaled.jpg","jetpack_sharing_enabled":true,"_links":{"self":[{"href":"https:\/\/eticacomunica.com.mx\/index.php?rest_route=\/wp\/v2\/posts\/31068","targetHints":{"allow":["GET"]}}],"collection":[{"href":"https:\/\/eticacomunica.com.mx\/index.php?rest_route=\/wp\/v2\/posts"}],"about":[{"href":"https:\/\/eticacomunica.com.mx\/index.php?rest_route=\/wp\/v2\/types\/post"}],"author":[{"embeddable":true,"href":"https:\/\/eticacomunica.com.mx\/index.php?rest_route=\/wp\/v2\/users\/1"}],"replies":[{"embeddable":true,"href":"https:\/\/eticacomunica.com.mx\/index.php?rest_route=%2Fwp%2Fv2%2Fcomments&post=31068"}],"version-history":[{"count":0,"href":"https:\/\/eticacomunica.com.mx\/index.php?rest_route=\/wp\/v2\/posts\/31068\/revisions"}],"wp:featuredmedia":[{"embeddable":true,"href":"https:\/\/eticacomunica.com.mx\/index.php?rest_route=\/wp\/v2\/media\/31067"}],"wp:attachment":[{"href":"https:\/\/eticacomunica.com.mx\/index.php?rest_route=%2Fwp%2Fv2%2Fmedia&parent=31068"}],"wp:term":[{"taxonomy":"category","embeddable":true,"href":"https:\/\/eticacomunica.com.mx\/index.php?rest_route=%2Fwp%2Fv2%2Fcategories&post=31068"},{"taxonomy":"post_tag","embeddable":true,"href":"https:\/\/eticacomunica.com.mx\/index.php?rest_route=%2Fwp%2Fv2%2Ftags&post=31068"}],"curies":[{"name":"wp","href":"https:\/\/api.w.org\/{rel}","templated":true}]}}