{"id":31070,"date":"2026-01-19T21:03:32","date_gmt":"2026-01-20T04:03:32","guid":{"rendered":"https:\/\/eticacomunica.com.mx\/?p=31070"},"modified":"2026-01-19T21:03:32","modified_gmt":"2026-01-20T04:03:32","slug":"educar-representa-sembrar-el-futuro-de-sinaloa-gloria-himelda-felix-niebla","status":"publish","type":"post","link":"https:\/\/eticacomunica.com.mx\/?p=31070","title":{"rendered":"Educar representa sembrar el futuro de Sinaloa: Gloria Himelda F\u00e9lix Niebla"},"content":{"rendered":"\n<p>La titular de la SEPyC compareci\u00f3 ante las y los legisladores en el Congreso del Estado, en el marco del Cuarto Informe de Gobierno del Dr. Rub\u00e9n Rocha Moya.<br><br>Destaca la consolidaci\u00f3n de una pol\u00edtica educativa con visi\u00f3n humanista, cercan\u00eda y resultados tangibles para las y los sinaloenses.<br><br>Culiac\u00e1n, Sinaloa, a 19 de enero de 2026.* En un ejercicio de transparencia y rendici\u00f3n de cuentas derivado del 4to Informe de Gobierno del Dr. Rub\u00e9n Rocha Moya, la titular de la Secretar\u00eda de Educaci\u00f3n P\u00fablica y Cultura, Lic. Gloria Himelda F\u00e9lix Niebla, compareci\u00f3 ante el Congreso del Estado para presentar la glosa de resultados 2025. Durante su intervenci\u00f3n, destac\u00f3 los avances de un modelo educativo con sentido humanista e incluyente, centrado en la justicia social y en garantizar el derecho al aprendizaje con equidad.<br><br>Ante la presidenta de la Junta de Coordinaci\u00f3n Pol\u00edtica, diputada Mar\u00eda Teresa Guerra Ochoa; el presidente de la Comisi\u00f3n de Educaci\u00f3n, Ciencia y Tecnolog\u00eda, diputado Manuel de Jes\u00fas Guerrero Verdugo, y los integrantes de dicha comisi\u00f3n, la titular de la SEPyC se\u00f1al\u00f3 que el gobernador Rocha Moya es un hombre que ha dedicado m\u00e1s de la mitad de su vida a la ense\u00f1anza, conociendo el sector desde el aula hasta la rector\u00eda universitaria.<br><br>Al ofrecer un resumen de las acciones realizadas en cada rubro educativo, F\u00e9lix Niebla agreg\u00f3: \u201cEn Sinaloa, educar representa sembrar futuro. Hoy ese futuro se construye con compromiso, cercan\u00eda y resultados. Hemos consolidado una pol\u00edtica que garantiza el derecho a aprender de todas y todos, sosteniendo trayectorias educativas en cada nivel con una visi\u00f3n profundamente social\u201d.<br><br>Subray\u00f3 que Sinaloa es punta de lanza nacional al ser el primer estado en implementar la Evaluaci\u00f3n de Desarrollo Infantil (EDI) de manera obligatoria y con cobertura total para ni\u00f1as y ni\u00f1os de preescolar.<br><br>Resultados en Educaci\u00f3n B\u00e1sica y Apoyos Sociales. En cuanto a cobertura, la matr\u00edcula en preescolar durante el ciclo 2024-2025 alcanz\u00f3 los 104,370 alumnos. En primaria, la matr\u00edcula total es de 296,069 estudiantes, incrementando la cobertura al 98.6%, mientras que en secundaria se mantuvo en un 94.8%.<br><br>Gracias al respaldo del Gobierno Federal y Estatal, 173,558 alumnos de secundaria se beneficiaron con la Beca Universal \u201cRita Cetina Guti\u00e9rrez\u201d, con un apoyo de 1,900 pesos bimestrales (m\u00e1s 700 pesos adicionales por cada hijo extra en el mismo nivel).<br><br>Inclusi\u00f3n y Rezago Educativo. El rezago educativo en adultos disminuy\u00f3 del 26.7% al 25.8%. En materia de inclusi\u00f3n, se atiende en Educaci\u00f3n Ind\u00edgena a 5,492 ni\u00f1as, ni\u00f1os y j\u00f3venes, logrando un incremento del 8% en su matr\u00edcula. Asimismo, mediante el Programa de Atenci\u00f3n a la Ni\u00f1ez Migrante, se brinda educaci\u00f3n a 9,465 hijos de familias jornaleras.<br><br>En Educaci\u00f3n Especial, se atendieron a 23,828 alumnos a trav\u00e9s de 212 unidades USAER y 51 Centros de Atenci\u00f3n M\u00faltiple (CAM), con una inversi\u00f3n de 18.6 millones de pesos en 2025.<br><br>Programas y Materiales Educativos El programa de uniformes, calzado y \u00fatiles escolares alcanz\u00f3 una cobertura del 92.61% en el canje, la cifra m\u00e1s alta en un lustro. Se entregaron:<br><br>874,548 uniformes.<br><br>428,037 paquetes de \u00fatiles.<br><br>46,539 pares de calzado deportivo.<br><br>M\u00e1s de 3.4 millones de libros de texto gratuitos.<br><br>Educaci\u00f3n Media Superior y Superior. Sinaloa se ubica en el segundo lugar nacional en cobertura de Educaci\u00f3n Media Superior con un 94%. El abandono escolar baj\u00f3 al 11.3% y la reprobaci\u00f3n se redujo del 15.9% al 12.4%. Adem\u00e1s, se instalaron dos nuevos Centros de Estudios de Bachillerato con una inversi\u00f3n de 40 millones de pesos.<br><br>En Educaci\u00f3n Superior, 11,963 j\u00f3venes recibieron la beca \u201cJ\u00f3venes Escribiendo el Futuro\u201d, con un apoyo de 5,800 pesos bimestrales.<br><br>Infraestructura y Atenci\u00f3n a Contingencias. Durante 2025 se invirtieron 833.7 millones de pesos en infraestructura, destacando la Secundaria T\u00e9cnica No. 101 en Valle Alto y la Facultad de Medicina en Guasave. A trav\u00e9s del programa &#8220;La Escuela es Nuestra&#8221;, se dispersaron m\u00e1s de 343 millones de pesos en beneficio de 1,265 planteles.<br><br>Finalmente, la secretaria destac\u00f3 el plan emergente de recuperaci\u00f3n de aprendizajes para escuelas afectadas por hechos de inseguridad, as\u00ed como el programa \u201cM\u00e9xico Te Abraza\u201d, que ha incorporado a 248 ni\u00f1as y ni\u00f1os retornados del extranjero, garantizando la continuidad de su formaci\u00f3n acad\u00e9mica.<\/p>\n","protected":false},"excerpt":{"rendered":"<p>La titular de la SEPyC compareci\u00f3 ante las y los legisladores en el Congreso del Estado, en el marco del Cuarto Informe de Gobierno del Dr. Rub\u00e9n Rocha Moya. Destaca&hellip;<\/p>\n","protected":false},"author":1,"featured_media":31069,"comment_status":"open","ping_status":"open","sticky":false,"template":"","format":"standard","meta":{"_jetpack_memberships_contains_paid_content":false,"footnotes":"","jetpack_publicize_message":"","jetpack_publicize_feature_enabled":true,"jetpack_social_post_already_shared":true,"jetpack_social_options":{"image_generator_settings":{"template":"highway","default_image_id":0,"font":"","enabled":false},"version":2}},"categories":[24],"tags":[34],"class_list":["post-31070","post","type-post","status-publish","format-standard","has-post-thumbnail","hentry","category-estados","tag-gobierno-del-estado-de-sinaloa"],"yoast_head":"<!-- This site is optimized with the Yoast SEO plugin v27.2 - https:\/\/yoast.com\/product\/yoast-seo-wordpress\/ -->\n<title>Educar representa sembrar el futuro de Sinaloa: Gloria Himelda F\u00e9lix Niebla - \u00c9tica Comunica<\/title>\n<meta name=\"robots\" content=\"index, follow, max-snippet:-1, max-image-preview:large, max-video-preview:-1\" \/>\n<link rel=\"canonical\" href=\"https:\/\/eticacomunica.com.mx\/?p=31070\" \/>\n<meta property=\"og:locale\" content=\"es_MX\" \/>\n<meta property=\"og:type\" content=\"article\" \/>\n<meta property=\"og:title\" content=\"Educar representa sembrar el futuro de Sinaloa: Gloria Himelda F\u00e9lix Niebla - \u00c9tica Comunica\" \/>\n<meta property=\"og:description\" content=\"La titular de la SEPyC compareci\u00f3 ante las y los legisladores en el Congreso del Estado, en el marco del Cuarto Informe de Gobierno del Dr. Rub\u00e9n Rocha Moya. Destaca&hellip;\" \/>\n<meta property=\"og:url\" content=\"https:\/\/eticacomunica.com.mx\/?p=31070\" \/>\n<meta property=\"og:site_name\" content=\"\u00c9tica Comunica\" \/>\n<meta property=\"article:publisher\" content=\"https:\/\/www.facebook.com\/eticacomunica\" \/>\n<meta property=\"article:published_time\" content=\"2026-01-20T04:03:32+00:00\" \/>\n<meta property=\"og:image\" content=\"https:\/\/eticacomunica.com.mx\/wp-content\/uploads\/2026\/01\/IMG-20260119-WA0115.jpg\" \/>\n\t<meta property=\"og:image:width\" content=\"1600\" \/>\n\t<meta property=\"og:image:height\" content=\"1065\" \/>\n\t<meta property=\"og:image:type\" content=\"image\/jpeg\" \/>\n<meta name=\"author\" content=\"etica\" \/>\n<meta name=\"twitter:card\" content=\"summary_large_image\" \/>\n<meta name=\"twitter:label1\" content=\"Escrito por\" \/>\n\t<meta name=\"twitter:data1\" content=\"etica\" \/>\n\t<meta name=\"twitter:label2\" content=\"Tiempo de lectura\" \/>\n\t<meta name=\"twitter:data2\" content=\"4 minutos\" \/>\n<script type=\"application\/ld+json\" class=\"yoast-schema-graph\">{\"@context\":\"https:\/\/schema.org\",\"@graph\":[{\"@type\":\"Article\",\"@id\":\"https:\/\/eticacomunica.com.mx\/?p=31070#article\",\"isPartOf\":{\"@id\":\"https:\/\/eticacomunica.com.mx\/?p=31070\"},\"author\":{\"name\":\"etica\",\"@id\":\"https:\/\/eticacomunica.com.mx\/#\/schema\/person\/2cacc47bd17fe8ad92f08c0313d22fa6\"},\"headline\":\"Educar representa sembrar el futuro de Sinaloa: Gloria Himelda F\u00e9lix Niebla\",\"datePublished\":\"2026-01-20T04:03:32+00:00\",\"mainEntityOfPage\":{\"@id\":\"https:\/\/eticacomunica.com.mx\/?p=31070\"},\"wordCount\":735,\"commentCount\":0,\"publisher\":{\"@id\":\"https:\/\/eticacomunica.com.mx\/#organization\"},\"image\":{\"@id\":\"https:\/\/eticacomunica.com.mx\/?p=31070#primaryimage\"},\"thumbnailUrl\":\"https:\/\/eticacomunica.com.mx\/wp-content\/uploads\/2026\/01\/IMG-20260119-WA0115.jpg\",\"keywords\":[\"Gobierno del Estado de Sinaloa\"],\"articleSection\":[\"Estados\"],\"inLanguage\":\"es\",\"potentialAction\":[{\"@type\":\"CommentAction\",\"name\":\"Comment\",\"target\":[\"https:\/\/eticacomunica.com.mx\/?p=31070#respond\"]}]},{\"@type\":\"WebPage\",\"@id\":\"https:\/\/eticacomunica.com.mx\/?p=31070\",\"url\":\"https:\/\/eticacomunica.com.mx\/?p=31070\",\"name\":\"Educar representa sembrar el futuro de Sinaloa: Gloria Himelda F\u00e9lix Niebla - \u00c9tica Comunica\",\"isPartOf\":{\"@id\":\"https:\/\/eticacomunica.com.mx\/#website\"},\"primaryImageOfPage\":{\"@id\":\"https:\/\/eticacomunica.com.mx\/?p=31070#primaryimage\"},\"image\":{\"@id\":\"https:\/\/eticacomunica.com.mx\/?p=31070#primaryimage\"},\"thumbnailUrl\":\"https:\/\/eticacomunica.com.mx\/wp-content\/uploads\/2026\/01\/IMG-20260119-WA0115.jpg\",\"datePublished\":\"2026-01-20T04:03:32+00:00\",\"breadcrumb\":{\"@id\":\"https:\/\/eticacomunica.com.mx\/?p=31070#breadcrumb\"},\"inLanguage\":\"es\",\"potentialAction\":[{\"@type\":\"ReadAction\",\"target\":[\"https:\/\/eticacomunica.com.mx\/?p=31070\"]}]},{\"@type\":\"ImageObject\",\"inLanguage\":\"es\",\"@id\":\"https:\/\/eticacomunica.com.mx\/?p=31070#primaryimage\",\"url\":\"https:\/\/eticacomunica.com.mx\/wp-content\/uploads\/2026\/01\/IMG-20260119-WA0115.jpg\",\"contentUrl\":\"https:\/\/eticacomunica.com.mx\/wp-content\/uploads\/2026\/01\/IMG-20260119-WA0115.jpg\",\"width\":1600,\"height\":1065},{\"@type\":\"BreadcrumbList\",\"@id\":\"https:\/\/eticacomunica.com.mx\/?p=31070#breadcrumb\",\"itemListElement\":[{\"@type\":\"ListItem\",\"position\":1,\"name\":\"Inicio\",\"item\":\"https:\/\/eticacomunica.com.mx\/\"},{\"@type\":\"ListItem\",\"position\":2,\"name\":\"Educar representa sembrar el futuro de Sinaloa: Gloria Himelda F\u00e9lix Niebla\"}]},{\"@type\":\"WebSite\",\"@id\":\"https:\/\/eticacomunica.com.mx\/#website\",\"url\":\"https:\/\/eticacomunica.com.mx\/\",\"name\":\"\u00c9tica Comunica\",\"description\":\"Diario Digital\",\"publisher\":{\"@id\":\"https:\/\/eticacomunica.com.mx\/#organization\"},\"potentialAction\":[{\"@type\":\"SearchAction\",\"target\":{\"@type\":\"EntryPoint\",\"urlTemplate\":\"https:\/\/eticacomunica.com.mx\/?s={search_term_string}\"},\"query-input\":{\"@type\":\"PropertyValueSpecification\",\"valueRequired\":true,\"valueName\":\"search_term_string\"}}],\"inLanguage\":\"es\"},{\"@type\":\"Organization\",\"@id\":\"https:\/\/eticacomunica.com.mx\/#organization\",\"name\":\"Diarios Digitales de Sinaloa\",\"url\":\"https:\/\/eticacomunica.com.mx\/\",\"logo\":{\"@type\":\"ImageObject\",\"inLanguage\":\"es\",\"@id\":\"https:\/\/eticacomunica.com.mx\/#\/schema\/logo\/image\/\",\"url\":\"https:\/\/eticacomunica.com.mx\/wp-content\/uploads\/2023\/10\/etica-logo.png\",\"contentUrl\":\"https:\/\/eticacomunica.com.mx\/wp-content\/uploads\/2023\/10\/etica-logo.png\",\"width\":1280,\"height\":432,\"caption\":\"Diarios Digitales de Sinaloa\"},\"image\":{\"@id\":\"https:\/\/eticacomunica.com.mx\/#\/schema\/logo\/image\/\"},\"sameAs\":[\"https:\/\/www.facebook.com\/eticacomunica\"]},{\"@type\":\"Person\",\"@id\":\"https:\/\/eticacomunica.com.mx\/#\/schema\/person\/2cacc47bd17fe8ad92f08c0313d22fa6\",\"name\":\"etica\",\"image\":{\"@type\":\"ImageObject\",\"inLanguage\":\"es\",\"@id\":\"https:\/\/secure.gravatar.com\/avatar\/dfb45d32bc7097f8f06d6e4f6e6b387e7cb8fd5b3a2869265c40587ab62cab1e?s=96&d=mm&r=g\",\"url\":\"https:\/\/secure.gravatar.com\/avatar\/dfb45d32bc7097f8f06d6e4f6e6b387e7cb8fd5b3a2869265c40587ab62cab1e?s=96&d=mm&r=g\",\"contentUrl\":\"https:\/\/secure.gravatar.com\/avatar\/dfb45d32bc7097f8f06d6e4f6e6b387e7cb8fd5b3a2869265c40587ab62cab1e?s=96&d=mm&r=g\",\"caption\":\"etica\"},\"sameAs\":[\"https:\/\/eticacomunica.com.mx\"],\"url\":\"https:\/\/eticacomunica.com.mx\/?author=1\"}]}<\/script>\n<!-- \/ Yoast SEO plugin. -->","yoast_head_json":{"title":"Educar representa sembrar el futuro de Sinaloa: Gloria Himelda F\u00e9lix Niebla - \u00c9tica Comunica","robots":{"index":"index","follow":"follow","max-snippet":"max-snippet:-1","max-image-preview":"max-image-preview:large","max-video-preview":"max-video-preview:-1"},"canonical":"https:\/\/eticacomunica.com.mx\/?p=31070","og_locale":"es_MX","og_type":"article","og_title":"Educar representa sembrar el futuro de Sinaloa: Gloria Himelda F\u00e9lix Niebla - \u00c9tica Comunica","og_description":"La titular de la SEPyC compareci\u00f3 ante las y los legisladores en el Congreso del Estado, en el marco del Cuarto Informe de Gobierno del Dr. Rub\u00e9n Rocha Moya. Destaca&hellip;","og_url":"https:\/\/eticacomunica.com.mx\/?p=31070","og_site_name":"\u00c9tica Comunica","article_publisher":"https:\/\/www.facebook.com\/eticacomunica","article_published_time":"2026-01-20T04:03:32+00:00","og_image":[{"width":1600,"height":1065,"url":"https:\/\/eticacomunica.com.mx\/wp-content\/uploads\/2026\/01\/IMG-20260119-WA0115.jpg","type":"image\/jpeg"}],"author":"etica","twitter_card":"summary_large_image","twitter_misc":{"Escrito por":"etica","Tiempo de lectura":"4 minutos"},"schema":{"@context":"https:\/\/schema.org","@graph":[{"@type":"Article","@id":"https:\/\/eticacomunica.com.mx\/?p=31070#article","isPartOf":{"@id":"https:\/\/eticacomunica.com.mx\/?p=31070"},"author":{"name":"etica","@id":"https:\/\/eticacomunica.com.mx\/#\/schema\/person\/2cacc47bd17fe8ad92f08c0313d22fa6"},"headline":"Educar representa sembrar el futuro de Sinaloa: Gloria Himelda F\u00e9lix Niebla","datePublished":"2026-01-20T04:03:32+00:00","mainEntityOfPage":{"@id":"https:\/\/eticacomunica.com.mx\/?p=31070"},"wordCount":735,"commentCount":0,"publisher":{"@id":"https:\/\/eticacomunica.com.mx\/#organization"},"image":{"@id":"https:\/\/eticacomunica.com.mx\/?p=31070#primaryimage"},"thumbnailUrl":"https:\/\/eticacomunica.com.mx\/wp-content\/uploads\/2026\/01\/IMG-20260119-WA0115.jpg","keywords":["Gobierno del Estado de Sinaloa"],"articleSection":["Estados"],"inLanguage":"es","potentialAction":[{"@type":"CommentAction","name":"Comment","target":["https:\/\/eticacomunica.com.mx\/?p=31070#respond"]}]},{"@type":"WebPage","@id":"https:\/\/eticacomunica.com.mx\/?p=31070","url":"https:\/\/eticacomunica.com.mx\/?p=31070","name":"Educar representa sembrar el futuro de Sinaloa: Gloria Himelda F\u00e9lix Niebla - \u00c9tica Comunica","isPartOf":{"@id":"https:\/\/eticacomunica.com.mx\/#website"},"primaryImageOfPage":{"@id":"https:\/\/eticacomunica.com.mx\/?p=31070#primaryimage"},"image":{"@id":"https:\/\/eticacomunica.com.mx\/?p=31070#primaryimage"},"thumbnailUrl":"https:\/\/eticacomunica.com.mx\/wp-content\/uploads\/2026\/01\/IMG-20260119-WA0115.jpg","datePublished":"2026-01-20T04:03:32+00:00","breadcrumb":{"@id":"https:\/\/eticacomunica.com.mx\/?p=31070#breadcrumb"},"inLanguage":"es","potentialAction":[{"@type":"ReadAction","target":["https:\/\/eticacomunica.com.mx\/?p=31070"]}]},{"@type":"ImageObject","inLanguage":"es","@id":"https:\/\/eticacomunica.com.mx\/?p=31070#primaryimage","url":"https:\/\/eticacomunica.com.mx\/wp-content\/uploads\/2026\/01\/IMG-20260119-WA0115.jpg","contentUrl":"https:\/\/eticacomunica.com.mx\/wp-content\/uploads\/2026\/01\/IMG-20260119-WA0115.jpg","width":1600,"height":1065},{"@type":"BreadcrumbList","@id":"https:\/\/eticacomunica.com.mx\/?p=31070#breadcrumb","itemListElement":[{"@type":"ListItem","position":1,"name":"Inicio","item":"https:\/\/eticacomunica.com.mx\/"},{"@type":"ListItem","position":2,"name":"Educar representa sembrar el futuro de Sinaloa: Gloria Himelda F\u00e9lix Niebla"}]},{"@type":"WebSite","@id":"https:\/\/eticacomunica.com.mx\/#website","url":"https:\/\/eticacomunica.com.mx\/","name":"\u00c9tica Comunica","description":"Diario Digital","publisher":{"@id":"https:\/\/eticacomunica.com.mx\/#organization"},"potentialAction":[{"@type":"SearchAction","target":{"@type":"EntryPoint","urlTemplate":"https:\/\/eticacomunica.com.mx\/?s={search_term_string}"},"query-input":{"@type":"PropertyValueSpecification","valueRequired":true,"valueName":"search_term_string"}}],"inLanguage":"es"},{"@type":"Organization","@id":"https:\/\/eticacomunica.com.mx\/#organization","name":"Diarios Digitales de Sinaloa","url":"https:\/\/eticacomunica.com.mx\/","logo":{"@type":"ImageObject","inLanguage":"es","@id":"https:\/\/eticacomunica.com.mx\/#\/schema\/logo\/image\/","url":"https:\/\/eticacomunica.com.mx\/wp-content\/uploads\/2023\/10\/etica-logo.png","contentUrl":"https:\/\/eticacomunica.com.mx\/wp-content\/uploads\/2023\/10\/etica-logo.png","width":1280,"height":432,"caption":"Diarios Digitales de Sinaloa"},"image":{"@id":"https:\/\/eticacomunica.com.mx\/#\/schema\/logo\/image\/"},"sameAs":["https:\/\/www.facebook.com\/eticacomunica"]},{"@type":"Person","@id":"https:\/\/eticacomunica.com.mx\/#\/schema\/person\/2cacc47bd17fe8ad92f08c0313d22fa6","name":"etica","image":{"@type":"ImageObject","inLanguage":"es","@id":"https:\/\/secure.gravatar.com\/avatar\/dfb45d32bc7097f8f06d6e4f6e6b387e7cb8fd5b3a2869265c40587ab62cab1e?s=96&d=mm&r=g","url":"https:\/\/secure.gravatar.com\/avatar\/dfb45d32bc7097f8f06d6e4f6e6b387e7cb8fd5b3a2869265c40587ab62cab1e?s=96&d=mm&r=g","contentUrl":"https:\/\/secure.gravatar.com\/avatar\/dfb45d32bc7097f8f06d6e4f6e6b387e7cb8fd5b3a2869265c40587ab62cab1e?s=96&d=mm&r=g","caption":"etica"},"sameAs":["https:\/\/eticacomunica.com.mx"],"url":"https:\/\/eticacomunica.com.mx\/?author=1"}]}},"jetpack_publicize_connections":[],"jetpack_featured_media_url":"https:\/\/eticacomunica.com.mx\/wp-content\/uploads\/2026\/01\/IMG-20260119-WA0115.jpg","jetpack_sharing_enabled":true,"_links":{"self":[{"href":"https:\/\/eticacomunica.com.mx\/index.php?rest_route=\/wp\/v2\/posts\/31070","targetHints":{"allow":["GET"]}}],"collection":[{"href":"https:\/\/eticacomunica.com.mx\/index.php?rest_route=\/wp\/v2\/posts"}],"about":[{"href":"https:\/\/eticacomunica.com.mx\/index.php?rest_route=\/wp\/v2\/types\/post"}],"author":[{"embeddable":true,"href":"https:\/\/eticacomunica.com.mx\/index.php?rest_route=\/wp\/v2\/users\/1"}],"replies":[{"embeddable":true,"href":"https:\/\/eticacomunica.com.mx\/index.php?rest_route=%2Fwp%2Fv2%2Fcomments&post=31070"}],"version-history":[{"count":0,"href":"https:\/\/eticacomunica.com.mx\/index.php?rest_route=\/wp\/v2\/posts\/31070\/revisions"}],"wp:featuredmedia":[{"embeddable":true,"href":"https:\/\/eticacomunica.com.mx\/index.php?rest_route=\/wp\/v2\/media\/31069"}],"wp:attachment":[{"href":"https:\/\/eticacomunica.com.mx\/index.php?rest_route=%2Fwp%2Fv2%2Fmedia&parent=31070"}],"wp:term":[{"taxonomy":"category","embeddable":true,"href":"https:\/\/eticacomunica.com.mx\/index.php?rest_route=%2Fwp%2Fv2%2Fcategories&post=31070"},{"taxonomy":"post_tag","embeddable":true,"href":"https:\/\/eticacomunica.com.mx\/index.php?rest_route=%2Fwp%2Fv2%2Ftags&post=31070"}],"curies":[{"name":"wp","href":"https:\/\/api.w.org\/{rel}","templated":true}]}}