{"id":31072,"date":"2026-01-20T13:43:33","date_gmt":"2026-01-20T20:43:33","guid":{"rendered":"https:\/\/eticacomunica.com.mx\/?p=31072"},"modified":"2026-01-20T13:43:33","modified_gmt":"2026-01-20T20:43:33","slug":"dif-sinaloa-y-sipinna-exhortan-a-garantizar-los-derechos-de-ninas-ninos-y-adolescentes-en-los-carnavales","status":"publish","type":"post","link":"https:\/\/eticacomunica.com.mx\/?p=31072","title":{"rendered":"DIF Sinaloa y SIPINNA exhortan a garantizar los derechos de ni\u00f1as, ni\u00f1os y adolescentes en los Carnavales"},"content":{"rendered":"\n<p>El Gobierno del Estado, a trav\u00e9s de DIF Sinaloa, la Secretar\u00eda de Turismo y la Secretar\u00eda Ejecutiva del SIPINNA solicitan que se priorice el enfoque de derechos de ni\u00f1ez y adolescencia.<br><br>Culiac\u00e1n, Sinaloa a 20 de enero del 2026.-* En el marco de las celebraciones culturales, recreativas y tradicionales que se desarrollan en diversos municipios del estado de Sinaloa, como carnavales, desfiles y concursos infantiles, el Gobierno del Estado, a trav\u00e9s de DIF Sinaloa, la Secretar\u00eda de Turismo y la Secretar\u00eda Ejecutiva del Sistema Estatal de Protecci\u00f3n Integral de Ni\u00f1as, Ni\u00f1os y Adolescentes (SIPINNA) hacen un llamado a las autoridades, organizadores de eventos y a la sociedad en general a priorizar el enfoque de derechos y la prevenci\u00f3n.<br><br>La Secretaria Ejecutiva del Sistema Estatal de Protecci\u00f3n Integral de Ni\u00f1as, Ni\u00f1os y Adolescentes, Connie Zazueta Castro, dijo que estas festividades representan espacios de convivencia, identidad cultural y recreaci\u00f3n; sin embargo, su organizaci\u00f3n debe garantizar en todo momento la protecci\u00f3n, seguridad y bienestar de ni\u00f1as, ni\u00f1os y adolescentes, asegurando que su participaci\u00f3n se realice en condiciones acordes a su edad, desarrollo y dignidad humana.<br><br>Explic\u00f3 que, de conformidad con la Ley de los Derechos de Ni\u00f1as, Ni\u00f1os y Adolescentes del Estado de Sinaloa, las autoridades estatales y municipales tienen la obligaci\u00f3n de velar por el Inter\u00e9s Superior de la Ni\u00f1ez, as\u00ed como de prevenir cualquier forma de violencia, explotaci\u00f3n, trato indigno o exposici\u00f3n indebida que pueda vulnerar sus derechos durante actividades p\u00fablicas y privadas.<br><br>En este contexto, y con base en las atribuciones de la Secretar\u00eda Ejecutiva del SIPINNA, se exhorta a adoptar medidas preventivas que fortalezcan la protecci\u00f3n integral de ni\u00f1as, ni\u00f1os y adolescentes, entre ellas:<br><br>\u2022\tGarantizar condiciones de seguridad y protecci\u00f3n durante el desarrollo de los eventos, mediante espacios adecuados y personal capacitado.<br>\u2022\tInstalar m\u00f3dulos de atenci\u00f3n y orientaci\u00f3n en puntos estrat\u00e9gicos para la localizaci\u00f3n inmediata de ni\u00f1as y ni\u00f1os extraviados.<br>\u2022\tEvitar pr\u00e1cticas que promuevan la hipersexualizaci\u00f3n o adultizaci\u00f3n de ni\u00f1as, ni\u00f1os y adolescentes, particularmente en concursos o actividades esc\u00e9nicas.<br>\u2022\tRegular los contenidos visuales, medi\u00e1ticos y din\u00e1micas de participaci\u00f3n, cuidando que no se exponga su imagen ni se afecte su integridad f\u00edsica o emocional.<br>\u2022\tPromover la sensibilizaci\u00f3n de madres, padres y personas cuidadoras para prevenir pr\u00e1cticas que refuercen estereotipos o presiones sociales inadecuadas.<br>\u2022\tFortalecer la coordinaci\u00f3n interinstitucional entre autoridades estatales y municipales para establecer lineamientos claros de protecci\u00f3n infantil en este tipo de eventos.<br><br>Zazueta Castro dijo que, ni\u00f1ez y la adolescencia deben ser protegidas en todo momento y que su participaci\u00f3n en celebraciones comunitarias debe contribuir a su desarrollo pleno, arm\u00f3nico y libre de cualquier riesgo que afecte su bienestar.<br><br>Asimismo, agreg\u00f3, resulta fundamental considerar la salud mental y el bienestar emocional de ni\u00f1as, ni\u00f1os y adolescentes que participan en concursos y actividades p\u00fablicas durante estas celebraciones. <br><br>La exposici\u00f3n a evaluaciones constantes, comparaciones, presiones o expectativas adultas puede generar efectos negativos en su autoestima, autoimagen y desarrollo emocional, especialmente en el caso de las ni\u00f1as. Por ello, es indispensable que estos espacios se dise\u00f1en desde una perspectiva de cuidado, promoviendo entornos que fortalezcan la confianza, la expresi\u00f3n libre y el respeto a su dignidad.<br><br>Tambi\u00e9n se est\u00e1 difundiendo una campa\u00f1a a trav\u00e9s de redes sociales denominada \u201cSeguridad y Bienestar Infantil en el Carnaval\u201d, con recomendaciones dirigidas a ni\u00f1as, ni\u00f1os y adolescentes durante el periodo de Carnaval, a fin de fomentar su protecci\u00f3n, autocuidado y una participaci\u00f3n segura en las actividades festivas. Es responsabilidad de todos garantizar que los derechos de las infancias y adolescencias sean respetados en todo momento.&nbsp; <br><br>Este exhorto se dirige de manera prioritaria a los municipios de Mazatl\u00e1n, Ahome, Salvador Alvarado, Guasave, Navolato, Mocorito, Choix, Rosario, Cosal\u00e1, Eldorado, El Fuerte, Escuinapa, Juan Jos\u00e9 R\u00edos, Sinaloa, Angostura y Elota, as\u00ed como a la Secretar\u00eda de Seguridad P\u00fablica y al Instituto Estatal de Protecci\u00f3n Civil, con el objetivo de reforzar acciones conjuntas que garanticen el respeto y la protecci\u00f3n de los derechos de ni\u00f1as, ni\u00f1os y adolescentes en Sinaloa.<\/p>\n","protected":false},"excerpt":{"rendered":"<p>El Gobierno del Estado, a trav\u00e9s de DIF Sinaloa, la Secretar\u00eda de Turismo y la Secretar\u00eda Ejecutiva del SIPINNA solicitan que se priorice el enfoque de derechos de ni\u00f1ez y&hellip;<\/p>\n","protected":false},"author":1,"featured_media":31071,"comment_status":"open","ping_status":"open","sticky":false,"template":"","format":"standard","meta":{"_jetpack_memberships_contains_paid_content":false,"footnotes":"","jetpack_publicize_message":"","jetpack_publicize_feature_enabled":true,"jetpack_social_post_already_shared":true,"jetpack_social_options":{"image_generator_settings":{"template":"highway","default_image_id":0,"font":"","enabled":false},"version":2}},"categories":[52],"tags":[48,34],"class_list":["post-31072","post","type-post","status-publish","format-standard","has-post-thumbnail","hentry","category-subportada","tag-dif-sinaloa","tag-gobierno-del-estado-de-sinaloa"],"yoast_head":"<!-- This site is optimized with the Yoast SEO plugin v27.2 - https:\/\/yoast.com\/product\/yoast-seo-wordpress\/ -->\n<title>DIF Sinaloa y SIPINNA exhortan a garantizar los derechos de ni\u00f1as, ni\u00f1os y adolescentes en los Carnavales - \u00c9tica Comunica<\/title>\n<meta name=\"robots\" content=\"index, follow, max-snippet:-1, max-image-preview:large, max-video-preview:-1\" \/>\n<link rel=\"canonical\" href=\"https:\/\/eticacomunica.com.mx\/?p=31072\" \/>\n<meta property=\"og:locale\" content=\"es_MX\" \/>\n<meta property=\"og:type\" content=\"article\" \/>\n<meta property=\"og:title\" content=\"DIF Sinaloa y SIPINNA exhortan a garantizar los derechos de ni\u00f1as, ni\u00f1os y adolescentes en los Carnavales - \u00c9tica Comunica\" \/>\n<meta property=\"og:description\" content=\"El Gobierno del Estado, a trav\u00e9s de DIF Sinaloa, la Secretar\u00eda de Turismo y la Secretar\u00eda Ejecutiva del SIPINNA solicitan que se priorice el enfoque de derechos de ni\u00f1ez y&hellip;\" \/>\n<meta property=\"og:url\" content=\"https:\/\/eticacomunica.com.mx\/?p=31072\" \/>\n<meta property=\"og:site_name\" content=\"\u00c9tica Comunica\" \/>\n<meta property=\"article:publisher\" content=\"https:\/\/www.facebook.com\/eticacomunica\" \/>\n<meta property=\"article:published_time\" content=\"2026-01-20T20:43:33+00:00\" \/>\n<meta property=\"og:image\" content=\"https:\/\/eticacomunica.com.mx\/wp-content\/uploads\/2026\/01\/IMG-20260120-WA0010.jpg\" \/>\n\t<meta property=\"og:image:width\" content=\"1200\" \/>\n\t<meta property=\"og:image:height\" content=\"800\" \/>\n\t<meta property=\"og:image:type\" content=\"image\/jpeg\" \/>\n<meta name=\"author\" content=\"etica\" \/>\n<meta name=\"twitter:card\" content=\"summary_large_image\" \/>\n<meta name=\"twitter:label1\" content=\"Escrito por\" \/>\n\t<meta name=\"twitter:data1\" content=\"etica\" \/>\n\t<meta name=\"twitter:label2\" content=\"Tiempo de lectura\" \/>\n\t<meta name=\"twitter:data2\" content=\"4 minutos\" \/>\n<script type=\"application\/ld+json\" class=\"yoast-schema-graph\">{\"@context\":\"https:\/\/schema.org\",\"@graph\":[{\"@type\":\"Article\",\"@id\":\"https:\/\/eticacomunica.com.mx\/?p=31072#article\",\"isPartOf\":{\"@id\":\"https:\/\/eticacomunica.com.mx\/?p=31072\"},\"author\":{\"name\":\"etica\",\"@id\":\"https:\/\/eticacomunica.com.mx\/#\/schema\/person\/2cacc47bd17fe8ad92f08c0313d22fa6\"},\"headline\":\"DIF Sinaloa y SIPINNA exhortan a garantizar los derechos de ni\u00f1as, ni\u00f1os y adolescentes en los Carnavales\",\"datePublished\":\"2026-01-20T20:43:33+00:00\",\"mainEntityOfPage\":{\"@id\":\"https:\/\/eticacomunica.com.mx\/?p=31072\"},\"wordCount\":750,\"commentCount\":0,\"publisher\":{\"@id\":\"https:\/\/eticacomunica.com.mx\/#organization\"},\"image\":{\"@id\":\"https:\/\/eticacomunica.com.mx\/?p=31072#primaryimage\"},\"thumbnailUrl\":\"https:\/\/eticacomunica.com.mx\/wp-content\/uploads\/2026\/01\/IMG-20260120-WA0010.jpg\",\"keywords\":[\"DIF Sinaloa\",\"Gobierno del Estado de Sinaloa\"],\"articleSection\":[\"Subportada\"],\"inLanguage\":\"es\",\"potentialAction\":[{\"@type\":\"CommentAction\",\"name\":\"Comment\",\"target\":[\"https:\/\/eticacomunica.com.mx\/?p=31072#respond\"]}]},{\"@type\":\"WebPage\",\"@id\":\"https:\/\/eticacomunica.com.mx\/?p=31072\",\"url\":\"https:\/\/eticacomunica.com.mx\/?p=31072\",\"name\":\"DIF Sinaloa y SIPINNA exhortan a garantizar los derechos de ni\u00f1as, ni\u00f1os y adolescentes en los Carnavales - \u00c9tica Comunica\",\"isPartOf\":{\"@id\":\"https:\/\/eticacomunica.com.mx\/#website\"},\"primaryImageOfPage\":{\"@id\":\"https:\/\/eticacomunica.com.mx\/?p=31072#primaryimage\"},\"image\":{\"@id\":\"https:\/\/eticacomunica.com.mx\/?p=31072#primaryimage\"},\"thumbnailUrl\":\"https:\/\/eticacomunica.com.mx\/wp-content\/uploads\/2026\/01\/IMG-20260120-WA0010.jpg\",\"datePublished\":\"2026-01-20T20:43:33+00:00\",\"breadcrumb\":{\"@id\":\"https:\/\/eticacomunica.com.mx\/?p=31072#breadcrumb\"},\"inLanguage\":\"es\",\"potentialAction\":[{\"@type\":\"ReadAction\",\"target\":[\"https:\/\/eticacomunica.com.mx\/?p=31072\"]}]},{\"@type\":\"ImageObject\",\"inLanguage\":\"es\",\"@id\":\"https:\/\/eticacomunica.com.mx\/?p=31072#primaryimage\",\"url\":\"https:\/\/eticacomunica.com.mx\/wp-content\/uploads\/2026\/01\/IMG-20260120-WA0010.jpg\",\"contentUrl\":\"https:\/\/eticacomunica.com.mx\/wp-content\/uploads\/2026\/01\/IMG-20260120-WA0010.jpg\",\"width\":1200,\"height\":800},{\"@type\":\"BreadcrumbList\",\"@id\":\"https:\/\/eticacomunica.com.mx\/?p=31072#breadcrumb\",\"itemListElement\":[{\"@type\":\"ListItem\",\"position\":1,\"name\":\"Inicio\",\"item\":\"https:\/\/eticacomunica.com.mx\/\"},{\"@type\":\"ListItem\",\"position\":2,\"name\":\"DIF Sinaloa y SIPINNA exhortan a garantizar los derechos de ni\u00f1as, ni\u00f1os y adolescentes en los Carnavales\"}]},{\"@type\":\"WebSite\",\"@id\":\"https:\/\/eticacomunica.com.mx\/#website\",\"url\":\"https:\/\/eticacomunica.com.mx\/\",\"name\":\"\u00c9tica Comunica\",\"description\":\"Diario Digital\",\"publisher\":{\"@id\":\"https:\/\/eticacomunica.com.mx\/#organization\"},\"potentialAction\":[{\"@type\":\"SearchAction\",\"target\":{\"@type\":\"EntryPoint\",\"urlTemplate\":\"https:\/\/eticacomunica.com.mx\/?s={search_term_string}\"},\"query-input\":{\"@type\":\"PropertyValueSpecification\",\"valueRequired\":true,\"valueName\":\"search_term_string\"}}],\"inLanguage\":\"es\"},{\"@type\":\"Organization\",\"@id\":\"https:\/\/eticacomunica.com.mx\/#organization\",\"name\":\"Diarios Digitales de Sinaloa\",\"url\":\"https:\/\/eticacomunica.com.mx\/\",\"logo\":{\"@type\":\"ImageObject\",\"inLanguage\":\"es\",\"@id\":\"https:\/\/eticacomunica.com.mx\/#\/schema\/logo\/image\/\",\"url\":\"https:\/\/eticacomunica.com.mx\/wp-content\/uploads\/2023\/10\/etica-logo.png\",\"contentUrl\":\"https:\/\/eticacomunica.com.mx\/wp-content\/uploads\/2023\/10\/etica-logo.png\",\"width\":1280,\"height\":432,\"caption\":\"Diarios Digitales de Sinaloa\"},\"image\":{\"@id\":\"https:\/\/eticacomunica.com.mx\/#\/schema\/logo\/image\/\"},\"sameAs\":[\"https:\/\/www.facebook.com\/eticacomunica\"]},{\"@type\":\"Person\",\"@id\":\"https:\/\/eticacomunica.com.mx\/#\/schema\/person\/2cacc47bd17fe8ad92f08c0313d22fa6\",\"name\":\"etica\",\"image\":{\"@type\":\"ImageObject\",\"inLanguage\":\"es\",\"@id\":\"https:\/\/secure.gravatar.com\/avatar\/dfb45d32bc7097f8f06d6e4f6e6b387e7cb8fd5b3a2869265c40587ab62cab1e?s=96&d=mm&r=g\",\"url\":\"https:\/\/secure.gravatar.com\/avatar\/dfb45d32bc7097f8f06d6e4f6e6b387e7cb8fd5b3a2869265c40587ab62cab1e?s=96&d=mm&r=g\",\"contentUrl\":\"https:\/\/secure.gravatar.com\/avatar\/dfb45d32bc7097f8f06d6e4f6e6b387e7cb8fd5b3a2869265c40587ab62cab1e?s=96&d=mm&r=g\",\"caption\":\"etica\"},\"sameAs\":[\"https:\/\/eticacomunica.com.mx\"],\"url\":\"https:\/\/eticacomunica.com.mx\/?author=1\"}]}<\/script>\n<!-- \/ Yoast SEO plugin. -->","yoast_head_json":{"title":"DIF Sinaloa y SIPINNA exhortan a garantizar los derechos de ni\u00f1as, ni\u00f1os y adolescentes en los Carnavales - \u00c9tica Comunica","robots":{"index":"index","follow":"follow","max-snippet":"max-snippet:-1","max-image-preview":"max-image-preview:large","max-video-preview":"max-video-preview:-1"},"canonical":"https:\/\/eticacomunica.com.mx\/?p=31072","og_locale":"es_MX","og_type":"article","og_title":"DIF Sinaloa y SIPINNA exhortan a garantizar los derechos de ni\u00f1as, ni\u00f1os y adolescentes en los Carnavales - \u00c9tica Comunica","og_description":"El Gobierno del Estado, a trav\u00e9s de DIF Sinaloa, la Secretar\u00eda de Turismo y la Secretar\u00eda Ejecutiva del SIPINNA solicitan que se priorice el enfoque de derechos de ni\u00f1ez y&hellip;","og_url":"https:\/\/eticacomunica.com.mx\/?p=31072","og_site_name":"\u00c9tica Comunica","article_publisher":"https:\/\/www.facebook.com\/eticacomunica","article_published_time":"2026-01-20T20:43:33+00:00","og_image":[{"width":1200,"height":800,"url":"https:\/\/eticacomunica.com.mx\/wp-content\/uploads\/2026\/01\/IMG-20260120-WA0010.jpg","type":"image\/jpeg"}],"author":"etica","twitter_card":"summary_large_image","twitter_misc":{"Escrito por":"etica","Tiempo de lectura":"4 minutos"},"schema":{"@context":"https:\/\/schema.org","@graph":[{"@type":"Article","@id":"https:\/\/eticacomunica.com.mx\/?p=31072#article","isPartOf":{"@id":"https:\/\/eticacomunica.com.mx\/?p=31072"},"author":{"name":"etica","@id":"https:\/\/eticacomunica.com.mx\/#\/schema\/person\/2cacc47bd17fe8ad92f08c0313d22fa6"},"headline":"DIF Sinaloa y SIPINNA exhortan a garantizar los derechos de ni\u00f1as, ni\u00f1os y adolescentes en los Carnavales","datePublished":"2026-01-20T20:43:33+00:00","mainEntityOfPage":{"@id":"https:\/\/eticacomunica.com.mx\/?p=31072"},"wordCount":750,"commentCount":0,"publisher":{"@id":"https:\/\/eticacomunica.com.mx\/#organization"},"image":{"@id":"https:\/\/eticacomunica.com.mx\/?p=31072#primaryimage"},"thumbnailUrl":"https:\/\/eticacomunica.com.mx\/wp-content\/uploads\/2026\/01\/IMG-20260120-WA0010.jpg","keywords":["DIF Sinaloa","Gobierno del Estado de Sinaloa"],"articleSection":["Subportada"],"inLanguage":"es","potentialAction":[{"@type":"CommentAction","name":"Comment","target":["https:\/\/eticacomunica.com.mx\/?p=31072#respond"]}]},{"@type":"WebPage","@id":"https:\/\/eticacomunica.com.mx\/?p=31072","url":"https:\/\/eticacomunica.com.mx\/?p=31072","name":"DIF Sinaloa y SIPINNA exhortan a garantizar los derechos de ni\u00f1as, ni\u00f1os y adolescentes en los Carnavales - \u00c9tica Comunica","isPartOf":{"@id":"https:\/\/eticacomunica.com.mx\/#website"},"primaryImageOfPage":{"@id":"https:\/\/eticacomunica.com.mx\/?p=31072#primaryimage"},"image":{"@id":"https:\/\/eticacomunica.com.mx\/?p=31072#primaryimage"},"thumbnailUrl":"https:\/\/eticacomunica.com.mx\/wp-content\/uploads\/2026\/01\/IMG-20260120-WA0010.jpg","datePublished":"2026-01-20T20:43:33+00:00","breadcrumb":{"@id":"https:\/\/eticacomunica.com.mx\/?p=31072#breadcrumb"},"inLanguage":"es","potentialAction":[{"@type":"ReadAction","target":["https:\/\/eticacomunica.com.mx\/?p=31072"]}]},{"@type":"ImageObject","inLanguage":"es","@id":"https:\/\/eticacomunica.com.mx\/?p=31072#primaryimage","url":"https:\/\/eticacomunica.com.mx\/wp-content\/uploads\/2026\/01\/IMG-20260120-WA0010.jpg","contentUrl":"https:\/\/eticacomunica.com.mx\/wp-content\/uploads\/2026\/01\/IMG-20260120-WA0010.jpg","width":1200,"height":800},{"@type":"BreadcrumbList","@id":"https:\/\/eticacomunica.com.mx\/?p=31072#breadcrumb","itemListElement":[{"@type":"ListItem","position":1,"name":"Inicio","item":"https:\/\/eticacomunica.com.mx\/"},{"@type":"ListItem","position":2,"name":"DIF Sinaloa y SIPINNA exhortan a garantizar los derechos de ni\u00f1as, ni\u00f1os y adolescentes en los Carnavales"}]},{"@type":"WebSite","@id":"https:\/\/eticacomunica.com.mx\/#website","url":"https:\/\/eticacomunica.com.mx\/","name":"\u00c9tica Comunica","description":"Diario Digital","publisher":{"@id":"https:\/\/eticacomunica.com.mx\/#organization"},"potentialAction":[{"@type":"SearchAction","target":{"@type":"EntryPoint","urlTemplate":"https:\/\/eticacomunica.com.mx\/?s={search_term_string}"},"query-input":{"@type":"PropertyValueSpecification","valueRequired":true,"valueName":"search_term_string"}}],"inLanguage":"es"},{"@type":"Organization","@id":"https:\/\/eticacomunica.com.mx\/#organization","name":"Diarios Digitales de Sinaloa","url":"https:\/\/eticacomunica.com.mx\/","logo":{"@type":"ImageObject","inLanguage":"es","@id":"https:\/\/eticacomunica.com.mx\/#\/schema\/logo\/image\/","url":"https:\/\/eticacomunica.com.mx\/wp-content\/uploads\/2023\/10\/etica-logo.png","contentUrl":"https:\/\/eticacomunica.com.mx\/wp-content\/uploads\/2023\/10\/etica-logo.png","width":1280,"height":432,"caption":"Diarios Digitales de Sinaloa"},"image":{"@id":"https:\/\/eticacomunica.com.mx\/#\/schema\/logo\/image\/"},"sameAs":["https:\/\/www.facebook.com\/eticacomunica"]},{"@type":"Person","@id":"https:\/\/eticacomunica.com.mx\/#\/schema\/person\/2cacc47bd17fe8ad92f08c0313d22fa6","name":"etica","image":{"@type":"ImageObject","inLanguage":"es","@id":"https:\/\/secure.gravatar.com\/avatar\/dfb45d32bc7097f8f06d6e4f6e6b387e7cb8fd5b3a2869265c40587ab62cab1e?s=96&d=mm&r=g","url":"https:\/\/secure.gravatar.com\/avatar\/dfb45d32bc7097f8f06d6e4f6e6b387e7cb8fd5b3a2869265c40587ab62cab1e?s=96&d=mm&r=g","contentUrl":"https:\/\/secure.gravatar.com\/avatar\/dfb45d32bc7097f8f06d6e4f6e6b387e7cb8fd5b3a2869265c40587ab62cab1e?s=96&d=mm&r=g","caption":"etica"},"sameAs":["https:\/\/eticacomunica.com.mx"],"url":"https:\/\/eticacomunica.com.mx\/?author=1"}]}},"jetpack_publicize_connections":[],"jetpack_featured_media_url":"https:\/\/eticacomunica.com.mx\/wp-content\/uploads\/2026\/01\/IMG-20260120-WA0010.jpg","jetpack_sharing_enabled":true,"_links":{"self":[{"href":"https:\/\/eticacomunica.com.mx\/index.php?rest_route=\/wp\/v2\/posts\/31072","targetHints":{"allow":["GET"]}}],"collection":[{"href":"https:\/\/eticacomunica.com.mx\/index.php?rest_route=\/wp\/v2\/posts"}],"about":[{"href":"https:\/\/eticacomunica.com.mx\/index.php?rest_route=\/wp\/v2\/types\/post"}],"author":[{"embeddable":true,"href":"https:\/\/eticacomunica.com.mx\/index.php?rest_route=\/wp\/v2\/users\/1"}],"replies":[{"embeddable":true,"href":"https:\/\/eticacomunica.com.mx\/index.php?rest_route=%2Fwp%2Fv2%2Fcomments&post=31072"}],"version-history":[{"count":0,"href":"https:\/\/eticacomunica.com.mx\/index.php?rest_route=\/wp\/v2\/posts\/31072\/revisions"}],"wp:featuredmedia":[{"embeddable":true,"href":"https:\/\/eticacomunica.com.mx\/index.php?rest_route=\/wp\/v2\/media\/31071"}],"wp:attachment":[{"href":"https:\/\/eticacomunica.com.mx\/index.php?rest_route=%2Fwp%2Fv2%2Fmedia&parent=31072"}],"wp:term":[{"taxonomy":"category","embeddable":true,"href":"https:\/\/eticacomunica.com.mx\/index.php?rest_route=%2Fwp%2Fv2%2Fcategories&post=31072"},{"taxonomy":"post_tag","embeddable":true,"href":"https:\/\/eticacomunica.com.mx\/index.php?rest_route=%2Fwp%2Fv2%2Ftags&post=31072"}],"curies":[{"name":"wp","href":"https:\/\/api.w.org\/{rel}","templated":true}]}}