{"id":31080,"date":"2026-01-20T17:47:54","date_gmt":"2026-01-21T00:47:54","guid":{"rendered":"https:\/\/eticacomunica.com.mx\/?p=31080"},"modified":"2026-01-20T17:47:54","modified_gmt":"2026-01-21T00:47:54","slug":"habra-muestra-profesiografica-uas-2026-en-la-zona-sur-sera-el-10-de-febrero","status":"publish","type":"post","link":"https:\/\/eticacomunica.com.mx\/?p=31080","title":{"rendered":"Habr\u00e1 Muestra Profesiogr\u00e1fica UAS 2026; en la zona sur ser\u00e1 el 10 de febrero"},"content":{"rendered":"\n<p>La XX Muestra Profesiogr\u00e1fica que organiza la Universidad Aut\u00f3noma de Sinaloa llegar\u00e1 a todas las Unidades Acad\u00e9micas Preparatorias en todo el estado, ofertando una amplia gama de carreras con una alta calidad.<br><br><br>Y es que cada a\u00f1o, en el mes de febrero, se celebra esta actividad donde los j\u00f3venes y sociedad en general despejan sus dudas en relaci\u00f3n a su rumbo profesional, y que ser\u00e1n guiados de joven a joven con informaci\u00f3n pertinente y experiencias vertidas.<br><br><br>Por lo tanto, el director de Comunicaci\u00f3n Social de la UAS, doctor Jos\u00e9 Carlos Aceves Tamayo inform\u00f3 que esta pol\u00edtica institucional representa una tarea muy importante ya que el objetivo principal es proporcionar a decenas de miles de alumnos de 43 preparatorias y 60 extensiones que cursan el nivel medio superior.<br><br><br>\u201cLa idea es que los j\u00f3venes de nivel medio superior de esta instituci\u00f3n y de otros subsistemas puedan conocer lo que somos y lo que hacemos. Cada uno de los programas educativos, las distintas \u00e1reas del conocimiento con las que cuenta la Instituci\u00f3n es que de joven a joven se puedan enamorar&nbsp; de las materias que se imparten y las experiencias que se viven pero sobre todo las herramientas que se adquieren a trav\u00e9s de una educaci\u00f3n de calidad\u201d.<br><br><br>El Vicerrector de esta regi\u00f3n, doctor Iv\u00e1n Tostado, comparti\u00f3 que esta muestra se desarrollar\u00e1 en la preparatoria Rub\u00e9n Jaramillo este martes 10 de febrero desde temprana hora y hasta el atardecer para brindar informaci\u00f3n a los j\u00f3venes que se encuentran en su etapa de bachillerato. <br><br><br>\u201cDe joven a joven ustedes puedan preguntar a un estudiante de tercer a\u00f1o o cuarto a\u00f1o de esas carreras que ha aprendido, sus expectativas; es decir, puedan convivir de dos a dos, con un docente, esas inquietudes que surgen. El rector doctor Jes\u00fas Madue\u00f1a Molina, a trav\u00e9s del \u00e1rea de comunicaci\u00f3n social con Jos\u00e9 Aceves, de la DGEP con Marisol Mendoza dan esta oportunidad para que los universitarios y otros subsistemas formen parte de esta muestra profesiogr\u00e1fica. Por lo tanto no olviden este martes 10 de febrero aqu\u00ed en Mazatl\u00e1n en la Jaramillo Muestra profesiogr\u00e1fica UAS 2026\u201d.<br><br><br>En esta reuni\u00f3n informativa celebrada en la Torre Acad\u00e9mica Mazatl\u00e1n, estuvo tambi\u00e9n presente sumando aportaciones la responsable de la Direcci\u00f3n General de Escuelas Preparatorias Marisol Mendoza, as\u00ed tambi\u00e9n como invitados la Secretaria Acad\u00e9mica de la regi\u00f3n, maestra Marisol Reyes, j\u00f3venes de la FEUAS, adem\u00e1s directores y comunidad universitaria.<\/p>\n","protected":false},"excerpt":{"rendered":"<p>La XX Muestra Profesiogr\u00e1fica que organiza la Universidad Aut\u00f3noma de Sinaloa llegar\u00e1 a todas las Unidades Acad\u00e9micas Preparatorias en todo el estado, ofertando una amplia gama de carreras con una&hellip;<\/p>\n","protected":false},"author":1,"featured_media":31079,"comment_status":"open","ping_status":"open","sticky":false,"template":"","format":"standard","meta":{"_jetpack_memberships_contains_paid_content":false,"footnotes":"","jetpack_publicize_message":"","jetpack_publicize_feature_enabled":true,"jetpack_social_post_already_shared":true,"jetpack_social_options":{"image_generator_settings":{"template":"highway","default_image_id":0,"font":"","enabled":false},"version":2}},"categories":[40],"tags":[41],"class_list":["post-31080","post","type-post","status-publish","format-standard","has-post-thumbnail","hentry","category-educacion","tag-uas"],"yoast_head":"<!-- This site is optimized with the Yoast SEO plugin v27.2 - https:\/\/yoast.com\/product\/yoast-seo-wordpress\/ -->\n<title>Habr\u00e1 Muestra Profesiogr\u00e1fica UAS 2026; en la zona sur ser\u00e1 el 10 de febrero - \u00c9tica Comunica<\/title>\n<meta name=\"robots\" content=\"index, follow, max-snippet:-1, max-image-preview:large, max-video-preview:-1\" \/>\n<link rel=\"canonical\" href=\"https:\/\/eticacomunica.com.mx\/?p=31080\" \/>\n<meta property=\"og:locale\" content=\"es_MX\" \/>\n<meta property=\"og:type\" content=\"article\" \/>\n<meta property=\"og:title\" content=\"Habr\u00e1 Muestra Profesiogr\u00e1fica UAS 2026; en la zona sur ser\u00e1 el 10 de febrero - \u00c9tica Comunica\" \/>\n<meta property=\"og:description\" content=\"La XX Muestra Profesiogr\u00e1fica que organiza la Universidad Aut\u00f3noma de Sinaloa llegar\u00e1 a todas las Unidades Acad\u00e9micas Preparatorias en todo el estado, ofertando una amplia gama de carreras con una&hellip;\" \/>\n<meta property=\"og:url\" content=\"https:\/\/eticacomunica.com.mx\/?p=31080\" \/>\n<meta property=\"og:site_name\" content=\"\u00c9tica Comunica\" \/>\n<meta property=\"article:publisher\" content=\"https:\/\/www.facebook.com\/eticacomunica\" \/>\n<meta property=\"article:published_time\" content=\"2026-01-21T00:47:54+00:00\" \/>\n<meta property=\"og:image\" content=\"https:\/\/eticacomunica.com.mx\/wp-content\/uploads\/2026\/01\/IMG-20260120-WA0076.jpg\" \/>\n\t<meta property=\"og:image:width\" content=\"1600\" \/>\n\t<meta property=\"og:image:height\" content=\"1066\" \/>\n\t<meta property=\"og:image:type\" content=\"image\/jpeg\" \/>\n<meta name=\"author\" content=\"etica\" \/>\n<meta name=\"twitter:card\" content=\"summary_large_image\" \/>\n<meta name=\"twitter:label1\" content=\"Escrito por\" \/>\n\t<meta name=\"twitter:data1\" content=\"etica\" \/>\n\t<meta name=\"twitter:label2\" content=\"Tiempo de lectura\" \/>\n\t<meta name=\"twitter:data2\" content=\"2 minutos\" \/>\n<script type=\"application\/ld+json\" class=\"yoast-schema-graph\">{\"@context\":\"https:\/\/schema.org\",\"@graph\":[{\"@type\":\"Article\",\"@id\":\"https:\/\/eticacomunica.com.mx\/?p=31080#article\",\"isPartOf\":{\"@id\":\"https:\/\/eticacomunica.com.mx\/?p=31080\"},\"author\":{\"name\":\"etica\",\"@id\":\"https:\/\/eticacomunica.com.mx\/#\/schema\/person\/2cacc47bd17fe8ad92f08c0313d22fa6\"},\"headline\":\"Habr\u00e1 Muestra Profesiogr\u00e1fica UAS 2026; en la zona sur ser\u00e1 el 10 de febrero\",\"datePublished\":\"2026-01-21T00:47:54+00:00\",\"mainEntityOfPage\":{\"@id\":\"https:\/\/eticacomunica.com.mx\/?p=31080\"},\"wordCount\":444,\"commentCount\":0,\"publisher\":{\"@id\":\"https:\/\/eticacomunica.com.mx\/#organization\"},\"image\":{\"@id\":\"https:\/\/eticacomunica.com.mx\/?p=31080#primaryimage\"},\"thumbnailUrl\":\"https:\/\/eticacomunica.com.mx\/wp-content\/uploads\/2026\/01\/IMG-20260120-WA0076.jpg\",\"keywords\":[\"UAS\"],\"articleSection\":[\"Educaci\u00f3n\"],\"inLanguage\":\"es\",\"potentialAction\":[{\"@type\":\"CommentAction\",\"name\":\"Comment\",\"target\":[\"https:\/\/eticacomunica.com.mx\/?p=31080#respond\"]}]},{\"@type\":\"WebPage\",\"@id\":\"https:\/\/eticacomunica.com.mx\/?p=31080\",\"url\":\"https:\/\/eticacomunica.com.mx\/?p=31080\",\"name\":\"Habr\u00e1 Muestra Profesiogr\u00e1fica UAS 2026; en la zona sur ser\u00e1 el 10 de febrero - \u00c9tica Comunica\",\"isPartOf\":{\"@id\":\"https:\/\/eticacomunica.com.mx\/#website\"},\"primaryImageOfPage\":{\"@id\":\"https:\/\/eticacomunica.com.mx\/?p=31080#primaryimage\"},\"image\":{\"@id\":\"https:\/\/eticacomunica.com.mx\/?p=31080#primaryimage\"},\"thumbnailUrl\":\"https:\/\/eticacomunica.com.mx\/wp-content\/uploads\/2026\/01\/IMG-20260120-WA0076.jpg\",\"datePublished\":\"2026-01-21T00:47:54+00:00\",\"breadcrumb\":{\"@id\":\"https:\/\/eticacomunica.com.mx\/?p=31080#breadcrumb\"},\"inLanguage\":\"es\",\"potentialAction\":[{\"@type\":\"ReadAction\",\"target\":[\"https:\/\/eticacomunica.com.mx\/?p=31080\"]}]},{\"@type\":\"ImageObject\",\"inLanguage\":\"es\",\"@id\":\"https:\/\/eticacomunica.com.mx\/?p=31080#primaryimage\",\"url\":\"https:\/\/eticacomunica.com.mx\/wp-content\/uploads\/2026\/01\/IMG-20260120-WA0076.jpg\",\"contentUrl\":\"https:\/\/eticacomunica.com.mx\/wp-content\/uploads\/2026\/01\/IMG-20260120-WA0076.jpg\",\"width\":1600,\"height\":1066},{\"@type\":\"BreadcrumbList\",\"@id\":\"https:\/\/eticacomunica.com.mx\/?p=31080#breadcrumb\",\"itemListElement\":[{\"@type\":\"ListItem\",\"position\":1,\"name\":\"Inicio\",\"item\":\"https:\/\/eticacomunica.com.mx\/\"},{\"@type\":\"ListItem\",\"position\":2,\"name\":\"Habr\u00e1 Muestra Profesiogr\u00e1fica UAS 2026; en la zona sur ser\u00e1 el 10 de febrero\"}]},{\"@type\":\"WebSite\",\"@id\":\"https:\/\/eticacomunica.com.mx\/#website\",\"url\":\"https:\/\/eticacomunica.com.mx\/\",\"name\":\"\u00c9tica Comunica\",\"description\":\"Diario Digital\",\"publisher\":{\"@id\":\"https:\/\/eticacomunica.com.mx\/#organization\"},\"potentialAction\":[{\"@type\":\"SearchAction\",\"target\":{\"@type\":\"EntryPoint\",\"urlTemplate\":\"https:\/\/eticacomunica.com.mx\/?s={search_term_string}\"},\"query-input\":{\"@type\":\"PropertyValueSpecification\",\"valueRequired\":true,\"valueName\":\"search_term_string\"}}],\"inLanguage\":\"es\"},{\"@type\":\"Organization\",\"@id\":\"https:\/\/eticacomunica.com.mx\/#organization\",\"name\":\"Diarios Digitales de Sinaloa\",\"url\":\"https:\/\/eticacomunica.com.mx\/\",\"logo\":{\"@type\":\"ImageObject\",\"inLanguage\":\"es\",\"@id\":\"https:\/\/eticacomunica.com.mx\/#\/schema\/logo\/image\/\",\"url\":\"https:\/\/eticacomunica.com.mx\/wp-content\/uploads\/2023\/10\/etica-logo.png\",\"contentUrl\":\"https:\/\/eticacomunica.com.mx\/wp-content\/uploads\/2023\/10\/etica-logo.png\",\"width\":1280,\"height\":432,\"caption\":\"Diarios Digitales de Sinaloa\"},\"image\":{\"@id\":\"https:\/\/eticacomunica.com.mx\/#\/schema\/logo\/image\/\"},\"sameAs\":[\"https:\/\/www.facebook.com\/eticacomunica\"]},{\"@type\":\"Person\",\"@id\":\"https:\/\/eticacomunica.com.mx\/#\/schema\/person\/2cacc47bd17fe8ad92f08c0313d22fa6\",\"name\":\"etica\",\"image\":{\"@type\":\"ImageObject\",\"inLanguage\":\"es\",\"@id\":\"https:\/\/secure.gravatar.com\/avatar\/dfb45d32bc7097f8f06d6e4f6e6b387e7cb8fd5b3a2869265c40587ab62cab1e?s=96&d=mm&r=g\",\"url\":\"https:\/\/secure.gravatar.com\/avatar\/dfb45d32bc7097f8f06d6e4f6e6b387e7cb8fd5b3a2869265c40587ab62cab1e?s=96&d=mm&r=g\",\"contentUrl\":\"https:\/\/secure.gravatar.com\/avatar\/dfb45d32bc7097f8f06d6e4f6e6b387e7cb8fd5b3a2869265c40587ab62cab1e?s=96&d=mm&r=g\",\"caption\":\"etica\"},\"sameAs\":[\"https:\/\/eticacomunica.com.mx\"],\"url\":\"https:\/\/eticacomunica.com.mx\/?author=1\"}]}<\/script>\n<!-- \/ Yoast SEO plugin. -->","yoast_head_json":{"title":"Habr\u00e1 Muestra Profesiogr\u00e1fica UAS 2026; en la zona sur ser\u00e1 el 10 de febrero - \u00c9tica Comunica","robots":{"index":"index","follow":"follow","max-snippet":"max-snippet:-1","max-image-preview":"max-image-preview:large","max-video-preview":"max-video-preview:-1"},"canonical":"https:\/\/eticacomunica.com.mx\/?p=31080","og_locale":"es_MX","og_type":"article","og_title":"Habr\u00e1 Muestra Profesiogr\u00e1fica UAS 2026; en la zona sur ser\u00e1 el 10 de febrero - \u00c9tica Comunica","og_description":"La XX Muestra Profesiogr\u00e1fica que organiza la Universidad Aut\u00f3noma de Sinaloa llegar\u00e1 a todas las Unidades Acad\u00e9micas Preparatorias en todo el estado, ofertando una amplia gama de carreras con una&hellip;","og_url":"https:\/\/eticacomunica.com.mx\/?p=31080","og_site_name":"\u00c9tica Comunica","article_publisher":"https:\/\/www.facebook.com\/eticacomunica","article_published_time":"2026-01-21T00:47:54+00:00","og_image":[{"width":1600,"height":1066,"url":"https:\/\/eticacomunica.com.mx\/wp-content\/uploads\/2026\/01\/IMG-20260120-WA0076.jpg","type":"image\/jpeg"}],"author":"etica","twitter_card":"summary_large_image","twitter_misc":{"Escrito por":"etica","Tiempo de lectura":"2 minutos"},"schema":{"@context":"https:\/\/schema.org","@graph":[{"@type":"Article","@id":"https:\/\/eticacomunica.com.mx\/?p=31080#article","isPartOf":{"@id":"https:\/\/eticacomunica.com.mx\/?p=31080"},"author":{"name":"etica","@id":"https:\/\/eticacomunica.com.mx\/#\/schema\/person\/2cacc47bd17fe8ad92f08c0313d22fa6"},"headline":"Habr\u00e1 Muestra Profesiogr\u00e1fica UAS 2026; en la zona sur ser\u00e1 el 10 de febrero","datePublished":"2026-01-21T00:47:54+00:00","mainEntityOfPage":{"@id":"https:\/\/eticacomunica.com.mx\/?p=31080"},"wordCount":444,"commentCount":0,"publisher":{"@id":"https:\/\/eticacomunica.com.mx\/#organization"},"image":{"@id":"https:\/\/eticacomunica.com.mx\/?p=31080#primaryimage"},"thumbnailUrl":"https:\/\/eticacomunica.com.mx\/wp-content\/uploads\/2026\/01\/IMG-20260120-WA0076.jpg","keywords":["UAS"],"articleSection":["Educaci\u00f3n"],"inLanguage":"es","potentialAction":[{"@type":"CommentAction","name":"Comment","target":["https:\/\/eticacomunica.com.mx\/?p=31080#respond"]}]},{"@type":"WebPage","@id":"https:\/\/eticacomunica.com.mx\/?p=31080","url":"https:\/\/eticacomunica.com.mx\/?p=31080","name":"Habr\u00e1 Muestra Profesiogr\u00e1fica UAS 2026; en la zona sur ser\u00e1 el 10 de febrero - \u00c9tica Comunica","isPartOf":{"@id":"https:\/\/eticacomunica.com.mx\/#website"},"primaryImageOfPage":{"@id":"https:\/\/eticacomunica.com.mx\/?p=31080#primaryimage"},"image":{"@id":"https:\/\/eticacomunica.com.mx\/?p=31080#primaryimage"},"thumbnailUrl":"https:\/\/eticacomunica.com.mx\/wp-content\/uploads\/2026\/01\/IMG-20260120-WA0076.jpg","datePublished":"2026-01-21T00:47:54+00:00","breadcrumb":{"@id":"https:\/\/eticacomunica.com.mx\/?p=31080#breadcrumb"},"inLanguage":"es","potentialAction":[{"@type":"ReadAction","target":["https:\/\/eticacomunica.com.mx\/?p=31080"]}]},{"@type":"ImageObject","inLanguage":"es","@id":"https:\/\/eticacomunica.com.mx\/?p=31080#primaryimage","url":"https:\/\/eticacomunica.com.mx\/wp-content\/uploads\/2026\/01\/IMG-20260120-WA0076.jpg","contentUrl":"https:\/\/eticacomunica.com.mx\/wp-content\/uploads\/2026\/01\/IMG-20260120-WA0076.jpg","width":1600,"height":1066},{"@type":"BreadcrumbList","@id":"https:\/\/eticacomunica.com.mx\/?p=31080#breadcrumb","itemListElement":[{"@type":"ListItem","position":1,"name":"Inicio","item":"https:\/\/eticacomunica.com.mx\/"},{"@type":"ListItem","position":2,"name":"Habr\u00e1 Muestra Profesiogr\u00e1fica UAS 2026; en la zona sur ser\u00e1 el 10 de febrero"}]},{"@type":"WebSite","@id":"https:\/\/eticacomunica.com.mx\/#website","url":"https:\/\/eticacomunica.com.mx\/","name":"\u00c9tica Comunica","description":"Diario Digital","publisher":{"@id":"https:\/\/eticacomunica.com.mx\/#organization"},"potentialAction":[{"@type":"SearchAction","target":{"@type":"EntryPoint","urlTemplate":"https:\/\/eticacomunica.com.mx\/?s={search_term_string}"},"query-input":{"@type":"PropertyValueSpecification","valueRequired":true,"valueName":"search_term_string"}}],"inLanguage":"es"},{"@type":"Organization","@id":"https:\/\/eticacomunica.com.mx\/#organization","name":"Diarios Digitales de Sinaloa","url":"https:\/\/eticacomunica.com.mx\/","logo":{"@type":"ImageObject","inLanguage":"es","@id":"https:\/\/eticacomunica.com.mx\/#\/schema\/logo\/image\/","url":"https:\/\/eticacomunica.com.mx\/wp-content\/uploads\/2023\/10\/etica-logo.png","contentUrl":"https:\/\/eticacomunica.com.mx\/wp-content\/uploads\/2023\/10\/etica-logo.png","width":1280,"height":432,"caption":"Diarios Digitales de Sinaloa"},"image":{"@id":"https:\/\/eticacomunica.com.mx\/#\/schema\/logo\/image\/"},"sameAs":["https:\/\/www.facebook.com\/eticacomunica"]},{"@type":"Person","@id":"https:\/\/eticacomunica.com.mx\/#\/schema\/person\/2cacc47bd17fe8ad92f08c0313d22fa6","name":"etica","image":{"@type":"ImageObject","inLanguage":"es","@id":"https:\/\/secure.gravatar.com\/avatar\/dfb45d32bc7097f8f06d6e4f6e6b387e7cb8fd5b3a2869265c40587ab62cab1e?s=96&d=mm&r=g","url":"https:\/\/secure.gravatar.com\/avatar\/dfb45d32bc7097f8f06d6e4f6e6b387e7cb8fd5b3a2869265c40587ab62cab1e?s=96&d=mm&r=g","contentUrl":"https:\/\/secure.gravatar.com\/avatar\/dfb45d32bc7097f8f06d6e4f6e6b387e7cb8fd5b3a2869265c40587ab62cab1e?s=96&d=mm&r=g","caption":"etica"},"sameAs":["https:\/\/eticacomunica.com.mx"],"url":"https:\/\/eticacomunica.com.mx\/?author=1"}]}},"jetpack_publicize_connections":[],"jetpack_featured_media_url":"https:\/\/eticacomunica.com.mx\/wp-content\/uploads\/2026\/01\/IMG-20260120-WA0076.jpg","jetpack_sharing_enabled":true,"_links":{"self":[{"href":"https:\/\/eticacomunica.com.mx\/index.php?rest_route=\/wp\/v2\/posts\/31080","targetHints":{"allow":["GET"]}}],"collection":[{"href":"https:\/\/eticacomunica.com.mx\/index.php?rest_route=\/wp\/v2\/posts"}],"about":[{"href":"https:\/\/eticacomunica.com.mx\/index.php?rest_route=\/wp\/v2\/types\/post"}],"author":[{"embeddable":true,"href":"https:\/\/eticacomunica.com.mx\/index.php?rest_route=\/wp\/v2\/users\/1"}],"replies":[{"embeddable":true,"href":"https:\/\/eticacomunica.com.mx\/index.php?rest_route=%2Fwp%2Fv2%2Fcomments&post=31080"}],"version-history":[{"count":0,"href":"https:\/\/eticacomunica.com.mx\/index.php?rest_route=\/wp\/v2\/posts\/31080\/revisions"}],"wp:featuredmedia":[{"embeddable":true,"href":"https:\/\/eticacomunica.com.mx\/index.php?rest_route=\/wp\/v2\/media\/31079"}],"wp:attachment":[{"href":"https:\/\/eticacomunica.com.mx\/index.php?rest_route=%2Fwp%2Fv2%2Fmedia&parent=31080"}],"wp:term":[{"taxonomy":"category","embeddable":true,"href":"https:\/\/eticacomunica.com.mx\/index.php?rest_route=%2Fwp%2Fv2%2Fcategories&post=31080"},{"taxonomy":"post_tag","embeddable":true,"href":"https:\/\/eticacomunica.com.mx\/index.php?rest_route=%2Fwp%2Fv2%2Ftags&post=31080"}],"curies":[{"name":"wp","href":"https:\/\/api.w.org\/{rel}","templated":true}]}}