{"id":31086,"date":"2026-01-21T08:38:44","date_gmt":"2026-01-21T15:38:44","guid":{"rendered":"https:\/\/eticacomunica.com.mx\/?p=31086"},"modified":"2026-01-21T08:39:35","modified_gmt":"2026-01-21T15:39:35","slug":"la-facultad-de-ciencias-quimico-biologicas-de-la-uas-convoca-al-doctorado-en-ciencias-en-biotecnologia-2026-un-posgrado-con-20-anos-de-excelencia","status":"publish","type":"post","link":"https:\/\/eticacomunica.com.mx\/?p=31086","title":{"rendered":"La Facultad de Ciencias Qu\u00edmico Biol\u00f3gicas de la UAS convoca al Doctorado en Ciencias en Biotecnolog\u00eda 2026, un posgrado con 20 a\u00f1os de excelencia"},"content":{"rendered":"\n<p>Con el prop\u00f3sito de formar investigadores con alto nivel cient\u00edfico, tecnol\u00f3gico y human\u00edstico, capaces de crear, innovar y aplicar los conocimientos en el campo de la Biotecnolog\u00eda, fundamentalmente en las \u00e1reas agroalimentaria, salud y medio ambiente, la Facultad de Ciencias Qu\u00edmico-Biol\u00f3gicas (FCQB) de la Universidad Aut\u00f3noma de Sinaloa (UAS) est\u00e1 convocando a la edici\u00f3n 2026 del Doctorado en Ciencias en Biotecnolog\u00eda, destac\u00f3 la doctora Edith Oliva Cuevas Rodr\u00edguez.<br><br>\u201cLa pertinencia radica fuertemente en todas las \u00e1reas que hay importantes aqu\u00ed en el Estado, desarrollar especialistas en el \u00e1rea de ciencias que puedan ayudar en el desarrollo del Estado y de toda la regi\u00f3n\u201d, afirm\u00f3.<br><br>La coordinadora de este doctorado el cual tiene ya una tradici\u00f3n de 20 a\u00f1os y ha mantenido su permanencia, evaluaci\u00f3n tras evaluaci\u00f3n, dentro del Sistema Nacional de Posgrados (SNP), mencion\u00f3 que el inicio de clases se ha programado para el 2 de marzo, por lo que en el mes de febrero se estar\u00e1 realizando todo lo que concierne al proceso de admisi\u00f3n, por lo que se convoca a egresados de maestr\u00edas a \u00e1reas afines al posgrado se inscriban.<br><br>\u201cTodos los aceptados al programa tienen la posibilidad de obtener una beca de la Secretar\u00eda de Ciencia, Humanidades, Tecnolog\u00eda e Innovaci\u00f3n del pa\u00eds. Cabe destacar que ahorita acabamos de ser evaluados y nuevamente el programa entra al Programa Nacional de Posgrados\u201d, apunt\u00f3.<br><br>As\u00ed mismo la docente e investigadora manifest\u00f3 que los requisitos que se piden para poder ser parte de este Doctorado son: ser graduado de un \u00e1rea af\u00edn, tener una Maestr\u00eda en un \u00e1rea similar, obtener al menos 500 puntos del TOEFL, aprobar una entrevista, hacer una presentaci\u00f3n del proyecto que desarrollar\u00e1n con alguno de los investigadores que pertenecen al n\u00facleo b\u00e1sico del programa.<br><br>Cabe mencionar que todos los interesados en ser parte del Doctorado deben ingresar al correo electr\u00f3nico posgradobiotecnologia@uas.edu.mx para realizar los tr\u00e1mites correspondientes.<\/p>\n","protected":false},"excerpt":{"rendered":"<p>Con el prop\u00f3sito de formar investigadores con alto nivel cient\u00edfico, tecnol\u00f3gico y human\u00edstico, capaces de crear, innovar y aplicar los conocimientos en el campo de la Biotecnolog\u00eda, fundamentalmente en las&hellip;<\/p>\n","protected":false},"author":1,"featured_media":31085,"comment_status":"open","ping_status":"open","sticky":false,"template":"","format":"standard","meta":{"_jetpack_memberships_contains_paid_content":false,"footnotes":"","jetpack_publicize_message":"","jetpack_publicize_feature_enabled":true,"jetpack_social_post_already_shared":true,"jetpack_social_options":{"image_generator_settings":{"template":"highway","default_image_id":0,"font":"","enabled":false},"version":2}},"categories":[40],"tags":[41],"class_list":["post-31086","post","type-post","status-publish","format-standard","has-post-thumbnail","hentry","category-educacion","tag-uas"],"yoast_head":"<!-- This site is optimized with the Yoast SEO plugin v27.2 - https:\/\/yoast.com\/product\/yoast-seo-wordpress\/ -->\n<title>La Facultad de Ciencias Qu\u00edmico Biol\u00f3gicas de la UAS convoca al Doctorado en Ciencias en Biotecnolog\u00eda 2026, un posgrado con 20 a\u00f1os de excelencia - \u00c9tica Comunica<\/title>\n<meta name=\"robots\" content=\"index, follow, max-snippet:-1, max-image-preview:large, max-video-preview:-1\" \/>\n<link rel=\"canonical\" href=\"https:\/\/eticacomunica.com.mx\/?p=31086\" \/>\n<meta property=\"og:locale\" content=\"es_MX\" \/>\n<meta property=\"og:type\" content=\"article\" \/>\n<meta property=\"og:title\" content=\"La Facultad de Ciencias Qu\u00edmico Biol\u00f3gicas de la UAS convoca al Doctorado en Ciencias en Biotecnolog\u00eda 2026, un posgrado con 20 a\u00f1os de excelencia - \u00c9tica Comunica\" \/>\n<meta property=\"og:description\" content=\"Con el prop\u00f3sito de formar investigadores con alto nivel cient\u00edfico, tecnol\u00f3gico y human\u00edstico, capaces de crear, innovar y aplicar los conocimientos en el campo de la Biotecnolog\u00eda, fundamentalmente en las&hellip;\" \/>\n<meta property=\"og:url\" content=\"https:\/\/eticacomunica.com.mx\/?p=31086\" \/>\n<meta property=\"og:site_name\" content=\"\u00c9tica Comunica\" \/>\n<meta property=\"article:publisher\" content=\"https:\/\/www.facebook.com\/eticacomunica\" \/>\n<meta property=\"article:published_time\" content=\"2026-01-21T15:38:44+00:00\" \/>\n<meta property=\"article:modified_time\" content=\"2026-01-21T15:39:35+00:00\" \/>\n<meta property=\"og:image\" content=\"https:\/\/eticacomunica.com.mx\/wp-content\/uploads\/2026\/01\/IMG-20260121-WA0008.jpg\" \/>\n\t<meta property=\"og:image:width\" content=\"1500\" \/>\n\t<meta property=\"og:image:height\" content=\"1000\" \/>\n\t<meta property=\"og:image:type\" content=\"image\/jpeg\" \/>\n<meta name=\"author\" content=\"etica\" \/>\n<meta name=\"twitter:card\" content=\"summary_large_image\" \/>\n<meta name=\"twitter:label1\" content=\"Escrito por\" \/>\n\t<meta name=\"twitter:data1\" content=\"etica\" \/>\n\t<meta name=\"twitter:label2\" content=\"Tiempo de lectura\" \/>\n\t<meta name=\"twitter:data2\" content=\"2 minutos\" \/>\n<script type=\"application\/ld+json\" class=\"yoast-schema-graph\">{\"@context\":\"https:\/\/schema.org\",\"@graph\":[{\"@type\":\"Article\",\"@id\":\"https:\/\/eticacomunica.com.mx\/?p=31086#article\",\"isPartOf\":{\"@id\":\"https:\/\/eticacomunica.com.mx\/?p=31086\"},\"author\":{\"name\":\"etica\",\"@id\":\"https:\/\/eticacomunica.com.mx\/#\/schema\/person\/2cacc47bd17fe8ad92f08c0313d22fa6\"},\"headline\":\"La Facultad de Ciencias Qu\u00edmico Biol\u00f3gicas de la UAS convoca al Doctorado en Ciencias en Biotecnolog\u00eda 2026, un posgrado con 20 a\u00f1os de excelencia\",\"datePublished\":\"2026-01-21T15:38:44+00:00\",\"dateModified\":\"2026-01-21T15:39:35+00:00\",\"mainEntityOfPage\":{\"@id\":\"https:\/\/eticacomunica.com.mx\/?p=31086\"},\"wordCount\":364,\"commentCount\":0,\"publisher\":{\"@id\":\"https:\/\/eticacomunica.com.mx\/#organization\"},\"image\":{\"@id\":\"https:\/\/eticacomunica.com.mx\/?p=31086#primaryimage\"},\"thumbnailUrl\":\"https:\/\/eticacomunica.com.mx\/wp-content\/uploads\/2026\/01\/IMG-20260121-WA0008.jpg\",\"keywords\":[\"UAS\"],\"articleSection\":[\"Educaci\u00f3n\"],\"inLanguage\":\"es\",\"potentialAction\":[{\"@type\":\"CommentAction\",\"name\":\"Comment\",\"target\":[\"https:\/\/eticacomunica.com.mx\/?p=31086#respond\"]}]},{\"@type\":\"WebPage\",\"@id\":\"https:\/\/eticacomunica.com.mx\/?p=31086\",\"url\":\"https:\/\/eticacomunica.com.mx\/?p=31086\",\"name\":\"La Facultad de Ciencias Qu\u00edmico Biol\u00f3gicas de la UAS convoca al Doctorado en Ciencias en Biotecnolog\u00eda 2026, un posgrado con 20 a\u00f1os de excelencia - \u00c9tica Comunica\",\"isPartOf\":{\"@id\":\"https:\/\/eticacomunica.com.mx\/#website\"},\"primaryImageOfPage\":{\"@id\":\"https:\/\/eticacomunica.com.mx\/?p=31086#primaryimage\"},\"image\":{\"@id\":\"https:\/\/eticacomunica.com.mx\/?p=31086#primaryimage\"},\"thumbnailUrl\":\"https:\/\/eticacomunica.com.mx\/wp-content\/uploads\/2026\/01\/IMG-20260121-WA0008.jpg\",\"datePublished\":\"2026-01-21T15:38:44+00:00\",\"dateModified\":\"2026-01-21T15:39:35+00:00\",\"breadcrumb\":{\"@id\":\"https:\/\/eticacomunica.com.mx\/?p=31086#breadcrumb\"},\"inLanguage\":\"es\",\"potentialAction\":[{\"@type\":\"ReadAction\",\"target\":[\"https:\/\/eticacomunica.com.mx\/?p=31086\"]}]},{\"@type\":\"ImageObject\",\"inLanguage\":\"es\",\"@id\":\"https:\/\/eticacomunica.com.mx\/?p=31086#primaryimage\",\"url\":\"https:\/\/eticacomunica.com.mx\/wp-content\/uploads\/2026\/01\/IMG-20260121-WA0008.jpg\",\"contentUrl\":\"https:\/\/eticacomunica.com.mx\/wp-content\/uploads\/2026\/01\/IMG-20260121-WA0008.jpg\",\"width\":1500,\"height\":1000},{\"@type\":\"BreadcrumbList\",\"@id\":\"https:\/\/eticacomunica.com.mx\/?p=31086#breadcrumb\",\"itemListElement\":[{\"@type\":\"ListItem\",\"position\":1,\"name\":\"Inicio\",\"item\":\"https:\/\/eticacomunica.com.mx\/\"},{\"@type\":\"ListItem\",\"position\":2,\"name\":\"La Facultad de Ciencias Qu\u00edmico Biol\u00f3gicas de la UAS convoca al Doctorado en Ciencias en Biotecnolog\u00eda 2026, un posgrado con 20 a\u00f1os de excelencia\"}]},{\"@type\":\"WebSite\",\"@id\":\"https:\/\/eticacomunica.com.mx\/#website\",\"url\":\"https:\/\/eticacomunica.com.mx\/\",\"name\":\"\u00c9tica Comunica\",\"description\":\"Diario Digital\",\"publisher\":{\"@id\":\"https:\/\/eticacomunica.com.mx\/#organization\"},\"potentialAction\":[{\"@type\":\"SearchAction\",\"target\":{\"@type\":\"EntryPoint\",\"urlTemplate\":\"https:\/\/eticacomunica.com.mx\/?s={search_term_string}\"},\"query-input\":{\"@type\":\"PropertyValueSpecification\",\"valueRequired\":true,\"valueName\":\"search_term_string\"}}],\"inLanguage\":\"es\"},{\"@type\":\"Organization\",\"@id\":\"https:\/\/eticacomunica.com.mx\/#organization\",\"name\":\"Diarios Digitales de Sinaloa\",\"url\":\"https:\/\/eticacomunica.com.mx\/\",\"logo\":{\"@type\":\"ImageObject\",\"inLanguage\":\"es\",\"@id\":\"https:\/\/eticacomunica.com.mx\/#\/schema\/logo\/image\/\",\"url\":\"https:\/\/eticacomunica.com.mx\/wp-content\/uploads\/2023\/10\/etica-logo.png\",\"contentUrl\":\"https:\/\/eticacomunica.com.mx\/wp-content\/uploads\/2023\/10\/etica-logo.png\",\"width\":1280,\"height\":432,\"caption\":\"Diarios Digitales de Sinaloa\"},\"image\":{\"@id\":\"https:\/\/eticacomunica.com.mx\/#\/schema\/logo\/image\/\"},\"sameAs\":[\"https:\/\/www.facebook.com\/eticacomunica\"]},{\"@type\":\"Person\",\"@id\":\"https:\/\/eticacomunica.com.mx\/#\/schema\/person\/2cacc47bd17fe8ad92f08c0313d22fa6\",\"name\":\"etica\",\"image\":{\"@type\":\"ImageObject\",\"inLanguage\":\"es\",\"@id\":\"https:\/\/secure.gravatar.com\/avatar\/dfb45d32bc7097f8f06d6e4f6e6b387e7cb8fd5b3a2869265c40587ab62cab1e?s=96&d=mm&r=g\",\"url\":\"https:\/\/secure.gravatar.com\/avatar\/dfb45d32bc7097f8f06d6e4f6e6b387e7cb8fd5b3a2869265c40587ab62cab1e?s=96&d=mm&r=g\",\"contentUrl\":\"https:\/\/secure.gravatar.com\/avatar\/dfb45d32bc7097f8f06d6e4f6e6b387e7cb8fd5b3a2869265c40587ab62cab1e?s=96&d=mm&r=g\",\"caption\":\"etica\"},\"sameAs\":[\"https:\/\/eticacomunica.com.mx\"],\"url\":\"https:\/\/eticacomunica.com.mx\/?author=1\"}]}<\/script>\n<!-- \/ Yoast SEO plugin. -->","yoast_head_json":{"title":"La Facultad de Ciencias Qu\u00edmico Biol\u00f3gicas de la UAS convoca al Doctorado en Ciencias en Biotecnolog\u00eda 2026, un posgrado con 20 a\u00f1os de excelencia - \u00c9tica Comunica","robots":{"index":"index","follow":"follow","max-snippet":"max-snippet:-1","max-image-preview":"max-image-preview:large","max-video-preview":"max-video-preview:-1"},"canonical":"https:\/\/eticacomunica.com.mx\/?p=31086","og_locale":"es_MX","og_type":"article","og_title":"La Facultad de Ciencias Qu\u00edmico Biol\u00f3gicas de la UAS convoca al Doctorado en Ciencias en Biotecnolog\u00eda 2026, un posgrado con 20 a\u00f1os de excelencia - \u00c9tica Comunica","og_description":"Con el prop\u00f3sito de formar investigadores con alto nivel cient\u00edfico, tecnol\u00f3gico y human\u00edstico, capaces de crear, innovar y aplicar los conocimientos en el campo de la Biotecnolog\u00eda, fundamentalmente en las&hellip;","og_url":"https:\/\/eticacomunica.com.mx\/?p=31086","og_site_name":"\u00c9tica Comunica","article_publisher":"https:\/\/www.facebook.com\/eticacomunica","article_published_time":"2026-01-21T15:38:44+00:00","article_modified_time":"2026-01-21T15:39:35+00:00","og_image":[{"width":1500,"height":1000,"url":"https:\/\/eticacomunica.com.mx\/wp-content\/uploads\/2026\/01\/IMG-20260121-WA0008.jpg","type":"image\/jpeg"}],"author":"etica","twitter_card":"summary_large_image","twitter_misc":{"Escrito por":"etica","Tiempo de lectura":"2 minutos"},"schema":{"@context":"https:\/\/schema.org","@graph":[{"@type":"Article","@id":"https:\/\/eticacomunica.com.mx\/?p=31086#article","isPartOf":{"@id":"https:\/\/eticacomunica.com.mx\/?p=31086"},"author":{"name":"etica","@id":"https:\/\/eticacomunica.com.mx\/#\/schema\/person\/2cacc47bd17fe8ad92f08c0313d22fa6"},"headline":"La Facultad de Ciencias Qu\u00edmico Biol\u00f3gicas de la UAS convoca al Doctorado en Ciencias en Biotecnolog\u00eda 2026, un posgrado con 20 a\u00f1os de excelencia","datePublished":"2026-01-21T15:38:44+00:00","dateModified":"2026-01-21T15:39:35+00:00","mainEntityOfPage":{"@id":"https:\/\/eticacomunica.com.mx\/?p=31086"},"wordCount":364,"commentCount":0,"publisher":{"@id":"https:\/\/eticacomunica.com.mx\/#organization"},"image":{"@id":"https:\/\/eticacomunica.com.mx\/?p=31086#primaryimage"},"thumbnailUrl":"https:\/\/eticacomunica.com.mx\/wp-content\/uploads\/2026\/01\/IMG-20260121-WA0008.jpg","keywords":["UAS"],"articleSection":["Educaci\u00f3n"],"inLanguage":"es","potentialAction":[{"@type":"CommentAction","name":"Comment","target":["https:\/\/eticacomunica.com.mx\/?p=31086#respond"]}]},{"@type":"WebPage","@id":"https:\/\/eticacomunica.com.mx\/?p=31086","url":"https:\/\/eticacomunica.com.mx\/?p=31086","name":"La Facultad de Ciencias Qu\u00edmico Biol\u00f3gicas de la UAS convoca al Doctorado en Ciencias en Biotecnolog\u00eda 2026, un posgrado con 20 a\u00f1os de excelencia - \u00c9tica Comunica","isPartOf":{"@id":"https:\/\/eticacomunica.com.mx\/#website"},"primaryImageOfPage":{"@id":"https:\/\/eticacomunica.com.mx\/?p=31086#primaryimage"},"image":{"@id":"https:\/\/eticacomunica.com.mx\/?p=31086#primaryimage"},"thumbnailUrl":"https:\/\/eticacomunica.com.mx\/wp-content\/uploads\/2026\/01\/IMG-20260121-WA0008.jpg","datePublished":"2026-01-21T15:38:44+00:00","dateModified":"2026-01-21T15:39:35+00:00","breadcrumb":{"@id":"https:\/\/eticacomunica.com.mx\/?p=31086#breadcrumb"},"inLanguage":"es","potentialAction":[{"@type":"ReadAction","target":["https:\/\/eticacomunica.com.mx\/?p=31086"]}]},{"@type":"ImageObject","inLanguage":"es","@id":"https:\/\/eticacomunica.com.mx\/?p=31086#primaryimage","url":"https:\/\/eticacomunica.com.mx\/wp-content\/uploads\/2026\/01\/IMG-20260121-WA0008.jpg","contentUrl":"https:\/\/eticacomunica.com.mx\/wp-content\/uploads\/2026\/01\/IMG-20260121-WA0008.jpg","width":1500,"height":1000},{"@type":"BreadcrumbList","@id":"https:\/\/eticacomunica.com.mx\/?p=31086#breadcrumb","itemListElement":[{"@type":"ListItem","position":1,"name":"Inicio","item":"https:\/\/eticacomunica.com.mx\/"},{"@type":"ListItem","position":2,"name":"La Facultad de Ciencias Qu\u00edmico Biol\u00f3gicas de la UAS convoca al Doctorado en Ciencias en Biotecnolog\u00eda 2026, un posgrado con 20 a\u00f1os de excelencia"}]},{"@type":"WebSite","@id":"https:\/\/eticacomunica.com.mx\/#website","url":"https:\/\/eticacomunica.com.mx\/","name":"\u00c9tica Comunica","description":"Diario Digital","publisher":{"@id":"https:\/\/eticacomunica.com.mx\/#organization"},"potentialAction":[{"@type":"SearchAction","target":{"@type":"EntryPoint","urlTemplate":"https:\/\/eticacomunica.com.mx\/?s={search_term_string}"},"query-input":{"@type":"PropertyValueSpecification","valueRequired":true,"valueName":"search_term_string"}}],"inLanguage":"es"},{"@type":"Organization","@id":"https:\/\/eticacomunica.com.mx\/#organization","name":"Diarios Digitales de Sinaloa","url":"https:\/\/eticacomunica.com.mx\/","logo":{"@type":"ImageObject","inLanguage":"es","@id":"https:\/\/eticacomunica.com.mx\/#\/schema\/logo\/image\/","url":"https:\/\/eticacomunica.com.mx\/wp-content\/uploads\/2023\/10\/etica-logo.png","contentUrl":"https:\/\/eticacomunica.com.mx\/wp-content\/uploads\/2023\/10\/etica-logo.png","width":1280,"height":432,"caption":"Diarios Digitales de Sinaloa"},"image":{"@id":"https:\/\/eticacomunica.com.mx\/#\/schema\/logo\/image\/"},"sameAs":["https:\/\/www.facebook.com\/eticacomunica"]},{"@type":"Person","@id":"https:\/\/eticacomunica.com.mx\/#\/schema\/person\/2cacc47bd17fe8ad92f08c0313d22fa6","name":"etica","image":{"@type":"ImageObject","inLanguage":"es","@id":"https:\/\/secure.gravatar.com\/avatar\/dfb45d32bc7097f8f06d6e4f6e6b387e7cb8fd5b3a2869265c40587ab62cab1e?s=96&d=mm&r=g","url":"https:\/\/secure.gravatar.com\/avatar\/dfb45d32bc7097f8f06d6e4f6e6b387e7cb8fd5b3a2869265c40587ab62cab1e?s=96&d=mm&r=g","contentUrl":"https:\/\/secure.gravatar.com\/avatar\/dfb45d32bc7097f8f06d6e4f6e6b387e7cb8fd5b3a2869265c40587ab62cab1e?s=96&d=mm&r=g","caption":"etica"},"sameAs":["https:\/\/eticacomunica.com.mx"],"url":"https:\/\/eticacomunica.com.mx\/?author=1"}]}},"jetpack_publicize_connections":[],"jetpack_featured_media_url":"https:\/\/eticacomunica.com.mx\/wp-content\/uploads\/2026\/01\/IMG-20260121-WA0008.jpg","jetpack_sharing_enabled":true,"_links":{"self":[{"href":"https:\/\/eticacomunica.com.mx\/index.php?rest_route=\/wp\/v2\/posts\/31086","targetHints":{"allow":["GET"]}}],"collection":[{"href":"https:\/\/eticacomunica.com.mx\/index.php?rest_route=\/wp\/v2\/posts"}],"about":[{"href":"https:\/\/eticacomunica.com.mx\/index.php?rest_route=\/wp\/v2\/types\/post"}],"author":[{"embeddable":true,"href":"https:\/\/eticacomunica.com.mx\/index.php?rest_route=\/wp\/v2\/users\/1"}],"replies":[{"embeddable":true,"href":"https:\/\/eticacomunica.com.mx\/index.php?rest_route=%2Fwp%2Fv2%2Fcomments&post=31086"}],"version-history":[{"count":1,"href":"https:\/\/eticacomunica.com.mx\/index.php?rest_route=\/wp\/v2\/posts\/31086\/revisions"}],"predecessor-version":[{"id":31087,"href":"https:\/\/eticacomunica.com.mx\/index.php?rest_route=\/wp\/v2\/posts\/31086\/revisions\/31087"}],"wp:featuredmedia":[{"embeddable":true,"href":"https:\/\/eticacomunica.com.mx\/index.php?rest_route=\/wp\/v2\/media\/31085"}],"wp:attachment":[{"href":"https:\/\/eticacomunica.com.mx\/index.php?rest_route=%2Fwp%2Fv2%2Fmedia&parent=31086"}],"wp:term":[{"taxonomy":"category","embeddable":true,"href":"https:\/\/eticacomunica.com.mx\/index.php?rest_route=%2Fwp%2Fv2%2Fcategories&post=31086"},{"taxonomy":"post_tag","embeddable":true,"href":"https:\/\/eticacomunica.com.mx\/index.php?rest_route=%2Fwp%2Fv2%2Ftags&post=31086"}],"curies":[{"name":"wp","href":"https:\/\/api.w.org\/{rel}","templated":true}]}}