{"id":31093,"date":"2026-01-21T12:52:52","date_gmt":"2026-01-21T19:52:52","guid":{"rendered":"https:\/\/eticacomunica.com.mx\/?p=31093"},"modified":"2026-01-21T12:52:52","modified_gmt":"2026-01-21T19:52:52","slug":"arranca-sinaloa-su-participacion-en-fitur-2026","status":"publish","type":"post","link":"https:\/\/eticacomunica.com.mx\/?p=31093","title":{"rendered":"Arranca Sinaloa su participaci\u00f3n en FITUR 2026"},"content":{"rendered":"\n<p>La secretaria de Turismo estatal, Mireya Sosa Osuna, sostuvo reuniones con diversos socios comerciales en busca de fortalecer la conectividad, la promoci\u00f3n y la inversi\u00f3n para seguir impulsando el desarrollo tur\u00edstico de la entidad.<br><br><br>Madrid, Espa\u00f1a, 21 de enero de 2026.- El estado de Sinaloa arranc\u00f3 su participaci\u00f3n en FITUR 2026, una de las plataformas tur\u00edsticas m\u00e1s importantes del mundo, donde M\u00e9xico es el socio invitado.<br>La secretaria de Turismo estatal, Mireya Sosa Osuna, encabez\u00f3 las actividades en el stand de Sinaloa, donde sostuvo reuniones con diversos socios comerciales en busca de fortalecer la conectividad, la promoci\u00f3n y la inversi\u00f3n para seguir impulsando el desarrollo tur\u00edstico de la entidad.<br>Dentro de la agenda, se realiz\u00f3 una firma de colaboraci\u00f3n con San Luis Potos\u00ed con el fin de impulsar la promoci\u00f3n tur\u00edstica y el intercambio de buenas pr\u00e1cticas en materia de turismo, a trav\u00e9s del desarrollo de estrategias conjuntas que fortalezcan el posicionamiento de ambos destinos.<br>Estuvieron presentes la secretaria de Turismo de San Luis Potos\u00ed, Yolanda Josefina Cepeda y el secretario General de Gobierno, Jos\u00e9 Guadalupe Torres S\u00e1nchez.<br>Sosa Osuna sostuvo tambi\u00e9n una reuni\u00f3n con Volaris con el objetivo de fortalecer la conectividad a\u00e9rea en la entidad.<br>\u201cCon Volaris tuvimos una muy buena reuni\u00f3n, donde reafirmamos el compromiso del nuevo vuelo Mazatl\u00e1n-Guadalajara, y bueno con esto ya estamos conectados con las tres sedes mundialistas (CDMX, Monterrey y Guadalajara), acordamos seguir trabajando en conjunto para incrementar la conectividad en el estado\u201d, apunt\u00f3.<br>En el primer d\u00eda de actividades, la funcionaria estatal dio entrevistas a medios de comunicaci\u00f3n mexicanos y espa\u00f1oles, como El Heraldo TV, Grupo F\u00f3rmula, donde promocion\u00f3 el Carnaval de Mazatl\u00e1n 2026 y la ruta Del Mar a la Monta\u00f1a, en la que participan los municipios de Mazatl\u00e1n y Los Mochis.<br>Para finalizar, se llev\u00f3 a cabo una reuni\u00f3n con el grupo hotelero Barcel\u00f3, con el objetivo de atraer nuevas inversiones a la entidad.<br>De esta forma, con el impulso del gobernador Rub\u00e9n Rocha Moya, Sinaloa se suma al esfuerzo nacional que se hace desde Sectur M\u00e9xico, para fortalecer la promoci\u00f3n de los destinos, generar v\u00ednculos estrat\u00e9gicos y consolidar al pa\u00eds como referente global en turismo.<br>La inauguraci\u00f3n del Pabell\u00f3n de M\u00e9xico fue presidida por Josefina Rodr\u00edguez Zamora, secretaria de Turismo del Gobierno de M\u00e9xico.<br>En FITUR 2026, los 32 estados de la Rep\u00fablica se dan cita para mostrar la diversidad de destinos, tradiciones y experiencias que hacen de M\u00e9xico un referente global.<br>El Pabell\u00f3n M\u00e9xico se convierte en FITUR en un punto de encuentro donde convergen cultura, artesan\u00eda, gastronom\u00eda y creatividad, dentro y fuera del recinto ferial.<\/p>\n","protected":false},"excerpt":{"rendered":"<p>La secretaria de Turismo estatal, Mireya Sosa Osuna, sostuvo reuniones con diversos socios comerciales en busca de fortalecer la conectividad, la promoci\u00f3n y la inversi\u00f3n para seguir impulsando el desarrollo&hellip;<\/p>\n","protected":false},"author":1,"featured_media":31092,"comment_status":"open","ping_status":"open","sticky":false,"template":"","format":"standard","meta":{"_jetpack_memberships_contains_paid_content":false,"footnotes":"","jetpack_publicize_message":"","jetpack_publicize_feature_enabled":true,"jetpack_social_post_already_shared":true,"jetpack_social_options":{"image_generator_settings":{"template":"highway","default_image_id":0,"font":"","enabled":false},"version":2}},"categories":[52],"tags":[],"class_list":["post-31093","post","type-post","status-publish","format-standard","has-post-thumbnail","hentry","category-subportada"],"yoast_head":"<!-- This site is optimized with the Yoast SEO plugin v27.2 - https:\/\/yoast.com\/product\/yoast-seo-wordpress\/ -->\n<title>Arranca Sinaloa su participaci\u00f3n en FITUR 2026 - \u00c9tica Comunica<\/title>\n<meta name=\"robots\" content=\"index, follow, max-snippet:-1, max-image-preview:large, max-video-preview:-1\" \/>\n<link rel=\"canonical\" href=\"https:\/\/eticacomunica.com.mx\/?p=31093\" \/>\n<meta property=\"og:locale\" content=\"es_MX\" \/>\n<meta property=\"og:type\" content=\"article\" \/>\n<meta property=\"og:title\" content=\"Arranca Sinaloa su participaci\u00f3n en FITUR 2026 - \u00c9tica Comunica\" \/>\n<meta property=\"og:description\" content=\"La secretaria de Turismo estatal, Mireya Sosa Osuna, sostuvo reuniones con diversos socios comerciales en busca de fortalecer la conectividad, la promoci\u00f3n y la inversi\u00f3n para seguir impulsando el desarrollo&hellip;\" \/>\n<meta property=\"og:url\" content=\"https:\/\/eticacomunica.com.mx\/?p=31093\" \/>\n<meta property=\"og:site_name\" content=\"\u00c9tica Comunica\" \/>\n<meta property=\"article:publisher\" content=\"https:\/\/www.facebook.com\/eticacomunica\" \/>\n<meta property=\"article:published_time\" content=\"2026-01-21T19:52:52+00:00\" \/>\n<meta property=\"og:image\" content=\"https:\/\/eticacomunica.com.mx\/wp-content\/uploads\/2026\/01\/IMG-20260121-WA0005.jpg\" \/>\n\t<meta property=\"og:image:width\" content=\"1600\" \/>\n\t<meta property=\"og:image:height\" content=\"1199\" \/>\n\t<meta property=\"og:image:type\" content=\"image\/jpeg\" \/>\n<meta name=\"author\" content=\"etica\" \/>\n<meta name=\"twitter:card\" content=\"summary_large_image\" \/>\n<meta name=\"twitter:label1\" content=\"Escrito por\" \/>\n\t<meta name=\"twitter:data1\" content=\"etica\" \/>\n\t<meta name=\"twitter:label2\" content=\"Tiempo de lectura\" \/>\n\t<meta name=\"twitter:data2\" content=\"2 minutos\" \/>\n<script type=\"application\/ld+json\" class=\"yoast-schema-graph\">{\"@context\":\"https:\/\/schema.org\",\"@graph\":[{\"@type\":\"Article\",\"@id\":\"https:\/\/eticacomunica.com.mx\/?p=31093#article\",\"isPartOf\":{\"@id\":\"https:\/\/eticacomunica.com.mx\/?p=31093\"},\"author\":{\"name\":\"etica\",\"@id\":\"https:\/\/eticacomunica.com.mx\/#\/schema\/person\/2cacc47bd17fe8ad92f08c0313d22fa6\"},\"headline\":\"Arranca Sinaloa su participaci\u00f3n en FITUR 2026\",\"datePublished\":\"2026-01-21T19:52:52+00:00\",\"mainEntityOfPage\":{\"@id\":\"https:\/\/eticacomunica.com.mx\/?p=31093\"},\"wordCount\":477,\"commentCount\":0,\"publisher\":{\"@id\":\"https:\/\/eticacomunica.com.mx\/#organization\"},\"image\":{\"@id\":\"https:\/\/eticacomunica.com.mx\/?p=31093#primaryimage\"},\"thumbnailUrl\":\"https:\/\/eticacomunica.com.mx\/wp-content\/uploads\/2026\/01\/IMG-20260121-WA0005.jpg\",\"articleSection\":[\"Subportada\"],\"inLanguage\":\"es\",\"potentialAction\":[{\"@type\":\"CommentAction\",\"name\":\"Comment\",\"target\":[\"https:\/\/eticacomunica.com.mx\/?p=31093#respond\"]}]},{\"@type\":\"WebPage\",\"@id\":\"https:\/\/eticacomunica.com.mx\/?p=31093\",\"url\":\"https:\/\/eticacomunica.com.mx\/?p=31093\",\"name\":\"Arranca Sinaloa su participaci\u00f3n en FITUR 2026 - \u00c9tica Comunica\",\"isPartOf\":{\"@id\":\"https:\/\/eticacomunica.com.mx\/#website\"},\"primaryImageOfPage\":{\"@id\":\"https:\/\/eticacomunica.com.mx\/?p=31093#primaryimage\"},\"image\":{\"@id\":\"https:\/\/eticacomunica.com.mx\/?p=31093#primaryimage\"},\"thumbnailUrl\":\"https:\/\/eticacomunica.com.mx\/wp-content\/uploads\/2026\/01\/IMG-20260121-WA0005.jpg\",\"datePublished\":\"2026-01-21T19:52:52+00:00\",\"breadcrumb\":{\"@id\":\"https:\/\/eticacomunica.com.mx\/?p=31093#breadcrumb\"},\"inLanguage\":\"es\",\"potentialAction\":[{\"@type\":\"ReadAction\",\"target\":[\"https:\/\/eticacomunica.com.mx\/?p=31093\"]}]},{\"@type\":\"ImageObject\",\"inLanguage\":\"es\",\"@id\":\"https:\/\/eticacomunica.com.mx\/?p=31093#primaryimage\",\"url\":\"https:\/\/eticacomunica.com.mx\/wp-content\/uploads\/2026\/01\/IMG-20260121-WA0005.jpg\",\"contentUrl\":\"https:\/\/eticacomunica.com.mx\/wp-content\/uploads\/2026\/01\/IMG-20260121-WA0005.jpg\",\"width\":1600,\"height\":1199},{\"@type\":\"BreadcrumbList\",\"@id\":\"https:\/\/eticacomunica.com.mx\/?p=31093#breadcrumb\",\"itemListElement\":[{\"@type\":\"ListItem\",\"position\":1,\"name\":\"Inicio\",\"item\":\"https:\/\/eticacomunica.com.mx\/\"},{\"@type\":\"ListItem\",\"position\":2,\"name\":\"Arranca Sinaloa su participaci\u00f3n en FITUR 2026\"}]},{\"@type\":\"WebSite\",\"@id\":\"https:\/\/eticacomunica.com.mx\/#website\",\"url\":\"https:\/\/eticacomunica.com.mx\/\",\"name\":\"\u00c9tica Comunica\",\"description\":\"Diario Digital\",\"publisher\":{\"@id\":\"https:\/\/eticacomunica.com.mx\/#organization\"},\"potentialAction\":[{\"@type\":\"SearchAction\",\"target\":{\"@type\":\"EntryPoint\",\"urlTemplate\":\"https:\/\/eticacomunica.com.mx\/?s={search_term_string}\"},\"query-input\":{\"@type\":\"PropertyValueSpecification\",\"valueRequired\":true,\"valueName\":\"search_term_string\"}}],\"inLanguage\":\"es\"},{\"@type\":\"Organization\",\"@id\":\"https:\/\/eticacomunica.com.mx\/#organization\",\"name\":\"Diarios Digitales de Sinaloa\",\"url\":\"https:\/\/eticacomunica.com.mx\/\",\"logo\":{\"@type\":\"ImageObject\",\"inLanguage\":\"es\",\"@id\":\"https:\/\/eticacomunica.com.mx\/#\/schema\/logo\/image\/\",\"url\":\"https:\/\/eticacomunica.com.mx\/wp-content\/uploads\/2023\/10\/etica-logo.png\",\"contentUrl\":\"https:\/\/eticacomunica.com.mx\/wp-content\/uploads\/2023\/10\/etica-logo.png\",\"width\":1280,\"height\":432,\"caption\":\"Diarios Digitales de Sinaloa\"},\"image\":{\"@id\":\"https:\/\/eticacomunica.com.mx\/#\/schema\/logo\/image\/\"},\"sameAs\":[\"https:\/\/www.facebook.com\/eticacomunica\"]},{\"@type\":\"Person\",\"@id\":\"https:\/\/eticacomunica.com.mx\/#\/schema\/person\/2cacc47bd17fe8ad92f08c0313d22fa6\",\"name\":\"etica\",\"image\":{\"@type\":\"ImageObject\",\"inLanguage\":\"es\",\"@id\":\"https:\/\/secure.gravatar.com\/avatar\/dfb45d32bc7097f8f06d6e4f6e6b387e7cb8fd5b3a2869265c40587ab62cab1e?s=96&d=mm&r=g\",\"url\":\"https:\/\/secure.gravatar.com\/avatar\/dfb45d32bc7097f8f06d6e4f6e6b387e7cb8fd5b3a2869265c40587ab62cab1e?s=96&d=mm&r=g\",\"contentUrl\":\"https:\/\/secure.gravatar.com\/avatar\/dfb45d32bc7097f8f06d6e4f6e6b387e7cb8fd5b3a2869265c40587ab62cab1e?s=96&d=mm&r=g\",\"caption\":\"etica\"},\"sameAs\":[\"https:\/\/eticacomunica.com.mx\"],\"url\":\"https:\/\/eticacomunica.com.mx\/?author=1\"}]}<\/script>\n<!-- \/ Yoast SEO plugin. -->","yoast_head_json":{"title":"Arranca Sinaloa su participaci\u00f3n en FITUR 2026 - \u00c9tica Comunica","robots":{"index":"index","follow":"follow","max-snippet":"max-snippet:-1","max-image-preview":"max-image-preview:large","max-video-preview":"max-video-preview:-1"},"canonical":"https:\/\/eticacomunica.com.mx\/?p=31093","og_locale":"es_MX","og_type":"article","og_title":"Arranca Sinaloa su participaci\u00f3n en FITUR 2026 - \u00c9tica Comunica","og_description":"La secretaria de Turismo estatal, Mireya Sosa Osuna, sostuvo reuniones con diversos socios comerciales en busca de fortalecer la conectividad, la promoci\u00f3n y la inversi\u00f3n para seguir impulsando el desarrollo&hellip;","og_url":"https:\/\/eticacomunica.com.mx\/?p=31093","og_site_name":"\u00c9tica Comunica","article_publisher":"https:\/\/www.facebook.com\/eticacomunica","article_published_time":"2026-01-21T19:52:52+00:00","og_image":[{"width":1600,"height":1199,"url":"https:\/\/eticacomunica.com.mx\/wp-content\/uploads\/2026\/01\/IMG-20260121-WA0005.jpg","type":"image\/jpeg"}],"author":"etica","twitter_card":"summary_large_image","twitter_misc":{"Escrito por":"etica","Tiempo de lectura":"2 minutos"},"schema":{"@context":"https:\/\/schema.org","@graph":[{"@type":"Article","@id":"https:\/\/eticacomunica.com.mx\/?p=31093#article","isPartOf":{"@id":"https:\/\/eticacomunica.com.mx\/?p=31093"},"author":{"name":"etica","@id":"https:\/\/eticacomunica.com.mx\/#\/schema\/person\/2cacc47bd17fe8ad92f08c0313d22fa6"},"headline":"Arranca Sinaloa su participaci\u00f3n en FITUR 2026","datePublished":"2026-01-21T19:52:52+00:00","mainEntityOfPage":{"@id":"https:\/\/eticacomunica.com.mx\/?p=31093"},"wordCount":477,"commentCount":0,"publisher":{"@id":"https:\/\/eticacomunica.com.mx\/#organization"},"image":{"@id":"https:\/\/eticacomunica.com.mx\/?p=31093#primaryimage"},"thumbnailUrl":"https:\/\/eticacomunica.com.mx\/wp-content\/uploads\/2026\/01\/IMG-20260121-WA0005.jpg","articleSection":["Subportada"],"inLanguage":"es","potentialAction":[{"@type":"CommentAction","name":"Comment","target":["https:\/\/eticacomunica.com.mx\/?p=31093#respond"]}]},{"@type":"WebPage","@id":"https:\/\/eticacomunica.com.mx\/?p=31093","url":"https:\/\/eticacomunica.com.mx\/?p=31093","name":"Arranca Sinaloa su participaci\u00f3n en FITUR 2026 - \u00c9tica Comunica","isPartOf":{"@id":"https:\/\/eticacomunica.com.mx\/#website"},"primaryImageOfPage":{"@id":"https:\/\/eticacomunica.com.mx\/?p=31093#primaryimage"},"image":{"@id":"https:\/\/eticacomunica.com.mx\/?p=31093#primaryimage"},"thumbnailUrl":"https:\/\/eticacomunica.com.mx\/wp-content\/uploads\/2026\/01\/IMG-20260121-WA0005.jpg","datePublished":"2026-01-21T19:52:52+00:00","breadcrumb":{"@id":"https:\/\/eticacomunica.com.mx\/?p=31093#breadcrumb"},"inLanguage":"es","potentialAction":[{"@type":"ReadAction","target":["https:\/\/eticacomunica.com.mx\/?p=31093"]}]},{"@type":"ImageObject","inLanguage":"es","@id":"https:\/\/eticacomunica.com.mx\/?p=31093#primaryimage","url":"https:\/\/eticacomunica.com.mx\/wp-content\/uploads\/2026\/01\/IMG-20260121-WA0005.jpg","contentUrl":"https:\/\/eticacomunica.com.mx\/wp-content\/uploads\/2026\/01\/IMG-20260121-WA0005.jpg","width":1600,"height":1199},{"@type":"BreadcrumbList","@id":"https:\/\/eticacomunica.com.mx\/?p=31093#breadcrumb","itemListElement":[{"@type":"ListItem","position":1,"name":"Inicio","item":"https:\/\/eticacomunica.com.mx\/"},{"@type":"ListItem","position":2,"name":"Arranca Sinaloa su participaci\u00f3n en FITUR 2026"}]},{"@type":"WebSite","@id":"https:\/\/eticacomunica.com.mx\/#website","url":"https:\/\/eticacomunica.com.mx\/","name":"\u00c9tica Comunica","description":"Diario Digital","publisher":{"@id":"https:\/\/eticacomunica.com.mx\/#organization"},"potentialAction":[{"@type":"SearchAction","target":{"@type":"EntryPoint","urlTemplate":"https:\/\/eticacomunica.com.mx\/?s={search_term_string}"},"query-input":{"@type":"PropertyValueSpecification","valueRequired":true,"valueName":"search_term_string"}}],"inLanguage":"es"},{"@type":"Organization","@id":"https:\/\/eticacomunica.com.mx\/#organization","name":"Diarios Digitales de Sinaloa","url":"https:\/\/eticacomunica.com.mx\/","logo":{"@type":"ImageObject","inLanguage":"es","@id":"https:\/\/eticacomunica.com.mx\/#\/schema\/logo\/image\/","url":"https:\/\/eticacomunica.com.mx\/wp-content\/uploads\/2023\/10\/etica-logo.png","contentUrl":"https:\/\/eticacomunica.com.mx\/wp-content\/uploads\/2023\/10\/etica-logo.png","width":1280,"height":432,"caption":"Diarios Digitales de Sinaloa"},"image":{"@id":"https:\/\/eticacomunica.com.mx\/#\/schema\/logo\/image\/"},"sameAs":["https:\/\/www.facebook.com\/eticacomunica"]},{"@type":"Person","@id":"https:\/\/eticacomunica.com.mx\/#\/schema\/person\/2cacc47bd17fe8ad92f08c0313d22fa6","name":"etica","image":{"@type":"ImageObject","inLanguage":"es","@id":"https:\/\/secure.gravatar.com\/avatar\/dfb45d32bc7097f8f06d6e4f6e6b387e7cb8fd5b3a2869265c40587ab62cab1e?s=96&d=mm&r=g","url":"https:\/\/secure.gravatar.com\/avatar\/dfb45d32bc7097f8f06d6e4f6e6b387e7cb8fd5b3a2869265c40587ab62cab1e?s=96&d=mm&r=g","contentUrl":"https:\/\/secure.gravatar.com\/avatar\/dfb45d32bc7097f8f06d6e4f6e6b387e7cb8fd5b3a2869265c40587ab62cab1e?s=96&d=mm&r=g","caption":"etica"},"sameAs":["https:\/\/eticacomunica.com.mx"],"url":"https:\/\/eticacomunica.com.mx\/?author=1"}]}},"jetpack_publicize_connections":[],"jetpack_featured_media_url":"https:\/\/eticacomunica.com.mx\/wp-content\/uploads\/2026\/01\/IMG-20260121-WA0005.jpg","jetpack_sharing_enabled":true,"_links":{"self":[{"href":"https:\/\/eticacomunica.com.mx\/index.php?rest_route=\/wp\/v2\/posts\/31093","targetHints":{"allow":["GET"]}}],"collection":[{"href":"https:\/\/eticacomunica.com.mx\/index.php?rest_route=\/wp\/v2\/posts"}],"about":[{"href":"https:\/\/eticacomunica.com.mx\/index.php?rest_route=\/wp\/v2\/types\/post"}],"author":[{"embeddable":true,"href":"https:\/\/eticacomunica.com.mx\/index.php?rest_route=\/wp\/v2\/users\/1"}],"replies":[{"embeddable":true,"href":"https:\/\/eticacomunica.com.mx\/index.php?rest_route=%2Fwp%2Fv2%2Fcomments&post=31093"}],"version-history":[{"count":0,"href":"https:\/\/eticacomunica.com.mx\/index.php?rest_route=\/wp\/v2\/posts\/31093\/revisions"}],"wp:featuredmedia":[{"embeddable":true,"href":"https:\/\/eticacomunica.com.mx\/index.php?rest_route=\/wp\/v2\/media\/31092"}],"wp:attachment":[{"href":"https:\/\/eticacomunica.com.mx\/index.php?rest_route=%2Fwp%2Fv2%2Fmedia&parent=31093"}],"wp:term":[{"taxonomy":"category","embeddable":true,"href":"https:\/\/eticacomunica.com.mx\/index.php?rest_route=%2Fwp%2Fv2%2Fcategories&post=31093"},{"taxonomy":"post_tag","embeddable":true,"href":"https:\/\/eticacomunica.com.mx\/index.php?rest_route=%2Fwp%2Fv2%2Ftags&post=31093"}],"curies":[{"name":"wp","href":"https:\/\/api.w.org\/{rel}","templated":true}]}}