{"id":31103,"date":"2026-01-21T21:16:56","date_gmt":"2026-01-22T04:16:56","guid":{"rendered":"https:\/\/eticacomunica.com.mx\/?p=31103"},"modified":"2026-01-21T21:16:56","modified_gmt":"2026-01-22T04:16:56","slug":"destaca-el-secretario-de-agricultura-ismael-bello-esquivel-la-confianza-de-los-empresarios-para-invertir-en-el-desarrollo-de-sinaloa","status":"publish","type":"post","link":"https:\/\/eticacomunica.com.mx\/?p=31103","title":{"rendered":"Destaca el Secretario de Agricultura Ismael Bello Esquivel, la confianza de los empresarios para invertir en el desarrollo de Sinaloa"},"content":{"rendered":"\n<p>Inaugura nueva planta envasadora de granos y semillas en zona industrial de Guasave del Grupo Terminel, que exporta a m\u00e1s de 15 pa\u00edses.<br><br>Guasave, Sin., a 21 de Enero de 2026.- Tras destacar la importancia de Guasave en la producci\u00f3n de alimentos y granos a nivel estatal, el Secretario de Agricultura y Ganader\u00eda de Sinaloa, Ismael Bello Esquivel inaugur\u00f3 una nueva planta envasadora de granos y semillas que vendr\u00e1 a dar un valor agregado a la producci\u00f3n de estos productos en la zona centro norte de Sinaloa.<br><br>Acompa\u00f1ado de la Presidenta Municipal de Guasave, Cecilia Ram\u00edrez Montoya, Bello Esquivel destac\u00f3 la trayectoria del empresario Alejandro Terminel Rojo y el Grupo Terminel, que a base de trabajo y visi\u00f3n empresarial han mantenido sinergia con los productores de esta regi\u00f3n, apost\u00e1ndole al campo sinaloense, apost\u00e1ndole a que se tiene que continuar y producir mejor para conseguir mejores precios.<br><br>Con la representaci\u00f3n del Gobernador Rub\u00e9n Rocha Moya, el Secretario de Agricultura revel\u00f3 que Guasave, considerado el coraz\u00f3n agr\u00edcola de M\u00e9xico, \u201cya es el productor n\u00famero uno de garbanzo en el Estado y tenemos que seguir buscando los mejores mercados para el garbanzo, as\u00ed como para el ma\u00edz y no \u00fanicamente embarcar los furgones, sino llevarlos en costales de 25 kilos que puedan llegar a los molineros y a los nixtamaleros para conseguir un mejor precio para los productores<br>Bello Esquivel manifest\u00f3 que \u201cquienes nos dedicamos al trabajo del campo, no podemos hacerlo sin la alianza de quienes comercializan nuestros productos, si bien en alg\u00fan momento empezamos a producir garbanzo en este valle y ven\u00edan los compradores de Espa\u00f1a, despu\u00e9s vimos que m\u00e1s que consumidores, son comercializadores y hoy, empresas como Terminel y la familia de productores hacen posible que podamos estar en los mercados del mundo y llegar a clientes finales, con nuestros productos\u201d.<br><br>Por su parte, el empresario Terminel Rojo, dio una explicaci\u00f3n detallada de la inversi\u00f3n realizada, que generar\u00e1 de inicio 50 empleos directos de manera permanente, m\u00e1s el apoyo log\u00edstico para beneficiar a m\u00e1s de 400 productores de la regi\u00f3n, con quienes comercializan sus productos para darles el valor agregado.<br><br>Rese\u00f1\u00f3 que no s\u00f3lo se han limitado a la compra y venta de granos, sino que dieron el siguiente paso para transformar, invertir y apostarle a la agricultura comercial, que sin duda te da una posici\u00f3n m\u00e1s privilegiada en el mercado, que representa a la vez nuevos trabajos y oportunidades para las familias guasavenses y nuevos servicios para los productores, contribuyendo al desarrollo econ\u00f3mico de Guasave y fortaleciendo al sector agr\u00edcola.<br><br>Mencion\u00f3 que esta empresa tiene presencia con la venta de ma\u00edz y otros granos en 28 Estados de la Rep\u00fablica y es el cuarto exportador de garbanzo m\u00e1s importante de M\u00e9xico, con presencia en m\u00e1s de 15 pa\u00edses, entre los que se encuentran Turqu\u00eda, Italia, Grecia, Francia y Espa\u00f1a.<br><br>En su intervenci\u00f3n, la alcaldesa de Guasave, Ram\u00edrez Bedolla reconoci\u00f3 que proyecto como \u00e9ste fortalecen la vocaci\u00f3n productiva y generan valor agregado a granos y semillas, consolidando una cadena agroindustrial m\u00e1s s\u00f3lida, moderna y competitiva, con inversiones que se traducen en empleos formales y en oportunidades para las familias guasavenses.<\/p>\n","protected":false},"excerpt":{"rendered":"<p>Inaugura nueva planta envasadora de granos y semillas en zona industrial de Guasave del Grupo Terminel, que exporta a m\u00e1s de 15 pa\u00edses. Guasave, Sin., a 21 de Enero de&hellip;<\/p>\n","protected":false},"author":1,"featured_media":31102,"comment_status":"open","ping_status":"open","sticky":false,"template":"","format":"standard","meta":{"_jetpack_memberships_contains_paid_content":false,"footnotes":"","jetpack_publicize_message":"","jetpack_publicize_feature_enabled":true,"jetpack_social_post_already_shared":true,"jetpack_social_options":{"image_generator_settings":{"template":"highway","default_image_id":0,"font":"","enabled":false},"version":2}},"categories":[24],"tags":[],"class_list":["post-31103","post","type-post","status-publish","format-standard","has-post-thumbnail","hentry","category-estados"],"yoast_head":"<!-- This site is optimized with the Yoast SEO plugin v27.2 - https:\/\/yoast.com\/product\/yoast-seo-wordpress\/ -->\n<title>Destaca el Secretario de Agricultura Ismael Bello Esquivel, la confianza de los empresarios para invertir en el desarrollo de Sinaloa - \u00c9tica Comunica<\/title>\n<meta name=\"robots\" content=\"index, follow, max-snippet:-1, max-image-preview:large, max-video-preview:-1\" \/>\n<link rel=\"canonical\" href=\"https:\/\/eticacomunica.com.mx\/?p=31103\" \/>\n<meta property=\"og:locale\" content=\"es_MX\" \/>\n<meta property=\"og:type\" content=\"article\" \/>\n<meta property=\"og:title\" content=\"Destaca el Secretario de Agricultura Ismael Bello Esquivel, la confianza de los empresarios para invertir en el desarrollo de Sinaloa - \u00c9tica Comunica\" \/>\n<meta property=\"og:description\" content=\"Inaugura nueva planta envasadora de granos y semillas en zona industrial de Guasave del Grupo Terminel, que exporta a m\u00e1s de 15 pa\u00edses. Guasave, Sin., a 21 de Enero de&hellip;\" \/>\n<meta property=\"og:url\" content=\"https:\/\/eticacomunica.com.mx\/?p=31103\" \/>\n<meta property=\"og:site_name\" content=\"\u00c9tica Comunica\" \/>\n<meta property=\"article:publisher\" content=\"https:\/\/www.facebook.com\/eticacomunica\" \/>\n<meta property=\"article:published_time\" content=\"2026-01-22T04:16:56+00:00\" \/>\n<meta property=\"og:image\" content=\"https:\/\/eticacomunica.com.mx\/wp-content\/uploads\/2026\/01\/FB_IMG_1769055370799.jpg\" \/>\n\t<meta property=\"og:image:width\" content=\"1080\" \/>\n\t<meta property=\"og:image:height\" content=\"673\" \/>\n\t<meta property=\"og:image:type\" content=\"image\/jpeg\" \/>\n<meta name=\"author\" content=\"etica\" \/>\n<meta name=\"twitter:card\" content=\"summary_large_image\" \/>\n<meta name=\"twitter:label1\" content=\"Escrito por\" \/>\n\t<meta name=\"twitter:data1\" content=\"etica\" \/>\n\t<meta name=\"twitter:label2\" content=\"Tiempo de lectura\" \/>\n\t<meta name=\"twitter:data2\" content=\"3 minutos\" \/>\n<script type=\"application\/ld+json\" class=\"yoast-schema-graph\">{\"@context\":\"https:\/\/schema.org\",\"@graph\":[{\"@type\":\"Article\",\"@id\":\"https:\/\/eticacomunica.com.mx\/?p=31103#article\",\"isPartOf\":{\"@id\":\"https:\/\/eticacomunica.com.mx\/?p=31103\"},\"author\":{\"name\":\"etica\",\"@id\":\"https:\/\/eticacomunica.com.mx\/#\/schema\/person\/2cacc47bd17fe8ad92f08c0313d22fa6\"},\"headline\":\"Destaca el Secretario de Agricultura Ismael Bello Esquivel, la confianza de los empresarios para invertir en el desarrollo de Sinaloa\",\"datePublished\":\"2026-01-22T04:16:56+00:00\",\"mainEntityOfPage\":{\"@id\":\"https:\/\/eticacomunica.com.mx\/?p=31103\"},\"wordCount\":579,\"commentCount\":0,\"publisher\":{\"@id\":\"https:\/\/eticacomunica.com.mx\/#organization\"},\"image\":{\"@id\":\"https:\/\/eticacomunica.com.mx\/?p=31103#primaryimage\"},\"thumbnailUrl\":\"https:\/\/eticacomunica.com.mx\/wp-content\/uploads\/2026\/01\/FB_IMG_1769055370799.jpg\",\"articleSection\":[\"Estados\"],\"inLanguage\":\"es\",\"potentialAction\":[{\"@type\":\"CommentAction\",\"name\":\"Comment\",\"target\":[\"https:\/\/eticacomunica.com.mx\/?p=31103#respond\"]}]},{\"@type\":\"WebPage\",\"@id\":\"https:\/\/eticacomunica.com.mx\/?p=31103\",\"url\":\"https:\/\/eticacomunica.com.mx\/?p=31103\",\"name\":\"Destaca el Secretario de Agricultura Ismael Bello Esquivel, la confianza de los empresarios para invertir en el desarrollo de Sinaloa - \u00c9tica Comunica\",\"isPartOf\":{\"@id\":\"https:\/\/eticacomunica.com.mx\/#website\"},\"primaryImageOfPage\":{\"@id\":\"https:\/\/eticacomunica.com.mx\/?p=31103#primaryimage\"},\"image\":{\"@id\":\"https:\/\/eticacomunica.com.mx\/?p=31103#primaryimage\"},\"thumbnailUrl\":\"https:\/\/eticacomunica.com.mx\/wp-content\/uploads\/2026\/01\/FB_IMG_1769055370799.jpg\",\"datePublished\":\"2026-01-22T04:16:56+00:00\",\"breadcrumb\":{\"@id\":\"https:\/\/eticacomunica.com.mx\/?p=31103#breadcrumb\"},\"inLanguage\":\"es\",\"potentialAction\":[{\"@type\":\"ReadAction\",\"target\":[\"https:\/\/eticacomunica.com.mx\/?p=31103\"]}]},{\"@type\":\"ImageObject\",\"inLanguage\":\"es\",\"@id\":\"https:\/\/eticacomunica.com.mx\/?p=31103#primaryimage\",\"url\":\"https:\/\/eticacomunica.com.mx\/wp-content\/uploads\/2026\/01\/FB_IMG_1769055370799.jpg\",\"contentUrl\":\"https:\/\/eticacomunica.com.mx\/wp-content\/uploads\/2026\/01\/FB_IMG_1769055370799.jpg\",\"width\":1080,\"height\":673},{\"@type\":\"BreadcrumbList\",\"@id\":\"https:\/\/eticacomunica.com.mx\/?p=31103#breadcrumb\",\"itemListElement\":[{\"@type\":\"ListItem\",\"position\":1,\"name\":\"Inicio\",\"item\":\"https:\/\/eticacomunica.com.mx\/\"},{\"@type\":\"ListItem\",\"position\":2,\"name\":\"Destaca el Secretario de Agricultura Ismael Bello Esquivel, la confianza de los empresarios para invertir en el desarrollo de Sinaloa\"}]},{\"@type\":\"WebSite\",\"@id\":\"https:\/\/eticacomunica.com.mx\/#website\",\"url\":\"https:\/\/eticacomunica.com.mx\/\",\"name\":\"\u00c9tica Comunica\",\"description\":\"Diario Digital\",\"publisher\":{\"@id\":\"https:\/\/eticacomunica.com.mx\/#organization\"},\"potentialAction\":[{\"@type\":\"SearchAction\",\"target\":{\"@type\":\"EntryPoint\",\"urlTemplate\":\"https:\/\/eticacomunica.com.mx\/?s={search_term_string}\"},\"query-input\":{\"@type\":\"PropertyValueSpecification\",\"valueRequired\":true,\"valueName\":\"search_term_string\"}}],\"inLanguage\":\"es\"},{\"@type\":\"Organization\",\"@id\":\"https:\/\/eticacomunica.com.mx\/#organization\",\"name\":\"Diarios Digitales de Sinaloa\",\"url\":\"https:\/\/eticacomunica.com.mx\/\",\"logo\":{\"@type\":\"ImageObject\",\"inLanguage\":\"es\",\"@id\":\"https:\/\/eticacomunica.com.mx\/#\/schema\/logo\/image\/\",\"url\":\"https:\/\/eticacomunica.com.mx\/wp-content\/uploads\/2023\/10\/etica-logo.png\",\"contentUrl\":\"https:\/\/eticacomunica.com.mx\/wp-content\/uploads\/2023\/10\/etica-logo.png\",\"width\":1280,\"height\":432,\"caption\":\"Diarios Digitales de Sinaloa\"},\"image\":{\"@id\":\"https:\/\/eticacomunica.com.mx\/#\/schema\/logo\/image\/\"},\"sameAs\":[\"https:\/\/www.facebook.com\/eticacomunica\"]},{\"@type\":\"Person\",\"@id\":\"https:\/\/eticacomunica.com.mx\/#\/schema\/person\/2cacc47bd17fe8ad92f08c0313d22fa6\",\"name\":\"etica\",\"image\":{\"@type\":\"ImageObject\",\"inLanguage\":\"es\",\"@id\":\"https:\/\/secure.gravatar.com\/avatar\/dfb45d32bc7097f8f06d6e4f6e6b387e7cb8fd5b3a2869265c40587ab62cab1e?s=96&d=mm&r=g\",\"url\":\"https:\/\/secure.gravatar.com\/avatar\/dfb45d32bc7097f8f06d6e4f6e6b387e7cb8fd5b3a2869265c40587ab62cab1e?s=96&d=mm&r=g\",\"contentUrl\":\"https:\/\/secure.gravatar.com\/avatar\/dfb45d32bc7097f8f06d6e4f6e6b387e7cb8fd5b3a2869265c40587ab62cab1e?s=96&d=mm&r=g\",\"caption\":\"etica\"},\"sameAs\":[\"https:\/\/eticacomunica.com.mx\"],\"url\":\"https:\/\/eticacomunica.com.mx\/?author=1\"}]}<\/script>\n<!-- \/ Yoast SEO plugin. -->","yoast_head_json":{"title":"Destaca el Secretario de Agricultura Ismael Bello Esquivel, la confianza de los empresarios para invertir en el desarrollo de Sinaloa - \u00c9tica Comunica","robots":{"index":"index","follow":"follow","max-snippet":"max-snippet:-1","max-image-preview":"max-image-preview:large","max-video-preview":"max-video-preview:-1"},"canonical":"https:\/\/eticacomunica.com.mx\/?p=31103","og_locale":"es_MX","og_type":"article","og_title":"Destaca el Secretario de Agricultura Ismael Bello Esquivel, la confianza de los empresarios para invertir en el desarrollo de Sinaloa - \u00c9tica Comunica","og_description":"Inaugura nueva planta envasadora de granos y semillas en zona industrial de Guasave del Grupo Terminel, que exporta a m\u00e1s de 15 pa\u00edses. Guasave, Sin., a 21 de Enero de&hellip;","og_url":"https:\/\/eticacomunica.com.mx\/?p=31103","og_site_name":"\u00c9tica Comunica","article_publisher":"https:\/\/www.facebook.com\/eticacomunica","article_published_time":"2026-01-22T04:16:56+00:00","og_image":[{"width":1080,"height":673,"url":"https:\/\/eticacomunica.com.mx\/wp-content\/uploads\/2026\/01\/FB_IMG_1769055370799.jpg","type":"image\/jpeg"}],"author":"etica","twitter_card":"summary_large_image","twitter_misc":{"Escrito por":"etica","Tiempo de lectura":"3 minutos"},"schema":{"@context":"https:\/\/schema.org","@graph":[{"@type":"Article","@id":"https:\/\/eticacomunica.com.mx\/?p=31103#article","isPartOf":{"@id":"https:\/\/eticacomunica.com.mx\/?p=31103"},"author":{"name":"etica","@id":"https:\/\/eticacomunica.com.mx\/#\/schema\/person\/2cacc47bd17fe8ad92f08c0313d22fa6"},"headline":"Destaca el Secretario de Agricultura Ismael Bello Esquivel, la confianza de los empresarios para invertir en el desarrollo de Sinaloa","datePublished":"2026-01-22T04:16:56+00:00","mainEntityOfPage":{"@id":"https:\/\/eticacomunica.com.mx\/?p=31103"},"wordCount":579,"commentCount":0,"publisher":{"@id":"https:\/\/eticacomunica.com.mx\/#organization"},"image":{"@id":"https:\/\/eticacomunica.com.mx\/?p=31103#primaryimage"},"thumbnailUrl":"https:\/\/eticacomunica.com.mx\/wp-content\/uploads\/2026\/01\/FB_IMG_1769055370799.jpg","articleSection":["Estados"],"inLanguage":"es","potentialAction":[{"@type":"CommentAction","name":"Comment","target":["https:\/\/eticacomunica.com.mx\/?p=31103#respond"]}]},{"@type":"WebPage","@id":"https:\/\/eticacomunica.com.mx\/?p=31103","url":"https:\/\/eticacomunica.com.mx\/?p=31103","name":"Destaca el Secretario de Agricultura Ismael Bello Esquivel, la confianza de los empresarios para invertir en el desarrollo de Sinaloa - \u00c9tica Comunica","isPartOf":{"@id":"https:\/\/eticacomunica.com.mx\/#website"},"primaryImageOfPage":{"@id":"https:\/\/eticacomunica.com.mx\/?p=31103#primaryimage"},"image":{"@id":"https:\/\/eticacomunica.com.mx\/?p=31103#primaryimage"},"thumbnailUrl":"https:\/\/eticacomunica.com.mx\/wp-content\/uploads\/2026\/01\/FB_IMG_1769055370799.jpg","datePublished":"2026-01-22T04:16:56+00:00","breadcrumb":{"@id":"https:\/\/eticacomunica.com.mx\/?p=31103#breadcrumb"},"inLanguage":"es","potentialAction":[{"@type":"ReadAction","target":["https:\/\/eticacomunica.com.mx\/?p=31103"]}]},{"@type":"ImageObject","inLanguage":"es","@id":"https:\/\/eticacomunica.com.mx\/?p=31103#primaryimage","url":"https:\/\/eticacomunica.com.mx\/wp-content\/uploads\/2026\/01\/FB_IMG_1769055370799.jpg","contentUrl":"https:\/\/eticacomunica.com.mx\/wp-content\/uploads\/2026\/01\/FB_IMG_1769055370799.jpg","width":1080,"height":673},{"@type":"BreadcrumbList","@id":"https:\/\/eticacomunica.com.mx\/?p=31103#breadcrumb","itemListElement":[{"@type":"ListItem","position":1,"name":"Inicio","item":"https:\/\/eticacomunica.com.mx\/"},{"@type":"ListItem","position":2,"name":"Destaca el Secretario de Agricultura Ismael Bello Esquivel, la confianza de los empresarios para invertir en el desarrollo de Sinaloa"}]},{"@type":"WebSite","@id":"https:\/\/eticacomunica.com.mx\/#website","url":"https:\/\/eticacomunica.com.mx\/","name":"\u00c9tica Comunica","description":"Diario Digital","publisher":{"@id":"https:\/\/eticacomunica.com.mx\/#organization"},"potentialAction":[{"@type":"SearchAction","target":{"@type":"EntryPoint","urlTemplate":"https:\/\/eticacomunica.com.mx\/?s={search_term_string}"},"query-input":{"@type":"PropertyValueSpecification","valueRequired":true,"valueName":"search_term_string"}}],"inLanguage":"es"},{"@type":"Organization","@id":"https:\/\/eticacomunica.com.mx\/#organization","name":"Diarios Digitales de Sinaloa","url":"https:\/\/eticacomunica.com.mx\/","logo":{"@type":"ImageObject","inLanguage":"es","@id":"https:\/\/eticacomunica.com.mx\/#\/schema\/logo\/image\/","url":"https:\/\/eticacomunica.com.mx\/wp-content\/uploads\/2023\/10\/etica-logo.png","contentUrl":"https:\/\/eticacomunica.com.mx\/wp-content\/uploads\/2023\/10\/etica-logo.png","width":1280,"height":432,"caption":"Diarios Digitales de Sinaloa"},"image":{"@id":"https:\/\/eticacomunica.com.mx\/#\/schema\/logo\/image\/"},"sameAs":["https:\/\/www.facebook.com\/eticacomunica"]},{"@type":"Person","@id":"https:\/\/eticacomunica.com.mx\/#\/schema\/person\/2cacc47bd17fe8ad92f08c0313d22fa6","name":"etica","image":{"@type":"ImageObject","inLanguage":"es","@id":"https:\/\/secure.gravatar.com\/avatar\/dfb45d32bc7097f8f06d6e4f6e6b387e7cb8fd5b3a2869265c40587ab62cab1e?s=96&d=mm&r=g","url":"https:\/\/secure.gravatar.com\/avatar\/dfb45d32bc7097f8f06d6e4f6e6b387e7cb8fd5b3a2869265c40587ab62cab1e?s=96&d=mm&r=g","contentUrl":"https:\/\/secure.gravatar.com\/avatar\/dfb45d32bc7097f8f06d6e4f6e6b387e7cb8fd5b3a2869265c40587ab62cab1e?s=96&d=mm&r=g","caption":"etica"},"sameAs":["https:\/\/eticacomunica.com.mx"],"url":"https:\/\/eticacomunica.com.mx\/?author=1"}]}},"jetpack_publicize_connections":[],"jetpack_featured_media_url":"https:\/\/eticacomunica.com.mx\/wp-content\/uploads\/2026\/01\/FB_IMG_1769055370799.jpg","jetpack_sharing_enabled":true,"_links":{"self":[{"href":"https:\/\/eticacomunica.com.mx\/index.php?rest_route=\/wp\/v2\/posts\/31103","targetHints":{"allow":["GET"]}}],"collection":[{"href":"https:\/\/eticacomunica.com.mx\/index.php?rest_route=\/wp\/v2\/posts"}],"about":[{"href":"https:\/\/eticacomunica.com.mx\/index.php?rest_route=\/wp\/v2\/types\/post"}],"author":[{"embeddable":true,"href":"https:\/\/eticacomunica.com.mx\/index.php?rest_route=\/wp\/v2\/users\/1"}],"replies":[{"embeddable":true,"href":"https:\/\/eticacomunica.com.mx\/index.php?rest_route=%2Fwp%2Fv2%2Fcomments&post=31103"}],"version-history":[{"count":0,"href":"https:\/\/eticacomunica.com.mx\/index.php?rest_route=\/wp\/v2\/posts\/31103\/revisions"}],"wp:featuredmedia":[{"embeddable":true,"href":"https:\/\/eticacomunica.com.mx\/index.php?rest_route=\/wp\/v2\/media\/31102"}],"wp:attachment":[{"href":"https:\/\/eticacomunica.com.mx\/index.php?rest_route=%2Fwp%2Fv2%2Fmedia&parent=31103"}],"wp:term":[{"taxonomy":"category","embeddable":true,"href":"https:\/\/eticacomunica.com.mx\/index.php?rest_route=%2Fwp%2Fv2%2Fcategories&post=31103"},{"taxonomy":"post_tag","embeddable":true,"href":"https:\/\/eticacomunica.com.mx\/index.php?rest_route=%2Fwp%2Fv2%2Ftags&post=31103"}],"curies":[{"name":"wp","href":"https:\/\/api.w.org\/{rel}","templated":true}]}}