{"id":31107,"date":"2026-01-21T21:22:08","date_gmt":"2026-01-22T04:22:08","guid":{"rendered":"https:\/\/eticacomunica.com.mx\/?p=31107"},"modified":"2026-01-21T21:22:08","modified_gmt":"2026-01-22T04:22:08","slug":"en-2025-sinaloa-se-adhirio-a-la-estrategia-nacional-de-seguridad-publica-fortaleciendo-acciones-por-la-seguridad-de-la-poblacion","status":"publish","type":"post","link":"https:\/\/eticacomunica.com.mx\/?p=31107","title":{"rendered":"En 2025, Sinaloa se adhiri\u00f3 a la Estrategia Nacional de Seguridad P\u00fablica fortaleciendo acciones por la seguridad de la poblaci\u00f3n"},"content":{"rendered":"\n<p>Al comparecer ante el Congreso del Estado, el Secretario de Seguridad P\u00fablica en Sinaloa, \u00d3scar Renter\u00eda Schazarino destac\u00f3 la realizaci\u00f3n de operativos para la reactivaci\u00f3n econ\u00f3mica en la entidad.<br><br>Culiac\u00e1n, Sinaloa a 21 de enero del 2026.-* Durante el \u00faltimo a\u00f1o, Sinaloa se adhiri\u00f3 a la Estrategia Nacional de Seguridad P\u00fablica, a trav\u00e9s de la Coordinaci\u00f3n Interinstitucional con la participaci\u00f3n de autoridades federales, estatales y locales con el objetivo de fortalecer acciones en pro de salvaguardar la vida, libertad y patrimonio de la sociedad, se\u00f1al\u00f3 el Secretario de Seguridad P\u00fablica Estatal, \u00d3scar Renter\u00eda Schazarino, durante su comparecencia ante el Poder Legislativo. <br><br>Explic\u00f3 que, derivado de ello, las autoridades, en conjunto, obtuvieron resultados importantes en la entidad. En el 2025 fueron detenidas 3 mil 236 personas y se incautaron 5 mil 271 armas de fuego, m\u00e1s de 1 mill\u00f3n 209 mil municiones, 5 mil 832 artefactos explosivos improvisados y 336 granadas de mano, 8 mil 573 veh\u00edculos, de los cuales 5, mil 643 contaban con reporte de robo y 2 mil 930 fueron asegurados por su participaci\u00f3n en la comisi\u00f3n de alg\u00fan delito. En el combate al narcotr\u00e1fico, fueron localizados e inhabilitadas m\u00e1s de 29 toneladas de droga, 258 laboratorios clandestinos y 5 mil 954 plant\u00edos de marihuana y amapola. <br><br>Durante este ejercicio de transparencia y rendici\u00f3n de cuentas derivado del 4to Informe de Gobierno del Dr. Rub\u00e9n Rocha Moya, Renter\u00eda Schazarino, indic\u00f3 que, a trav\u00e9s del fortalecimiento de la Polic\u00eda Estatal Preventiva y del Grupo de Operaciones Especiales de Sinaloa (GOES), la Secretar\u00eda de Seguridad P\u00fablica Estatal logr\u00f3 la detenci\u00f3n de 531 personas, el aseguramiento de 929 armas de fuego, as\u00ed como 3 mil 197 cargadores, m\u00e1s de 1 mill\u00f3n 200 mil municiones, 130 granadas de mano y 232 artefactos explosivos. Estos resultados se pudieron materializar gracias al fortalecimiento institucional de la corporaci\u00f3n con el ingreso de 312 nuevos elementos a la Polic\u00eda Estatal y un incremento salarial del 4.59 por ciento. <br><br>Reconoci\u00f3 que, con el apoyo del Gobierno Federal, se avanz\u00f3 en el fortalecimiento de la seguridad en Sinaloa. A trav\u00e9s de un convenio con la Secretar\u00eda de la Defensa Nacional se acord\u00f3 el reclutamiento y capacitaci\u00f3n de 150 elementos con perfil policial, adem\u00e1s que dio en comodato 6 veh\u00edculos blindados \u201cOcelotl\u201d, y 20 ametralladoras, en tanto que, la Secretar\u00eda de Seguridad y Protecci\u00f3n Ciudadana hizo entrega de 100 nuevas patrullas para la PEP.<br><br>El Secretario de Seguridad se\u00f1al\u00f3 que, en 2025, el Estado adquiri\u00f3 4 camionetas Super duty blindadas, 29 unidades CRP, y 6 moto patrullas, 124 armas de fuego, 480 cargadores y 250 mil 133 cartuchos. En la misma \u00e1rea del fortalecimiento institucional, se llevaron a cabo acciones de contenci\u00f3n, capacitaci\u00f3n y talleres con el prop\u00f3sito de prevenir y\/o tratar estr\u00e9s, ansiedad, depresi\u00f3n y procesos de duelo en el personal con funciones relacionadas con hechos delictivos, beneficiando a un total de 2 mil 348 trabajadores.<br><br>Sostuvo que la tecnolog\u00eda es una herramienta fundamental en la prevenci\u00f3n y atenci\u00f3n de delitos, por ello, en el \u00faltimo a\u00f1o se destinaron 108 millones de pesos para fortalecer la Red Estatal de Radiocomunicaci\u00f3n y Video vigilancia permitiendo la adquisici\u00f3n de 613 videoc\u00e1maras para reposici\u00f3n e instalaci\u00f3n de 100 nuevos puntos de monitoreo con las que se captaron m\u00e1s de 5 mil 700 im\u00e1genes que coadyuvaron para la apertura de 500 carpetas de investigaci\u00f3n.<br><br>Como parte de las acciones para la reactivaci\u00f3n econ\u00f3mica de Sinaloa, con el objetivo de que la poblaci\u00f3n retomara sus actividades laborales, familiares y de esparcimiento, el funcionario estatal se\u00f1al\u00f3 que, durante el 2025 esta dependencia en coordinaci\u00f3n con los tres \u00f3rdenes de gobierno, implement\u00f3 11 operativos especiales entre los que destacan: Culiac\u00e1n en Movimiento, Ruta Segura, \u201cEnam\u00f3rate de Sinaloa\u201d, Carnaval Mazatl\u00e1n, Verano Seguro y Guadalupe \u2013 Reyes, entre otros. <br><br>Se\u00f1al\u00f3 que, como parte de las acciones para la reinserci\u00f3n social en el Sistema Penitenciario en Sinaloa, se llevan a cabo actividades deportivas, talleres, cursos de capacitaci\u00f3n, campa\u00f1as de salud y dem\u00e1s actividades en beneficio de 4 mil 751 personas privadas de la libertad que se encuentran en los 4 Centros Penitenciarios Estatales. Asimismo, durante el \u00faltimo a\u00f1o se realizaron 319 revisiones en dichos centros, en donde se aseguraron 195 armas de fuego, 3 granadas, 1 lanzagranadas, 2 artefactos explosivos, 253 cargadores, mil 897 cartuchos, 2 mil 706 armas blancas, droga, celulares y radios de comunicaci\u00f3n.<br><br>En materia de prevenci\u00f3n y atenci\u00f3n del delito, a trav\u00e9s de la estrategia \u201cTrasformando Sinaloa para la Paz\u201d, dijo que la Secretar\u00eda de Seguridad P\u00fablica implement\u00f3 8 programas de prevenci\u00f3n social tales como Seguridad en la Red, Familias Sanas, Vacaciones Seguras y otros, con las que se realizaron 2 mil 509 acciones que impactaron a 225 mil 257 personas.<br><br>Asimismo, a trav\u00e9s del Grupo Especializado en Atenci\u00f3n a Violencia Familiar y de G\u00e9nero (GEVIFyG), se brind\u00f3 atenci\u00f3n a v\u00edctimas de violencia de familiar y de g\u00e9nero. Derivado de mil 551 reportes al 9-1-1, se detuvieron a 189 agresores y se canalizaron a 72 personas a instituciones de apoyo.<br><br>Renter\u00eda Schazarino puntualiz\u00f3 que, en total, durante el 2025 se desplegaron m\u00e1s de 109 mil 800 operativos en todo el estado, encaminados a la prevenci\u00f3n, disuasi\u00f3n, vigilancia, proximidad social, de seguridad a eventos especiales y de apoyo a los Colectivos de B\u00fasqueda de Personas.<\/p>\n","protected":false},"excerpt":{"rendered":"<p>Al comparecer ante el Congreso del Estado, el Secretario de Seguridad P\u00fablica en Sinaloa, \u00d3scar Renter\u00eda Schazarino destac\u00f3 la realizaci\u00f3n de operativos para la reactivaci\u00f3n econ\u00f3mica en la entidad. Culiac\u00e1n,&hellip;<\/p>\n","protected":false},"author":1,"featured_media":31106,"comment_status":"open","ping_status":"open","sticky":false,"template":"","format":"standard","meta":{"_jetpack_memberships_contains_paid_content":false,"footnotes":"","jetpack_publicize_message":"","jetpack_publicize_feature_enabled":true,"jetpack_social_post_already_shared":true,"jetpack_social_options":{"image_generator_settings":{"template":"highway","default_image_id":0,"font":"","enabled":false},"version":2}},"categories":[17],"tags":[34],"class_list":["post-31107","post","type-post","status-publish","format-standard","has-post-thumbnail","hentry","category-seguridad","tag-gobierno-del-estado-de-sinaloa"],"yoast_head":"<!-- This site is optimized with the Yoast SEO plugin v27.2 - https:\/\/yoast.com\/product\/yoast-seo-wordpress\/ -->\n<title>En 2025, Sinaloa se adhiri\u00f3 a la Estrategia Nacional de Seguridad P\u00fablica fortaleciendo acciones por la seguridad de la poblaci\u00f3n - \u00c9tica Comunica<\/title>\n<meta name=\"robots\" content=\"index, follow, max-snippet:-1, max-image-preview:large, max-video-preview:-1\" \/>\n<link rel=\"canonical\" href=\"https:\/\/eticacomunica.com.mx\/?p=31107\" \/>\n<meta property=\"og:locale\" content=\"es_MX\" \/>\n<meta property=\"og:type\" content=\"article\" \/>\n<meta property=\"og:title\" content=\"En 2025, Sinaloa se adhiri\u00f3 a la Estrategia Nacional de Seguridad P\u00fablica fortaleciendo acciones por la seguridad de la poblaci\u00f3n - \u00c9tica Comunica\" \/>\n<meta property=\"og:description\" content=\"Al comparecer ante el Congreso del Estado, el Secretario de Seguridad P\u00fablica en Sinaloa, \u00d3scar Renter\u00eda Schazarino destac\u00f3 la realizaci\u00f3n de operativos para la reactivaci\u00f3n econ\u00f3mica en la entidad. Culiac\u00e1n,&hellip;\" \/>\n<meta property=\"og:url\" content=\"https:\/\/eticacomunica.com.mx\/?p=31107\" \/>\n<meta property=\"og:site_name\" content=\"\u00c9tica Comunica\" \/>\n<meta property=\"article:publisher\" content=\"https:\/\/www.facebook.com\/eticacomunica\" \/>\n<meta property=\"article:published_time\" content=\"2026-01-22T04:22:08+00:00\" \/>\n<meta property=\"og:image\" content=\"https:\/\/eticacomunica.com.mx\/wp-content\/uploads\/2026\/01\/IMG-20260121-WA0058.jpg\" \/>\n\t<meta property=\"og:image:width\" content=\"1280\" \/>\n\t<meta property=\"og:image:height\" content=\"853\" \/>\n\t<meta property=\"og:image:type\" content=\"image\/jpeg\" \/>\n<meta name=\"author\" content=\"etica\" \/>\n<meta name=\"twitter:card\" content=\"summary_large_image\" \/>\n<meta name=\"twitter:label1\" content=\"Escrito por\" \/>\n\t<meta name=\"twitter:data1\" content=\"etica\" \/>\n\t<meta name=\"twitter:label2\" content=\"Tiempo de lectura\" \/>\n\t<meta name=\"twitter:data2\" content=\"4 minutos\" \/>\n<script type=\"application\/ld+json\" class=\"yoast-schema-graph\">{\"@context\":\"https:\/\/schema.org\",\"@graph\":[{\"@type\":\"Article\",\"@id\":\"https:\/\/eticacomunica.com.mx\/?p=31107#article\",\"isPartOf\":{\"@id\":\"https:\/\/eticacomunica.com.mx\/?p=31107\"},\"author\":{\"name\":\"etica\",\"@id\":\"https:\/\/eticacomunica.com.mx\/#\/schema\/person\/2cacc47bd17fe8ad92f08c0313d22fa6\"},\"headline\":\"En 2025, Sinaloa se adhiri\u00f3 a la Estrategia Nacional de Seguridad P\u00fablica fortaleciendo acciones por la seguridad de la poblaci\u00f3n\",\"datePublished\":\"2026-01-22T04:22:08+00:00\",\"mainEntityOfPage\":{\"@id\":\"https:\/\/eticacomunica.com.mx\/?p=31107\"},\"wordCount\":908,\"commentCount\":0,\"publisher\":{\"@id\":\"https:\/\/eticacomunica.com.mx\/#organization\"},\"image\":{\"@id\":\"https:\/\/eticacomunica.com.mx\/?p=31107#primaryimage\"},\"thumbnailUrl\":\"https:\/\/eticacomunica.com.mx\/wp-content\/uploads\/2026\/01\/IMG-20260121-WA0058.jpg\",\"keywords\":[\"Gobierno del Estado de Sinaloa\"],\"articleSection\":[\"Seguridad\"],\"inLanguage\":\"es\",\"potentialAction\":[{\"@type\":\"CommentAction\",\"name\":\"Comment\",\"target\":[\"https:\/\/eticacomunica.com.mx\/?p=31107#respond\"]}]},{\"@type\":\"WebPage\",\"@id\":\"https:\/\/eticacomunica.com.mx\/?p=31107\",\"url\":\"https:\/\/eticacomunica.com.mx\/?p=31107\",\"name\":\"En 2025, Sinaloa se adhiri\u00f3 a la Estrategia Nacional de Seguridad P\u00fablica fortaleciendo acciones por la seguridad de la poblaci\u00f3n - \u00c9tica Comunica\",\"isPartOf\":{\"@id\":\"https:\/\/eticacomunica.com.mx\/#website\"},\"primaryImageOfPage\":{\"@id\":\"https:\/\/eticacomunica.com.mx\/?p=31107#primaryimage\"},\"image\":{\"@id\":\"https:\/\/eticacomunica.com.mx\/?p=31107#primaryimage\"},\"thumbnailUrl\":\"https:\/\/eticacomunica.com.mx\/wp-content\/uploads\/2026\/01\/IMG-20260121-WA0058.jpg\",\"datePublished\":\"2026-01-22T04:22:08+00:00\",\"breadcrumb\":{\"@id\":\"https:\/\/eticacomunica.com.mx\/?p=31107#breadcrumb\"},\"inLanguage\":\"es\",\"potentialAction\":[{\"@type\":\"ReadAction\",\"target\":[\"https:\/\/eticacomunica.com.mx\/?p=31107\"]}]},{\"@type\":\"ImageObject\",\"inLanguage\":\"es\",\"@id\":\"https:\/\/eticacomunica.com.mx\/?p=31107#primaryimage\",\"url\":\"https:\/\/eticacomunica.com.mx\/wp-content\/uploads\/2026\/01\/IMG-20260121-WA0058.jpg\",\"contentUrl\":\"https:\/\/eticacomunica.com.mx\/wp-content\/uploads\/2026\/01\/IMG-20260121-WA0058.jpg\",\"width\":1280,\"height\":853},{\"@type\":\"BreadcrumbList\",\"@id\":\"https:\/\/eticacomunica.com.mx\/?p=31107#breadcrumb\",\"itemListElement\":[{\"@type\":\"ListItem\",\"position\":1,\"name\":\"Inicio\",\"item\":\"https:\/\/eticacomunica.com.mx\/\"},{\"@type\":\"ListItem\",\"position\":2,\"name\":\"En 2025, Sinaloa se adhiri\u00f3 a la Estrategia Nacional de Seguridad P\u00fablica fortaleciendo acciones por la seguridad de la poblaci\u00f3n\"}]},{\"@type\":\"WebSite\",\"@id\":\"https:\/\/eticacomunica.com.mx\/#website\",\"url\":\"https:\/\/eticacomunica.com.mx\/\",\"name\":\"\u00c9tica Comunica\",\"description\":\"Diario Digital\",\"publisher\":{\"@id\":\"https:\/\/eticacomunica.com.mx\/#organization\"},\"potentialAction\":[{\"@type\":\"SearchAction\",\"target\":{\"@type\":\"EntryPoint\",\"urlTemplate\":\"https:\/\/eticacomunica.com.mx\/?s={search_term_string}\"},\"query-input\":{\"@type\":\"PropertyValueSpecification\",\"valueRequired\":true,\"valueName\":\"search_term_string\"}}],\"inLanguage\":\"es\"},{\"@type\":\"Organization\",\"@id\":\"https:\/\/eticacomunica.com.mx\/#organization\",\"name\":\"Diarios Digitales de Sinaloa\",\"url\":\"https:\/\/eticacomunica.com.mx\/\",\"logo\":{\"@type\":\"ImageObject\",\"inLanguage\":\"es\",\"@id\":\"https:\/\/eticacomunica.com.mx\/#\/schema\/logo\/image\/\",\"url\":\"https:\/\/eticacomunica.com.mx\/wp-content\/uploads\/2023\/10\/etica-logo.png\",\"contentUrl\":\"https:\/\/eticacomunica.com.mx\/wp-content\/uploads\/2023\/10\/etica-logo.png\",\"width\":1280,\"height\":432,\"caption\":\"Diarios Digitales de Sinaloa\"},\"image\":{\"@id\":\"https:\/\/eticacomunica.com.mx\/#\/schema\/logo\/image\/\"},\"sameAs\":[\"https:\/\/www.facebook.com\/eticacomunica\"]},{\"@type\":\"Person\",\"@id\":\"https:\/\/eticacomunica.com.mx\/#\/schema\/person\/2cacc47bd17fe8ad92f08c0313d22fa6\",\"name\":\"etica\",\"image\":{\"@type\":\"ImageObject\",\"inLanguage\":\"es\",\"@id\":\"https:\/\/secure.gravatar.com\/avatar\/dfb45d32bc7097f8f06d6e4f6e6b387e7cb8fd5b3a2869265c40587ab62cab1e?s=96&d=mm&r=g\",\"url\":\"https:\/\/secure.gravatar.com\/avatar\/dfb45d32bc7097f8f06d6e4f6e6b387e7cb8fd5b3a2869265c40587ab62cab1e?s=96&d=mm&r=g\",\"contentUrl\":\"https:\/\/secure.gravatar.com\/avatar\/dfb45d32bc7097f8f06d6e4f6e6b387e7cb8fd5b3a2869265c40587ab62cab1e?s=96&d=mm&r=g\",\"caption\":\"etica\"},\"sameAs\":[\"https:\/\/eticacomunica.com.mx\"],\"url\":\"https:\/\/eticacomunica.com.mx\/?author=1\"}]}<\/script>\n<!-- \/ Yoast SEO plugin. -->","yoast_head_json":{"title":"En 2025, Sinaloa se adhiri\u00f3 a la Estrategia Nacional de Seguridad P\u00fablica fortaleciendo acciones por la seguridad de la poblaci\u00f3n - \u00c9tica Comunica","robots":{"index":"index","follow":"follow","max-snippet":"max-snippet:-1","max-image-preview":"max-image-preview:large","max-video-preview":"max-video-preview:-1"},"canonical":"https:\/\/eticacomunica.com.mx\/?p=31107","og_locale":"es_MX","og_type":"article","og_title":"En 2025, Sinaloa se adhiri\u00f3 a la Estrategia Nacional de Seguridad P\u00fablica fortaleciendo acciones por la seguridad de la poblaci\u00f3n - \u00c9tica Comunica","og_description":"Al comparecer ante el Congreso del Estado, el Secretario de Seguridad P\u00fablica en Sinaloa, \u00d3scar Renter\u00eda Schazarino destac\u00f3 la realizaci\u00f3n de operativos para la reactivaci\u00f3n econ\u00f3mica en la entidad. Culiac\u00e1n,&hellip;","og_url":"https:\/\/eticacomunica.com.mx\/?p=31107","og_site_name":"\u00c9tica Comunica","article_publisher":"https:\/\/www.facebook.com\/eticacomunica","article_published_time":"2026-01-22T04:22:08+00:00","og_image":[{"width":1280,"height":853,"url":"https:\/\/eticacomunica.com.mx\/wp-content\/uploads\/2026\/01\/IMG-20260121-WA0058.jpg","type":"image\/jpeg"}],"author":"etica","twitter_card":"summary_large_image","twitter_misc":{"Escrito por":"etica","Tiempo de lectura":"4 minutos"},"schema":{"@context":"https:\/\/schema.org","@graph":[{"@type":"Article","@id":"https:\/\/eticacomunica.com.mx\/?p=31107#article","isPartOf":{"@id":"https:\/\/eticacomunica.com.mx\/?p=31107"},"author":{"name":"etica","@id":"https:\/\/eticacomunica.com.mx\/#\/schema\/person\/2cacc47bd17fe8ad92f08c0313d22fa6"},"headline":"En 2025, Sinaloa se adhiri\u00f3 a la Estrategia Nacional de Seguridad P\u00fablica fortaleciendo acciones por la seguridad de la poblaci\u00f3n","datePublished":"2026-01-22T04:22:08+00:00","mainEntityOfPage":{"@id":"https:\/\/eticacomunica.com.mx\/?p=31107"},"wordCount":908,"commentCount":0,"publisher":{"@id":"https:\/\/eticacomunica.com.mx\/#organization"},"image":{"@id":"https:\/\/eticacomunica.com.mx\/?p=31107#primaryimage"},"thumbnailUrl":"https:\/\/eticacomunica.com.mx\/wp-content\/uploads\/2026\/01\/IMG-20260121-WA0058.jpg","keywords":["Gobierno del Estado de Sinaloa"],"articleSection":["Seguridad"],"inLanguage":"es","potentialAction":[{"@type":"CommentAction","name":"Comment","target":["https:\/\/eticacomunica.com.mx\/?p=31107#respond"]}]},{"@type":"WebPage","@id":"https:\/\/eticacomunica.com.mx\/?p=31107","url":"https:\/\/eticacomunica.com.mx\/?p=31107","name":"En 2025, Sinaloa se adhiri\u00f3 a la Estrategia Nacional de Seguridad P\u00fablica fortaleciendo acciones por la seguridad de la poblaci\u00f3n - \u00c9tica Comunica","isPartOf":{"@id":"https:\/\/eticacomunica.com.mx\/#website"},"primaryImageOfPage":{"@id":"https:\/\/eticacomunica.com.mx\/?p=31107#primaryimage"},"image":{"@id":"https:\/\/eticacomunica.com.mx\/?p=31107#primaryimage"},"thumbnailUrl":"https:\/\/eticacomunica.com.mx\/wp-content\/uploads\/2026\/01\/IMG-20260121-WA0058.jpg","datePublished":"2026-01-22T04:22:08+00:00","breadcrumb":{"@id":"https:\/\/eticacomunica.com.mx\/?p=31107#breadcrumb"},"inLanguage":"es","potentialAction":[{"@type":"ReadAction","target":["https:\/\/eticacomunica.com.mx\/?p=31107"]}]},{"@type":"ImageObject","inLanguage":"es","@id":"https:\/\/eticacomunica.com.mx\/?p=31107#primaryimage","url":"https:\/\/eticacomunica.com.mx\/wp-content\/uploads\/2026\/01\/IMG-20260121-WA0058.jpg","contentUrl":"https:\/\/eticacomunica.com.mx\/wp-content\/uploads\/2026\/01\/IMG-20260121-WA0058.jpg","width":1280,"height":853},{"@type":"BreadcrumbList","@id":"https:\/\/eticacomunica.com.mx\/?p=31107#breadcrumb","itemListElement":[{"@type":"ListItem","position":1,"name":"Inicio","item":"https:\/\/eticacomunica.com.mx\/"},{"@type":"ListItem","position":2,"name":"En 2025, Sinaloa se adhiri\u00f3 a la Estrategia Nacional de Seguridad P\u00fablica fortaleciendo acciones por la seguridad de la poblaci\u00f3n"}]},{"@type":"WebSite","@id":"https:\/\/eticacomunica.com.mx\/#website","url":"https:\/\/eticacomunica.com.mx\/","name":"\u00c9tica Comunica","description":"Diario Digital","publisher":{"@id":"https:\/\/eticacomunica.com.mx\/#organization"},"potentialAction":[{"@type":"SearchAction","target":{"@type":"EntryPoint","urlTemplate":"https:\/\/eticacomunica.com.mx\/?s={search_term_string}"},"query-input":{"@type":"PropertyValueSpecification","valueRequired":true,"valueName":"search_term_string"}}],"inLanguage":"es"},{"@type":"Organization","@id":"https:\/\/eticacomunica.com.mx\/#organization","name":"Diarios Digitales de Sinaloa","url":"https:\/\/eticacomunica.com.mx\/","logo":{"@type":"ImageObject","inLanguage":"es","@id":"https:\/\/eticacomunica.com.mx\/#\/schema\/logo\/image\/","url":"https:\/\/eticacomunica.com.mx\/wp-content\/uploads\/2023\/10\/etica-logo.png","contentUrl":"https:\/\/eticacomunica.com.mx\/wp-content\/uploads\/2023\/10\/etica-logo.png","width":1280,"height":432,"caption":"Diarios Digitales de Sinaloa"},"image":{"@id":"https:\/\/eticacomunica.com.mx\/#\/schema\/logo\/image\/"},"sameAs":["https:\/\/www.facebook.com\/eticacomunica"]},{"@type":"Person","@id":"https:\/\/eticacomunica.com.mx\/#\/schema\/person\/2cacc47bd17fe8ad92f08c0313d22fa6","name":"etica","image":{"@type":"ImageObject","inLanguage":"es","@id":"https:\/\/secure.gravatar.com\/avatar\/dfb45d32bc7097f8f06d6e4f6e6b387e7cb8fd5b3a2869265c40587ab62cab1e?s=96&d=mm&r=g","url":"https:\/\/secure.gravatar.com\/avatar\/dfb45d32bc7097f8f06d6e4f6e6b387e7cb8fd5b3a2869265c40587ab62cab1e?s=96&d=mm&r=g","contentUrl":"https:\/\/secure.gravatar.com\/avatar\/dfb45d32bc7097f8f06d6e4f6e6b387e7cb8fd5b3a2869265c40587ab62cab1e?s=96&d=mm&r=g","caption":"etica"},"sameAs":["https:\/\/eticacomunica.com.mx"],"url":"https:\/\/eticacomunica.com.mx\/?author=1"}]}},"jetpack_publicize_connections":[],"jetpack_featured_media_url":"https:\/\/eticacomunica.com.mx\/wp-content\/uploads\/2026\/01\/IMG-20260121-WA0058.jpg","jetpack_sharing_enabled":true,"_links":{"self":[{"href":"https:\/\/eticacomunica.com.mx\/index.php?rest_route=\/wp\/v2\/posts\/31107","targetHints":{"allow":["GET"]}}],"collection":[{"href":"https:\/\/eticacomunica.com.mx\/index.php?rest_route=\/wp\/v2\/posts"}],"about":[{"href":"https:\/\/eticacomunica.com.mx\/index.php?rest_route=\/wp\/v2\/types\/post"}],"author":[{"embeddable":true,"href":"https:\/\/eticacomunica.com.mx\/index.php?rest_route=\/wp\/v2\/users\/1"}],"replies":[{"embeddable":true,"href":"https:\/\/eticacomunica.com.mx\/index.php?rest_route=%2Fwp%2Fv2%2Fcomments&post=31107"}],"version-history":[{"count":0,"href":"https:\/\/eticacomunica.com.mx\/index.php?rest_route=\/wp\/v2\/posts\/31107\/revisions"}],"wp:featuredmedia":[{"embeddable":true,"href":"https:\/\/eticacomunica.com.mx\/index.php?rest_route=\/wp\/v2\/media\/31106"}],"wp:attachment":[{"href":"https:\/\/eticacomunica.com.mx\/index.php?rest_route=%2Fwp%2Fv2%2Fmedia&parent=31107"}],"wp:term":[{"taxonomy":"category","embeddable":true,"href":"https:\/\/eticacomunica.com.mx\/index.php?rest_route=%2Fwp%2Fv2%2Fcategories&post=31107"},{"taxonomy":"post_tag","embeddable":true,"href":"https:\/\/eticacomunica.com.mx\/index.php?rest_route=%2Fwp%2Fv2%2Ftags&post=31107"}],"curies":[{"name":"wp","href":"https:\/\/api.w.org\/{rel}","templated":true}]}}