{"id":31109,"date":"2026-01-21T21:30:53","date_gmt":"2026-01-22T04:30:53","guid":{"rendered":"https:\/\/eticacomunica.com.mx\/?p=31109"},"modified":"2026-01-21T21:30:53","modified_gmt":"2026-01-22T04:30:53","slug":"gobierno-de-sinaloa-refrenda-su-apoyo-y-acompanamiento-al-proyecto-pacifico-mexinol-en-reunion-con-directivos-e-instituciones-financieras-internacionales","status":"publish","type":"post","link":"https:\/\/eticacomunica.com.mx\/?p=31109","title":{"rendered":"Gobierno de Sinaloa refrenda su apoyo y acompa\u00f1amiento al proyecto Pac\u00edfico Mexinol en reuni\u00f3n con directivos e instituciones financieras internacionales."},"content":{"rendered":"\n<p>El Secretario de Econom\u00eda, Feliciano Castro Mel\u00e9ndrez, en representaci\u00f3n del Gobernador Rub\u00e9n Rocha Moya, agradeci\u00f3 la confianza de inversionistas e instituciones financieras en Sinaloa. El proyecto representa una inversi\u00f3n de 3,300 millones de d\u00f3lares y generar\u00e1 importantes oportunidades de empleo para las y los sinaloenses.<\/p>\n\n\n\n<p><br>Los Mochis, Sinaloa, 21 de enero de 2026 \u2014 En reuni\u00f3n con directivos de Pac\u00edfico Mexinol e instituciones financieras internacionales, el Secretario de Econom\u00eda, Feliciano Castro Mel\u00e9ndrez, refrend\u00f3 el compromiso del Gobierno de Sinaloa de brindar acompa\u00f1amiento y facilidades para la continuidad de este proyecto estrat\u00e9gico de inversi\u00f3n, que contribuir\u00e1 al desarrollo econ\u00f3mico del estado y a la generaci\u00f3n de mejores oportunidades de empleo para las y los sinaloenses.<br><br>Durante el encuentro, el titular de la Secretar\u00eda de Econom\u00eda, quien acudi\u00f3 en representaci\u00f3n del Gobernador del Estado, Rub\u00e9n Rocha Moya, agradeci\u00f3 a los inversionistas y a las instituciones financieras por la confianza que depositan en Sinaloa, destacando la relevancia de este proyecto para el desarrollo regional y nacional. Asimismo, subray\u00f3 la gran oportunidad que representa para el norte del estado la designaci\u00f3n de Topolobampo como uno de los 14 nuevos Polos de Desarrollo Econ\u00f3mico para el Bienestar, anunciada recientemente por la presidenta de la Rep\u00fablica, Claudia Sheinbaum.<br>En este contexto, reiter\u00f3 el respaldo del Gobierno del Estado a Pac\u00edfico Mexinol, proyecto que contempla una inversi\u00f3n de 3,300 millones de d\u00f3lares y que iniciar\u00e1 su etapa de construcci\u00f3n en 2026, generando una importante derrama econ\u00f3mica para las empresas locales y nuevas oportunidades de empleo para la poblaci\u00f3n sinaloense.<br><br>En la reuni\u00f3n tambi\u00e9n particip\u00f3 el Presidente Municipal de Ahome, Antonio Men\u00e9ndez, quien, junto con el Secretario de Econom\u00eda, coincidi\u00f3 en la disposici\u00f3n de mantener una estrecha coordinaci\u00f3n institucional, dada la importancia del proyecto para el desarrollo econ\u00f3mico de la regi\u00f3n, la confianza de la inversi\u00f3n internacional y el fortalecimiento de la cooperaci\u00f3n bilateral entre M\u00e9xico y Estados Unidos.<br>Pac\u00edfico Mexinol es desarrollado por Transition Industries LLC, empresa especializada en proyectos de metanol e hidr\u00f3geno de clase mundial. El proyecto est\u00e1 concebido para convertirse en la mayor instalaci\u00f3n independiente de producci\u00f3n qu\u00edmica de ultra bajas emisiones de carbono a nivel global, con una capacidad de producci\u00f3n de 6,130 toneladas m\u00e9tricas de metanol por d\u00eda.<br><br>\u201cContinuamos dialogando con las partes interesadas para asegurar los m\u00e1s de 3,300 millones de d\u00f3lares requeridos para esta inversi\u00f3n productiva. Anticipamos concretar los compromisos finales durante el segundo trimestre de 2026, a fin de cumplir con nuestro objetivo de iniciar operaciones en 2029\u201d, se\u00f1al\u00f3 Rommel Gallo, CEO de Transition Industries. \u201cAgradecemos el apoyo continuo de nuestros aliados en Ahome y Sinaloa por ofrecer una plataforma institucional s\u00f3lida y un entorno favorable para los actores internacionales.\u201d<br><br>Como parte de la visita, Mexinol convoc\u00f3 a una sesi\u00f3n estrat\u00e9gica de trabajo con el Consejo para el Desarrollo Econ\u00f3mico de Sinaloa (CODESIN), el Instituto Municipal de Planeaci\u00f3n (IMPLAN), el Equipo de Desarrollo Econ\u00f3mico de Ahome y la Universidad Aut\u00f3noma de Sinaloa (UAS), con el objetivo de dialogar sobre la participaci\u00f3n del proyecto en las prioridades de desarrollo local y regional, incluyendo la preparaci\u00f3n de la fuerza laboral, la integraci\u00f3n de cadenas de suministro regionales y la generaci\u00f3n de valor compartido de largo plazo.<br><br>Asimismo, Pac\u00edfico Mexinol llev\u00f3 a cabo una visita al sitio del proyecto con potenciales instituciones financieras internacionales y multilaterales, con la participaci\u00f3n de representantes de Estados Unidos, Corea del Sur, Italia y M\u00e9xico. Tambi\u00e9n asistieron representantes del Municipio de Ahome, as\u00ed como l\u00edderes del sector acad\u00e9mico y del ecosistema empresarial, quienes destacaron el papel de la inversi\u00f3n privada en la construcci\u00f3n de oportunidades econ\u00f3micas de largo plazo en Sinaloa.<br><br>La agenda incluy\u00f3 la inspecci\u00f3n del \u00e1rea donde Mexinol patrocinar\u00e1 la modernizaci\u00f3n de los sistemas de recolecci\u00f3n de aguas residuales de JAPAMA, como parte de su Programa de Buen Vecino y su iniciativa de Inversi\u00f3n Comunitaria Estrat\u00e9gica. Esta mejora permitir\u00e1 canalizar un mayor volumen de aguas residuales desde Los Mochis hacia las lagunas de oxidaci\u00f3n, reduciendo el riesgo de descargas sin tratamiento hacia la Bah\u00eda de Ohuira. Los potenciales inversionistas tambi\u00e9n visitaron las comunidades donde Mexinol desarrollar\u00e1 sus operaciones.<br><br>Para reforzar est\u00e1ndares de gobernanza de clase mundial y generar confianza institucional, la visita concluy\u00f3 con una sesi\u00f3n integral de cierre y preguntas y respuestas, orientada a atender inquietudes de manera directa, aclarar aspectos t\u00e9cnicos y financieros, y reafirmar el compromiso de Mexinol con la transparencia y la rendici\u00f3n de cuentas durante el desarrollo y ejecuci\u00f3n del proyecto.<br><br>Finalmente, se destac\u00f3 la importancia de ampliar la inversi\u00f3n mediante una colaboraci\u00f3n estructurada entre el sector privado y los gobiernos federal y estatal, en alineaci\u00f3n con los Polos de Desarrollo Econ\u00f3mico para el Bienestar (PODECOBI), que buscan impulsar la actividad productiva, generar empleo digno y mejorar la calidad de vida a trav\u00e9s de una estrategia de inversi\u00f3n, innovaci\u00f3n y planeaci\u00f3n territorial con enfoque de justicia social y sostenibilidad.<br><br>Topolobampo representa una oportunidad estrat\u00e9gica para atraer inversi\u00f3n alineada con los objetivos nacionales de desarrollo industrial y fortalecer la competitividad econ\u00f3mica de largo plazo, en el marco de los Polos de Desarrollo Econ\u00f3mico para el Bienestar.<br><br>En el punto m\u00e1ximo de construcci\u00f3n, se estima que el proyecto genere m\u00e1s de 6,000 empleos directos e indirectos, mientras que durante su operaci\u00f3n se crear\u00e1n aproximadamente 450 empleos directos e indirectos. Pac\u00edfico Mexinol prev\u00e9 iniciar en los pr\u00f3ximos meses una serie de obras tempranas que respaldan su calendario de ejecuci\u00f3n.<\/p>\n","protected":false},"excerpt":{"rendered":"<p>El Secretario de Econom\u00eda, Feliciano Castro Mel\u00e9ndrez, en representaci\u00f3n del Gobernador Rub\u00e9n Rocha Moya, agradeci\u00f3 la confianza de inversionistas e instituciones financieras en Sinaloa. El proyecto representa una inversi\u00f3n de&hellip;<\/p>\n","protected":false},"author":1,"featured_media":31108,"comment_status":"open","ping_status":"open","sticky":false,"template":"","format":"standard","meta":{"_jetpack_memberships_contains_paid_content":false,"footnotes":"","jetpack_publicize_message":"","jetpack_publicize_feature_enabled":true,"jetpack_social_post_already_shared":true,"jetpack_social_options":{"image_generator_settings":{"template":"highway","default_image_id":0,"font":"","enabled":false},"version":2}},"categories":[52],"tags":[34],"class_list":["post-31109","post","type-post","status-publish","format-standard","has-post-thumbnail","hentry","category-subportada","tag-gobierno-del-estado-de-sinaloa"],"yoast_head":"<!-- This site is optimized with the Yoast SEO plugin v27.2 - https:\/\/yoast.com\/product\/yoast-seo-wordpress\/ -->\n<title>Gobierno de Sinaloa refrenda su apoyo y acompa\u00f1amiento al proyecto Pac\u00edfico Mexinol en reuni\u00f3n con directivos e instituciones financieras internacionales. - \u00c9tica Comunica<\/title>\n<meta name=\"robots\" content=\"index, follow, max-snippet:-1, max-image-preview:large, max-video-preview:-1\" \/>\n<link rel=\"canonical\" href=\"https:\/\/eticacomunica.com.mx\/?p=31109\" \/>\n<meta property=\"og:locale\" content=\"es_MX\" \/>\n<meta property=\"og:type\" content=\"article\" \/>\n<meta property=\"og:title\" content=\"Gobierno de Sinaloa refrenda su apoyo y acompa\u00f1amiento al proyecto Pac\u00edfico Mexinol en reuni\u00f3n con directivos e instituciones financieras internacionales. - \u00c9tica Comunica\" \/>\n<meta property=\"og:description\" content=\"El Secretario de Econom\u00eda, Feliciano Castro Mel\u00e9ndrez, en representaci\u00f3n del Gobernador Rub\u00e9n Rocha Moya, agradeci\u00f3 la confianza de inversionistas e instituciones financieras en Sinaloa. El proyecto representa una inversi\u00f3n de&hellip;\" \/>\n<meta property=\"og:url\" content=\"https:\/\/eticacomunica.com.mx\/?p=31109\" \/>\n<meta property=\"og:site_name\" content=\"\u00c9tica Comunica\" \/>\n<meta property=\"article:publisher\" content=\"https:\/\/www.facebook.com\/eticacomunica\" \/>\n<meta property=\"article:published_time\" content=\"2026-01-22T04:30:53+00:00\" \/>\n<meta property=\"og:image\" content=\"https:\/\/eticacomunica.com.mx\/wp-content\/uploads\/2026\/01\/IMG-20260121-WA0060.jpg\" \/>\n\t<meta property=\"og:image:width\" content=\"1600\" \/>\n\t<meta property=\"og:image:height\" content=\"1199\" \/>\n\t<meta property=\"og:image:type\" content=\"image\/jpeg\" \/>\n<meta name=\"author\" content=\"etica\" \/>\n<meta name=\"twitter:card\" content=\"summary_large_image\" \/>\n<meta name=\"twitter:label1\" content=\"Escrito por\" \/>\n\t<meta name=\"twitter:data1\" content=\"etica\" \/>\n\t<meta name=\"twitter:label2\" content=\"Tiempo de lectura\" \/>\n\t<meta name=\"twitter:data2\" content=\"5 minutos\" \/>\n<script type=\"application\/ld+json\" class=\"yoast-schema-graph\">{\"@context\":\"https:\/\/schema.org\",\"@graph\":[{\"@type\":\"Article\",\"@id\":\"https:\/\/eticacomunica.com.mx\/?p=31109#article\",\"isPartOf\":{\"@id\":\"https:\/\/eticacomunica.com.mx\/?p=31109\"},\"author\":{\"name\":\"etica\",\"@id\":\"https:\/\/eticacomunica.com.mx\/#\/schema\/person\/2cacc47bd17fe8ad92f08c0313d22fa6\"},\"headline\":\"Gobierno de Sinaloa refrenda su apoyo y acompa\u00f1amiento al proyecto Pac\u00edfico Mexinol en reuni\u00f3n con directivos e instituciones financieras internacionales.\",\"datePublished\":\"2026-01-22T04:30:53+00:00\",\"mainEntityOfPage\":{\"@id\":\"https:\/\/eticacomunica.com.mx\/?p=31109\"},\"wordCount\":1000,\"commentCount\":0,\"publisher\":{\"@id\":\"https:\/\/eticacomunica.com.mx\/#organization\"},\"image\":{\"@id\":\"https:\/\/eticacomunica.com.mx\/?p=31109#primaryimage\"},\"thumbnailUrl\":\"https:\/\/eticacomunica.com.mx\/wp-content\/uploads\/2026\/01\/IMG-20260121-WA0060.jpg\",\"keywords\":[\"Gobierno del Estado de Sinaloa\"],\"articleSection\":[\"Subportada\"],\"inLanguage\":\"es\",\"potentialAction\":[{\"@type\":\"CommentAction\",\"name\":\"Comment\",\"target\":[\"https:\/\/eticacomunica.com.mx\/?p=31109#respond\"]}]},{\"@type\":\"WebPage\",\"@id\":\"https:\/\/eticacomunica.com.mx\/?p=31109\",\"url\":\"https:\/\/eticacomunica.com.mx\/?p=31109\",\"name\":\"Gobierno de Sinaloa refrenda su apoyo y acompa\u00f1amiento al proyecto Pac\u00edfico Mexinol en reuni\u00f3n con directivos e instituciones financieras internacionales. - \u00c9tica Comunica\",\"isPartOf\":{\"@id\":\"https:\/\/eticacomunica.com.mx\/#website\"},\"primaryImageOfPage\":{\"@id\":\"https:\/\/eticacomunica.com.mx\/?p=31109#primaryimage\"},\"image\":{\"@id\":\"https:\/\/eticacomunica.com.mx\/?p=31109#primaryimage\"},\"thumbnailUrl\":\"https:\/\/eticacomunica.com.mx\/wp-content\/uploads\/2026\/01\/IMG-20260121-WA0060.jpg\",\"datePublished\":\"2026-01-22T04:30:53+00:00\",\"breadcrumb\":{\"@id\":\"https:\/\/eticacomunica.com.mx\/?p=31109#breadcrumb\"},\"inLanguage\":\"es\",\"potentialAction\":[{\"@type\":\"ReadAction\",\"target\":[\"https:\/\/eticacomunica.com.mx\/?p=31109\"]}]},{\"@type\":\"ImageObject\",\"inLanguage\":\"es\",\"@id\":\"https:\/\/eticacomunica.com.mx\/?p=31109#primaryimage\",\"url\":\"https:\/\/eticacomunica.com.mx\/wp-content\/uploads\/2026\/01\/IMG-20260121-WA0060.jpg\",\"contentUrl\":\"https:\/\/eticacomunica.com.mx\/wp-content\/uploads\/2026\/01\/IMG-20260121-WA0060.jpg\",\"width\":1600,\"height\":1199},{\"@type\":\"BreadcrumbList\",\"@id\":\"https:\/\/eticacomunica.com.mx\/?p=31109#breadcrumb\",\"itemListElement\":[{\"@type\":\"ListItem\",\"position\":1,\"name\":\"Inicio\",\"item\":\"https:\/\/eticacomunica.com.mx\/\"},{\"@type\":\"ListItem\",\"position\":2,\"name\":\"Gobierno de Sinaloa refrenda su apoyo y acompa\u00f1amiento al proyecto Pac\u00edfico Mexinol en reuni\u00f3n con directivos e instituciones financieras internacionales.\"}]},{\"@type\":\"WebSite\",\"@id\":\"https:\/\/eticacomunica.com.mx\/#website\",\"url\":\"https:\/\/eticacomunica.com.mx\/\",\"name\":\"\u00c9tica Comunica\",\"description\":\"Diario Digital\",\"publisher\":{\"@id\":\"https:\/\/eticacomunica.com.mx\/#organization\"},\"potentialAction\":[{\"@type\":\"SearchAction\",\"target\":{\"@type\":\"EntryPoint\",\"urlTemplate\":\"https:\/\/eticacomunica.com.mx\/?s={search_term_string}\"},\"query-input\":{\"@type\":\"PropertyValueSpecification\",\"valueRequired\":true,\"valueName\":\"search_term_string\"}}],\"inLanguage\":\"es\"},{\"@type\":\"Organization\",\"@id\":\"https:\/\/eticacomunica.com.mx\/#organization\",\"name\":\"Diarios Digitales de Sinaloa\",\"url\":\"https:\/\/eticacomunica.com.mx\/\",\"logo\":{\"@type\":\"ImageObject\",\"inLanguage\":\"es\",\"@id\":\"https:\/\/eticacomunica.com.mx\/#\/schema\/logo\/image\/\",\"url\":\"https:\/\/eticacomunica.com.mx\/wp-content\/uploads\/2023\/10\/etica-logo.png\",\"contentUrl\":\"https:\/\/eticacomunica.com.mx\/wp-content\/uploads\/2023\/10\/etica-logo.png\",\"width\":1280,\"height\":432,\"caption\":\"Diarios Digitales de Sinaloa\"},\"image\":{\"@id\":\"https:\/\/eticacomunica.com.mx\/#\/schema\/logo\/image\/\"},\"sameAs\":[\"https:\/\/www.facebook.com\/eticacomunica\"]},{\"@type\":\"Person\",\"@id\":\"https:\/\/eticacomunica.com.mx\/#\/schema\/person\/2cacc47bd17fe8ad92f08c0313d22fa6\",\"name\":\"etica\",\"image\":{\"@type\":\"ImageObject\",\"inLanguage\":\"es\",\"@id\":\"https:\/\/secure.gravatar.com\/avatar\/dfb45d32bc7097f8f06d6e4f6e6b387e7cb8fd5b3a2869265c40587ab62cab1e?s=96&d=mm&r=g\",\"url\":\"https:\/\/secure.gravatar.com\/avatar\/dfb45d32bc7097f8f06d6e4f6e6b387e7cb8fd5b3a2869265c40587ab62cab1e?s=96&d=mm&r=g\",\"contentUrl\":\"https:\/\/secure.gravatar.com\/avatar\/dfb45d32bc7097f8f06d6e4f6e6b387e7cb8fd5b3a2869265c40587ab62cab1e?s=96&d=mm&r=g\",\"caption\":\"etica\"},\"sameAs\":[\"https:\/\/eticacomunica.com.mx\"],\"url\":\"https:\/\/eticacomunica.com.mx\/?author=1\"}]}<\/script>\n<!-- \/ Yoast SEO plugin. -->","yoast_head_json":{"title":"Gobierno de Sinaloa refrenda su apoyo y acompa\u00f1amiento al proyecto Pac\u00edfico Mexinol en reuni\u00f3n con directivos e instituciones financieras internacionales. - \u00c9tica Comunica","robots":{"index":"index","follow":"follow","max-snippet":"max-snippet:-1","max-image-preview":"max-image-preview:large","max-video-preview":"max-video-preview:-1"},"canonical":"https:\/\/eticacomunica.com.mx\/?p=31109","og_locale":"es_MX","og_type":"article","og_title":"Gobierno de Sinaloa refrenda su apoyo y acompa\u00f1amiento al proyecto Pac\u00edfico Mexinol en reuni\u00f3n con directivos e instituciones financieras internacionales. - \u00c9tica Comunica","og_description":"El Secretario de Econom\u00eda, Feliciano Castro Mel\u00e9ndrez, en representaci\u00f3n del Gobernador Rub\u00e9n Rocha Moya, agradeci\u00f3 la confianza de inversionistas e instituciones financieras en Sinaloa. El proyecto representa una inversi\u00f3n de&hellip;","og_url":"https:\/\/eticacomunica.com.mx\/?p=31109","og_site_name":"\u00c9tica Comunica","article_publisher":"https:\/\/www.facebook.com\/eticacomunica","article_published_time":"2026-01-22T04:30:53+00:00","og_image":[{"width":1600,"height":1199,"url":"https:\/\/eticacomunica.com.mx\/wp-content\/uploads\/2026\/01\/IMG-20260121-WA0060.jpg","type":"image\/jpeg"}],"author":"etica","twitter_card":"summary_large_image","twitter_misc":{"Escrito por":"etica","Tiempo de lectura":"5 minutos"},"schema":{"@context":"https:\/\/schema.org","@graph":[{"@type":"Article","@id":"https:\/\/eticacomunica.com.mx\/?p=31109#article","isPartOf":{"@id":"https:\/\/eticacomunica.com.mx\/?p=31109"},"author":{"name":"etica","@id":"https:\/\/eticacomunica.com.mx\/#\/schema\/person\/2cacc47bd17fe8ad92f08c0313d22fa6"},"headline":"Gobierno de Sinaloa refrenda su apoyo y acompa\u00f1amiento al proyecto Pac\u00edfico Mexinol en reuni\u00f3n con directivos e instituciones financieras internacionales.","datePublished":"2026-01-22T04:30:53+00:00","mainEntityOfPage":{"@id":"https:\/\/eticacomunica.com.mx\/?p=31109"},"wordCount":1000,"commentCount":0,"publisher":{"@id":"https:\/\/eticacomunica.com.mx\/#organization"},"image":{"@id":"https:\/\/eticacomunica.com.mx\/?p=31109#primaryimage"},"thumbnailUrl":"https:\/\/eticacomunica.com.mx\/wp-content\/uploads\/2026\/01\/IMG-20260121-WA0060.jpg","keywords":["Gobierno del Estado de Sinaloa"],"articleSection":["Subportada"],"inLanguage":"es","potentialAction":[{"@type":"CommentAction","name":"Comment","target":["https:\/\/eticacomunica.com.mx\/?p=31109#respond"]}]},{"@type":"WebPage","@id":"https:\/\/eticacomunica.com.mx\/?p=31109","url":"https:\/\/eticacomunica.com.mx\/?p=31109","name":"Gobierno de Sinaloa refrenda su apoyo y acompa\u00f1amiento al proyecto Pac\u00edfico Mexinol en reuni\u00f3n con directivos e instituciones financieras internacionales. - \u00c9tica Comunica","isPartOf":{"@id":"https:\/\/eticacomunica.com.mx\/#website"},"primaryImageOfPage":{"@id":"https:\/\/eticacomunica.com.mx\/?p=31109#primaryimage"},"image":{"@id":"https:\/\/eticacomunica.com.mx\/?p=31109#primaryimage"},"thumbnailUrl":"https:\/\/eticacomunica.com.mx\/wp-content\/uploads\/2026\/01\/IMG-20260121-WA0060.jpg","datePublished":"2026-01-22T04:30:53+00:00","breadcrumb":{"@id":"https:\/\/eticacomunica.com.mx\/?p=31109#breadcrumb"},"inLanguage":"es","potentialAction":[{"@type":"ReadAction","target":["https:\/\/eticacomunica.com.mx\/?p=31109"]}]},{"@type":"ImageObject","inLanguage":"es","@id":"https:\/\/eticacomunica.com.mx\/?p=31109#primaryimage","url":"https:\/\/eticacomunica.com.mx\/wp-content\/uploads\/2026\/01\/IMG-20260121-WA0060.jpg","contentUrl":"https:\/\/eticacomunica.com.mx\/wp-content\/uploads\/2026\/01\/IMG-20260121-WA0060.jpg","width":1600,"height":1199},{"@type":"BreadcrumbList","@id":"https:\/\/eticacomunica.com.mx\/?p=31109#breadcrumb","itemListElement":[{"@type":"ListItem","position":1,"name":"Inicio","item":"https:\/\/eticacomunica.com.mx\/"},{"@type":"ListItem","position":2,"name":"Gobierno de Sinaloa refrenda su apoyo y acompa\u00f1amiento al proyecto Pac\u00edfico Mexinol en reuni\u00f3n con directivos e instituciones financieras internacionales."}]},{"@type":"WebSite","@id":"https:\/\/eticacomunica.com.mx\/#website","url":"https:\/\/eticacomunica.com.mx\/","name":"\u00c9tica Comunica","description":"Diario Digital","publisher":{"@id":"https:\/\/eticacomunica.com.mx\/#organization"},"potentialAction":[{"@type":"SearchAction","target":{"@type":"EntryPoint","urlTemplate":"https:\/\/eticacomunica.com.mx\/?s={search_term_string}"},"query-input":{"@type":"PropertyValueSpecification","valueRequired":true,"valueName":"search_term_string"}}],"inLanguage":"es"},{"@type":"Organization","@id":"https:\/\/eticacomunica.com.mx\/#organization","name":"Diarios Digitales de Sinaloa","url":"https:\/\/eticacomunica.com.mx\/","logo":{"@type":"ImageObject","inLanguage":"es","@id":"https:\/\/eticacomunica.com.mx\/#\/schema\/logo\/image\/","url":"https:\/\/eticacomunica.com.mx\/wp-content\/uploads\/2023\/10\/etica-logo.png","contentUrl":"https:\/\/eticacomunica.com.mx\/wp-content\/uploads\/2023\/10\/etica-logo.png","width":1280,"height":432,"caption":"Diarios Digitales de Sinaloa"},"image":{"@id":"https:\/\/eticacomunica.com.mx\/#\/schema\/logo\/image\/"},"sameAs":["https:\/\/www.facebook.com\/eticacomunica"]},{"@type":"Person","@id":"https:\/\/eticacomunica.com.mx\/#\/schema\/person\/2cacc47bd17fe8ad92f08c0313d22fa6","name":"etica","image":{"@type":"ImageObject","inLanguage":"es","@id":"https:\/\/secure.gravatar.com\/avatar\/dfb45d32bc7097f8f06d6e4f6e6b387e7cb8fd5b3a2869265c40587ab62cab1e?s=96&d=mm&r=g","url":"https:\/\/secure.gravatar.com\/avatar\/dfb45d32bc7097f8f06d6e4f6e6b387e7cb8fd5b3a2869265c40587ab62cab1e?s=96&d=mm&r=g","contentUrl":"https:\/\/secure.gravatar.com\/avatar\/dfb45d32bc7097f8f06d6e4f6e6b387e7cb8fd5b3a2869265c40587ab62cab1e?s=96&d=mm&r=g","caption":"etica"},"sameAs":["https:\/\/eticacomunica.com.mx"],"url":"https:\/\/eticacomunica.com.mx\/?author=1"}]}},"jetpack_publicize_connections":[],"jetpack_featured_media_url":"https:\/\/eticacomunica.com.mx\/wp-content\/uploads\/2026\/01\/IMG-20260121-WA0060.jpg","jetpack_sharing_enabled":true,"_links":{"self":[{"href":"https:\/\/eticacomunica.com.mx\/index.php?rest_route=\/wp\/v2\/posts\/31109","targetHints":{"allow":["GET"]}}],"collection":[{"href":"https:\/\/eticacomunica.com.mx\/index.php?rest_route=\/wp\/v2\/posts"}],"about":[{"href":"https:\/\/eticacomunica.com.mx\/index.php?rest_route=\/wp\/v2\/types\/post"}],"author":[{"embeddable":true,"href":"https:\/\/eticacomunica.com.mx\/index.php?rest_route=\/wp\/v2\/users\/1"}],"replies":[{"embeddable":true,"href":"https:\/\/eticacomunica.com.mx\/index.php?rest_route=%2Fwp%2Fv2%2Fcomments&post=31109"}],"version-history":[{"count":0,"href":"https:\/\/eticacomunica.com.mx\/index.php?rest_route=\/wp\/v2\/posts\/31109\/revisions"}],"wp:featuredmedia":[{"embeddable":true,"href":"https:\/\/eticacomunica.com.mx\/index.php?rest_route=\/wp\/v2\/media\/31108"}],"wp:attachment":[{"href":"https:\/\/eticacomunica.com.mx\/index.php?rest_route=%2Fwp%2Fv2%2Fmedia&parent=31109"}],"wp:term":[{"taxonomy":"category","embeddable":true,"href":"https:\/\/eticacomunica.com.mx\/index.php?rest_route=%2Fwp%2Fv2%2Fcategories&post=31109"},{"taxonomy":"post_tag","embeddable":true,"href":"https:\/\/eticacomunica.com.mx\/index.php?rest_route=%2Fwp%2Fv2%2Ftags&post=31109"}],"curies":[{"name":"wp","href":"https:\/\/api.w.org\/{rel}","templated":true}]}}