{"id":31113,"date":"2026-01-22T15:06:29","date_gmt":"2026-01-22T22:06:29","guid":{"rendered":"https:\/\/eticacomunica.com.mx\/?p=31113"},"modified":"2026-01-22T15:06:29","modified_gmt":"2026-01-22T22:06:29","slug":"gobierno-de-sinaloa-impulsa-productos-locales-con-exhibidor-camino-comercial-en-tiendas-oxxo","status":"publish","type":"post","link":"https:\/\/eticacomunica.com.mx\/?p=31113","title":{"rendered":"Gobierno de Sinaloa impulsa productos locales con \u201cExhibidor Camino Comercial\u201d en tiendas OXXO"},"content":{"rendered":"\n<p>La estrategia de exhibici\u00f3n y venta de productos sinaloenses en la cadena comercial OXXO busca impulsar su permanencia en el mercado, fortaleciendo la econom\u00eda local y abriendo nuevas oportunidades de comercializaci\u00f3n.<br><br>Culiac\u00e1n, Sinaloa, 22 de enero de 2026.\u2013 Con el objetivo de abrir nuevas oportunidades de mercado para productos sinaloenses en cadenas comerciales, este d\u00eda se llev\u00f3 a cabo la presentaci\u00f3n del \u201cExhibidor Camino Comercial\u201d en tiendas OXXO, un espacio permanente dedicado a exhibir y promover productos elaborados por empresas del estado.<br><br>Actualmente, el \u201cExhibidor Camino Comercial\u201d se encuentra instalado en 174 tiendas OXXO de distintos municipios de Sinaloa, con la participaci\u00f3n de 15 productos sinaloenses, entre los que destacan Chiltep\u00edn El Rey, Chilimoy, Chata, Maymoy y Manglo, los cuales ya se encuentran disponibles para su compra en esta cadena comercial.<br><br>Durante la presentaci\u00f3n, realizada en las instalaciones del Tecnol\u00f3gico de Monterrey, el secretario de Econom\u00eda, Feliciano Castro Mel\u00e9ndrez, agradeci\u00f3 la disposici\u00f3n de la cadena comercial OXXO para exhibir y poner a la venta productos sinaloenses, destacando que este tipo de acciones contribuyen a fortalecer la econom\u00eda local y a impulsar el talento productivo del estado.<br><br>Para el Gobierno de Sinaloa, la incorporaci\u00f3n de productos regionales en tiendas OXXO representa el compromiso de generar pol\u00edticas p\u00fablicas y acciones que promuevan la actividad econ\u00f3mica, fomenten el autoempleo y contribuyan al bienestar de las familias sinaloenses.<br>\u201cEse es el compromiso que asumimos como Gobierno del Estado, porque el emprendimiento genera comunidad; significa cultura, identidad y trabajo cotidiano, que reflejan la forma de ser de un segmento importante de las y los sinaloenses\u201d, subray\u00f3.<br><br>Asimismo, precis\u00f3 que el emprendimiento en Sinaloa avanza para consolidarse como parte de la esencia cultural del estado, se\u00f1alando que su plenitud se alcanza cuando los productos logran comercializarse. \u201cDe ah\u00ed la importancia de la iniciativa de OXXO y la convergencia con un programa como Camino Comercial\u201d, explic\u00f3.<br><br>Por su parte, Elena G\u00e1mez Garc\u00eda, gerente regional de Operaciones de OXXO en Sinaloa, destac\u00f3 que cuando la iniciativa privada, las estrategias de gobierno y el talento local se vinculan, se logran avances significativos y resultados concretos.<br>\u201cEste encuentro tiene un significado muy especial, porque permite compartir c\u00f3mo los compromisos asumidos se convierten en acciones que generan un impacto positivo en las comunidades\u201d, expres\u00f3.<br><br>Indic\u00f3 que la presentaci\u00f3n del \u201cExhibidor Camino Comercial\u201d da seguimiento a los convenios establecidos previamente. \u201cDesde septiembre decidimos colaborar activamente para formar parte del programa Camino Comercial, liderado por la Secretar\u00eda de Econom\u00eda, y hoy los productos sinaloenses ya est\u00e1n presentes en m\u00e1s de 170 tiendas en distintos municipios del estado, acercando el talento local a miles de personas todos los d\u00edas\u201d, se\u00f1al\u00f3.<br>A\u00f1adi\u00f3 que el desarrollo econ\u00f3mico se construye a partir de alianzas que se sostienen en el tiempo y se traducen en resultados tangibles.<br><br>El programa Camino Comercial es una estrategia enfocada en vincular a emprendedores y MiPyMEs sinaloenses con cadenas comerciales estatales y nacionales, con el objetivo de fortalecer la econom\u00eda local y abrir nuevas oportunidades de mercado. A trav\u00e9s de esta iniciativa, se busca que los productos hechos en Sinaloa lleguen a m\u00e1s puntos de venta y se consolide la presencia de las micro, peque\u00f1as y medianas empresas en el mercado formal.<br><br>El \u201cExhibidor Camino Comercial\u201d forma parte de esta estrategia impulsada por la Secretar\u00eda de Econom\u00eda para fortalecer la econom\u00eda local y ampliar las oportunidades de comercializaci\u00f3n de productos sinaloenses.<br>Previo a la presentaci\u00f3n, se llev\u00f3 a cabo el corte de list\u00f3n de los exhibidores con productos regionales.<br><br>En el marco del evento, tambi\u00e9n se realiz\u00f3 el encuentro de negocios \u201cOXXO\u2013MiPyMES: Vinculaci\u00f3n Estrat\u00e9gica, de Emprendedores a Grandes Empresas\u201d, que reuni\u00f3 a directivos de la empresa con empresarios y emprendedores interesados en incorporar sus productos a esta cadena comercial, adem\u00e1s de un panel con casos de \u00e9xito.<br><br>En el evento participaron tambi\u00e9n Mar\u00eda Fernanda Morineo, gerente de Asuntos Corporativos de OXXO Zona Pac\u00edfico; Jos\u00e9 Antonio L\u00f3pez Leyva, gerente de Plaza Culiac\u00e1n Norte de OXXO; Daniel Cota Mel\u00e9ndrez, gerente de Plaza Culiac\u00e1n Sur de OXXO; Fabi\u00e1n Avenda\u00f1o S\u00e1nchez, gerente de Apertura de Tiendas de OXXO; Alberto Guerra Gonz\u00e1lez, director de Negocios del Tecnol\u00f3gico de Monterrey, y Wendy Hern\u00e1ndez, subsecretaria de Fomento Econ\u00f3mico.<\/p>\n","protected":false},"excerpt":{"rendered":"<p>La estrategia de exhibici\u00f3n y venta de productos sinaloenses en la cadena comercial OXXO busca impulsar su permanencia en el mercado, fortaleciendo la econom\u00eda local y abriendo nuevas oportunidades de&hellip;<\/p>\n","protected":false},"author":1,"featured_media":31112,"comment_status":"open","ping_status":"open","sticky":false,"template":"","format":"standard","meta":{"_jetpack_memberships_contains_paid_content":false,"footnotes":"","jetpack_publicize_message":"","jetpack_publicize_feature_enabled":true,"jetpack_social_post_already_shared":true,"jetpack_social_options":{"image_generator_settings":{"template":"highway","default_image_id":0,"font":"","enabled":false},"version":2}},"categories":[24],"tags":[34],"class_list":["post-31113","post","type-post","status-publish","format-standard","has-post-thumbnail","hentry","category-estados","tag-gobierno-del-estado-de-sinaloa"],"yoast_head":"<!-- This site is optimized with the Yoast SEO plugin v27.2 - https:\/\/yoast.com\/product\/yoast-seo-wordpress\/ -->\n<title>Gobierno de Sinaloa impulsa productos locales con \u201cExhibidor Camino Comercial\u201d en tiendas OXXO - \u00c9tica Comunica<\/title>\n<meta name=\"robots\" content=\"index, follow, max-snippet:-1, max-image-preview:large, max-video-preview:-1\" \/>\n<link rel=\"canonical\" href=\"https:\/\/eticacomunica.com.mx\/?p=31113\" \/>\n<meta property=\"og:locale\" content=\"es_MX\" \/>\n<meta property=\"og:type\" content=\"article\" \/>\n<meta property=\"og:title\" content=\"Gobierno de Sinaloa impulsa productos locales con \u201cExhibidor Camino Comercial\u201d en tiendas OXXO - \u00c9tica Comunica\" \/>\n<meta property=\"og:description\" content=\"La estrategia de exhibici\u00f3n y venta de productos sinaloenses en la cadena comercial OXXO busca impulsar su permanencia en el mercado, fortaleciendo la econom\u00eda local y abriendo nuevas oportunidades de&hellip;\" \/>\n<meta property=\"og:url\" content=\"https:\/\/eticacomunica.com.mx\/?p=31113\" \/>\n<meta property=\"og:site_name\" content=\"\u00c9tica Comunica\" \/>\n<meta property=\"article:publisher\" content=\"https:\/\/www.facebook.com\/eticacomunica\" \/>\n<meta property=\"article:published_time\" content=\"2026-01-22T22:06:29+00:00\" \/>\n<meta property=\"og:image\" content=\"https:\/\/eticacomunica.com.mx\/wp-content\/uploads\/2026\/01\/IMG-20260122-WA0036.jpg\" \/>\n\t<meta property=\"og:image:width\" content=\"1280\" \/>\n\t<meta property=\"og:image:height\" content=\"851\" \/>\n\t<meta property=\"og:image:type\" content=\"image\/jpeg\" \/>\n<meta name=\"author\" content=\"etica\" \/>\n<meta name=\"twitter:card\" content=\"summary_large_image\" \/>\n<meta name=\"twitter:label1\" content=\"Escrito por\" \/>\n\t<meta name=\"twitter:data1\" content=\"etica\" \/>\n\t<meta name=\"twitter:label2\" content=\"Tiempo de lectura\" \/>\n\t<meta name=\"twitter:data2\" content=\"4 minutos\" \/>\n<script type=\"application\/ld+json\" class=\"yoast-schema-graph\">{\"@context\":\"https:\/\/schema.org\",\"@graph\":[{\"@type\":\"Article\",\"@id\":\"https:\/\/eticacomunica.com.mx\/?p=31113#article\",\"isPartOf\":{\"@id\":\"https:\/\/eticacomunica.com.mx\/?p=31113\"},\"author\":{\"name\":\"etica\",\"@id\":\"https:\/\/eticacomunica.com.mx\/#\/schema\/person\/2cacc47bd17fe8ad92f08c0313d22fa6\"},\"headline\":\"Gobierno de Sinaloa impulsa productos locales con \u201cExhibidor Camino Comercial\u201d en tiendas OXXO\",\"datePublished\":\"2026-01-22T22:06:29+00:00\",\"mainEntityOfPage\":{\"@id\":\"https:\/\/eticacomunica.com.mx\/?p=31113\"},\"wordCount\":756,\"commentCount\":0,\"publisher\":{\"@id\":\"https:\/\/eticacomunica.com.mx\/#organization\"},\"image\":{\"@id\":\"https:\/\/eticacomunica.com.mx\/?p=31113#primaryimage\"},\"thumbnailUrl\":\"https:\/\/eticacomunica.com.mx\/wp-content\/uploads\/2026\/01\/IMG-20260122-WA0036.jpg\",\"keywords\":[\"Gobierno del Estado de Sinaloa\"],\"articleSection\":[\"Estados\"],\"inLanguage\":\"es\",\"potentialAction\":[{\"@type\":\"CommentAction\",\"name\":\"Comment\",\"target\":[\"https:\/\/eticacomunica.com.mx\/?p=31113#respond\"]}]},{\"@type\":\"WebPage\",\"@id\":\"https:\/\/eticacomunica.com.mx\/?p=31113\",\"url\":\"https:\/\/eticacomunica.com.mx\/?p=31113\",\"name\":\"Gobierno de Sinaloa impulsa productos locales con \u201cExhibidor Camino Comercial\u201d en tiendas OXXO - \u00c9tica Comunica\",\"isPartOf\":{\"@id\":\"https:\/\/eticacomunica.com.mx\/#website\"},\"primaryImageOfPage\":{\"@id\":\"https:\/\/eticacomunica.com.mx\/?p=31113#primaryimage\"},\"image\":{\"@id\":\"https:\/\/eticacomunica.com.mx\/?p=31113#primaryimage\"},\"thumbnailUrl\":\"https:\/\/eticacomunica.com.mx\/wp-content\/uploads\/2026\/01\/IMG-20260122-WA0036.jpg\",\"datePublished\":\"2026-01-22T22:06:29+00:00\",\"breadcrumb\":{\"@id\":\"https:\/\/eticacomunica.com.mx\/?p=31113#breadcrumb\"},\"inLanguage\":\"es\",\"potentialAction\":[{\"@type\":\"ReadAction\",\"target\":[\"https:\/\/eticacomunica.com.mx\/?p=31113\"]}]},{\"@type\":\"ImageObject\",\"inLanguage\":\"es\",\"@id\":\"https:\/\/eticacomunica.com.mx\/?p=31113#primaryimage\",\"url\":\"https:\/\/eticacomunica.com.mx\/wp-content\/uploads\/2026\/01\/IMG-20260122-WA0036.jpg\",\"contentUrl\":\"https:\/\/eticacomunica.com.mx\/wp-content\/uploads\/2026\/01\/IMG-20260122-WA0036.jpg\",\"width\":1280,\"height\":851},{\"@type\":\"BreadcrumbList\",\"@id\":\"https:\/\/eticacomunica.com.mx\/?p=31113#breadcrumb\",\"itemListElement\":[{\"@type\":\"ListItem\",\"position\":1,\"name\":\"Inicio\",\"item\":\"https:\/\/eticacomunica.com.mx\/\"},{\"@type\":\"ListItem\",\"position\":2,\"name\":\"Gobierno de Sinaloa impulsa productos locales con \u201cExhibidor Camino Comercial\u201d en tiendas OXXO\"}]},{\"@type\":\"WebSite\",\"@id\":\"https:\/\/eticacomunica.com.mx\/#website\",\"url\":\"https:\/\/eticacomunica.com.mx\/\",\"name\":\"\u00c9tica Comunica\",\"description\":\"Diario Digital\",\"publisher\":{\"@id\":\"https:\/\/eticacomunica.com.mx\/#organization\"},\"potentialAction\":[{\"@type\":\"SearchAction\",\"target\":{\"@type\":\"EntryPoint\",\"urlTemplate\":\"https:\/\/eticacomunica.com.mx\/?s={search_term_string}\"},\"query-input\":{\"@type\":\"PropertyValueSpecification\",\"valueRequired\":true,\"valueName\":\"search_term_string\"}}],\"inLanguage\":\"es\"},{\"@type\":\"Organization\",\"@id\":\"https:\/\/eticacomunica.com.mx\/#organization\",\"name\":\"Diarios Digitales de Sinaloa\",\"url\":\"https:\/\/eticacomunica.com.mx\/\",\"logo\":{\"@type\":\"ImageObject\",\"inLanguage\":\"es\",\"@id\":\"https:\/\/eticacomunica.com.mx\/#\/schema\/logo\/image\/\",\"url\":\"https:\/\/eticacomunica.com.mx\/wp-content\/uploads\/2023\/10\/etica-logo.png\",\"contentUrl\":\"https:\/\/eticacomunica.com.mx\/wp-content\/uploads\/2023\/10\/etica-logo.png\",\"width\":1280,\"height\":432,\"caption\":\"Diarios Digitales de Sinaloa\"},\"image\":{\"@id\":\"https:\/\/eticacomunica.com.mx\/#\/schema\/logo\/image\/\"},\"sameAs\":[\"https:\/\/www.facebook.com\/eticacomunica\"]},{\"@type\":\"Person\",\"@id\":\"https:\/\/eticacomunica.com.mx\/#\/schema\/person\/2cacc47bd17fe8ad92f08c0313d22fa6\",\"name\":\"etica\",\"image\":{\"@type\":\"ImageObject\",\"inLanguage\":\"es\",\"@id\":\"https:\/\/secure.gravatar.com\/avatar\/dfb45d32bc7097f8f06d6e4f6e6b387e7cb8fd5b3a2869265c40587ab62cab1e?s=96&d=mm&r=g\",\"url\":\"https:\/\/secure.gravatar.com\/avatar\/dfb45d32bc7097f8f06d6e4f6e6b387e7cb8fd5b3a2869265c40587ab62cab1e?s=96&d=mm&r=g\",\"contentUrl\":\"https:\/\/secure.gravatar.com\/avatar\/dfb45d32bc7097f8f06d6e4f6e6b387e7cb8fd5b3a2869265c40587ab62cab1e?s=96&d=mm&r=g\",\"caption\":\"etica\"},\"sameAs\":[\"https:\/\/eticacomunica.com.mx\"],\"url\":\"https:\/\/eticacomunica.com.mx\/?author=1\"}]}<\/script>\n<!-- \/ Yoast SEO plugin. -->","yoast_head_json":{"title":"Gobierno de Sinaloa impulsa productos locales con \u201cExhibidor Camino Comercial\u201d en tiendas OXXO - \u00c9tica Comunica","robots":{"index":"index","follow":"follow","max-snippet":"max-snippet:-1","max-image-preview":"max-image-preview:large","max-video-preview":"max-video-preview:-1"},"canonical":"https:\/\/eticacomunica.com.mx\/?p=31113","og_locale":"es_MX","og_type":"article","og_title":"Gobierno de Sinaloa impulsa productos locales con \u201cExhibidor Camino Comercial\u201d en tiendas OXXO - \u00c9tica Comunica","og_description":"La estrategia de exhibici\u00f3n y venta de productos sinaloenses en la cadena comercial OXXO busca impulsar su permanencia en el mercado, fortaleciendo la econom\u00eda local y abriendo nuevas oportunidades de&hellip;","og_url":"https:\/\/eticacomunica.com.mx\/?p=31113","og_site_name":"\u00c9tica Comunica","article_publisher":"https:\/\/www.facebook.com\/eticacomunica","article_published_time":"2026-01-22T22:06:29+00:00","og_image":[{"width":1280,"height":851,"url":"https:\/\/eticacomunica.com.mx\/wp-content\/uploads\/2026\/01\/IMG-20260122-WA0036.jpg","type":"image\/jpeg"}],"author":"etica","twitter_card":"summary_large_image","twitter_misc":{"Escrito por":"etica","Tiempo de lectura":"4 minutos"},"schema":{"@context":"https:\/\/schema.org","@graph":[{"@type":"Article","@id":"https:\/\/eticacomunica.com.mx\/?p=31113#article","isPartOf":{"@id":"https:\/\/eticacomunica.com.mx\/?p=31113"},"author":{"name":"etica","@id":"https:\/\/eticacomunica.com.mx\/#\/schema\/person\/2cacc47bd17fe8ad92f08c0313d22fa6"},"headline":"Gobierno de Sinaloa impulsa productos locales con \u201cExhibidor Camino Comercial\u201d en tiendas OXXO","datePublished":"2026-01-22T22:06:29+00:00","mainEntityOfPage":{"@id":"https:\/\/eticacomunica.com.mx\/?p=31113"},"wordCount":756,"commentCount":0,"publisher":{"@id":"https:\/\/eticacomunica.com.mx\/#organization"},"image":{"@id":"https:\/\/eticacomunica.com.mx\/?p=31113#primaryimage"},"thumbnailUrl":"https:\/\/eticacomunica.com.mx\/wp-content\/uploads\/2026\/01\/IMG-20260122-WA0036.jpg","keywords":["Gobierno del Estado de Sinaloa"],"articleSection":["Estados"],"inLanguage":"es","potentialAction":[{"@type":"CommentAction","name":"Comment","target":["https:\/\/eticacomunica.com.mx\/?p=31113#respond"]}]},{"@type":"WebPage","@id":"https:\/\/eticacomunica.com.mx\/?p=31113","url":"https:\/\/eticacomunica.com.mx\/?p=31113","name":"Gobierno de Sinaloa impulsa productos locales con \u201cExhibidor Camino Comercial\u201d en tiendas OXXO - \u00c9tica Comunica","isPartOf":{"@id":"https:\/\/eticacomunica.com.mx\/#website"},"primaryImageOfPage":{"@id":"https:\/\/eticacomunica.com.mx\/?p=31113#primaryimage"},"image":{"@id":"https:\/\/eticacomunica.com.mx\/?p=31113#primaryimage"},"thumbnailUrl":"https:\/\/eticacomunica.com.mx\/wp-content\/uploads\/2026\/01\/IMG-20260122-WA0036.jpg","datePublished":"2026-01-22T22:06:29+00:00","breadcrumb":{"@id":"https:\/\/eticacomunica.com.mx\/?p=31113#breadcrumb"},"inLanguage":"es","potentialAction":[{"@type":"ReadAction","target":["https:\/\/eticacomunica.com.mx\/?p=31113"]}]},{"@type":"ImageObject","inLanguage":"es","@id":"https:\/\/eticacomunica.com.mx\/?p=31113#primaryimage","url":"https:\/\/eticacomunica.com.mx\/wp-content\/uploads\/2026\/01\/IMG-20260122-WA0036.jpg","contentUrl":"https:\/\/eticacomunica.com.mx\/wp-content\/uploads\/2026\/01\/IMG-20260122-WA0036.jpg","width":1280,"height":851},{"@type":"BreadcrumbList","@id":"https:\/\/eticacomunica.com.mx\/?p=31113#breadcrumb","itemListElement":[{"@type":"ListItem","position":1,"name":"Inicio","item":"https:\/\/eticacomunica.com.mx\/"},{"@type":"ListItem","position":2,"name":"Gobierno de Sinaloa impulsa productos locales con \u201cExhibidor Camino Comercial\u201d en tiendas OXXO"}]},{"@type":"WebSite","@id":"https:\/\/eticacomunica.com.mx\/#website","url":"https:\/\/eticacomunica.com.mx\/","name":"\u00c9tica Comunica","description":"Diario Digital","publisher":{"@id":"https:\/\/eticacomunica.com.mx\/#organization"},"potentialAction":[{"@type":"SearchAction","target":{"@type":"EntryPoint","urlTemplate":"https:\/\/eticacomunica.com.mx\/?s={search_term_string}"},"query-input":{"@type":"PropertyValueSpecification","valueRequired":true,"valueName":"search_term_string"}}],"inLanguage":"es"},{"@type":"Organization","@id":"https:\/\/eticacomunica.com.mx\/#organization","name":"Diarios Digitales de Sinaloa","url":"https:\/\/eticacomunica.com.mx\/","logo":{"@type":"ImageObject","inLanguage":"es","@id":"https:\/\/eticacomunica.com.mx\/#\/schema\/logo\/image\/","url":"https:\/\/eticacomunica.com.mx\/wp-content\/uploads\/2023\/10\/etica-logo.png","contentUrl":"https:\/\/eticacomunica.com.mx\/wp-content\/uploads\/2023\/10\/etica-logo.png","width":1280,"height":432,"caption":"Diarios Digitales de Sinaloa"},"image":{"@id":"https:\/\/eticacomunica.com.mx\/#\/schema\/logo\/image\/"},"sameAs":["https:\/\/www.facebook.com\/eticacomunica"]},{"@type":"Person","@id":"https:\/\/eticacomunica.com.mx\/#\/schema\/person\/2cacc47bd17fe8ad92f08c0313d22fa6","name":"etica","image":{"@type":"ImageObject","inLanguage":"es","@id":"https:\/\/secure.gravatar.com\/avatar\/dfb45d32bc7097f8f06d6e4f6e6b387e7cb8fd5b3a2869265c40587ab62cab1e?s=96&d=mm&r=g","url":"https:\/\/secure.gravatar.com\/avatar\/dfb45d32bc7097f8f06d6e4f6e6b387e7cb8fd5b3a2869265c40587ab62cab1e?s=96&d=mm&r=g","contentUrl":"https:\/\/secure.gravatar.com\/avatar\/dfb45d32bc7097f8f06d6e4f6e6b387e7cb8fd5b3a2869265c40587ab62cab1e?s=96&d=mm&r=g","caption":"etica"},"sameAs":["https:\/\/eticacomunica.com.mx"],"url":"https:\/\/eticacomunica.com.mx\/?author=1"}]}},"jetpack_publicize_connections":[],"jetpack_featured_media_url":"https:\/\/eticacomunica.com.mx\/wp-content\/uploads\/2026\/01\/IMG-20260122-WA0036.jpg","jetpack_sharing_enabled":true,"_links":{"self":[{"href":"https:\/\/eticacomunica.com.mx\/index.php?rest_route=\/wp\/v2\/posts\/31113","targetHints":{"allow":["GET"]}}],"collection":[{"href":"https:\/\/eticacomunica.com.mx\/index.php?rest_route=\/wp\/v2\/posts"}],"about":[{"href":"https:\/\/eticacomunica.com.mx\/index.php?rest_route=\/wp\/v2\/types\/post"}],"author":[{"embeddable":true,"href":"https:\/\/eticacomunica.com.mx\/index.php?rest_route=\/wp\/v2\/users\/1"}],"replies":[{"embeddable":true,"href":"https:\/\/eticacomunica.com.mx\/index.php?rest_route=%2Fwp%2Fv2%2Fcomments&post=31113"}],"version-history":[{"count":0,"href":"https:\/\/eticacomunica.com.mx\/index.php?rest_route=\/wp\/v2\/posts\/31113\/revisions"}],"wp:featuredmedia":[{"embeddable":true,"href":"https:\/\/eticacomunica.com.mx\/index.php?rest_route=\/wp\/v2\/media\/31112"}],"wp:attachment":[{"href":"https:\/\/eticacomunica.com.mx\/index.php?rest_route=%2Fwp%2Fv2%2Fmedia&parent=31113"}],"wp:term":[{"taxonomy":"category","embeddable":true,"href":"https:\/\/eticacomunica.com.mx\/index.php?rest_route=%2Fwp%2Fv2%2Fcategories&post=31113"},{"taxonomy":"post_tag","embeddable":true,"href":"https:\/\/eticacomunica.com.mx\/index.php?rest_route=%2Fwp%2Fv2%2Ftags&post=31113"}],"curies":[{"name":"wp","href":"https:\/\/api.w.org\/{rel}","templated":true}]}}