{"id":31115,"date":"2026-01-22T16:47:14","date_gmt":"2026-01-22T23:47:14","guid":{"rendered":"https:\/\/eticacomunica.com.mx\/?p=31115"},"modified":"2026-01-22T16:47:14","modified_gmt":"2026-01-22T23:47:14","slug":"ante-el-desarrollo-de-la-tercera-tormenta-invernal-sebides-lleva-abrigo-a-familias-de-choix","status":"publish","type":"post","link":"https:\/\/eticacomunica.com.mx\/?p=31115","title":{"rendered":"Ante el desarrollo de la tercera tormenta invernal, SEBIDES lleva abrigo a familias de Choix"},"content":{"rendered":"\n<p>SEBIDES ampl\u00eda la entreg\u00f3 de apoyos invernales a 250 familias de 32 comunidades de la zona serrana de Choix.<br><br>Choix, Sinaloa, 22 de enero de 2026.- En continuidad a la estrategia de atenci\u00f3n invernal que se implementa en todo Sinaloa, el Gobierno del Estado, a trav\u00e9s de la Secretar\u00eda de Bienestar y Desarrollo Sustentable (SEBIDES), por indicaciones del secretario, Arq. Omar Alejandro L\u00f3pez Campos, llev\u00f3 apoyos invernales a comunidades serranas del municipio de Choix, fortaleciendo la cobertura del programa en esta regi\u00f3n.<br><br>Esta jornada forma parte de las acciones permanentes que SEBIDES desarrolla en distintas regiones del estado para atender a la poblaci\u00f3n m\u00e1s vulnerable durante la temporada invernal, y que en esta ocasi\u00f3n se enfocaron en ampliar la atenci\u00f3n en comunidades de Choix, priorizando zonas de dif\u00edcil acceso y con mayores necesidades ante el fr\u00edo.<br><br>La directora de Atenci\u00f3n Social, Elga Josefina P\u00e9rez F\u00e9lix, encabez\u00f3 la entrega directa de chamarras y cobijas, priorizando a las familias que habitan en comunidades con mayor vulnerabilidad ante las bajas temperaturas, como parte de una pol\u00edtica social cercana y con enfoque humanista.<br><br>Durante esta jornada se benefici\u00f3 a 250 familias de 32 comunidades, entre ellas La Sidra, Bacayopa, Casas Viejas, El Pichol y El Carrizo, quienes recibieron apoyos para enfrentar la temporada invernal de manera m\u00e1s segura, c\u00e1lida y digna.<br><br>Las y los beneficiarios agradecieron este respaldo, destacando la importancia de contar con apoyos que les permitan protegerse del fr\u00edo y cuidar de sus familias, especialmente de ni\u00f1as, ni\u00f1os y personas adultas mayores que habitan en comunidades alejadas.<br><br>Con estas acciones, el Gobierno del Estado de Sinaloa, encabezado por el Dr. Rub\u00e9n Rocha Moya, reafirma su compromiso de mantener una pol\u00edtica social cercana, sensible y con enfoque humanista, asegurando que los apoyos lleguen de forma directa y oportuna a quienes m\u00e1s lo necesitan en todo el estado.<\/p>\n","protected":false},"excerpt":{"rendered":"<p>SEBIDES ampl\u00eda la entreg\u00f3 de apoyos invernales a 250 familias de 32 comunidades de la zona serrana de Choix. Choix, Sinaloa, 22 de enero de 2026.- En continuidad a la&hellip;<\/p>\n","protected":false},"author":1,"featured_media":31114,"comment_status":"open","ping_status":"open","sticky":false,"template":"","format":"standard","meta":{"_jetpack_memberships_contains_paid_content":false,"footnotes":"","jetpack_publicize_message":"","jetpack_publicize_feature_enabled":true,"jetpack_social_post_already_shared":true,"jetpack_social_options":{"image_generator_settings":{"template":"highway","default_image_id":0,"font":"","enabled":false},"version":2}},"categories":[24],"tags":[34],"class_list":["post-31115","post","type-post","status-publish","format-standard","has-post-thumbnail","hentry","category-estados","tag-gobierno-del-estado-de-sinaloa"],"yoast_head":"<!-- This site is optimized with the Yoast SEO plugin v27.2 - https:\/\/yoast.com\/product\/yoast-seo-wordpress\/ -->\n<title>Ante el desarrollo de la tercera tormenta invernal, SEBIDES lleva abrigo a familias de Choix - \u00c9tica Comunica<\/title>\n<meta name=\"robots\" content=\"index, follow, max-snippet:-1, max-image-preview:large, max-video-preview:-1\" \/>\n<link rel=\"canonical\" href=\"https:\/\/eticacomunica.com.mx\/?p=31115\" \/>\n<meta property=\"og:locale\" content=\"es_MX\" \/>\n<meta property=\"og:type\" content=\"article\" \/>\n<meta property=\"og:title\" content=\"Ante el desarrollo de la tercera tormenta invernal, SEBIDES lleva abrigo a familias de Choix - \u00c9tica Comunica\" \/>\n<meta property=\"og:description\" content=\"SEBIDES ampl\u00eda la entreg\u00f3 de apoyos invernales a 250 familias de 32 comunidades de la zona serrana de Choix. Choix, Sinaloa, 22 de enero de 2026.- En continuidad a la&hellip;\" \/>\n<meta property=\"og:url\" content=\"https:\/\/eticacomunica.com.mx\/?p=31115\" \/>\n<meta property=\"og:site_name\" content=\"\u00c9tica Comunica\" \/>\n<meta property=\"article:publisher\" content=\"https:\/\/www.facebook.com\/eticacomunica\" \/>\n<meta property=\"article:published_time\" content=\"2026-01-22T23:47:14+00:00\" \/>\n<meta property=\"og:image\" content=\"https:\/\/eticacomunica.com.mx\/wp-content\/uploads\/2026\/01\/IMG-20260122-WA0039.jpg\" \/>\n\t<meta property=\"og:image:width\" content=\"1280\" \/>\n\t<meta property=\"og:image:height\" content=\"940\" \/>\n\t<meta property=\"og:image:type\" content=\"image\/jpeg\" \/>\n<meta name=\"author\" content=\"etica\" \/>\n<meta name=\"twitter:card\" content=\"summary_large_image\" \/>\n<meta name=\"twitter:label1\" content=\"Escrito por\" \/>\n\t<meta name=\"twitter:data1\" content=\"etica\" \/>\n\t<meta name=\"twitter:label2\" content=\"Tiempo de lectura\" \/>\n\t<meta name=\"twitter:data2\" content=\"2 minutos\" \/>\n<script type=\"application\/ld+json\" class=\"yoast-schema-graph\">{\"@context\":\"https:\/\/schema.org\",\"@graph\":[{\"@type\":\"Article\",\"@id\":\"https:\/\/eticacomunica.com.mx\/?p=31115#article\",\"isPartOf\":{\"@id\":\"https:\/\/eticacomunica.com.mx\/?p=31115\"},\"author\":{\"name\":\"etica\",\"@id\":\"https:\/\/eticacomunica.com.mx\/#\/schema\/person\/2cacc47bd17fe8ad92f08c0313d22fa6\"},\"headline\":\"Ante el desarrollo de la tercera tormenta invernal, SEBIDES lleva abrigo a familias de Choix\",\"datePublished\":\"2026-01-22T23:47:14+00:00\",\"mainEntityOfPage\":{\"@id\":\"https:\/\/eticacomunica.com.mx\/?p=31115\"},\"wordCount\":338,\"commentCount\":0,\"publisher\":{\"@id\":\"https:\/\/eticacomunica.com.mx\/#organization\"},\"image\":{\"@id\":\"https:\/\/eticacomunica.com.mx\/?p=31115#primaryimage\"},\"thumbnailUrl\":\"https:\/\/eticacomunica.com.mx\/wp-content\/uploads\/2026\/01\/IMG-20260122-WA0039.jpg\",\"keywords\":[\"Gobierno del Estado de Sinaloa\"],\"articleSection\":[\"Estados\"],\"inLanguage\":\"es\",\"potentialAction\":[{\"@type\":\"CommentAction\",\"name\":\"Comment\",\"target\":[\"https:\/\/eticacomunica.com.mx\/?p=31115#respond\"]}]},{\"@type\":\"WebPage\",\"@id\":\"https:\/\/eticacomunica.com.mx\/?p=31115\",\"url\":\"https:\/\/eticacomunica.com.mx\/?p=31115\",\"name\":\"Ante el desarrollo de la tercera tormenta invernal, SEBIDES lleva abrigo a familias de Choix - \u00c9tica Comunica\",\"isPartOf\":{\"@id\":\"https:\/\/eticacomunica.com.mx\/#website\"},\"primaryImageOfPage\":{\"@id\":\"https:\/\/eticacomunica.com.mx\/?p=31115#primaryimage\"},\"image\":{\"@id\":\"https:\/\/eticacomunica.com.mx\/?p=31115#primaryimage\"},\"thumbnailUrl\":\"https:\/\/eticacomunica.com.mx\/wp-content\/uploads\/2026\/01\/IMG-20260122-WA0039.jpg\",\"datePublished\":\"2026-01-22T23:47:14+00:00\",\"breadcrumb\":{\"@id\":\"https:\/\/eticacomunica.com.mx\/?p=31115#breadcrumb\"},\"inLanguage\":\"es\",\"potentialAction\":[{\"@type\":\"ReadAction\",\"target\":[\"https:\/\/eticacomunica.com.mx\/?p=31115\"]}]},{\"@type\":\"ImageObject\",\"inLanguage\":\"es\",\"@id\":\"https:\/\/eticacomunica.com.mx\/?p=31115#primaryimage\",\"url\":\"https:\/\/eticacomunica.com.mx\/wp-content\/uploads\/2026\/01\/IMG-20260122-WA0039.jpg\",\"contentUrl\":\"https:\/\/eticacomunica.com.mx\/wp-content\/uploads\/2026\/01\/IMG-20260122-WA0039.jpg\",\"width\":1280,\"height\":940},{\"@type\":\"BreadcrumbList\",\"@id\":\"https:\/\/eticacomunica.com.mx\/?p=31115#breadcrumb\",\"itemListElement\":[{\"@type\":\"ListItem\",\"position\":1,\"name\":\"Inicio\",\"item\":\"https:\/\/eticacomunica.com.mx\/\"},{\"@type\":\"ListItem\",\"position\":2,\"name\":\"Ante el desarrollo de la tercera tormenta invernal, SEBIDES lleva abrigo a familias de Choix\"}]},{\"@type\":\"WebSite\",\"@id\":\"https:\/\/eticacomunica.com.mx\/#website\",\"url\":\"https:\/\/eticacomunica.com.mx\/\",\"name\":\"\u00c9tica Comunica\",\"description\":\"Diario Digital\",\"publisher\":{\"@id\":\"https:\/\/eticacomunica.com.mx\/#organization\"},\"potentialAction\":[{\"@type\":\"SearchAction\",\"target\":{\"@type\":\"EntryPoint\",\"urlTemplate\":\"https:\/\/eticacomunica.com.mx\/?s={search_term_string}\"},\"query-input\":{\"@type\":\"PropertyValueSpecification\",\"valueRequired\":true,\"valueName\":\"search_term_string\"}}],\"inLanguage\":\"es\"},{\"@type\":\"Organization\",\"@id\":\"https:\/\/eticacomunica.com.mx\/#organization\",\"name\":\"Diarios Digitales de Sinaloa\",\"url\":\"https:\/\/eticacomunica.com.mx\/\",\"logo\":{\"@type\":\"ImageObject\",\"inLanguage\":\"es\",\"@id\":\"https:\/\/eticacomunica.com.mx\/#\/schema\/logo\/image\/\",\"url\":\"https:\/\/eticacomunica.com.mx\/wp-content\/uploads\/2023\/10\/etica-logo.png\",\"contentUrl\":\"https:\/\/eticacomunica.com.mx\/wp-content\/uploads\/2023\/10\/etica-logo.png\",\"width\":1280,\"height\":432,\"caption\":\"Diarios Digitales de Sinaloa\"},\"image\":{\"@id\":\"https:\/\/eticacomunica.com.mx\/#\/schema\/logo\/image\/\"},\"sameAs\":[\"https:\/\/www.facebook.com\/eticacomunica\"]},{\"@type\":\"Person\",\"@id\":\"https:\/\/eticacomunica.com.mx\/#\/schema\/person\/2cacc47bd17fe8ad92f08c0313d22fa6\",\"name\":\"etica\",\"image\":{\"@type\":\"ImageObject\",\"inLanguage\":\"es\",\"@id\":\"https:\/\/secure.gravatar.com\/avatar\/dfb45d32bc7097f8f06d6e4f6e6b387e7cb8fd5b3a2869265c40587ab62cab1e?s=96&d=mm&r=g\",\"url\":\"https:\/\/secure.gravatar.com\/avatar\/dfb45d32bc7097f8f06d6e4f6e6b387e7cb8fd5b3a2869265c40587ab62cab1e?s=96&d=mm&r=g\",\"contentUrl\":\"https:\/\/secure.gravatar.com\/avatar\/dfb45d32bc7097f8f06d6e4f6e6b387e7cb8fd5b3a2869265c40587ab62cab1e?s=96&d=mm&r=g\",\"caption\":\"etica\"},\"sameAs\":[\"https:\/\/eticacomunica.com.mx\"],\"url\":\"https:\/\/eticacomunica.com.mx\/?author=1\"}]}<\/script>\n<!-- \/ Yoast SEO plugin. -->","yoast_head_json":{"title":"Ante el desarrollo de la tercera tormenta invernal, SEBIDES lleva abrigo a familias de Choix - \u00c9tica Comunica","robots":{"index":"index","follow":"follow","max-snippet":"max-snippet:-1","max-image-preview":"max-image-preview:large","max-video-preview":"max-video-preview:-1"},"canonical":"https:\/\/eticacomunica.com.mx\/?p=31115","og_locale":"es_MX","og_type":"article","og_title":"Ante el desarrollo de la tercera tormenta invernal, SEBIDES lleva abrigo a familias de Choix - \u00c9tica Comunica","og_description":"SEBIDES ampl\u00eda la entreg\u00f3 de apoyos invernales a 250 familias de 32 comunidades de la zona serrana de Choix. Choix, Sinaloa, 22 de enero de 2026.- En continuidad a la&hellip;","og_url":"https:\/\/eticacomunica.com.mx\/?p=31115","og_site_name":"\u00c9tica Comunica","article_publisher":"https:\/\/www.facebook.com\/eticacomunica","article_published_time":"2026-01-22T23:47:14+00:00","og_image":[{"width":1280,"height":940,"url":"https:\/\/eticacomunica.com.mx\/wp-content\/uploads\/2026\/01\/IMG-20260122-WA0039.jpg","type":"image\/jpeg"}],"author":"etica","twitter_card":"summary_large_image","twitter_misc":{"Escrito por":"etica","Tiempo de lectura":"2 minutos"},"schema":{"@context":"https:\/\/schema.org","@graph":[{"@type":"Article","@id":"https:\/\/eticacomunica.com.mx\/?p=31115#article","isPartOf":{"@id":"https:\/\/eticacomunica.com.mx\/?p=31115"},"author":{"name":"etica","@id":"https:\/\/eticacomunica.com.mx\/#\/schema\/person\/2cacc47bd17fe8ad92f08c0313d22fa6"},"headline":"Ante el desarrollo de la tercera tormenta invernal, SEBIDES lleva abrigo a familias de Choix","datePublished":"2026-01-22T23:47:14+00:00","mainEntityOfPage":{"@id":"https:\/\/eticacomunica.com.mx\/?p=31115"},"wordCount":338,"commentCount":0,"publisher":{"@id":"https:\/\/eticacomunica.com.mx\/#organization"},"image":{"@id":"https:\/\/eticacomunica.com.mx\/?p=31115#primaryimage"},"thumbnailUrl":"https:\/\/eticacomunica.com.mx\/wp-content\/uploads\/2026\/01\/IMG-20260122-WA0039.jpg","keywords":["Gobierno del Estado de Sinaloa"],"articleSection":["Estados"],"inLanguage":"es","potentialAction":[{"@type":"CommentAction","name":"Comment","target":["https:\/\/eticacomunica.com.mx\/?p=31115#respond"]}]},{"@type":"WebPage","@id":"https:\/\/eticacomunica.com.mx\/?p=31115","url":"https:\/\/eticacomunica.com.mx\/?p=31115","name":"Ante el desarrollo de la tercera tormenta invernal, SEBIDES lleva abrigo a familias de Choix - \u00c9tica Comunica","isPartOf":{"@id":"https:\/\/eticacomunica.com.mx\/#website"},"primaryImageOfPage":{"@id":"https:\/\/eticacomunica.com.mx\/?p=31115#primaryimage"},"image":{"@id":"https:\/\/eticacomunica.com.mx\/?p=31115#primaryimage"},"thumbnailUrl":"https:\/\/eticacomunica.com.mx\/wp-content\/uploads\/2026\/01\/IMG-20260122-WA0039.jpg","datePublished":"2026-01-22T23:47:14+00:00","breadcrumb":{"@id":"https:\/\/eticacomunica.com.mx\/?p=31115#breadcrumb"},"inLanguage":"es","potentialAction":[{"@type":"ReadAction","target":["https:\/\/eticacomunica.com.mx\/?p=31115"]}]},{"@type":"ImageObject","inLanguage":"es","@id":"https:\/\/eticacomunica.com.mx\/?p=31115#primaryimage","url":"https:\/\/eticacomunica.com.mx\/wp-content\/uploads\/2026\/01\/IMG-20260122-WA0039.jpg","contentUrl":"https:\/\/eticacomunica.com.mx\/wp-content\/uploads\/2026\/01\/IMG-20260122-WA0039.jpg","width":1280,"height":940},{"@type":"BreadcrumbList","@id":"https:\/\/eticacomunica.com.mx\/?p=31115#breadcrumb","itemListElement":[{"@type":"ListItem","position":1,"name":"Inicio","item":"https:\/\/eticacomunica.com.mx\/"},{"@type":"ListItem","position":2,"name":"Ante el desarrollo de la tercera tormenta invernal, SEBIDES lleva abrigo a familias de Choix"}]},{"@type":"WebSite","@id":"https:\/\/eticacomunica.com.mx\/#website","url":"https:\/\/eticacomunica.com.mx\/","name":"\u00c9tica Comunica","description":"Diario Digital","publisher":{"@id":"https:\/\/eticacomunica.com.mx\/#organization"},"potentialAction":[{"@type":"SearchAction","target":{"@type":"EntryPoint","urlTemplate":"https:\/\/eticacomunica.com.mx\/?s={search_term_string}"},"query-input":{"@type":"PropertyValueSpecification","valueRequired":true,"valueName":"search_term_string"}}],"inLanguage":"es"},{"@type":"Organization","@id":"https:\/\/eticacomunica.com.mx\/#organization","name":"Diarios Digitales de Sinaloa","url":"https:\/\/eticacomunica.com.mx\/","logo":{"@type":"ImageObject","inLanguage":"es","@id":"https:\/\/eticacomunica.com.mx\/#\/schema\/logo\/image\/","url":"https:\/\/eticacomunica.com.mx\/wp-content\/uploads\/2023\/10\/etica-logo.png","contentUrl":"https:\/\/eticacomunica.com.mx\/wp-content\/uploads\/2023\/10\/etica-logo.png","width":1280,"height":432,"caption":"Diarios Digitales de Sinaloa"},"image":{"@id":"https:\/\/eticacomunica.com.mx\/#\/schema\/logo\/image\/"},"sameAs":["https:\/\/www.facebook.com\/eticacomunica"]},{"@type":"Person","@id":"https:\/\/eticacomunica.com.mx\/#\/schema\/person\/2cacc47bd17fe8ad92f08c0313d22fa6","name":"etica","image":{"@type":"ImageObject","inLanguage":"es","@id":"https:\/\/secure.gravatar.com\/avatar\/dfb45d32bc7097f8f06d6e4f6e6b387e7cb8fd5b3a2869265c40587ab62cab1e?s=96&d=mm&r=g","url":"https:\/\/secure.gravatar.com\/avatar\/dfb45d32bc7097f8f06d6e4f6e6b387e7cb8fd5b3a2869265c40587ab62cab1e?s=96&d=mm&r=g","contentUrl":"https:\/\/secure.gravatar.com\/avatar\/dfb45d32bc7097f8f06d6e4f6e6b387e7cb8fd5b3a2869265c40587ab62cab1e?s=96&d=mm&r=g","caption":"etica"},"sameAs":["https:\/\/eticacomunica.com.mx"],"url":"https:\/\/eticacomunica.com.mx\/?author=1"}]}},"jetpack_publicize_connections":[],"jetpack_featured_media_url":"https:\/\/eticacomunica.com.mx\/wp-content\/uploads\/2026\/01\/IMG-20260122-WA0039.jpg","jetpack_sharing_enabled":true,"_links":{"self":[{"href":"https:\/\/eticacomunica.com.mx\/index.php?rest_route=\/wp\/v2\/posts\/31115","targetHints":{"allow":["GET"]}}],"collection":[{"href":"https:\/\/eticacomunica.com.mx\/index.php?rest_route=\/wp\/v2\/posts"}],"about":[{"href":"https:\/\/eticacomunica.com.mx\/index.php?rest_route=\/wp\/v2\/types\/post"}],"author":[{"embeddable":true,"href":"https:\/\/eticacomunica.com.mx\/index.php?rest_route=\/wp\/v2\/users\/1"}],"replies":[{"embeddable":true,"href":"https:\/\/eticacomunica.com.mx\/index.php?rest_route=%2Fwp%2Fv2%2Fcomments&post=31115"}],"version-history":[{"count":0,"href":"https:\/\/eticacomunica.com.mx\/index.php?rest_route=\/wp\/v2\/posts\/31115\/revisions"}],"wp:featuredmedia":[{"embeddable":true,"href":"https:\/\/eticacomunica.com.mx\/index.php?rest_route=\/wp\/v2\/media\/31114"}],"wp:attachment":[{"href":"https:\/\/eticacomunica.com.mx\/index.php?rest_route=%2Fwp%2Fv2%2Fmedia&parent=31115"}],"wp:term":[{"taxonomy":"category","embeddable":true,"href":"https:\/\/eticacomunica.com.mx\/index.php?rest_route=%2Fwp%2Fv2%2Fcategories&post=31115"},{"taxonomy":"post_tag","embeddable":true,"href":"https:\/\/eticacomunica.com.mx\/index.php?rest_route=%2Fwp%2Fv2%2Ftags&post=31115"}],"curies":[{"name":"wp","href":"https:\/\/api.w.org\/{rel}","templated":true}]}}