{"id":31121,"date":"2026-01-22T18:20:16","date_gmt":"2026-01-23T01:20:16","guid":{"rendered":"https:\/\/eticacomunica.com.mx\/?p=31121"},"modified":"2026-01-22T18:20:16","modified_gmt":"2026-01-23T01:20:16","slug":"la-facultad-de-biologia-de-la-uas-supera-expectativas-en-el-sexto-conteo-latinoamericano-de-aves-en-san-ignacio-registran-mas-de-50-especies","status":"publish","type":"post","link":"https:\/\/eticacomunica.com.mx\/?p=31121","title":{"rendered":"La Facultad de Biolog\u00eda de la UAS supera expectativas en el Sexto Conteo Latinoamericano de Aves en San Ignacio; registran m\u00e1s de 50 especies"},"content":{"rendered":"\n<p>En el Sexto Conteo Latinoamericano de Aves, en el que participaron bi\u00f3logos y alumnos de la Facultad de Biolog\u00eda de la Universidad Aut\u00f3noma de Sinaloa (UAS), se lograron identificar m\u00e1s de 50 especies, una jornada que se desarroll\u00f3 en el municipio de San Ignacio, Sinaloa, la cual permiti\u00f3 monitorear poblaciones, adem\u00e1s de reconocer su presencia, su estado de conservaci\u00f3n y la capacidad de los ecosistemas, Inform\u00f3 Yamel Rubio Rocha.<br><br>La Investigadora universitaria expres\u00f3 que la casa de estudios sinaloense y la unidad acad\u00e9mica a la que pertenece est\u00e1n comprometidas a fomentar no solo el conocimiento, sino la conservaci\u00f3n sean aves residentes, acu\u00e1ticas o migratorias, especies que unen al ser humano por su belleza, el punto de vista ecol\u00f3gico y ecosist\u00e9mico.<br><br>\u201cLogramos subir la meta, \u00edbamos por 40 especies, pero rebasamos las 50 registradas, donde estos resultados son un esfuerzo colectivo donde participaron estudiantes de la Facultad, quienes con ese compromiso me acompa\u00f1aron y algunos residentes\u201d.<br><br>Entre las aves que se registraron esta los citados loros y pericos, end\u00e9micas salta pared sinaloense, migratorias como los garzones, rapaces y halcones, adem\u00e1s de la salsa colitas, patos buzos, cormoranes, Mart\u00edn pescadores, palomas, cocochitas, mosqueros e ibis blancos, especies importantes. <br><br>En este conteo, aquellas especies que se esperaban ser observadas por contar con su registro como la cerceta o la esp\u00e1tula rosada no fueron detectadas, por lo que se realiza un an\u00e1lisis confiando en que estos g\u00e9neros se encuentren en el \u00e1rea. <br><br>Sobre esta jornada, en su sexta edici\u00f3n, dijo que contribuye a una gran base global en la que se sube esta informaci\u00f3n, que tiene como objetivo conocer c\u00f3mo est\u00e1n las poblaciones y c\u00f3mo se est\u00e1n comportando, debido que a trav\u00e9s de estos an\u00e1lisis se toman decisiones para identificar \u00e1reas naturales protegidas, lo que es una prioridad.<br><br>A este conteo se sumaron tambi\u00e9n los municipios de Culiac\u00e1n, Mazatl\u00e1n y Ahome, quienes tienen sus propios registros, haciendo de esta actividad una gran red coordinada por la Comisi\u00f3n Nacional para el Uso de la Biodiversidad (CONABIO), en colaboraci\u00f3n con el Laboratorio de Cornell de Estados Unidos, una plataforma que permite hacer un trabajo cient\u00edfico y a la vez acercarse con las comunidades impulsando la ciencia comunitaria.<br><br>Sobre lo que representa Sinaloa para todas estas especies que habitan desde la costa hasta la sierra, dijo que se trata de un espacio privilegiado con una cobertura de selvas, bosques bastantes conservados sin omitir deforestaci\u00f3n, por lo que espera que como sociedad contribuyamos a la conservaci\u00f3n de estos hogares como humedales, bosques secos caducifolios que ofrecen una gran variedad de alimento a todas esas especies.<\/p>\n","protected":false},"excerpt":{"rendered":"<p>En el Sexto Conteo Latinoamericano de Aves, en el que participaron bi\u00f3logos y alumnos de la Facultad de Biolog\u00eda de la Universidad Aut\u00f3noma de Sinaloa (UAS), se lograron identificar m\u00e1s&hellip;<\/p>\n","protected":false},"author":1,"featured_media":31120,"comment_status":"open","ping_status":"open","sticky":false,"template":"","format":"standard","meta":{"_jetpack_memberships_contains_paid_content":false,"footnotes":"","jetpack_publicize_message":"","jetpack_publicize_feature_enabled":true,"jetpack_social_post_already_shared":true,"jetpack_social_options":{"image_generator_settings":{"template":"highway","default_image_id":0,"font":"","enabled":false},"version":2}},"categories":[40],"tags":[41],"class_list":["post-31121","post","type-post","status-publish","format-standard","has-post-thumbnail","hentry","category-educacion","tag-uas"],"yoast_head":"<!-- This site is optimized with the Yoast SEO plugin v27.2 - https:\/\/yoast.com\/product\/yoast-seo-wordpress\/ -->\n<title>La Facultad de Biolog\u00eda de la UAS supera expectativas en el Sexto Conteo Latinoamericano de Aves en San Ignacio; registran m\u00e1s de 50 especies - \u00c9tica Comunica<\/title>\n<meta name=\"robots\" content=\"index, follow, max-snippet:-1, max-image-preview:large, max-video-preview:-1\" \/>\n<link rel=\"canonical\" href=\"https:\/\/eticacomunica.com.mx\/?p=31121\" \/>\n<meta property=\"og:locale\" content=\"es_MX\" \/>\n<meta property=\"og:type\" content=\"article\" \/>\n<meta property=\"og:title\" content=\"La Facultad de Biolog\u00eda de la UAS supera expectativas en el Sexto Conteo Latinoamericano de Aves en San Ignacio; registran m\u00e1s de 50 especies - \u00c9tica Comunica\" \/>\n<meta property=\"og:description\" content=\"En el Sexto Conteo Latinoamericano de Aves, en el que participaron bi\u00f3logos y alumnos de la Facultad de Biolog\u00eda de la Universidad Aut\u00f3noma de Sinaloa (UAS), se lograron identificar m\u00e1s&hellip;\" \/>\n<meta property=\"og:url\" content=\"https:\/\/eticacomunica.com.mx\/?p=31121\" \/>\n<meta property=\"og:site_name\" content=\"\u00c9tica Comunica\" \/>\n<meta property=\"article:publisher\" content=\"https:\/\/www.facebook.com\/eticacomunica\" \/>\n<meta property=\"article:published_time\" content=\"2026-01-23T01:20:16+00:00\" \/>\n<meta property=\"og:image\" content=\"https:\/\/eticacomunica.com.mx\/wp-content\/uploads\/2026\/01\/FB_IMG_1769131183763.jpg\" \/>\n\t<meta property=\"og:image:width\" content=\"1600\" \/>\n\t<meta property=\"og:image:height\" content=\"1065\" \/>\n\t<meta property=\"og:image:type\" content=\"image\/jpeg\" \/>\n<meta name=\"author\" content=\"etica\" \/>\n<meta name=\"twitter:card\" content=\"summary_large_image\" \/>\n<meta name=\"twitter:label1\" content=\"Escrito por\" \/>\n\t<meta name=\"twitter:data1\" content=\"etica\" \/>\n\t<meta name=\"twitter:label2\" content=\"Tiempo de lectura\" \/>\n\t<meta name=\"twitter:data2\" content=\"2 minutos\" \/>\n<script type=\"application\/ld+json\" class=\"yoast-schema-graph\">{\"@context\":\"https:\/\/schema.org\",\"@graph\":[{\"@type\":\"Article\",\"@id\":\"https:\/\/eticacomunica.com.mx\/?p=31121#article\",\"isPartOf\":{\"@id\":\"https:\/\/eticacomunica.com.mx\/?p=31121\"},\"author\":{\"name\":\"etica\",\"@id\":\"https:\/\/eticacomunica.com.mx\/#\/schema\/person\/2cacc47bd17fe8ad92f08c0313d22fa6\"},\"headline\":\"La Facultad de Biolog\u00eda de la UAS supera expectativas en el Sexto Conteo Latinoamericano de Aves en San Ignacio; registran m\u00e1s de 50 especies\",\"datePublished\":\"2026-01-23T01:20:16+00:00\",\"mainEntityOfPage\":{\"@id\":\"https:\/\/eticacomunica.com.mx\/?p=31121\"},\"wordCount\":484,\"commentCount\":0,\"publisher\":{\"@id\":\"https:\/\/eticacomunica.com.mx\/#organization\"},\"image\":{\"@id\":\"https:\/\/eticacomunica.com.mx\/?p=31121#primaryimage\"},\"thumbnailUrl\":\"https:\/\/eticacomunica.com.mx\/wp-content\/uploads\/2026\/01\/FB_IMG_1769131183763.jpg\",\"keywords\":[\"UAS\"],\"articleSection\":[\"Educaci\u00f3n\"],\"inLanguage\":\"es\",\"potentialAction\":[{\"@type\":\"CommentAction\",\"name\":\"Comment\",\"target\":[\"https:\/\/eticacomunica.com.mx\/?p=31121#respond\"]}]},{\"@type\":\"WebPage\",\"@id\":\"https:\/\/eticacomunica.com.mx\/?p=31121\",\"url\":\"https:\/\/eticacomunica.com.mx\/?p=31121\",\"name\":\"La Facultad de Biolog\u00eda de la UAS supera expectativas en el Sexto Conteo Latinoamericano de Aves en San Ignacio; registran m\u00e1s de 50 especies - \u00c9tica Comunica\",\"isPartOf\":{\"@id\":\"https:\/\/eticacomunica.com.mx\/#website\"},\"primaryImageOfPage\":{\"@id\":\"https:\/\/eticacomunica.com.mx\/?p=31121#primaryimage\"},\"image\":{\"@id\":\"https:\/\/eticacomunica.com.mx\/?p=31121#primaryimage\"},\"thumbnailUrl\":\"https:\/\/eticacomunica.com.mx\/wp-content\/uploads\/2026\/01\/FB_IMG_1769131183763.jpg\",\"datePublished\":\"2026-01-23T01:20:16+00:00\",\"breadcrumb\":{\"@id\":\"https:\/\/eticacomunica.com.mx\/?p=31121#breadcrumb\"},\"inLanguage\":\"es\",\"potentialAction\":[{\"@type\":\"ReadAction\",\"target\":[\"https:\/\/eticacomunica.com.mx\/?p=31121\"]}]},{\"@type\":\"ImageObject\",\"inLanguage\":\"es\",\"@id\":\"https:\/\/eticacomunica.com.mx\/?p=31121#primaryimage\",\"url\":\"https:\/\/eticacomunica.com.mx\/wp-content\/uploads\/2026\/01\/FB_IMG_1769131183763.jpg\",\"contentUrl\":\"https:\/\/eticacomunica.com.mx\/wp-content\/uploads\/2026\/01\/FB_IMG_1769131183763.jpg\",\"width\":1600,\"height\":1065},{\"@type\":\"BreadcrumbList\",\"@id\":\"https:\/\/eticacomunica.com.mx\/?p=31121#breadcrumb\",\"itemListElement\":[{\"@type\":\"ListItem\",\"position\":1,\"name\":\"Inicio\",\"item\":\"https:\/\/eticacomunica.com.mx\/\"},{\"@type\":\"ListItem\",\"position\":2,\"name\":\"La Facultad de Biolog\u00eda de la UAS supera expectativas en el Sexto Conteo Latinoamericano de Aves en San Ignacio; registran m\u00e1s de 50 especies\"}]},{\"@type\":\"WebSite\",\"@id\":\"https:\/\/eticacomunica.com.mx\/#website\",\"url\":\"https:\/\/eticacomunica.com.mx\/\",\"name\":\"\u00c9tica Comunica\",\"description\":\"Diario Digital\",\"publisher\":{\"@id\":\"https:\/\/eticacomunica.com.mx\/#organization\"},\"potentialAction\":[{\"@type\":\"SearchAction\",\"target\":{\"@type\":\"EntryPoint\",\"urlTemplate\":\"https:\/\/eticacomunica.com.mx\/?s={search_term_string}\"},\"query-input\":{\"@type\":\"PropertyValueSpecification\",\"valueRequired\":true,\"valueName\":\"search_term_string\"}}],\"inLanguage\":\"es\"},{\"@type\":\"Organization\",\"@id\":\"https:\/\/eticacomunica.com.mx\/#organization\",\"name\":\"Diarios Digitales de Sinaloa\",\"url\":\"https:\/\/eticacomunica.com.mx\/\",\"logo\":{\"@type\":\"ImageObject\",\"inLanguage\":\"es\",\"@id\":\"https:\/\/eticacomunica.com.mx\/#\/schema\/logo\/image\/\",\"url\":\"https:\/\/eticacomunica.com.mx\/wp-content\/uploads\/2023\/10\/etica-logo.png\",\"contentUrl\":\"https:\/\/eticacomunica.com.mx\/wp-content\/uploads\/2023\/10\/etica-logo.png\",\"width\":1280,\"height\":432,\"caption\":\"Diarios Digitales de Sinaloa\"},\"image\":{\"@id\":\"https:\/\/eticacomunica.com.mx\/#\/schema\/logo\/image\/\"},\"sameAs\":[\"https:\/\/www.facebook.com\/eticacomunica\"]},{\"@type\":\"Person\",\"@id\":\"https:\/\/eticacomunica.com.mx\/#\/schema\/person\/2cacc47bd17fe8ad92f08c0313d22fa6\",\"name\":\"etica\",\"image\":{\"@type\":\"ImageObject\",\"inLanguage\":\"es\",\"@id\":\"https:\/\/secure.gravatar.com\/avatar\/dfb45d32bc7097f8f06d6e4f6e6b387e7cb8fd5b3a2869265c40587ab62cab1e?s=96&d=mm&r=g\",\"url\":\"https:\/\/secure.gravatar.com\/avatar\/dfb45d32bc7097f8f06d6e4f6e6b387e7cb8fd5b3a2869265c40587ab62cab1e?s=96&d=mm&r=g\",\"contentUrl\":\"https:\/\/secure.gravatar.com\/avatar\/dfb45d32bc7097f8f06d6e4f6e6b387e7cb8fd5b3a2869265c40587ab62cab1e?s=96&d=mm&r=g\",\"caption\":\"etica\"},\"sameAs\":[\"https:\/\/eticacomunica.com.mx\"],\"url\":\"https:\/\/eticacomunica.com.mx\/?author=1\"}]}<\/script>\n<!-- \/ Yoast SEO plugin. -->","yoast_head_json":{"title":"La Facultad de Biolog\u00eda de la UAS supera expectativas en el Sexto Conteo Latinoamericano de Aves en San Ignacio; registran m\u00e1s de 50 especies - \u00c9tica Comunica","robots":{"index":"index","follow":"follow","max-snippet":"max-snippet:-1","max-image-preview":"max-image-preview:large","max-video-preview":"max-video-preview:-1"},"canonical":"https:\/\/eticacomunica.com.mx\/?p=31121","og_locale":"es_MX","og_type":"article","og_title":"La Facultad de Biolog\u00eda de la UAS supera expectativas en el Sexto Conteo Latinoamericano de Aves en San Ignacio; registran m\u00e1s de 50 especies - \u00c9tica Comunica","og_description":"En el Sexto Conteo Latinoamericano de Aves, en el que participaron bi\u00f3logos y alumnos de la Facultad de Biolog\u00eda de la Universidad Aut\u00f3noma de Sinaloa (UAS), se lograron identificar m\u00e1s&hellip;","og_url":"https:\/\/eticacomunica.com.mx\/?p=31121","og_site_name":"\u00c9tica Comunica","article_publisher":"https:\/\/www.facebook.com\/eticacomunica","article_published_time":"2026-01-23T01:20:16+00:00","og_image":[{"width":1600,"height":1065,"url":"https:\/\/eticacomunica.com.mx\/wp-content\/uploads\/2026\/01\/FB_IMG_1769131183763.jpg","type":"image\/jpeg"}],"author":"etica","twitter_card":"summary_large_image","twitter_misc":{"Escrito por":"etica","Tiempo de lectura":"2 minutos"},"schema":{"@context":"https:\/\/schema.org","@graph":[{"@type":"Article","@id":"https:\/\/eticacomunica.com.mx\/?p=31121#article","isPartOf":{"@id":"https:\/\/eticacomunica.com.mx\/?p=31121"},"author":{"name":"etica","@id":"https:\/\/eticacomunica.com.mx\/#\/schema\/person\/2cacc47bd17fe8ad92f08c0313d22fa6"},"headline":"La Facultad de Biolog\u00eda de la UAS supera expectativas en el Sexto Conteo Latinoamericano de Aves en San Ignacio; registran m\u00e1s de 50 especies","datePublished":"2026-01-23T01:20:16+00:00","mainEntityOfPage":{"@id":"https:\/\/eticacomunica.com.mx\/?p=31121"},"wordCount":484,"commentCount":0,"publisher":{"@id":"https:\/\/eticacomunica.com.mx\/#organization"},"image":{"@id":"https:\/\/eticacomunica.com.mx\/?p=31121#primaryimage"},"thumbnailUrl":"https:\/\/eticacomunica.com.mx\/wp-content\/uploads\/2026\/01\/FB_IMG_1769131183763.jpg","keywords":["UAS"],"articleSection":["Educaci\u00f3n"],"inLanguage":"es","potentialAction":[{"@type":"CommentAction","name":"Comment","target":["https:\/\/eticacomunica.com.mx\/?p=31121#respond"]}]},{"@type":"WebPage","@id":"https:\/\/eticacomunica.com.mx\/?p=31121","url":"https:\/\/eticacomunica.com.mx\/?p=31121","name":"La Facultad de Biolog\u00eda de la UAS supera expectativas en el Sexto Conteo Latinoamericano de Aves en San Ignacio; registran m\u00e1s de 50 especies - \u00c9tica Comunica","isPartOf":{"@id":"https:\/\/eticacomunica.com.mx\/#website"},"primaryImageOfPage":{"@id":"https:\/\/eticacomunica.com.mx\/?p=31121#primaryimage"},"image":{"@id":"https:\/\/eticacomunica.com.mx\/?p=31121#primaryimage"},"thumbnailUrl":"https:\/\/eticacomunica.com.mx\/wp-content\/uploads\/2026\/01\/FB_IMG_1769131183763.jpg","datePublished":"2026-01-23T01:20:16+00:00","breadcrumb":{"@id":"https:\/\/eticacomunica.com.mx\/?p=31121#breadcrumb"},"inLanguage":"es","potentialAction":[{"@type":"ReadAction","target":["https:\/\/eticacomunica.com.mx\/?p=31121"]}]},{"@type":"ImageObject","inLanguage":"es","@id":"https:\/\/eticacomunica.com.mx\/?p=31121#primaryimage","url":"https:\/\/eticacomunica.com.mx\/wp-content\/uploads\/2026\/01\/FB_IMG_1769131183763.jpg","contentUrl":"https:\/\/eticacomunica.com.mx\/wp-content\/uploads\/2026\/01\/FB_IMG_1769131183763.jpg","width":1600,"height":1065},{"@type":"BreadcrumbList","@id":"https:\/\/eticacomunica.com.mx\/?p=31121#breadcrumb","itemListElement":[{"@type":"ListItem","position":1,"name":"Inicio","item":"https:\/\/eticacomunica.com.mx\/"},{"@type":"ListItem","position":2,"name":"La Facultad de Biolog\u00eda de la UAS supera expectativas en el Sexto Conteo Latinoamericano de Aves en San Ignacio; registran m\u00e1s de 50 especies"}]},{"@type":"WebSite","@id":"https:\/\/eticacomunica.com.mx\/#website","url":"https:\/\/eticacomunica.com.mx\/","name":"\u00c9tica Comunica","description":"Diario Digital","publisher":{"@id":"https:\/\/eticacomunica.com.mx\/#organization"},"potentialAction":[{"@type":"SearchAction","target":{"@type":"EntryPoint","urlTemplate":"https:\/\/eticacomunica.com.mx\/?s={search_term_string}"},"query-input":{"@type":"PropertyValueSpecification","valueRequired":true,"valueName":"search_term_string"}}],"inLanguage":"es"},{"@type":"Organization","@id":"https:\/\/eticacomunica.com.mx\/#organization","name":"Diarios Digitales de Sinaloa","url":"https:\/\/eticacomunica.com.mx\/","logo":{"@type":"ImageObject","inLanguage":"es","@id":"https:\/\/eticacomunica.com.mx\/#\/schema\/logo\/image\/","url":"https:\/\/eticacomunica.com.mx\/wp-content\/uploads\/2023\/10\/etica-logo.png","contentUrl":"https:\/\/eticacomunica.com.mx\/wp-content\/uploads\/2023\/10\/etica-logo.png","width":1280,"height":432,"caption":"Diarios Digitales de Sinaloa"},"image":{"@id":"https:\/\/eticacomunica.com.mx\/#\/schema\/logo\/image\/"},"sameAs":["https:\/\/www.facebook.com\/eticacomunica"]},{"@type":"Person","@id":"https:\/\/eticacomunica.com.mx\/#\/schema\/person\/2cacc47bd17fe8ad92f08c0313d22fa6","name":"etica","image":{"@type":"ImageObject","inLanguage":"es","@id":"https:\/\/secure.gravatar.com\/avatar\/dfb45d32bc7097f8f06d6e4f6e6b387e7cb8fd5b3a2869265c40587ab62cab1e?s=96&d=mm&r=g","url":"https:\/\/secure.gravatar.com\/avatar\/dfb45d32bc7097f8f06d6e4f6e6b387e7cb8fd5b3a2869265c40587ab62cab1e?s=96&d=mm&r=g","contentUrl":"https:\/\/secure.gravatar.com\/avatar\/dfb45d32bc7097f8f06d6e4f6e6b387e7cb8fd5b3a2869265c40587ab62cab1e?s=96&d=mm&r=g","caption":"etica"},"sameAs":["https:\/\/eticacomunica.com.mx"],"url":"https:\/\/eticacomunica.com.mx\/?author=1"}]}},"jetpack_publicize_connections":[],"jetpack_featured_media_url":"https:\/\/eticacomunica.com.mx\/wp-content\/uploads\/2026\/01\/FB_IMG_1769131183763.jpg","jetpack_sharing_enabled":true,"_links":{"self":[{"href":"https:\/\/eticacomunica.com.mx\/index.php?rest_route=\/wp\/v2\/posts\/31121","targetHints":{"allow":["GET"]}}],"collection":[{"href":"https:\/\/eticacomunica.com.mx\/index.php?rest_route=\/wp\/v2\/posts"}],"about":[{"href":"https:\/\/eticacomunica.com.mx\/index.php?rest_route=\/wp\/v2\/types\/post"}],"author":[{"embeddable":true,"href":"https:\/\/eticacomunica.com.mx\/index.php?rest_route=\/wp\/v2\/users\/1"}],"replies":[{"embeddable":true,"href":"https:\/\/eticacomunica.com.mx\/index.php?rest_route=%2Fwp%2Fv2%2Fcomments&post=31121"}],"version-history":[{"count":0,"href":"https:\/\/eticacomunica.com.mx\/index.php?rest_route=\/wp\/v2\/posts\/31121\/revisions"}],"wp:featuredmedia":[{"embeddable":true,"href":"https:\/\/eticacomunica.com.mx\/index.php?rest_route=\/wp\/v2\/media\/31120"}],"wp:attachment":[{"href":"https:\/\/eticacomunica.com.mx\/index.php?rest_route=%2Fwp%2Fv2%2Fmedia&parent=31121"}],"wp:term":[{"taxonomy":"category","embeddable":true,"href":"https:\/\/eticacomunica.com.mx\/index.php?rest_route=%2Fwp%2Fv2%2Fcategories&post=31121"},{"taxonomy":"post_tag","embeddable":true,"href":"https:\/\/eticacomunica.com.mx\/index.php?rest_route=%2Fwp%2Fv2%2Ftags&post=31121"}],"curies":[{"name":"wp","href":"https:\/\/api.w.org\/{rel}","templated":true}]}}