{"id":31127,"date":"2026-01-22T20:39:38","date_gmt":"2026-01-23T03:39:38","guid":{"rendered":"https:\/\/eticacomunica.com.mx\/?p=31127"},"modified":"2026-01-22T20:39:38","modified_gmt":"2026-01-23T03:39:38","slug":"la-uas-fortalece-su-compromiso-social-al-integrarse-al-consejo-culiacan-ciudad-del-aprendizaje-se-suma-al-proyecto-de-transformacion-social-de-la-unesco","status":"publish","type":"post","link":"https:\/\/eticacomunica.com.mx\/?p=31127","title":{"rendered":"La UAS fortalece su compromiso social al integrarse al Consejo \u201cCuliac\u00e1n, Ciudad del Aprendizaje\u201d; se suma al proyecto de transformaci\u00f3n social de la UNESCO"},"content":{"rendered":"\n<p>La Secretaria General de la Universidad Aut\u00f3noma de Sinaloa (UAS), doctora Yuniba Brun Corona, rindi\u00f3 protesta como integrante del Consejo \u201cCuliac\u00e1n, Ciudad del Aprendizaje\u201d y puso a disposici\u00f3n de esta figura y de la sociedad en general todos sus programas y el apoyo para actividades que permitan cumplir con los objetivos de esta iniciativa encabezada por el Ayuntamiento de Culiac\u00e1n.<br><br>\u201cComo instituci\u00f3n es un honor formar parte de este Consejo cumpliendo con la responsabilidad social universitaria y sobre todo estrechando lazos, poniendo a disposici\u00f3n las instalaciones, la experiencia que tiene la Universidad Aut\u00f3noma de Sinaloa al servicio de la sociedad\u201d, comparti\u00f3 Brun Corona previo a la toma de protesta que estuvo a cargo del Secretario del Ayuntamiento, el maestro Jos\u00e9 Ernesto Pe\u00f1uelas Castellanos en representaci\u00f3n del Alcalde y Presidente del Consejo.<br><br>La UAS forma parte de este Consejo desde su creaci\u00f3n como parte de la firma de Convenio de Colaboraci\u00f3n entre esta Casa de Estudios y el Ayuntamiento de Culiac\u00e1n, que firmaron en su momento el Rector, doctor Jes\u00fas Madue\u00f1a Molina y el Presidente Municipal de Culiac\u00e1n, arquitecto Juan de Dios G\u00e1mez Mend\u00edvil, respectivamente.<br><br>\u201cCuliac\u00e1n, ciudad del Aprendizaje\u201d se concibe como la herramienta para construir un nuevo pacto colectivo, un pacto como comunidad, donde el gobierno, las organizaciones civiles, las empresas y el sector acad\u00e9mico est\u00e1n dispuestos a trabajar para alcanzar el derecho a aspirar a vivir en una ciudad pac\u00edfica, unida, solidaria y sostenible.<br><br>Esta figura est\u00e1 reconocida por la UNESCO y tiene como objetivo trabajar proyectos educativos en las comunidades m\u00e1s vulnerables, as\u00ed como impulsar la convivencia como comunidad, que los j\u00f3venes desarrollen capacidades para el empleo y el emprendimiento, que las familias se apropien de los espacios p\u00fablicos como espacios de aprendizaje, el cuidado de los recursos ecol\u00f3gicos, entre otros.<br> <br>\u201cDesde la perspectiva humanista que nuestro Rector ha impulsado desde su primer periodo, desde la Unidad de Bienestar Universitario se desarrollan una serie de actividades en nuestra instituci\u00f3n enfocadas en un primer momento a lo que es cultura de paz, a desarrollar el humanismo, a promover los distintos valores e identidad universitaria, lo que tiene que ver con los espacios de convivencia y sobre todo nuestra instituci\u00f3n tiene una gran experiencia en temas de prevenci\u00f3n en los distintos \u00e1mbitos, el desarrollo de habilidades socioemocionales y todo esto lo pondremos al servicio de este Consejo\u201d, dijo la representante de la UAS.<br><br>Tambi\u00e9n tom\u00f3 protesta el Director de Asesor\u00eda de la Presidencia, licenciado Carlos Ricardo, Valenzuela Garc\u00eda, como Secretario T\u00e9cnico del Consejo, quien expuso el plan de trabajo para realizar el Proyecto CAUCE \u201cReactivaci\u00f3n de Parques de Convivencia y Aprendizaje\u201d, que impulsar\u00e1 la convivencia ciudadana y la reactivaci\u00f3n de parques y espacios p\u00fablicos de Culiac\u00e1n a trav\u00e9s de un programa itinerante de actividades deportivas, educativas y culturales que promueven el aprendizaje por medio de actividades art\u00edsticas, culturales, juegos educativos, muestras gastron\u00f3micas, entre otras acciones. <br><br>Los integrantes del Consejo se mostraron muy participativos con propuestas para fortalecer el trabajo y sobre todo obtener el impacto deseado en la sociedad y el municipio y la Secretaria de la UAS reiter\u00f3 la disposici\u00f3n de participar a trav\u00e9s de sus diferentes unidades acad\u00e9micas y programas en cada uno de los objetivos del Consejo.<\/p>\n","protected":false},"excerpt":{"rendered":"<p>La Secretaria General de la Universidad Aut\u00f3noma de Sinaloa (UAS), doctora Yuniba Brun Corona, rindi\u00f3 protesta como integrante del Consejo \u201cCuliac\u00e1n, Ciudad del Aprendizaje\u201d y puso a disposici\u00f3n de esta&hellip;<\/p>\n","protected":false},"author":1,"featured_media":31126,"comment_status":"open","ping_status":"open","sticky":false,"template":"","format":"standard","meta":{"_jetpack_memberships_contains_paid_content":false,"footnotes":"","jetpack_publicize_message":"","jetpack_publicize_feature_enabled":true,"jetpack_social_post_already_shared":true,"jetpack_social_options":{"image_generator_settings":{"template":"highway","default_image_id":0,"font":"","enabled":false},"version":2}},"categories":[40],"tags":[41],"class_list":["post-31127","post","type-post","status-publish","format-standard","has-post-thumbnail","hentry","category-educacion","tag-uas"],"yoast_head":"<!-- This site is optimized with the Yoast SEO plugin v27.2 - https:\/\/yoast.com\/product\/yoast-seo-wordpress\/ -->\n<title>La UAS fortalece su compromiso social al integrarse al Consejo \u201cCuliac\u00e1n, Ciudad del Aprendizaje\u201d; se suma al proyecto de transformaci\u00f3n social de la UNESCO - \u00c9tica Comunica<\/title>\n<meta name=\"robots\" content=\"index, follow, max-snippet:-1, max-image-preview:large, max-video-preview:-1\" \/>\n<link rel=\"canonical\" href=\"https:\/\/eticacomunica.com.mx\/?p=31127\" \/>\n<meta property=\"og:locale\" content=\"es_MX\" \/>\n<meta property=\"og:type\" content=\"article\" \/>\n<meta property=\"og:title\" content=\"La UAS fortalece su compromiso social al integrarse al Consejo \u201cCuliac\u00e1n, Ciudad del Aprendizaje\u201d; se suma al proyecto de transformaci\u00f3n social de la UNESCO - \u00c9tica Comunica\" \/>\n<meta property=\"og:description\" content=\"La Secretaria General de la Universidad Aut\u00f3noma de Sinaloa (UAS), doctora Yuniba Brun Corona, rindi\u00f3 protesta como integrante del Consejo \u201cCuliac\u00e1n, Ciudad del Aprendizaje\u201d y puso a disposici\u00f3n de esta&hellip;\" \/>\n<meta property=\"og:url\" content=\"https:\/\/eticacomunica.com.mx\/?p=31127\" \/>\n<meta property=\"og:site_name\" content=\"\u00c9tica Comunica\" \/>\n<meta property=\"article:publisher\" content=\"https:\/\/www.facebook.com\/eticacomunica\" \/>\n<meta property=\"article:published_time\" content=\"2026-01-23T03:39:38+00:00\" \/>\n<meta property=\"og:image\" content=\"https:\/\/eticacomunica.com.mx\/wp-content\/uploads\/2026\/01\/IMG-20260122-WA0087.jpg\" \/>\n\t<meta property=\"og:image:width\" content=\"1512\" \/>\n\t<meta property=\"og:image:height\" content=\"1006\" \/>\n\t<meta property=\"og:image:type\" content=\"image\/jpeg\" \/>\n<meta name=\"author\" content=\"etica\" \/>\n<meta name=\"twitter:card\" content=\"summary_large_image\" \/>\n<meta name=\"twitter:label1\" content=\"Escrito por\" \/>\n\t<meta name=\"twitter:data1\" content=\"etica\" \/>\n\t<meta name=\"twitter:label2\" content=\"Tiempo de lectura\" \/>\n\t<meta name=\"twitter:data2\" content=\"3 minutos\" \/>\n<script type=\"application\/ld+json\" class=\"yoast-schema-graph\">{\"@context\":\"https:\/\/schema.org\",\"@graph\":[{\"@type\":\"Article\",\"@id\":\"https:\/\/eticacomunica.com.mx\/?p=31127#article\",\"isPartOf\":{\"@id\":\"https:\/\/eticacomunica.com.mx\/?p=31127\"},\"author\":{\"name\":\"etica\",\"@id\":\"https:\/\/eticacomunica.com.mx\/#\/schema\/person\/2cacc47bd17fe8ad92f08c0313d22fa6\"},\"headline\":\"La UAS fortalece su compromiso social al integrarse al Consejo \u201cCuliac\u00e1n, Ciudad del Aprendizaje\u201d; se suma al proyecto de transformaci\u00f3n social de la UNESCO\",\"datePublished\":\"2026-01-23T03:39:38+00:00\",\"mainEntityOfPage\":{\"@id\":\"https:\/\/eticacomunica.com.mx\/?p=31127\"},\"wordCount\":598,\"commentCount\":0,\"publisher\":{\"@id\":\"https:\/\/eticacomunica.com.mx\/#organization\"},\"image\":{\"@id\":\"https:\/\/eticacomunica.com.mx\/?p=31127#primaryimage\"},\"thumbnailUrl\":\"https:\/\/eticacomunica.com.mx\/wp-content\/uploads\/2026\/01\/IMG-20260122-WA0087.jpg\",\"keywords\":[\"UAS\"],\"articleSection\":[\"Educaci\u00f3n\"],\"inLanguage\":\"es\",\"potentialAction\":[{\"@type\":\"CommentAction\",\"name\":\"Comment\",\"target\":[\"https:\/\/eticacomunica.com.mx\/?p=31127#respond\"]}]},{\"@type\":\"WebPage\",\"@id\":\"https:\/\/eticacomunica.com.mx\/?p=31127\",\"url\":\"https:\/\/eticacomunica.com.mx\/?p=31127\",\"name\":\"La UAS fortalece su compromiso social al integrarse al Consejo \u201cCuliac\u00e1n, Ciudad del Aprendizaje\u201d; se suma al proyecto de transformaci\u00f3n social de la UNESCO - \u00c9tica Comunica\",\"isPartOf\":{\"@id\":\"https:\/\/eticacomunica.com.mx\/#website\"},\"primaryImageOfPage\":{\"@id\":\"https:\/\/eticacomunica.com.mx\/?p=31127#primaryimage\"},\"image\":{\"@id\":\"https:\/\/eticacomunica.com.mx\/?p=31127#primaryimage\"},\"thumbnailUrl\":\"https:\/\/eticacomunica.com.mx\/wp-content\/uploads\/2026\/01\/IMG-20260122-WA0087.jpg\",\"datePublished\":\"2026-01-23T03:39:38+00:00\",\"breadcrumb\":{\"@id\":\"https:\/\/eticacomunica.com.mx\/?p=31127#breadcrumb\"},\"inLanguage\":\"es\",\"potentialAction\":[{\"@type\":\"ReadAction\",\"target\":[\"https:\/\/eticacomunica.com.mx\/?p=31127\"]}]},{\"@type\":\"ImageObject\",\"inLanguage\":\"es\",\"@id\":\"https:\/\/eticacomunica.com.mx\/?p=31127#primaryimage\",\"url\":\"https:\/\/eticacomunica.com.mx\/wp-content\/uploads\/2026\/01\/IMG-20260122-WA0087.jpg\",\"contentUrl\":\"https:\/\/eticacomunica.com.mx\/wp-content\/uploads\/2026\/01\/IMG-20260122-WA0087.jpg\",\"width\":1512,\"height\":1006},{\"@type\":\"BreadcrumbList\",\"@id\":\"https:\/\/eticacomunica.com.mx\/?p=31127#breadcrumb\",\"itemListElement\":[{\"@type\":\"ListItem\",\"position\":1,\"name\":\"Inicio\",\"item\":\"https:\/\/eticacomunica.com.mx\/\"},{\"@type\":\"ListItem\",\"position\":2,\"name\":\"La UAS fortalece su compromiso social al integrarse al Consejo \u201cCuliac\u00e1n, Ciudad del Aprendizaje\u201d; se suma al proyecto de transformaci\u00f3n social de la UNESCO\"}]},{\"@type\":\"WebSite\",\"@id\":\"https:\/\/eticacomunica.com.mx\/#website\",\"url\":\"https:\/\/eticacomunica.com.mx\/\",\"name\":\"\u00c9tica Comunica\",\"description\":\"Diario Digital\",\"publisher\":{\"@id\":\"https:\/\/eticacomunica.com.mx\/#organization\"},\"potentialAction\":[{\"@type\":\"SearchAction\",\"target\":{\"@type\":\"EntryPoint\",\"urlTemplate\":\"https:\/\/eticacomunica.com.mx\/?s={search_term_string}\"},\"query-input\":{\"@type\":\"PropertyValueSpecification\",\"valueRequired\":true,\"valueName\":\"search_term_string\"}}],\"inLanguage\":\"es\"},{\"@type\":\"Organization\",\"@id\":\"https:\/\/eticacomunica.com.mx\/#organization\",\"name\":\"Diarios Digitales de Sinaloa\",\"url\":\"https:\/\/eticacomunica.com.mx\/\",\"logo\":{\"@type\":\"ImageObject\",\"inLanguage\":\"es\",\"@id\":\"https:\/\/eticacomunica.com.mx\/#\/schema\/logo\/image\/\",\"url\":\"https:\/\/eticacomunica.com.mx\/wp-content\/uploads\/2023\/10\/etica-logo.png\",\"contentUrl\":\"https:\/\/eticacomunica.com.mx\/wp-content\/uploads\/2023\/10\/etica-logo.png\",\"width\":1280,\"height\":432,\"caption\":\"Diarios Digitales de Sinaloa\"},\"image\":{\"@id\":\"https:\/\/eticacomunica.com.mx\/#\/schema\/logo\/image\/\"},\"sameAs\":[\"https:\/\/www.facebook.com\/eticacomunica\"]},{\"@type\":\"Person\",\"@id\":\"https:\/\/eticacomunica.com.mx\/#\/schema\/person\/2cacc47bd17fe8ad92f08c0313d22fa6\",\"name\":\"etica\",\"image\":{\"@type\":\"ImageObject\",\"inLanguage\":\"es\",\"@id\":\"https:\/\/secure.gravatar.com\/avatar\/dfb45d32bc7097f8f06d6e4f6e6b387e7cb8fd5b3a2869265c40587ab62cab1e?s=96&d=mm&r=g\",\"url\":\"https:\/\/secure.gravatar.com\/avatar\/dfb45d32bc7097f8f06d6e4f6e6b387e7cb8fd5b3a2869265c40587ab62cab1e?s=96&d=mm&r=g\",\"contentUrl\":\"https:\/\/secure.gravatar.com\/avatar\/dfb45d32bc7097f8f06d6e4f6e6b387e7cb8fd5b3a2869265c40587ab62cab1e?s=96&d=mm&r=g\",\"caption\":\"etica\"},\"sameAs\":[\"https:\/\/eticacomunica.com.mx\"],\"url\":\"https:\/\/eticacomunica.com.mx\/?author=1\"}]}<\/script>\n<!-- \/ Yoast SEO plugin. -->","yoast_head_json":{"title":"La UAS fortalece su compromiso social al integrarse al Consejo \u201cCuliac\u00e1n, Ciudad del Aprendizaje\u201d; se suma al proyecto de transformaci\u00f3n social de la UNESCO - \u00c9tica Comunica","robots":{"index":"index","follow":"follow","max-snippet":"max-snippet:-1","max-image-preview":"max-image-preview:large","max-video-preview":"max-video-preview:-1"},"canonical":"https:\/\/eticacomunica.com.mx\/?p=31127","og_locale":"es_MX","og_type":"article","og_title":"La UAS fortalece su compromiso social al integrarse al Consejo \u201cCuliac\u00e1n, Ciudad del Aprendizaje\u201d; se suma al proyecto de transformaci\u00f3n social de la UNESCO - \u00c9tica Comunica","og_description":"La Secretaria General de la Universidad Aut\u00f3noma de Sinaloa (UAS), doctora Yuniba Brun Corona, rindi\u00f3 protesta como integrante del Consejo \u201cCuliac\u00e1n, Ciudad del Aprendizaje\u201d y puso a disposici\u00f3n de esta&hellip;","og_url":"https:\/\/eticacomunica.com.mx\/?p=31127","og_site_name":"\u00c9tica Comunica","article_publisher":"https:\/\/www.facebook.com\/eticacomunica","article_published_time":"2026-01-23T03:39:38+00:00","og_image":[{"width":1512,"height":1006,"url":"https:\/\/eticacomunica.com.mx\/wp-content\/uploads\/2026\/01\/IMG-20260122-WA0087.jpg","type":"image\/jpeg"}],"author":"etica","twitter_card":"summary_large_image","twitter_misc":{"Escrito por":"etica","Tiempo de lectura":"3 minutos"},"schema":{"@context":"https:\/\/schema.org","@graph":[{"@type":"Article","@id":"https:\/\/eticacomunica.com.mx\/?p=31127#article","isPartOf":{"@id":"https:\/\/eticacomunica.com.mx\/?p=31127"},"author":{"name":"etica","@id":"https:\/\/eticacomunica.com.mx\/#\/schema\/person\/2cacc47bd17fe8ad92f08c0313d22fa6"},"headline":"La UAS fortalece su compromiso social al integrarse al Consejo \u201cCuliac\u00e1n, Ciudad del Aprendizaje\u201d; se suma al proyecto de transformaci\u00f3n social de la UNESCO","datePublished":"2026-01-23T03:39:38+00:00","mainEntityOfPage":{"@id":"https:\/\/eticacomunica.com.mx\/?p=31127"},"wordCount":598,"commentCount":0,"publisher":{"@id":"https:\/\/eticacomunica.com.mx\/#organization"},"image":{"@id":"https:\/\/eticacomunica.com.mx\/?p=31127#primaryimage"},"thumbnailUrl":"https:\/\/eticacomunica.com.mx\/wp-content\/uploads\/2026\/01\/IMG-20260122-WA0087.jpg","keywords":["UAS"],"articleSection":["Educaci\u00f3n"],"inLanguage":"es","potentialAction":[{"@type":"CommentAction","name":"Comment","target":["https:\/\/eticacomunica.com.mx\/?p=31127#respond"]}]},{"@type":"WebPage","@id":"https:\/\/eticacomunica.com.mx\/?p=31127","url":"https:\/\/eticacomunica.com.mx\/?p=31127","name":"La UAS fortalece su compromiso social al integrarse al Consejo \u201cCuliac\u00e1n, Ciudad del Aprendizaje\u201d; se suma al proyecto de transformaci\u00f3n social de la UNESCO - \u00c9tica Comunica","isPartOf":{"@id":"https:\/\/eticacomunica.com.mx\/#website"},"primaryImageOfPage":{"@id":"https:\/\/eticacomunica.com.mx\/?p=31127#primaryimage"},"image":{"@id":"https:\/\/eticacomunica.com.mx\/?p=31127#primaryimage"},"thumbnailUrl":"https:\/\/eticacomunica.com.mx\/wp-content\/uploads\/2026\/01\/IMG-20260122-WA0087.jpg","datePublished":"2026-01-23T03:39:38+00:00","breadcrumb":{"@id":"https:\/\/eticacomunica.com.mx\/?p=31127#breadcrumb"},"inLanguage":"es","potentialAction":[{"@type":"ReadAction","target":["https:\/\/eticacomunica.com.mx\/?p=31127"]}]},{"@type":"ImageObject","inLanguage":"es","@id":"https:\/\/eticacomunica.com.mx\/?p=31127#primaryimage","url":"https:\/\/eticacomunica.com.mx\/wp-content\/uploads\/2026\/01\/IMG-20260122-WA0087.jpg","contentUrl":"https:\/\/eticacomunica.com.mx\/wp-content\/uploads\/2026\/01\/IMG-20260122-WA0087.jpg","width":1512,"height":1006},{"@type":"BreadcrumbList","@id":"https:\/\/eticacomunica.com.mx\/?p=31127#breadcrumb","itemListElement":[{"@type":"ListItem","position":1,"name":"Inicio","item":"https:\/\/eticacomunica.com.mx\/"},{"@type":"ListItem","position":2,"name":"La UAS fortalece su compromiso social al integrarse al Consejo \u201cCuliac\u00e1n, Ciudad del Aprendizaje\u201d; se suma al proyecto de transformaci\u00f3n social de la UNESCO"}]},{"@type":"WebSite","@id":"https:\/\/eticacomunica.com.mx\/#website","url":"https:\/\/eticacomunica.com.mx\/","name":"\u00c9tica Comunica","description":"Diario Digital","publisher":{"@id":"https:\/\/eticacomunica.com.mx\/#organization"},"potentialAction":[{"@type":"SearchAction","target":{"@type":"EntryPoint","urlTemplate":"https:\/\/eticacomunica.com.mx\/?s={search_term_string}"},"query-input":{"@type":"PropertyValueSpecification","valueRequired":true,"valueName":"search_term_string"}}],"inLanguage":"es"},{"@type":"Organization","@id":"https:\/\/eticacomunica.com.mx\/#organization","name":"Diarios Digitales de Sinaloa","url":"https:\/\/eticacomunica.com.mx\/","logo":{"@type":"ImageObject","inLanguage":"es","@id":"https:\/\/eticacomunica.com.mx\/#\/schema\/logo\/image\/","url":"https:\/\/eticacomunica.com.mx\/wp-content\/uploads\/2023\/10\/etica-logo.png","contentUrl":"https:\/\/eticacomunica.com.mx\/wp-content\/uploads\/2023\/10\/etica-logo.png","width":1280,"height":432,"caption":"Diarios Digitales de Sinaloa"},"image":{"@id":"https:\/\/eticacomunica.com.mx\/#\/schema\/logo\/image\/"},"sameAs":["https:\/\/www.facebook.com\/eticacomunica"]},{"@type":"Person","@id":"https:\/\/eticacomunica.com.mx\/#\/schema\/person\/2cacc47bd17fe8ad92f08c0313d22fa6","name":"etica","image":{"@type":"ImageObject","inLanguage":"es","@id":"https:\/\/secure.gravatar.com\/avatar\/dfb45d32bc7097f8f06d6e4f6e6b387e7cb8fd5b3a2869265c40587ab62cab1e?s=96&d=mm&r=g","url":"https:\/\/secure.gravatar.com\/avatar\/dfb45d32bc7097f8f06d6e4f6e6b387e7cb8fd5b3a2869265c40587ab62cab1e?s=96&d=mm&r=g","contentUrl":"https:\/\/secure.gravatar.com\/avatar\/dfb45d32bc7097f8f06d6e4f6e6b387e7cb8fd5b3a2869265c40587ab62cab1e?s=96&d=mm&r=g","caption":"etica"},"sameAs":["https:\/\/eticacomunica.com.mx"],"url":"https:\/\/eticacomunica.com.mx\/?author=1"}]}},"jetpack_publicize_connections":[],"jetpack_featured_media_url":"https:\/\/eticacomunica.com.mx\/wp-content\/uploads\/2026\/01\/IMG-20260122-WA0087.jpg","jetpack_sharing_enabled":true,"_links":{"self":[{"href":"https:\/\/eticacomunica.com.mx\/index.php?rest_route=\/wp\/v2\/posts\/31127","targetHints":{"allow":["GET"]}}],"collection":[{"href":"https:\/\/eticacomunica.com.mx\/index.php?rest_route=\/wp\/v2\/posts"}],"about":[{"href":"https:\/\/eticacomunica.com.mx\/index.php?rest_route=\/wp\/v2\/types\/post"}],"author":[{"embeddable":true,"href":"https:\/\/eticacomunica.com.mx\/index.php?rest_route=\/wp\/v2\/users\/1"}],"replies":[{"embeddable":true,"href":"https:\/\/eticacomunica.com.mx\/index.php?rest_route=%2Fwp%2Fv2%2Fcomments&post=31127"}],"version-history":[{"count":0,"href":"https:\/\/eticacomunica.com.mx\/index.php?rest_route=\/wp\/v2\/posts\/31127\/revisions"}],"wp:featuredmedia":[{"embeddable":true,"href":"https:\/\/eticacomunica.com.mx\/index.php?rest_route=\/wp\/v2\/media\/31126"}],"wp:attachment":[{"href":"https:\/\/eticacomunica.com.mx\/index.php?rest_route=%2Fwp%2Fv2%2Fmedia&parent=31127"}],"wp:term":[{"taxonomy":"category","embeddable":true,"href":"https:\/\/eticacomunica.com.mx\/index.php?rest_route=%2Fwp%2Fv2%2Fcategories&post=31127"},{"taxonomy":"post_tag","embeddable":true,"href":"https:\/\/eticacomunica.com.mx\/index.php?rest_route=%2Fwp%2Fv2%2Ftags&post=31127"}],"curies":[{"name":"wp","href":"https:\/\/api.w.org\/{rel}","templated":true}]}}