{"id":31140,"date":"2026-01-23T16:27:54","date_gmt":"2026-01-23T23:27:54","guid":{"rendered":"https:\/\/eticacomunica.com.mx\/?p=31140"},"modified":"2026-01-23T16:27:54","modified_gmt":"2026-01-23T23:27:54","slug":"trabaja-sader-para-cumplir-con-el-pago-del-complemento-del-precio-de-garantia-del-trigo-para-el-dia-20-de-febrero-ismael-bello-esquivel","status":"publish","type":"post","link":"https:\/\/eticacomunica.com.mx\/?p=31140","title":{"rendered":"Trabaja Sader para cumplir con el pago del complemento del precio de garant\u00eda del trigo para el d\u00eda 20 de febrero: Ismael Bello Esquivel"},"content":{"rendered":"\n<p>Apoyar\u00e1 SAyG a SADER en revisi\u00f3n y solventaciones de expedientes para agilizar los procesos.<br><br>Culiac\u00e1n, Sin., a 23 de enero de 2026.- El Secretario Agricultura y Ganader\u00eda de Sinaloa, Ismael Bello Esquivel acudi\u00f3 a la Secretar\u00eda Agricultura y Desarrollo Rural en la ciudad de M\u00e9xico, para dar seguimiento al tema de los pagos de trigo en donde se acord\u00f3 un trabajo con el apoyo por parte de Gobierno del Estado para coadyuvar en la revisi\u00f3n e integraci\u00f3n de expedientes, con la finalidad de agilizar su proceso.<br><br>Previo a su salida a la Expo Gulfood de Dubai, Bello Esquivel se reuni\u00f3 con el doctor Jos\u00e9 Adolfo Zepeda Zepeda, Director General de Precios Ordenamiento Comercial y Valor Agregado para sostener una reuni\u00f3n de trabajo, con la finalidad de avanzar con el pago del trigo a productores sinaloenses.<br><br>En ese contexto, el funcionario estatal reconoci\u00f3 el trabajo que hasta el momento ha realizado la Secretar\u00eda de Agricultura y Desarrollo Rural que encabeza el Dr. Julio Berdegu\u00e9 Sacrist\u00e1n, sin embargo el Gobernador Rub\u00e9n Rocha Moya no ha dejado de gestionar ante esta instancia, para que se aceleren los procesos de pago a los productores.<br><br>Para ello, agreg\u00f3 Bello Esquivel, ya se conform\u00f3 e integr\u00f3 un equipo por parte de la SAyG del Gobierno del Estado, cuya finalidad es coadyuvar de manera directa con la SADER, para revisar el resto de los 2 mil 529 expedientes que ya tienen integrados con n\u00famero de folio y detectar posibles irregularidades o realizar solventaciones para que queden en positivo y dar paso a los procesos de pago.<br><br>El Secretario de Agricultura manifest\u00f3 que el compromiso de parte de la SADER es que a m\u00e1s tardar el 20 de febrero, el apoyo federal extraordinario ya quede finiquitado a la totalidad de los productores sinaloenses.<\/p>\n","protected":false},"excerpt":{"rendered":"<p>Apoyar\u00e1 SAyG a SADER en revisi\u00f3n y solventaciones de expedientes para agilizar los procesos. Culiac\u00e1n, Sin., a 23 de enero de 2026.- El Secretario Agricultura y Ganader\u00eda de Sinaloa, Ismael&hellip;<\/p>\n","protected":false},"author":1,"featured_media":31139,"comment_status":"open","ping_status":"open","sticky":false,"template":"","format":"standard","meta":{"_jetpack_memberships_contains_paid_content":false,"footnotes":"","jetpack_publicize_message":"","jetpack_publicize_feature_enabled":true,"jetpack_social_post_already_shared":true,"jetpack_social_options":{"image_generator_settings":{"template":"highway","default_image_id":0,"font":"","enabled":false},"version":2}},"categories":[24],"tags":[34],"class_list":["post-31140","post","type-post","status-publish","format-standard","has-post-thumbnail","hentry","category-estados","tag-gobierno-del-estado-de-sinaloa"],"yoast_head":"<!-- This site is optimized with the Yoast SEO plugin v27.2 - https:\/\/yoast.com\/product\/yoast-seo-wordpress\/ -->\n<title>Trabaja Sader para cumplir con el pago del complemento del precio de garant\u00eda del trigo para el d\u00eda 20 de febrero: Ismael Bello Esquivel - \u00c9tica Comunica<\/title>\n<meta name=\"robots\" content=\"index, follow, max-snippet:-1, max-image-preview:large, max-video-preview:-1\" \/>\n<link rel=\"canonical\" href=\"https:\/\/eticacomunica.com.mx\/?p=31140\" \/>\n<meta property=\"og:locale\" content=\"es_MX\" \/>\n<meta property=\"og:type\" content=\"article\" \/>\n<meta property=\"og:title\" content=\"Trabaja Sader para cumplir con el pago del complemento del precio de garant\u00eda del trigo para el d\u00eda 20 de febrero: Ismael Bello Esquivel - \u00c9tica Comunica\" \/>\n<meta property=\"og:description\" content=\"Apoyar\u00e1 SAyG a SADER en revisi\u00f3n y solventaciones de expedientes para agilizar los procesos. Culiac\u00e1n, Sin., a 23 de enero de 2026.- El Secretario Agricultura y Ganader\u00eda de Sinaloa, Ismael&hellip;\" \/>\n<meta property=\"og:url\" content=\"https:\/\/eticacomunica.com.mx\/?p=31140\" \/>\n<meta property=\"og:site_name\" content=\"\u00c9tica Comunica\" \/>\n<meta property=\"article:publisher\" content=\"https:\/\/www.facebook.com\/eticacomunica\" \/>\n<meta property=\"article:published_time\" content=\"2026-01-23T23:27:54+00:00\" \/>\n<meta property=\"og:image\" content=\"https:\/\/eticacomunica.com.mx\/wp-content\/uploads\/2026\/01\/IMG-20260123-WA0071.jpg\" \/>\n\t<meta property=\"og:image:width\" content=\"1384\" \/>\n\t<meta property=\"og:image:height\" content=\"830\" \/>\n\t<meta property=\"og:image:type\" content=\"image\/jpeg\" \/>\n<meta name=\"author\" content=\"etica\" \/>\n<meta name=\"twitter:card\" content=\"summary_large_image\" \/>\n<meta name=\"twitter:label1\" content=\"Escrito por\" \/>\n\t<meta name=\"twitter:data1\" content=\"etica\" \/>\n\t<meta name=\"twitter:label2\" content=\"Tiempo de lectura\" \/>\n\t<meta name=\"twitter:data2\" content=\"2 minutos\" \/>\n<script type=\"application\/ld+json\" class=\"yoast-schema-graph\">{\"@context\":\"https:\/\/schema.org\",\"@graph\":[{\"@type\":\"Article\",\"@id\":\"https:\/\/eticacomunica.com.mx\/?p=31140#article\",\"isPartOf\":{\"@id\":\"https:\/\/eticacomunica.com.mx\/?p=31140\"},\"author\":{\"name\":\"etica\",\"@id\":\"https:\/\/eticacomunica.com.mx\/#\/schema\/person\/2cacc47bd17fe8ad92f08c0313d22fa6\"},\"headline\":\"Trabaja Sader para cumplir con el pago del complemento del precio de garant\u00eda del trigo para el d\u00eda 20 de febrero: Ismael Bello Esquivel\",\"datePublished\":\"2026-01-23T23:27:54+00:00\",\"mainEntityOfPage\":{\"@id\":\"https:\/\/eticacomunica.com.mx\/?p=31140\"},\"wordCount\":329,\"commentCount\":0,\"publisher\":{\"@id\":\"https:\/\/eticacomunica.com.mx\/#organization\"},\"image\":{\"@id\":\"https:\/\/eticacomunica.com.mx\/?p=31140#primaryimage\"},\"thumbnailUrl\":\"https:\/\/eticacomunica.com.mx\/wp-content\/uploads\/2026\/01\/IMG-20260123-WA0071.jpg\",\"keywords\":[\"Gobierno del Estado de Sinaloa\"],\"articleSection\":[\"Estados\"],\"inLanguage\":\"es\",\"potentialAction\":[{\"@type\":\"CommentAction\",\"name\":\"Comment\",\"target\":[\"https:\/\/eticacomunica.com.mx\/?p=31140#respond\"]}]},{\"@type\":\"WebPage\",\"@id\":\"https:\/\/eticacomunica.com.mx\/?p=31140\",\"url\":\"https:\/\/eticacomunica.com.mx\/?p=31140\",\"name\":\"Trabaja Sader para cumplir con el pago del complemento del precio de garant\u00eda del trigo para el d\u00eda 20 de febrero: Ismael Bello Esquivel - \u00c9tica Comunica\",\"isPartOf\":{\"@id\":\"https:\/\/eticacomunica.com.mx\/#website\"},\"primaryImageOfPage\":{\"@id\":\"https:\/\/eticacomunica.com.mx\/?p=31140#primaryimage\"},\"image\":{\"@id\":\"https:\/\/eticacomunica.com.mx\/?p=31140#primaryimage\"},\"thumbnailUrl\":\"https:\/\/eticacomunica.com.mx\/wp-content\/uploads\/2026\/01\/IMG-20260123-WA0071.jpg\",\"datePublished\":\"2026-01-23T23:27:54+00:00\",\"breadcrumb\":{\"@id\":\"https:\/\/eticacomunica.com.mx\/?p=31140#breadcrumb\"},\"inLanguage\":\"es\",\"potentialAction\":[{\"@type\":\"ReadAction\",\"target\":[\"https:\/\/eticacomunica.com.mx\/?p=31140\"]}]},{\"@type\":\"ImageObject\",\"inLanguage\":\"es\",\"@id\":\"https:\/\/eticacomunica.com.mx\/?p=31140#primaryimage\",\"url\":\"https:\/\/eticacomunica.com.mx\/wp-content\/uploads\/2026\/01\/IMG-20260123-WA0071.jpg\",\"contentUrl\":\"https:\/\/eticacomunica.com.mx\/wp-content\/uploads\/2026\/01\/IMG-20260123-WA0071.jpg\",\"width\":1384,\"height\":830},{\"@type\":\"BreadcrumbList\",\"@id\":\"https:\/\/eticacomunica.com.mx\/?p=31140#breadcrumb\",\"itemListElement\":[{\"@type\":\"ListItem\",\"position\":1,\"name\":\"Inicio\",\"item\":\"https:\/\/eticacomunica.com.mx\/\"},{\"@type\":\"ListItem\",\"position\":2,\"name\":\"Trabaja Sader para cumplir con el pago del complemento del precio de garant\u00eda del trigo para el d\u00eda 20 de febrero: Ismael Bello Esquivel\"}]},{\"@type\":\"WebSite\",\"@id\":\"https:\/\/eticacomunica.com.mx\/#website\",\"url\":\"https:\/\/eticacomunica.com.mx\/\",\"name\":\"\u00c9tica Comunica\",\"description\":\"Diario Digital\",\"publisher\":{\"@id\":\"https:\/\/eticacomunica.com.mx\/#organization\"},\"potentialAction\":[{\"@type\":\"SearchAction\",\"target\":{\"@type\":\"EntryPoint\",\"urlTemplate\":\"https:\/\/eticacomunica.com.mx\/?s={search_term_string}\"},\"query-input\":{\"@type\":\"PropertyValueSpecification\",\"valueRequired\":true,\"valueName\":\"search_term_string\"}}],\"inLanguage\":\"es\"},{\"@type\":\"Organization\",\"@id\":\"https:\/\/eticacomunica.com.mx\/#organization\",\"name\":\"Diarios Digitales de Sinaloa\",\"url\":\"https:\/\/eticacomunica.com.mx\/\",\"logo\":{\"@type\":\"ImageObject\",\"inLanguage\":\"es\",\"@id\":\"https:\/\/eticacomunica.com.mx\/#\/schema\/logo\/image\/\",\"url\":\"https:\/\/eticacomunica.com.mx\/wp-content\/uploads\/2023\/10\/etica-logo.png\",\"contentUrl\":\"https:\/\/eticacomunica.com.mx\/wp-content\/uploads\/2023\/10\/etica-logo.png\",\"width\":1280,\"height\":432,\"caption\":\"Diarios Digitales de Sinaloa\"},\"image\":{\"@id\":\"https:\/\/eticacomunica.com.mx\/#\/schema\/logo\/image\/\"},\"sameAs\":[\"https:\/\/www.facebook.com\/eticacomunica\"]},{\"@type\":\"Person\",\"@id\":\"https:\/\/eticacomunica.com.mx\/#\/schema\/person\/2cacc47bd17fe8ad92f08c0313d22fa6\",\"name\":\"etica\",\"image\":{\"@type\":\"ImageObject\",\"inLanguage\":\"es\",\"@id\":\"https:\/\/secure.gravatar.com\/avatar\/dfb45d32bc7097f8f06d6e4f6e6b387e7cb8fd5b3a2869265c40587ab62cab1e?s=96&d=mm&r=g\",\"url\":\"https:\/\/secure.gravatar.com\/avatar\/dfb45d32bc7097f8f06d6e4f6e6b387e7cb8fd5b3a2869265c40587ab62cab1e?s=96&d=mm&r=g\",\"contentUrl\":\"https:\/\/secure.gravatar.com\/avatar\/dfb45d32bc7097f8f06d6e4f6e6b387e7cb8fd5b3a2869265c40587ab62cab1e?s=96&d=mm&r=g\",\"caption\":\"etica\"},\"sameAs\":[\"https:\/\/eticacomunica.com.mx\"],\"url\":\"https:\/\/eticacomunica.com.mx\/?author=1\"}]}<\/script>\n<!-- \/ Yoast SEO plugin. -->","yoast_head_json":{"title":"Trabaja Sader para cumplir con el pago del complemento del precio de garant\u00eda del trigo para el d\u00eda 20 de febrero: Ismael Bello Esquivel - \u00c9tica Comunica","robots":{"index":"index","follow":"follow","max-snippet":"max-snippet:-1","max-image-preview":"max-image-preview:large","max-video-preview":"max-video-preview:-1"},"canonical":"https:\/\/eticacomunica.com.mx\/?p=31140","og_locale":"es_MX","og_type":"article","og_title":"Trabaja Sader para cumplir con el pago del complemento del precio de garant\u00eda del trigo para el d\u00eda 20 de febrero: Ismael Bello Esquivel - \u00c9tica Comunica","og_description":"Apoyar\u00e1 SAyG a SADER en revisi\u00f3n y solventaciones de expedientes para agilizar los procesos. Culiac\u00e1n, Sin., a 23 de enero de 2026.- El Secretario Agricultura y Ganader\u00eda de Sinaloa, Ismael&hellip;","og_url":"https:\/\/eticacomunica.com.mx\/?p=31140","og_site_name":"\u00c9tica Comunica","article_publisher":"https:\/\/www.facebook.com\/eticacomunica","article_published_time":"2026-01-23T23:27:54+00:00","og_image":[{"width":1384,"height":830,"url":"https:\/\/eticacomunica.com.mx\/wp-content\/uploads\/2026\/01\/IMG-20260123-WA0071.jpg","type":"image\/jpeg"}],"author":"etica","twitter_card":"summary_large_image","twitter_misc":{"Escrito por":"etica","Tiempo de lectura":"2 minutos"},"schema":{"@context":"https:\/\/schema.org","@graph":[{"@type":"Article","@id":"https:\/\/eticacomunica.com.mx\/?p=31140#article","isPartOf":{"@id":"https:\/\/eticacomunica.com.mx\/?p=31140"},"author":{"name":"etica","@id":"https:\/\/eticacomunica.com.mx\/#\/schema\/person\/2cacc47bd17fe8ad92f08c0313d22fa6"},"headline":"Trabaja Sader para cumplir con el pago del complemento del precio de garant\u00eda del trigo para el d\u00eda 20 de febrero: Ismael Bello Esquivel","datePublished":"2026-01-23T23:27:54+00:00","mainEntityOfPage":{"@id":"https:\/\/eticacomunica.com.mx\/?p=31140"},"wordCount":329,"commentCount":0,"publisher":{"@id":"https:\/\/eticacomunica.com.mx\/#organization"},"image":{"@id":"https:\/\/eticacomunica.com.mx\/?p=31140#primaryimage"},"thumbnailUrl":"https:\/\/eticacomunica.com.mx\/wp-content\/uploads\/2026\/01\/IMG-20260123-WA0071.jpg","keywords":["Gobierno del Estado de Sinaloa"],"articleSection":["Estados"],"inLanguage":"es","potentialAction":[{"@type":"CommentAction","name":"Comment","target":["https:\/\/eticacomunica.com.mx\/?p=31140#respond"]}]},{"@type":"WebPage","@id":"https:\/\/eticacomunica.com.mx\/?p=31140","url":"https:\/\/eticacomunica.com.mx\/?p=31140","name":"Trabaja Sader para cumplir con el pago del complemento del precio de garant\u00eda del trigo para el d\u00eda 20 de febrero: Ismael Bello Esquivel - \u00c9tica Comunica","isPartOf":{"@id":"https:\/\/eticacomunica.com.mx\/#website"},"primaryImageOfPage":{"@id":"https:\/\/eticacomunica.com.mx\/?p=31140#primaryimage"},"image":{"@id":"https:\/\/eticacomunica.com.mx\/?p=31140#primaryimage"},"thumbnailUrl":"https:\/\/eticacomunica.com.mx\/wp-content\/uploads\/2026\/01\/IMG-20260123-WA0071.jpg","datePublished":"2026-01-23T23:27:54+00:00","breadcrumb":{"@id":"https:\/\/eticacomunica.com.mx\/?p=31140#breadcrumb"},"inLanguage":"es","potentialAction":[{"@type":"ReadAction","target":["https:\/\/eticacomunica.com.mx\/?p=31140"]}]},{"@type":"ImageObject","inLanguage":"es","@id":"https:\/\/eticacomunica.com.mx\/?p=31140#primaryimage","url":"https:\/\/eticacomunica.com.mx\/wp-content\/uploads\/2026\/01\/IMG-20260123-WA0071.jpg","contentUrl":"https:\/\/eticacomunica.com.mx\/wp-content\/uploads\/2026\/01\/IMG-20260123-WA0071.jpg","width":1384,"height":830},{"@type":"BreadcrumbList","@id":"https:\/\/eticacomunica.com.mx\/?p=31140#breadcrumb","itemListElement":[{"@type":"ListItem","position":1,"name":"Inicio","item":"https:\/\/eticacomunica.com.mx\/"},{"@type":"ListItem","position":2,"name":"Trabaja Sader para cumplir con el pago del complemento del precio de garant\u00eda del trigo para el d\u00eda 20 de febrero: Ismael Bello Esquivel"}]},{"@type":"WebSite","@id":"https:\/\/eticacomunica.com.mx\/#website","url":"https:\/\/eticacomunica.com.mx\/","name":"\u00c9tica Comunica","description":"Diario Digital","publisher":{"@id":"https:\/\/eticacomunica.com.mx\/#organization"},"potentialAction":[{"@type":"SearchAction","target":{"@type":"EntryPoint","urlTemplate":"https:\/\/eticacomunica.com.mx\/?s={search_term_string}"},"query-input":{"@type":"PropertyValueSpecification","valueRequired":true,"valueName":"search_term_string"}}],"inLanguage":"es"},{"@type":"Organization","@id":"https:\/\/eticacomunica.com.mx\/#organization","name":"Diarios Digitales de Sinaloa","url":"https:\/\/eticacomunica.com.mx\/","logo":{"@type":"ImageObject","inLanguage":"es","@id":"https:\/\/eticacomunica.com.mx\/#\/schema\/logo\/image\/","url":"https:\/\/eticacomunica.com.mx\/wp-content\/uploads\/2023\/10\/etica-logo.png","contentUrl":"https:\/\/eticacomunica.com.mx\/wp-content\/uploads\/2023\/10\/etica-logo.png","width":1280,"height":432,"caption":"Diarios Digitales de Sinaloa"},"image":{"@id":"https:\/\/eticacomunica.com.mx\/#\/schema\/logo\/image\/"},"sameAs":["https:\/\/www.facebook.com\/eticacomunica"]},{"@type":"Person","@id":"https:\/\/eticacomunica.com.mx\/#\/schema\/person\/2cacc47bd17fe8ad92f08c0313d22fa6","name":"etica","image":{"@type":"ImageObject","inLanguage":"es","@id":"https:\/\/secure.gravatar.com\/avatar\/dfb45d32bc7097f8f06d6e4f6e6b387e7cb8fd5b3a2869265c40587ab62cab1e?s=96&d=mm&r=g","url":"https:\/\/secure.gravatar.com\/avatar\/dfb45d32bc7097f8f06d6e4f6e6b387e7cb8fd5b3a2869265c40587ab62cab1e?s=96&d=mm&r=g","contentUrl":"https:\/\/secure.gravatar.com\/avatar\/dfb45d32bc7097f8f06d6e4f6e6b387e7cb8fd5b3a2869265c40587ab62cab1e?s=96&d=mm&r=g","caption":"etica"},"sameAs":["https:\/\/eticacomunica.com.mx"],"url":"https:\/\/eticacomunica.com.mx\/?author=1"}]}},"jetpack_publicize_connections":[],"jetpack_featured_media_url":"https:\/\/eticacomunica.com.mx\/wp-content\/uploads\/2026\/01\/IMG-20260123-WA0071.jpg","jetpack_sharing_enabled":true,"_links":{"self":[{"href":"https:\/\/eticacomunica.com.mx\/index.php?rest_route=\/wp\/v2\/posts\/31140","targetHints":{"allow":["GET"]}}],"collection":[{"href":"https:\/\/eticacomunica.com.mx\/index.php?rest_route=\/wp\/v2\/posts"}],"about":[{"href":"https:\/\/eticacomunica.com.mx\/index.php?rest_route=\/wp\/v2\/types\/post"}],"author":[{"embeddable":true,"href":"https:\/\/eticacomunica.com.mx\/index.php?rest_route=\/wp\/v2\/users\/1"}],"replies":[{"embeddable":true,"href":"https:\/\/eticacomunica.com.mx\/index.php?rest_route=%2Fwp%2Fv2%2Fcomments&post=31140"}],"version-history":[{"count":0,"href":"https:\/\/eticacomunica.com.mx\/index.php?rest_route=\/wp\/v2\/posts\/31140\/revisions"}],"wp:featuredmedia":[{"embeddable":true,"href":"https:\/\/eticacomunica.com.mx\/index.php?rest_route=\/wp\/v2\/media\/31139"}],"wp:attachment":[{"href":"https:\/\/eticacomunica.com.mx\/index.php?rest_route=%2Fwp%2Fv2%2Fmedia&parent=31140"}],"wp:term":[{"taxonomy":"category","embeddable":true,"href":"https:\/\/eticacomunica.com.mx\/index.php?rest_route=%2Fwp%2Fv2%2Fcategories&post=31140"},{"taxonomy":"post_tag","embeddable":true,"href":"https:\/\/eticacomunica.com.mx\/index.php?rest_route=%2Fwp%2Fv2%2Ftags&post=31140"}],"curies":[{"name":"wp","href":"https:\/\/api.w.org\/{rel}","templated":true}]}}