{"id":31142,"date":"2026-01-23T17:02:13","date_gmt":"2026-01-24T00:02:13","guid":{"rendered":"https:\/\/eticacomunica.com.mx\/?p=31142"},"modified":"2026-01-23T17:02:13","modified_gmt":"2026-01-24T00:02:13","slug":"sinaloa-destaca-con-su-historia-gastronomia-y-tradiciones-en-fitur","status":"publish","type":"post","link":"https:\/\/eticacomunica.com.mx\/?p=31142","title":{"rendered":"Sinaloa destaca con su historia, gastronom\u00eda y tradiciones en FITUR"},"content":{"rendered":"\n<p>Durante el encuentro tur\u00edstico que se realiza en Madrid, la entidad refuerza su relaci\u00f3n comercial con la aerol\u00ednea Volaris a trav\u00e9s del vuelo directo que empezar\u00e1 a operar en el mes de marzo.<br><br>Madrid, Espa\u00f1a, 23 de enero de 2026.- Gracias a su riqueza cultural, tradiciones, historia y una exquisita gastronom\u00eda, Sinaloa se posiciona como un destino de clase mundial durante su participaci\u00f3n en la Feria Internacional de Turismo FITUR que se realiza en Madrid, Espa\u00f1a.<br>La secretaria de Turismo de Sinaloa, Mireya Sosa Osuna, se\u00f1al\u00f3 que los asistentes al encuentro, considerado como la ventana del turismo internacional, han quedado encantados con lo que Sinaloa les puede ofrecer.<br>\u201cSinaloa ten\u00eda que estar presente en la feria de turismo m\u00e1s importante del mundo en la que M\u00e9xico es pa\u00eds socio, donde estamos promoviendo todo nuestro estado y toda la riqueza natural, gastron\u00f3mica, artesanal, paisaje, playas y todo lo que tenemos en la entidad\u201d, afirm\u00f3.<br>Adem\u00e1s de las citas de negocios con socios comerciales que se han enfocado en reforzar alianzas y atraer nuevas inversiones, se ha mostrado tambi\u00e9n parte de la historia que rodea a la entidad.<br>\u201cNuestro gobernador, el Dr. Rub\u00e9n Rocha Moya, nos ha pedido que trabajemos en beneficio de todo el estado, potencializando siempre a nuestro Mazatl\u00e1n, uno de los destinos tur\u00edsticos de sol y playa m\u00e1s importantes de M\u00e9xico a nivel nacional e internacional, que cuenta con m\u00e1s de 14,000 habitaciones, en donde recibimos 124 cruceros el a\u00f1o pasado y 4.3 millones de visitantes, pero tambi\u00e9n impulsar otros destinos, democratizando el turismo en el estado, generando justamente esta prosperidad compartida, como lo dice nuestra presidenta Claudia Sheinbaum Pardo, y justamente eso es lo que estamos haciendo, d\u00e1ndole impulso tambi\u00e9n a nuestras comunidades ind\u00edgenas generando justicia social\u201d, destac\u00f3.<br>Tambi\u00e9n se fortaleci\u00f3 la alianza comercial con la aerol\u00ednea Volaris, que a partir del mes de marzo tendr\u00e1 un vuelo directo entre Guadalajara y Mazatl\u00e1n.<br>\u201cEstamos muy contentos, la realidad es que el estado de Sinaloa es una gran apuesta para nosotros, es un estado muy querido y seguimos creciendo y los invitamos a disfrutar de este vuelo de Guadalajara a Mazatl\u00e1n y pr\u00f3ximamente tendremos m\u00e1s noticias para el estado\u201d, resalt\u00f3 Jorge Garc\u00eda, director del \u00e1rea comercial y de desarrollo de mercado para la aerol\u00ednea Volaris.<\/p>\n","protected":false},"excerpt":{"rendered":"<p>Durante el encuentro tur\u00edstico que se realiza en Madrid, la entidad refuerza su relaci\u00f3n comercial con la aerol\u00ednea Volaris a trav\u00e9s del vuelo directo que empezar\u00e1 a operar en el&hellip;<\/p>\n","protected":false},"author":1,"featured_media":31141,"comment_status":"open","ping_status":"open","sticky":false,"template":"","format":"standard","meta":{"_jetpack_memberships_contains_paid_content":false,"footnotes":"","jetpack_publicize_message":"","jetpack_publicize_feature_enabled":true,"jetpack_social_post_already_shared":true,"jetpack_social_options":{"image_generator_settings":{"template":"highway","default_image_id":0,"font":"","enabled":false},"version":2}},"categories":[18],"tags":[34],"class_list":["post-31142","post","type-post","status-publish","format-standard","has-post-thumbnail","hentry","category-turismo","tag-gobierno-del-estado-de-sinaloa"],"yoast_head":"<!-- This site is optimized with the Yoast SEO plugin v27.2 - https:\/\/yoast.com\/product\/yoast-seo-wordpress\/ -->\n<title>Sinaloa destaca con su historia, gastronom\u00eda y tradiciones en FITUR - \u00c9tica Comunica<\/title>\n<meta name=\"robots\" content=\"index, follow, max-snippet:-1, max-image-preview:large, max-video-preview:-1\" \/>\n<link rel=\"canonical\" href=\"https:\/\/eticacomunica.com.mx\/?p=31142\" \/>\n<meta property=\"og:locale\" content=\"es_MX\" \/>\n<meta property=\"og:type\" content=\"article\" \/>\n<meta property=\"og:title\" content=\"Sinaloa destaca con su historia, gastronom\u00eda y tradiciones en FITUR - \u00c9tica Comunica\" \/>\n<meta property=\"og:description\" content=\"Durante el encuentro tur\u00edstico que se realiza en Madrid, la entidad refuerza su relaci\u00f3n comercial con la aerol\u00ednea Volaris a trav\u00e9s del vuelo directo que empezar\u00e1 a operar en el&hellip;\" \/>\n<meta property=\"og:url\" content=\"https:\/\/eticacomunica.com.mx\/?p=31142\" \/>\n<meta property=\"og:site_name\" content=\"\u00c9tica Comunica\" \/>\n<meta property=\"article:publisher\" content=\"https:\/\/www.facebook.com\/eticacomunica\" \/>\n<meta property=\"article:published_time\" content=\"2026-01-24T00:02:13+00:00\" \/>\n<meta property=\"og:image\" content=\"https:\/\/eticacomunica.com.mx\/wp-content\/uploads\/2026\/01\/IMG-20260123-WA0072.jpg\" \/>\n\t<meta property=\"og:image:width\" content=\"1600\" \/>\n\t<meta property=\"og:image:height\" content=\"1200\" \/>\n\t<meta property=\"og:image:type\" content=\"image\/jpeg\" \/>\n<meta name=\"author\" content=\"etica\" \/>\n<meta name=\"twitter:card\" content=\"summary_large_image\" \/>\n<meta name=\"twitter:label1\" content=\"Escrito por\" \/>\n\t<meta name=\"twitter:data1\" content=\"etica\" \/>\n\t<meta name=\"twitter:label2\" content=\"Tiempo de lectura\" \/>\n\t<meta name=\"twitter:data2\" content=\"2 minutos\" \/>\n<script type=\"application\/ld+json\" class=\"yoast-schema-graph\">{\"@context\":\"https:\/\/schema.org\",\"@graph\":[{\"@type\":\"Article\",\"@id\":\"https:\/\/eticacomunica.com.mx\/?p=31142#article\",\"isPartOf\":{\"@id\":\"https:\/\/eticacomunica.com.mx\/?p=31142\"},\"author\":{\"name\":\"etica\",\"@id\":\"https:\/\/eticacomunica.com.mx\/#\/schema\/person\/2cacc47bd17fe8ad92f08c0313d22fa6\"},\"headline\":\"Sinaloa destaca con su historia, gastronom\u00eda y tradiciones en FITUR\",\"datePublished\":\"2026-01-24T00:02:13+00:00\",\"mainEntityOfPage\":{\"@id\":\"https:\/\/eticacomunica.com.mx\/?p=31142\"},\"wordCount\":418,\"commentCount\":0,\"publisher\":{\"@id\":\"https:\/\/eticacomunica.com.mx\/#organization\"},\"image\":{\"@id\":\"https:\/\/eticacomunica.com.mx\/?p=31142#primaryimage\"},\"thumbnailUrl\":\"https:\/\/eticacomunica.com.mx\/wp-content\/uploads\/2026\/01\/IMG-20260123-WA0072.jpg\",\"keywords\":[\"Gobierno del Estado de Sinaloa\"],\"articleSection\":[\"Turismo\"],\"inLanguage\":\"es\",\"potentialAction\":[{\"@type\":\"CommentAction\",\"name\":\"Comment\",\"target\":[\"https:\/\/eticacomunica.com.mx\/?p=31142#respond\"]}]},{\"@type\":\"WebPage\",\"@id\":\"https:\/\/eticacomunica.com.mx\/?p=31142\",\"url\":\"https:\/\/eticacomunica.com.mx\/?p=31142\",\"name\":\"Sinaloa destaca con su historia, gastronom\u00eda y tradiciones en FITUR - \u00c9tica Comunica\",\"isPartOf\":{\"@id\":\"https:\/\/eticacomunica.com.mx\/#website\"},\"primaryImageOfPage\":{\"@id\":\"https:\/\/eticacomunica.com.mx\/?p=31142#primaryimage\"},\"image\":{\"@id\":\"https:\/\/eticacomunica.com.mx\/?p=31142#primaryimage\"},\"thumbnailUrl\":\"https:\/\/eticacomunica.com.mx\/wp-content\/uploads\/2026\/01\/IMG-20260123-WA0072.jpg\",\"datePublished\":\"2026-01-24T00:02:13+00:00\",\"breadcrumb\":{\"@id\":\"https:\/\/eticacomunica.com.mx\/?p=31142#breadcrumb\"},\"inLanguage\":\"es\",\"potentialAction\":[{\"@type\":\"ReadAction\",\"target\":[\"https:\/\/eticacomunica.com.mx\/?p=31142\"]}]},{\"@type\":\"ImageObject\",\"inLanguage\":\"es\",\"@id\":\"https:\/\/eticacomunica.com.mx\/?p=31142#primaryimage\",\"url\":\"https:\/\/eticacomunica.com.mx\/wp-content\/uploads\/2026\/01\/IMG-20260123-WA0072.jpg\",\"contentUrl\":\"https:\/\/eticacomunica.com.mx\/wp-content\/uploads\/2026\/01\/IMG-20260123-WA0072.jpg\",\"width\":1600,\"height\":1200},{\"@type\":\"BreadcrumbList\",\"@id\":\"https:\/\/eticacomunica.com.mx\/?p=31142#breadcrumb\",\"itemListElement\":[{\"@type\":\"ListItem\",\"position\":1,\"name\":\"Inicio\",\"item\":\"https:\/\/eticacomunica.com.mx\/\"},{\"@type\":\"ListItem\",\"position\":2,\"name\":\"Sinaloa destaca con su historia, gastronom\u00eda y tradiciones en FITUR\"}]},{\"@type\":\"WebSite\",\"@id\":\"https:\/\/eticacomunica.com.mx\/#website\",\"url\":\"https:\/\/eticacomunica.com.mx\/\",\"name\":\"\u00c9tica Comunica\",\"description\":\"Diario Digital\",\"publisher\":{\"@id\":\"https:\/\/eticacomunica.com.mx\/#organization\"},\"potentialAction\":[{\"@type\":\"SearchAction\",\"target\":{\"@type\":\"EntryPoint\",\"urlTemplate\":\"https:\/\/eticacomunica.com.mx\/?s={search_term_string}\"},\"query-input\":{\"@type\":\"PropertyValueSpecification\",\"valueRequired\":true,\"valueName\":\"search_term_string\"}}],\"inLanguage\":\"es\"},{\"@type\":\"Organization\",\"@id\":\"https:\/\/eticacomunica.com.mx\/#organization\",\"name\":\"Diarios Digitales de Sinaloa\",\"url\":\"https:\/\/eticacomunica.com.mx\/\",\"logo\":{\"@type\":\"ImageObject\",\"inLanguage\":\"es\",\"@id\":\"https:\/\/eticacomunica.com.mx\/#\/schema\/logo\/image\/\",\"url\":\"https:\/\/eticacomunica.com.mx\/wp-content\/uploads\/2023\/10\/etica-logo.png\",\"contentUrl\":\"https:\/\/eticacomunica.com.mx\/wp-content\/uploads\/2023\/10\/etica-logo.png\",\"width\":1280,\"height\":432,\"caption\":\"Diarios Digitales de Sinaloa\"},\"image\":{\"@id\":\"https:\/\/eticacomunica.com.mx\/#\/schema\/logo\/image\/\"},\"sameAs\":[\"https:\/\/www.facebook.com\/eticacomunica\"]},{\"@type\":\"Person\",\"@id\":\"https:\/\/eticacomunica.com.mx\/#\/schema\/person\/2cacc47bd17fe8ad92f08c0313d22fa6\",\"name\":\"etica\",\"image\":{\"@type\":\"ImageObject\",\"inLanguage\":\"es\",\"@id\":\"https:\/\/secure.gravatar.com\/avatar\/dfb45d32bc7097f8f06d6e4f6e6b387e7cb8fd5b3a2869265c40587ab62cab1e?s=96&d=mm&r=g\",\"url\":\"https:\/\/secure.gravatar.com\/avatar\/dfb45d32bc7097f8f06d6e4f6e6b387e7cb8fd5b3a2869265c40587ab62cab1e?s=96&d=mm&r=g\",\"contentUrl\":\"https:\/\/secure.gravatar.com\/avatar\/dfb45d32bc7097f8f06d6e4f6e6b387e7cb8fd5b3a2869265c40587ab62cab1e?s=96&d=mm&r=g\",\"caption\":\"etica\"},\"sameAs\":[\"https:\/\/eticacomunica.com.mx\"],\"url\":\"https:\/\/eticacomunica.com.mx\/?author=1\"}]}<\/script>\n<!-- \/ Yoast SEO plugin. -->","yoast_head_json":{"title":"Sinaloa destaca con su historia, gastronom\u00eda y tradiciones en FITUR - \u00c9tica Comunica","robots":{"index":"index","follow":"follow","max-snippet":"max-snippet:-1","max-image-preview":"max-image-preview:large","max-video-preview":"max-video-preview:-1"},"canonical":"https:\/\/eticacomunica.com.mx\/?p=31142","og_locale":"es_MX","og_type":"article","og_title":"Sinaloa destaca con su historia, gastronom\u00eda y tradiciones en FITUR - \u00c9tica Comunica","og_description":"Durante el encuentro tur\u00edstico que se realiza en Madrid, la entidad refuerza su relaci\u00f3n comercial con la aerol\u00ednea Volaris a trav\u00e9s del vuelo directo que empezar\u00e1 a operar en el&hellip;","og_url":"https:\/\/eticacomunica.com.mx\/?p=31142","og_site_name":"\u00c9tica Comunica","article_publisher":"https:\/\/www.facebook.com\/eticacomunica","article_published_time":"2026-01-24T00:02:13+00:00","og_image":[{"width":1600,"height":1200,"url":"https:\/\/eticacomunica.com.mx\/wp-content\/uploads\/2026\/01\/IMG-20260123-WA0072.jpg","type":"image\/jpeg"}],"author":"etica","twitter_card":"summary_large_image","twitter_misc":{"Escrito por":"etica","Tiempo de lectura":"2 minutos"},"schema":{"@context":"https:\/\/schema.org","@graph":[{"@type":"Article","@id":"https:\/\/eticacomunica.com.mx\/?p=31142#article","isPartOf":{"@id":"https:\/\/eticacomunica.com.mx\/?p=31142"},"author":{"name":"etica","@id":"https:\/\/eticacomunica.com.mx\/#\/schema\/person\/2cacc47bd17fe8ad92f08c0313d22fa6"},"headline":"Sinaloa destaca con su historia, gastronom\u00eda y tradiciones en FITUR","datePublished":"2026-01-24T00:02:13+00:00","mainEntityOfPage":{"@id":"https:\/\/eticacomunica.com.mx\/?p=31142"},"wordCount":418,"commentCount":0,"publisher":{"@id":"https:\/\/eticacomunica.com.mx\/#organization"},"image":{"@id":"https:\/\/eticacomunica.com.mx\/?p=31142#primaryimage"},"thumbnailUrl":"https:\/\/eticacomunica.com.mx\/wp-content\/uploads\/2026\/01\/IMG-20260123-WA0072.jpg","keywords":["Gobierno del Estado de Sinaloa"],"articleSection":["Turismo"],"inLanguage":"es","potentialAction":[{"@type":"CommentAction","name":"Comment","target":["https:\/\/eticacomunica.com.mx\/?p=31142#respond"]}]},{"@type":"WebPage","@id":"https:\/\/eticacomunica.com.mx\/?p=31142","url":"https:\/\/eticacomunica.com.mx\/?p=31142","name":"Sinaloa destaca con su historia, gastronom\u00eda y tradiciones en FITUR - \u00c9tica Comunica","isPartOf":{"@id":"https:\/\/eticacomunica.com.mx\/#website"},"primaryImageOfPage":{"@id":"https:\/\/eticacomunica.com.mx\/?p=31142#primaryimage"},"image":{"@id":"https:\/\/eticacomunica.com.mx\/?p=31142#primaryimage"},"thumbnailUrl":"https:\/\/eticacomunica.com.mx\/wp-content\/uploads\/2026\/01\/IMG-20260123-WA0072.jpg","datePublished":"2026-01-24T00:02:13+00:00","breadcrumb":{"@id":"https:\/\/eticacomunica.com.mx\/?p=31142#breadcrumb"},"inLanguage":"es","potentialAction":[{"@type":"ReadAction","target":["https:\/\/eticacomunica.com.mx\/?p=31142"]}]},{"@type":"ImageObject","inLanguage":"es","@id":"https:\/\/eticacomunica.com.mx\/?p=31142#primaryimage","url":"https:\/\/eticacomunica.com.mx\/wp-content\/uploads\/2026\/01\/IMG-20260123-WA0072.jpg","contentUrl":"https:\/\/eticacomunica.com.mx\/wp-content\/uploads\/2026\/01\/IMG-20260123-WA0072.jpg","width":1600,"height":1200},{"@type":"BreadcrumbList","@id":"https:\/\/eticacomunica.com.mx\/?p=31142#breadcrumb","itemListElement":[{"@type":"ListItem","position":1,"name":"Inicio","item":"https:\/\/eticacomunica.com.mx\/"},{"@type":"ListItem","position":2,"name":"Sinaloa destaca con su historia, gastronom\u00eda y tradiciones en FITUR"}]},{"@type":"WebSite","@id":"https:\/\/eticacomunica.com.mx\/#website","url":"https:\/\/eticacomunica.com.mx\/","name":"\u00c9tica Comunica","description":"Diario Digital","publisher":{"@id":"https:\/\/eticacomunica.com.mx\/#organization"},"potentialAction":[{"@type":"SearchAction","target":{"@type":"EntryPoint","urlTemplate":"https:\/\/eticacomunica.com.mx\/?s={search_term_string}"},"query-input":{"@type":"PropertyValueSpecification","valueRequired":true,"valueName":"search_term_string"}}],"inLanguage":"es"},{"@type":"Organization","@id":"https:\/\/eticacomunica.com.mx\/#organization","name":"Diarios Digitales de Sinaloa","url":"https:\/\/eticacomunica.com.mx\/","logo":{"@type":"ImageObject","inLanguage":"es","@id":"https:\/\/eticacomunica.com.mx\/#\/schema\/logo\/image\/","url":"https:\/\/eticacomunica.com.mx\/wp-content\/uploads\/2023\/10\/etica-logo.png","contentUrl":"https:\/\/eticacomunica.com.mx\/wp-content\/uploads\/2023\/10\/etica-logo.png","width":1280,"height":432,"caption":"Diarios Digitales de Sinaloa"},"image":{"@id":"https:\/\/eticacomunica.com.mx\/#\/schema\/logo\/image\/"},"sameAs":["https:\/\/www.facebook.com\/eticacomunica"]},{"@type":"Person","@id":"https:\/\/eticacomunica.com.mx\/#\/schema\/person\/2cacc47bd17fe8ad92f08c0313d22fa6","name":"etica","image":{"@type":"ImageObject","inLanguage":"es","@id":"https:\/\/secure.gravatar.com\/avatar\/dfb45d32bc7097f8f06d6e4f6e6b387e7cb8fd5b3a2869265c40587ab62cab1e?s=96&d=mm&r=g","url":"https:\/\/secure.gravatar.com\/avatar\/dfb45d32bc7097f8f06d6e4f6e6b387e7cb8fd5b3a2869265c40587ab62cab1e?s=96&d=mm&r=g","contentUrl":"https:\/\/secure.gravatar.com\/avatar\/dfb45d32bc7097f8f06d6e4f6e6b387e7cb8fd5b3a2869265c40587ab62cab1e?s=96&d=mm&r=g","caption":"etica"},"sameAs":["https:\/\/eticacomunica.com.mx"],"url":"https:\/\/eticacomunica.com.mx\/?author=1"}]}},"jetpack_publicize_connections":[],"jetpack_featured_media_url":"https:\/\/eticacomunica.com.mx\/wp-content\/uploads\/2026\/01\/IMG-20260123-WA0072.jpg","jetpack_sharing_enabled":true,"_links":{"self":[{"href":"https:\/\/eticacomunica.com.mx\/index.php?rest_route=\/wp\/v2\/posts\/31142","targetHints":{"allow":["GET"]}}],"collection":[{"href":"https:\/\/eticacomunica.com.mx\/index.php?rest_route=\/wp\/v2\/posts"}],"about":[{"href":"https:\/\/eticacomunica.com.mx\/index.php?rest_route=\/wp\/v2\/types\/post"}],"author":[{"embeddable":true,"href":"https:\/\/eticacomunica.com.mx\/index.php?rest_route=\/wp\/v2\/users\/1"}],"replies":[{"embeddable":true,"href":"https:\/\/eticacomunica.com.mx\/index.php?rest_route=%2Fwp%2Fv2%2Fcomments&post=31142"}],"version-history":[{"count":0,"href":"https:\/\/eticacomunica.com.mx\/index.php?rest_route=\/wp\/v2\/posts\/31142\/revisions"}],"wp:featuredmedia":[{"embeddable":true,"href":"https:\/\/eticacomunica.com.mx\/index.php?rest_route=\/wp\/v2\/media\/31141"}],"wp:attachment":[{"href":"https:\/\/eticacomunica.com.mx\/index.php?rest_route=%2Fwp%2Fv2%2Fmedia&parent=31142"}],"wp:term":[{"taxonomy":"category","embeddable":true,"href":"https:\/\/eticacomunica.com.mx\/index.php?rest_route=%2Fwp%2Fv2%2Fcategories&post=31142"},{"taxonomy":"post_tag","embeddable":true,"href":"https:\/\/eticacomunica.com.mx\/index.php?rest_route=%2Fwp%2Fv2%2Ftags&post=31142"}],"curies":[{"name":"wp","href":"https:\/\/api.w.org\/{rel}","templated":true}]}}